{"id":20212,"date":"2024-04-10T14:40:39","date_gmt":"2024-04-10T13:40:39","guid":{"rendered":"https:\/\/www.greenpeace.org\/czech\/?p=20212"},"modified":"2024-04-30T15:09:52","modified_gmt":"2024-04-30T14:09:52","slug":"ochrana-klimatu-a-zivotniho-prostredi-musi-byt-soucasti-strategicke-agendy-evropske-unie","status":"publish","type":"post","link":"https:\/\/www.greenpeace.org\/czech\/tiskova-analyza\/20212\/ochrana-klimatu-a-zivotniho-prostredi-musi-byt-soucasti-strategicke-agendy-evropske-unie\/","title":{"rendered":"Ochrana klimatu a \u017eivotn\u00edho prost\u0159ed\u00ed mus\u00ed b\u00fdt sou\u010d\u00e1st\u00ed Strategick\u00e9 agendy Evropsk\u00e9 unie"},"content":{"rendered":"\n<p>V dob\u011b, kdy se legislativn\u00ed cyklus sou\u010dasn\u00e9 Evropsk\u00e9 komise uzav\u00edr\u00e1, je Zelen\u00e1 dohoda pro Evropu nejv\u00fdznamn\u011bj\u0161\u00edm strategick\u00fdm dokumentem, kter\u00fd ur\u010duje budoucnost na\u0161\u00ed spole\u010dnosti a hospod\u00e1\u0159stv\u00ed. Poskytuje r\u00e1mec pro dekarbonizaci, cestu k prosperit\u011b a posiluje na\u0161i odolnost v\u016f\u010di \u0161oku z rusk\u00e9 invaze na Ukrajinu. To v\u0161e se dob\u0159e odr\u00e1\u017e\u00ed ve sd\u011blen\u00ed Komise o klimatick\u00fdch c\u00edlech do roku 2040.<sup>1 <\/sup>Nov\u00e1 Evropsk\u00e1 komise mus\u00ed s odsouhlasen\u00fdm r\u00e1mcem pracovat i v p\u0159\u00ed\u0161t\u00edm volebn\u00edm obdob\u00ed, ale pot\u0159ebuje do n\u011bj od \u010dlensk\u00fdch st\u00e1t\u016f jasn\u00e9 zad\u00e1n\u00ed tak, aby dal\u0161\u00ed kroky reagovaly na jejich pot\u0159eby.\u00a0<\/p>\n\n<figure class=\"wp-block-image size-large\"><img loading=\"lazy\" decoding=\"async\" width=\"1024\" height=\"683\" src=\"https:\/\/www.greenpeace.org\/static\/planet4-czech-republic-stateless\/2024\/04\/99f601e0-shutterstock_560385427-1024x683.jpg\" alt=\"\" class=\"wp-image-20213\" srcset=\"https:\/\/www.greenpeace.org\/static\/planet4-czech-republic-stateless\/2024\/04\/99f601e0-shutterstock_560385427-1024x683.jpg 1024w, https:\/\/www.greenpeace.org\/static\/planet4-czech-republic-stateless\/2024\/04\/99f601e0-shutterstock_560385427-300x200.jpg 300w, https:\/\/www.greenpeace.org\/static\/planet4-czech-republic-stateless\/2024\/04\/99f601e0-shutterstock_560385427-768x512.jpg 768w, https:\/\/www.greenpeace.org\/static\/planet4-czech-republic-stateless\/2024\/04\/99f601e0-shutterstock_560385427-1536x1024.jpg 1536w, https:\/\/www.greenpeace.org\/static\/planet4-czech-republic-stateless\/2024\/04\/99f601e0-shutterstock_560385427-2048x1366.jpg 2048w, https:\/\/www.greenpeace.org\/static\/planet4-czech-republic-stateless\/2024\/04\/99f601e0-shutterstock_560385427-510x340.jpg 510w\" sizes=\"auto, (max-width: 1024px) 100vw, 1024px\" \/><\/figure>\n\n<p>Evropa je nejrychleji se otepluj\u00edc\u00edm kontinentem a ve srovn\u00e1n\u00ed se sv\u011btov\u00fdm pr\u016fm\u011brem je v \u010cesku oteplen\u00ed dvojn\u00e1sobn\u00e9. Z toho plynou klimatick\u00e1 rizika, kter\u00e1 rostou rychleji ne\u017e p\u0159ipravenost na\u0161\u00ed spole\u010dnosti. Proto je nezbytn\u00e9 urychlen\u011b jednat na evropsk\u00e9 i na vnitrost\u00e1tn\u00ed \u00farovni o jejich zm\u00edrn\u011bn\u00ed, jak zd\u016fraz\u0148uje v\u016fbec prvn\u00ed zpr\u00e1va o klimatick\u00fdch rizic\u00edch Evropsk\u00e9 agentury pro \u017eivotn\u00ed prost\u0159ed\u00ed (EUCRA).<sup>2 <\/sup>Klimatick\u00e1 zm\u011bna se nepropisuje jen do n\u00e1r\u016fstu pr\u016fm\u011brn\u00fdch teplot nebo extr\u00e9mn\u00edho po\u010das\u00ed, ale podkop\u00e1v\u00e1 stabilitu spole\u010dnosti, ekonomiky, finan\u010dn\u00edch trh\u016f, infrastruktury, a to nejen v Evrop\u011b, ale i celosv\u011btov\u011b. V\u010dasn\u00e9 a rozhodn\u00e9 jedn\u00e1n\u00ed p\u0159itom p\u0159inese \u0159adu v\u00fdhod. P\u0159i sledov\u00e1n\u00ed ambici\u00f3zn\u00edch dekarboniza\u010dn\u00edch sc\u00e9n\u00e1\u0159\u016f v souladu s teplotn\u00edm c\u00edlem 1,5 \u00b0C by EU d\u00edky rozvoji nov\u00fdch ekonomick\u00fdch odv\u011btv\u00ed a modernizaci mohla ji\u017e do roku 2030 z\u00edskat nejm\u00e9n\u011b 1 bilion eur.<sup>3 <\/sup>Pro \u010cesko by vedlej\u0161\u00ed p\u0159\u00ednosy rychl\u00e9ho sni\u017eov\u00e1n\u00ed emis\u00ed \u010dinily do roku 2030 p\u0159ibli\u017en\u011b 439 miliard korun.<sup>4 <\/sup>72 % \u010desk\u00e9 ve\u0159ejnosti podporuje co nejrychlej\u0161\u00ed \u0159e\u0161en\u00ed klimatick\u00e9 zm\u011bny v tomto desetilet\u00ed a 62 % podporuje v\u011bt\u0161\u00ed zm\u011bnu fungov\u00e1n\u00ed spole\u010dnosti pro d\u016fslednou ochranu klimatu.<sup>5<\/sup>&nbsp;<\/p>\n\n<p><strong>Proto by c\u00edle pro sni\u017eov\u00e1n\u00ed emis\u00ed a transformaci ekonomiky m\u011bly b\u00fdt v\u00fdslovn\u011b zm\u00edn\u011bny ve Strategick\u00e9 agend\u011b Evropsk\u00e9 unie pro obdob\u00ed 2024\u20132029. <\/strong>Ta poskytne nov\u00e9 Komisi nezbytn\u00e9 nasm\u011brov\u00e1n\u00ed ohledn\u011b priorit pro nadch\u00e1zej\u00edc\u00edch p\u011bt let. Text dohodnut\u00fd v Granadsk\u00e9 deklaraci identifikuje n\u011bkter\u00e9 kl\u00ed\u010dov\u00e9 prvky opat\u0159en\u00ed v oblasti klimatu a poskytuje dobr\u00fd v\u00fdchoz\u00ed bod.<sup>6 <\/sup>Vyu\u017eijme p\u0159\u00edle\u017eitost\u00ed, kter\u00e9 nab\u00edz\u00ed dekarbonizace a modernizace ekonomiky k podpo\u0159e konkurenceschopnosti Evropy a nejen energetick\u00e9 bezpe\u010dnosti tak, aby z transformace ekonomiky profitovali v\u0161ichni.<\/p>\n\n<p>Strategick\u00e1 agenda by proto m\u011bla b\u00fdt roz\u0161\u00ed\u0159ena o tyto konkr\u00e9tn\u00ed body, kter\u00e9 jsou kl\u00ed\u010dov\u00e9 pro ochranu klimatu a \u017eivotn\u00edho prost\u0159ed\u00ed v \u010cesku i v Evrop\u011b:&nbsp;<\/p>\n\n<ul class=\"wp-block-list\">\n<li>Jednou z kl\u00ed\u010dov\u00fdch v\u00fdzev, kter\u00fdm Evropa \u010del\u00ed, je <strong>udr\u017een\u00ed a zlep\u0161en\u00ed konkurenceschopnosti jej\u00ed pr\u016fmyslov\u00e9 z\u00e1kladny ve st\u00e1le obt\u00ed\u017en\u011bj\u0161\u00edm mezin\u00e1rodn\u00edm kontextu<\/strong>. V\u00fdzvu dekarbonizace je t\u0159eba prom\u011bnit v p\u0159\u00edle\u017eitost st\u00e1t se sv\u011btov\u00fdm l\u00eddrem v zelen\u00fdch technologi\u00edch. D\u016fle\u017eit\u00e9 je vytv\u00e1\u0159en\u00ed a rozvoj integrovan\u00fdch evropsk\u00fdch hodnotov\u00fdch \u0159et\u011bzc\u016f udr\u017eiteln\u00e9ho zbo\u017e\u00ed a slu\u017eeb, abychom podpo\u0159ili investice a inovace a zajistili Evrop\u011b konkuren\u010dn\u00ed v\u00fdhodu.&nbsp;<\/li>\n\n\n\n<li> <strong>Je nezbytn\u00e9 dokon\u010dit schv\u00e1len\u00ed v\u0161ech p\u016fvodn\u011b navrhovan\u00fdch opat\u0159en\u00ed a implementovat opat\u0159en\u00ed Zelen\u00e9 dohody pro Evropu<\/strong>. C\u00edle z kl\u00ed\u010dov\u00fdch strategi\u00ed a ak\u010dn\u00edch pl\u00e1n\u016f Zelen\u00e9 dohody (Farm to Fork, Biodiversity Strategy, Circular Economy Action Plan, EU Zero Pollution Action Plan) je pot\u0159ebn\u00e9 p\u0159em\u011bnit na pr\u00e1vn\u011b z\u00e1vazn\u00e9 c\u00edle. Zrychlit jejich implementaci a z\u00e1rove\u0148 na z\u00e1klad\u011b nejnov\u011bj\u0161\u00edch dostupn\u00fdch poznatk\u016f revidovat nedostate\u010dn\u00e9 \u010di chyb\u011bj\u00edc\u00ed c\u00edle v oblasti ochrany biodiverzity, klimatu a prevence zne\u010di\u0161t\u011bn\u00ed. P\u0159\u00ed\u0161t\u00edch p\u011bt let bude pro Evropu kl\u00ed\u010dov\u00fdch, nebo\u0165 budeme \u010delit rostouc\u00edmu geopolitick\u00e9mu nap\u011bt\u00ed, zm\u011bn\u011b klimatu a environment\u00e1ln\u00edm dopad\u016fm, zat\u00edmco budeme usilovat o na\u0161i dlouhodobou konkurenceschopnost a budovat spravedliv\u00fd soci\u00e1ln\u011b-ekonomick\u00fd r\u00e1mec transformace, kter\u00fd je ned\u00edlnou sou\u010d\u00e1st\u00ed Zelen\u00e9 dohody pro Evropu.&nbsp;<br><br>Ustupov\u00e1n\u00ed od z\u00e1vazku Evropy k ekologick\u00e9 a soci\u00e1ln\u011b spravedliv\u00e9 transformaci by nahr\u00e1valo t\u011bm, kte\u0159\u00ed se sna\u017e\u00ed EU destabilizovat a podkopat jej\u00ed z\u00e1kladn\u00ed hodnoty. Ohrozilo by to konkurenceschopnost Evropy v glob\u00e1ln\u00edm z\u00e1vod\u011b o udr\u017eitelnost a prodlou\u017eilo by z\u00e1vislost na autorit\u00e1\u0159sk\u00fdch re\u017eimech.&nbsp;<\/li>\n<\/ul>\n\n<ul class=\"wp-block-list\">\n<li>Evropa mus\u00ed <strong>p\u0159ekonat energetick\u00e9 trilema, aby mohla poskytovat \u010distou, spolehlivou a cenov\u011b dostupnou energii<\/strong>. To sn\u00ed\u017e\u00ed n\u00e1klady na energii a klimatick\u00e1 rizika a z\u00e1rove\u0148 <strong>p\u0159isp\u011bje k vybudov\u00e1n\u00ed na\u0161\u00ed geopolitick\u00e9 odolnosti <\/strong>a ochran\u011b evropsk\u00fdch ob\u010dan\u016f a podnik\u016f p\u0159ed cenov\u00fdmi a dodavatelsk\u00fdmi \u0161oky na trz\u00edch s fosiln\u00edmi palivy. Rychlej\u0161\u00ed zav\u00e1d\u011bn\u00ed obnoviteln\u00fdch zdroj\u016f energie a opat\u0159en\u00ed pro energetickou \u00fa\u010dinnost zv\u00fd\u0161\u00ed na\u0161i energetickou suverenitu a nov\u00fd energetick\u00fd syst\u00e9m bude bezpe\u010dn\u00fd a spolehliv\u00fd d\u00edky ukl\u00e1d\u00e1n\u00ed energie a \u0159e\u0161en\u00ed na stran\u011b popt\u00e1vky, jako\u017e i v\u011bt\u0161\u00edmu propojen\u00ed elektrick\u00fdch s\u00edt\u00ed. Zv\u00fd\u0161en\u00ed \u00fa\u010dinnosti zdroj\u016f, opat\u0159en\u00ed na stran\u011b popt\u00e1vky a uplatn\u011bn\u00ed princip\u016f ob\u011bhov\u00e9ho hospod\u00e1\u0159stv\u00ed p\u0159isp\u011bje ke sn\u00ed\u017een\u00ed z\u00e1vislosti v dal\u0161\u00edch kl\u00ed\u010dov\u00fdch oblastech, jako jsou digit\u00e1ln\u00ed technologie, nerostn\u00e9 suroviny a udr\u017eiteln\u00e9 zem\u011bd\u011blstv\u00ed.&nbsp;<\/li>\n\n\n\n<li>Je pot\u0159ebn\u00e9 v\u00fdrazn\u011b zv\u00fd\u0161it ve\u0159ejn\u00e9 investice do klimatu, \u017eivotn\u00edho prost\u0159ed\u00ed a soci\u00e1ln\u00ed oblasti a z\u00e1rove\u0148 sladit v\u0161echny ve\u0159ejn\u00e9 a soukrom\u00e9 investice s c\u00edli ekologick\u00e9ho p\u0159echodu a zajistit, aby velc\u00ed zne\u010di\u0161\u0165ovatel\u00e9 nesli plnou odpov\u011bdnost. Pot\u0159ebn\u00e9 <strong>investice, a to jak ve\u0159ejn\u00e9, tak soukrom\u00e9<\/strong>, jsou zna\u010dn\u00e9, ale <strong>p\u0159edstavuj\u00ed pro Evropu v\u00fdznamn\u00fd zdroj dlouhodob\u00e9 konkuren\u010dn\u00ed v\u00fdhody<\/strong>, proto je z\u00e1sadn\u00ed pos\u00edlit evropsk\u00fd r\u00e1mec pro financov\u00e1n\u00ed transformace. P\u0159\u00ednosy z udr\u017eiteln\u00fdch investic mus\u00ed b\u00fdt rovnom\u011brn\u011b rozd\u011bleny po cel\u00e9m sv\u011bt\u011b. Rozv\u00edjej\u00edc\u00ed se ekonomiky usiluj\u00ed o produktivn\u00ed investice a partnerstv\u00ed s nimi mohou b\u00fdt oboustrann\u011b v\u00fdhodn\u00e1. Pos\u00edlen\u00e1 vn\u011bj\u0161\u00ed politika EU v oblasti klimatu urychluje ochranu klimatu po cel\u00e9m sv\u011bt\u011b, sni\u017euje rozd\u00edly v procesu modernizace a bojuje proti p\u0159\u00ed\u010din\u00e1m nucen\u00e9 migrace.&nbsp;<\/li>\n\n\n\n<li>Zelen\u00e1 dohoda pro Evropu p\u0159edstavuje <strong>p\u0159\u00edle\u017eitost pro dlouhodob\u00fd rozvoj<\/strong> <strong>spravedliv\u011bj\u0161\u00ed a udr\u017eiteln\u011bj\u0161\u00ed evropsk\u00e9 spole\u010dnosti <\/strong>a budouc\u00edch generac\u00ed a hnac\u00ed s\u00edlu soudr\u017enosti mezi \u010dlensk\u00fdmi st\u00e1ty a regiony. P\u0159edstavuje v\u0161ak tak\u00e9 rizika. Proto je d\u016fle\u017eit\u00e9, aby byl p\u0159echod od fosiln\u011b n\u00e1ro\u010dn\u00fdch odv\u011btv\u00ed k obnoviteln\u00fdm zdroj\u016fm spravedliv\u00fd a inkluzivn\u00ed a nedopadl ve v\u011bt\u0161\u00ed m\u00ed\u0159e na nejzraniteln\u011bj\u0161\u00ed obyvatele.&nbsp;<\/li>\n\n\n\n<li>\u0158\u00edzen\u00ed klimatick\u00fdch rizik bude tak\u00e9 vy\u017eadovat, abychom se zab\u00fdvali zranitelnost\u00ed na\u0161eho ekonomick\u00e9ho syst\u00e9mu a spole\u010dnosti tak, aby se zv\u00fd\u0161ila jejich odolnost v\u016f\u010di zm\u011bn\u011b klimatu. Proto jsou <strong>nevyhnuteln\u00e1 tak\u00e9 adapta\u010dn\u00ed opat\u0159en\u00ed <\/strong>a ochrana ekosyst\u00e9m\u016f a biodiverzity, abychom byli schopni \u00fa\u010dinn\u011b zvl\u00e1dat dopady zv\u00fd\u0161en\u00e9ho v\u00fdskytu extr\u00e9mn\u00edch projev\u016f po\u010das\u00ed a pos\u00edlili na\u0161i p\u0159ipravenost \u010delit p\u0159\u00edrodn\u00edm katastrof\u00e1m, minimalizovali jejich dopady a maximalizovali na\u0161i schopnost obnovit ztracen\u00e9 domovy, \u017eivobyt\u00ed a podniky.&nbsp;<\/li>\n<\/ul>\n\n<p>Spole\u010dn\u00fd postup zem\u00ed EU a spole\u010dn\u00e9 legislativn\u00ed z\u00e1vazky v ochran\u011b klimatu (p\u0159edev\u0161\u00edm Evropsk\u00fd klimatick\u00fd z\u00e1kon) maj\u00ed v\u00fdznamn\u00fd p\u0159\u00ednos pro minimalizaci klimatick\u00fdch rizik i pro p\u0159\u00edpravu na n\u011b. Proto je pro zm\u00edr\u0148ov\u00e1n\u00ed klimatick\u00fdch rizik v n\u00e1sleduj\u00edc\u00ed kritick\u00e9 dek\u00e1d\u011b z\u00e1sadn\u00ed, aby Evropsk\u00e1 unie pokra\u010dovala v ambici\u00f3zn\u00edch klimatick\u00fdch politik\u00e1ch a aby i za p\u0159isp\u011bn\u00ed \u010cesk\u00e9 republiky byla Zelen\u00e1 dohoda pro Evropu a jej\u00ed \u0161ir\u0161\u00ed c\u00edle v\u00fdslovn\u011b zm\u00edn\u011bny ve Strategick\u00e9 agend\u011b EU, kter\u00e1 bude m\u00edt z\u00e1sadn\u00ed dopad i na strategick\u00e9 sm\u011brov\u00e1n\u00ed nov\u00e9 Evropsk\u00e9 komise.<\/p>\n\n<p><em>Podepsan\u00e9 organizace:<\/em><\/p>\n\n<p>Asociace ekologick\u00fdch organizac\u00ed Zelen\u00fd kruh, Asociace pro mezin\u00e1rodn\u00ed ot\u00e1zky, Arnika, Calla, Centrum pro dopravu a energetiku, \u010clov\u011bk v t\u00edsni, D\u011bti Zem\u011b, Greenpeace, Hnut\u00ed Duha, Klimatick\u00e1 koalice, Nesehnut\u00ed, P\u011b\u0161ky m\u011bstem, STU\u017d<\/p>\n","protected":false},"excerpt":{"rendered":"<p>Pro zm\u00edr\u0148ov\u00e1n\u00ed klimatick\u00fdch rizik v n\u00e1sleduj\u00edc\u00ed kritick\u00e9 dek\u00e1d\u011b je z\u00e1sadn\u00ed, aby Evropsk\u00e1 unie pokra\u010dovala v ambici\u00f3zn\u00edch klimatick\u00fdch politik\u00e1ch a aby i za p\u0159isp\u011bn\u00ed \u010cesk\u00e9 republiky byla Zelen\u00e1 dohoda pro Evropu a jej\u00ed \u0161ir\u0161\u00ed c\u00edle v\u00fdslovn\u011b zm\u00edn\u011bny ve Strategick\u00e9 agend\u011b EU, kter\u00e1 bude m\u00edt z\u00e1sadn\u00ed dopad i na strategick\u00e9 sm\u011brov\u00e1n\u00ed nov\u00e9 Evropsk\u00e9 komise.<\/p>\n","protected":false},"author":95,"featured_media":20213,"comment_status":"open","ping_status":"closed","sticky":false,"template":"","format":"standard","meta":{"ep_exclude_from_search":true,"p4_og_title":"","p4_og_description":"","p4_og_image":"","p4_og_image_id":"","p4_seo_canonical_url":"","p4_campaign_name":"","p4_local_project":"","p4_basket_name":"","p4_department":"","footnotes":""},"categories":[2],"tags":[20,26],"p4-page-type":[33],"class_list":["post-20212","post","type-post","status-publish","format-standard","has-post-thumbnail","hentry","category-priroda","tag-zmena-klimatu","tag-obnovitelne-zdroje","p4-page-type-tiskova-analyza"],"_links":{"self":[{"href":"https:\/\/www.greenpeace.org\/czech\/wp-json\/wp\/v2\/posts\/20212","targetHints":{"allow":["GET"]}}],"collection":[{"href":"https:\/\/www.greenpeace.org\/czech\/wp-json\/wp\/v2\/posts"}],"about":[{"href":"https:\/\/www.greenpeace.org\/czech\/wp-json\/wp\/v2\/types\/post"}],"author":[{"embeddable":true,"href":"https:\/\/www.greenpeace.org\/czech\/wp-json\/wp\/v2\/users\/95"}],"replies":[{"embeddable":true,"href":"https:\/\/www.greenpeace.org\/czech\/wp-json\/wp\/v2\/comments?post=20212"}],"version-history":[{"count":6,"href":"https:\/\/www.greenpeace.org\/czech\/wp-json\/wp\/v2\/posts\/20212\/revisions"}],"predecessor-version":[{"id":20279,"href":"https:\/\/www.greenpeace.org\/czech\/wp-json\/wp\/v2\/posts\/20212\/revisions\/20279"}],"wp:featuredmedia":[{"embeddable":true,"href":"https:\/\/www.greenpeace.org\/czech\/wp-json\/wp\/v2\/media\/20213"}],"wp:attachment":[{"href":"https:\/\/www.greenpeace.org\/czech\/wp-json\/wp\/v2\/media?parent=20212"}],"wp:term":[{"taxonomy":"category","embeddable":true,"href":"https:\/\/www.greenpeace.org\/czech\/wp-json\/wp\/v2\/categories?post=20212"},{"taxonomy":"post_tag","embeddable":true,"href":"https:\/\/www.greenpeace.org\/czech\/wp-json\/wp\/v2\/tags?post=20212"},{"taxonomy":"p4-page-type","embeddable":true,"href":"https:\/\/www.greenpeace.org\/czech\/wp-json\/wp\/v2\/p4-page-type?post=20212"}],"curies":[{"name":"wp","href":"https:\/\/api.w.org\/{rel}","templated":true}]}}