{"id":20220,"date":"2024-04-11T14:37:50","date_gmt":"2024-04-11T13:37:50","guid":{"rendered":"https:\/\/www.greenpeace.org\/czech\/?p=20220"},"modified":"2024-04-11T14:37:53","modified_gmt":"2024-04-11T13:37:53","slug":"reakce-greenpeace-na-vyjadreni-firmy-ikea-jen-proto-ze-je-neco-legalni-neznamena-to-ze-to-nenici-prirodu","status":"publish","type":"post","link":"https:\/\/www.greenpeace.org\/czech\/tiskova-zprava\/20220\/reakce-greenpeace-na-vyjadreni-firmy-ikea-jen-proto-ze-je-neco-legalni-neznamena-to-ze-to-nenici-prirodu\/","title":{"rendered":"Reakce Greenpeace na vyj\u00e1d\u0159en\u00ed firmy IKEA: Jen proto, \u017ee je n\u011bco leg\u00e1ln\u00ed, neznamen\u00e1 to, \u017ee to neni\u010d\u00ed p\u0159\u00edrodu"},"content":{"rendered":"\n<p>V reakci na <a href=\"https:\/\/www.greenpeace.org\/czech\/tiskova-zprava\/20192\/kvuli-nabytku-ikea-ktery-si-mohou-koupit-i-lide-v-cesku-se-nici-jedny-z-poslednich-puvodnich-starych-lesu\/\">v\u010dera zve\u0159ejn\u011bn\u00fd report Greenpeace CEE<\/a> o ni\u010den\u00ed star\u00fdch les\u016f v rumunsk\u00fdch Karpatech se IKEA sna\u017e\u00ed sv\u00fdmi vyj\u00e1d\u0159en\u00edmi pro m\u00e9dia zas\u00edt pochybnosti kolem z\u00e1v\u011br\u016f zpr\u00e1vy. Organizace Greenpeace pova\u017euje prohl\u00e1\u0161en\u00ed IKEA za ne\u0161\u0165astn\u00e9 a zav\u00e1d\u011bj\u00edc\u00ed a st\u00e1le douf\u00e1, \u017ee IKEA o\u010dist\u00ed sv\u016fj dodavatelsk\u00fd \u0159et\u011bzec od ni\u010den\u00ed star\u00fdch les\u016f a stane se \u0161ampi\u00f3nem v oblasti ochrany les\u016f.<\/p>\n\n<figure class=\"wp-block-image size-large\"><img loading=\"lazy\" decoding=\"async\" width=\"1024\" height=\"576\" src=\"https:\/\/www.greenpeace.org\/static\/planet4-czech-republic-stateless\/2024\/04\/692bf9ce-gp0su05ou-1024x576.jpg\" alt=\"\" class=\"wp-image-20200\" srcset=\"https:\/\/www.greenpeace.org\/static\/planet4-czech-republic-stateless\/2024\/04\/692bf9ce-gp0su05ou-1024x576.jpg 1024w, https:\/\/www.greenpeace.org\/static\/planet4-czech-republic-stateless\/2024\/04\/692bf9ce-gp0su05ou-300x169.jpg 300w, https:\/\/www.greenpeace.org\/static\/planet4-czech-republic-stateless\/2024\/04\/692bf9ce-gp0su05ou-768x432.jpg 768w, https:\/\/www.greenpeace.org\/static\/planet4-czech-republic-stateless\/2024\/04\/692bf9ce-gp0su05ou-1536x864.jpg 1536w, https:\/\/www.greenpeace.org\/static\/planet4-czech-republic-stateless\/2024\/04\/692bf9ce-gp0su05ou-2048x1152.jpg 2048w, https:\/\/www.greenpeace.org\/static\/planet4-czech-republic-stateless\/2024\/04\/692bf9ce-gp0su05ou-510x287.jpg 510w\" sizes=\"auto, (max-width: 1024px) 100vw, 1024px\" \/><figcaption class=\"wp-element-caption\">Dokumentace ni\u010den\u00ed star\u00fdch les\u016f v Karpatech. (c) Greenpeace<\/figcaption><\/figure>\n\n<p><strong>\u0160pela Bandelj, koordin\u00e1torka biodiverzitn\u00ed kampan\u011b v Greenpeace CEE, \u0159\u00edk\u00e1:<\/strong><br><em>&#8222;P\u0159edlo\u017een\u00e9 d\u016fkazy, \u017ee dodavatel\u00e9 firmy IKEA, kte\u0159\u00ed vytv\u00e1\u0159ej\u00ed n\u011bkter\u00e9 z jejich nejobl\u00edben\u011bj\u0161\u00edch v\u00fdrobk\u016f, jsou spojeni s ni\u010den\u00edm star\u00fdch les\u016f v Rumunsku, jsou velmi rozs\u00e1hl\u00e9. Je sice pravda, \u017ee to, co IKEA d\u011bl\u00e1, nen\u00ed nez\u00e1konn\u00e9, ale to neznamen\u00e1, \u017ee je to udr\u017eiteln\u00e9, za co\u017e se IKEA r\u00e1da vyd\u00e1v\u00e1.&#8220;<\/em><\/p>\n\n<p>V\u0161echna m\u00edsta t\u011b\u017eby d\u0159eva spojen\u00e1 s v\u00fdrobci IKEA, kter\u00e1 vy\u0161et\u0159ovatel\u00e9 a vy\u0161et\u0159ovatelky Greenpeace CEE nav\u0161t\u00edvili, byla identifikov\u00e1na jako star\u00e9 lesy (tzv. old-growth forests) nejen kv\u016fli jejich pr\u016fm\u011brn\u00e9mu v\u011bku uveden\u00e9mu ve ve\u0159ejn\u011b dostupn\u00fdch lesn\u00edch hospod\u00e1\u0159sk\u00fdch pl\u00e1nech, ale tak\u00e9 kv\u016fli jejich jedine\u010dn\u00fdm a rozmanit\u00fdm ekologick\u00fdm vlastnostem. V\u0161echny sledovan\u00e9 lesn\u00ed plochy vykazovaly podle zji\u0161t\u011bn\u00ed vy\u0161et\u0159ovatel\u016f jasn\u00e9 znaky star\u00e9ho lesa, v\u010detn\u011b struktur\u00e1ln\u00ed slo\u017eitosti a p\u0159\u00edtomnosti strom\u016f r\u016fzn\u00fdch velikost\u00ed, tvar\u016f a druh\u016f, jako\u017e i p\u0159\u00edtomnosti biotopov\u00fdch strom\u016f, le\u017e\u00edc\u00edho i stoj\u00edc\u00edho mrtv\u00e9ho d\u0159eva a schopnosti plnit \u010detn\u00e9 ekologick\u00e9 ekosyst\u00e9mov\u00e9 slu\u017eby.<\/p>\n\n<p>Jak uk\u00e1zala ned\u00e1vn\u00e1 <a href=\"https:\/\/www.greenpeace.org\/international\/press-release\/46802\/certification-schemes-such-as-fsc-are-greenwashing-forest-destruction\/\">anal\u00fdza Greenpeace International<\/a>, certifika\u010dn\u00ed syst\u00e9m FSC ne v\u017edy rozpozn\u00e1 skute\u010dnou hodnotu star\u00fdch les\u016f z hlediska biologick\u00e9 rozmanitosti. To naopak umo\u017e\u0148uje pr\u016fmyslov\u00e9 lesnictv\u00ed a t\u011b\u017ebu d\u0159eva i v r\u00e1mci certifikace FSC, a to v\u010detn\u011b star\u00fdch les\u016f, kter\u00e9 by m\u011bly b\u00fdt p\u0159\u00edsn\u011b chr\u00e1n\u011bny.<\/p>\n\n<p><strong>Luk\u00e1\u0161 Hr\u00e1bek, tiskov\u00fd mluv\u010d\u00ed Greenpeace, \u0159\u00edk\u00e1:<\/strong><strong><br><\/strong><em>\u201cNejen v Rumunsku, ale i v na\u0161\u00ed kampani za z\u00e1chranu star\u00fdch les\u016f v \u010cesku nar\u00e1\u017e\u00edme opakovan\u011b na probl\u00e9m, \u017ee unik\u00e1tn\u00ed a cenn\u00e9 lesn\u00ed porosty jsou vedeny v kategorii oby\u010dejn\u00fdch hospod\u00e1\u0159sk\u00fdch les\u016f, a to i v Evropsky v\u00fdznamn\u00fdch lokalit\u00e1ch, kter\u00e9 jsou sou\u010d\u00e1st\u00ed s\u00edt\u011b Natura 2000. V \u010cesku jde konkr\u00e9tn\u011b nap\u0159\u00edklad o Evropsky v\u00fdznamn\u00e9 lokality Dambo\u0159ick\u00fd les \u010di V\u00fdchodn\u00ed Kru\u0161noho\u0159\u00ed. Dokonce i fragment \u00fapln\u011b p\u016fvodn\u00edho lesa u Horn\u00edho Ji\u0159et\u00edna, kde v\u011bdci ned\u00e1vno objevili nejstar\u0161\u00ed buk v \u010cesku, je st\u00e1le hospod\u00e1\u0159sk\u00fdm lesem. A pokud je les hospod\u00e1\u0159sk\u00fd, je jasn\u00e9, \u017ee jeho majitel m\u016f\u017ee z\u00edskat i n\u011bjakou certifikaci pro lesn\u00ed hospod\u00e1\u0159stv\u00ed. Schov\u00e1vat se tedy za certifika\u010dn\u00ed syst\u00e9my, kter\u00e9 zjevn\u011b selh\u00e1vaj\u00ed p\u0159i identifikaci a ochran\u011b star\u00fdch les\u016f, nen\u00ed \u0159e\u0161en\u00edm. Vyz\u00fdv\u00e1me proto znovu spole\u010dnost IKEA, aby nejen vy\u010distila sv\u00e9 dodavatelsk\u00e9 \u0159et\u011bzce, ale aby se p\u0159idala k na\u0161emu \u00fasil\u00ed zachovat zb\u00fdvaj\u00edc\u00ed biologicky rozmanit\u00e9 lesy v Evrop\u011b, a stala se tak znovu l\u00eddrem v oblasti ochrany p\u0159\u00edrody.\u201d<\/em><\/p>\n","protected":false},"excerpt":{"rendered":"<p>V reakci na v\u010dera zve\u0159ejn\u011bn\u00fd report Greenpeace CEE o ni\u010den\u00ed star\u00fdch les\u016f v rumunsk\u00fdch Karpatech se IKEA sna\u017e\u00ed sv\u00fdmi vyj\u00e1d\u0159en\u00edmi pro m\u00e9dia zas\u00edt pochybnosti kolem z\u00e1v\u011br\u016f zpr\u00e1vy. Organizace Greenpeace pova\u017euje&hellip;<\/p>\n","protected":false},"author":27,"featured_media":20200,"comment_status":"open","ping_status":"closed","sticky":false,"template":"","format":"standard","meta":{"ep_exclude_from_search":false,"p4_og_title":"","p4_og_description":"","p4_og_image":"","p4_og_image_id":"","p4_seo_canonical_url":"","p4_campaign_name":"","p4_local_project":"","p4_basket_name":"","p4_department":"","footnotes":""},"categories":[2],"tags":[17],"p4-page-type":[14],"class_list":["post-20220","post","type-post","status-publish","format-standard","has-post-thumbnail","hentry","category-priroda","tag-lesy-pralesy","p4-page-type-tiskova-zprava"],"_links":{"self":[{"href":"https:\/\/www.greenpeace.org\/czech\/wp-json\/wp\/v2\/posts\/20220","targetHints":{"allow":["GET"]}}],"collection":[{"href":"https:\/\/www.greenpeace.org\/czech\/wp-json\/wp\/v2\/posts"}],"about":[{"href":"https:\/\/www.greenpeace.org\/czech\/wp-json\/wp\/v2\/types\/post"}],"author":[{"embeddable":true,"href":"https:\/\/www.greenpeace.org\/czech\/wp-json\/wp\/v2\/users\/27"}],"replies":[{"embeddable":true,"href":"https:\/\/www.greenpeace.org\/czech\/wp-json\/wp\/v2\/comments?post=20220"}],"version-history":[{"count":1,"href":"https:\/\/www.greenpeace.org\/czech\/wp-json\/wp\/v2\/posts\/20220\/revisions"}],"predecessor-version":[{"id":20221,"href":"https:\/\/www.greenpeace.org\/czech\/wp-json\/wp\/v2\/posts\/20220\/revisions\/20221"}],"wp:featuredmedia":[{"embeddable":true,"href":"https:\/\/www.greenpeace.org\/czech\/wp-json\/wp\/v2\/media\/20200"}],"wp:attachment":[{"href":"https:\/\/www.greenpeace.org\/czech\/wp-json\/wp\/v2\/media?parent=20220"}],"wp:term":[{"taxonomy":"category","embeddable":true,"href":"https:\/\/www.greenpeace.org\/czech\/wp-json\/wp\/v2\/categories?post=20220"},{"taxonomy":"post_tag","embeddable":true,"href":"https:\/\/www.greenpeace.org\/czech\/wp-json\/wp\/v2\/tags?post=20220"},{"taxonomy":"p4-page-type","embeddable":true,"href":"https:\/\/www.greenpeace.org\/czech\/wp-json\/wp\/v2\/p4-page-type?post=20220"}],"curies":[{"name":"wp","href":"https:\/\/api.w.org\/{rel}","templated":true}]}}