{"id":2041,"date":"2018-12-04T17:14:39","date_gmt":"2018-12-04T15:14:39","guid":{"rendered":"https:\/\/www.greenpeace.org\/czech\/?p=2041"},"modified":"2021-12-01T13:32:46","modified_gmt":"2021-12-01T12:32:46","slug":"nebudeme-sedet","status":"publish","type":"post","link":"https:\/\/www.greenpeace.org\/czech\/clanek\/2041\/nebudeme-sedet\/","title":{"rendered":"Nebudeme sed\u011bt!"},"content":{"rendered":"<p><span style=\"font-weight: 400;\">Slovensk\u00fd soud dnes pustil z vazby \u010dleny hnut\u00ed Greenpeace. Ti byli ve vazb\u011b dr\u017eeni od 28. 11., kdy nen\u00e1siln\u011b protestovali proti dopad\u016fm t\u011b\u017eby uhl\u00ed na sv\u011btov\u00e9 klima. \u00a0Slovensk\u00e9 org\u00e1ny tak rychle p\u0159ekvalifikovaly sv\u00e9 rozhodnut\u00ed, kter\u00e9 se op\u00edralo o jejich \u201cobavu\u201d, aby \u010dlenov\u00e9 hnut\u00ed nepokra\u010dovali ve sv\u00e9m protestu.<\/span><\/p>\n<p><span style=\"font-weight: 400;\">\u201cJsme velmi r\u00e1di, \u017ee gener\u00e1ln\u00ed prokur\u00e1tor uznal nesmyslnost zadr\u017eov\u00e1n\u00ed aktivist\u016f. Rovn\u011b\u017e oce\u0148ujeme, \u017ee konal tak rychle a po sedmi dnech za m\u0159\u00ed\u017eemi mohou b\u00fdt lid\u00e9 kone\u010dn\u011b na svobod\u011b. Zd\u00e1 se, \u017ee st\u00e1le jsme zem\u00ed, v kter\u00e9 se za ochranu \u017eivotn\u00edho prost\u0159ed\u00ed a zdrav\u00ed lid\u00ed, nebude nakl\u00e1dat s lidmi jako se zlo\u010dinci,\u201d uvedla Ivana Koh\u00fatkov\u00e1, \u0159editelka Greenpeace Slovensko.<\/span><\/p>\n<p><span style=\"font-weight: 400;\">K p\u0159ehodnocen\u00ed rozhodnut\u00ed soudu vyz\u00fdvali i \u010deln\u00ed p\u0159edstavitel\u00e9 Slovensk\u00e9 republiky, v\u010detn\u011b prezidenta a premi\u00e9ra a zvedla se obrovsk\u00e1 vlna podpory ve\u0159ejnosti po cel\u00e9m sv\u011bt\u011b.\u00a0<\/span><\/p>\n<p><img decoding=\"async\" class=\"alignnone size-medium wp-image-2042\" src=\"https:\/\/www.greenpeace.org\/static\/planet4-czech-republic-stateless\/2018\/12\/72e41633-solidarity.jpg\" alt=\"\" width=\"100%\" height=\"\" srcset=\"https:\/\/www.greenpeace.org\/static\/planet4-czech-republic-stateless\/2018\/12\/72e41633-solidarity.jpg 965w, https:\/\/www.greenpeace.org\/static\/planet4-czech-republic-stateless\/2018\/12\/72e41633-solidarity-300x150.jpg 300w, https:\/\/www.greenpeace.org\/static\/planet4-czech-republic-stateless\/2018\/12\/72e41633-solidarity-768x384.jpg 768w, https:\/\/www.greenpeace.org\/static\/planet4-czech-republic-stateless\/2018\/12\/72e41633-solidarity-510x255.jpg 510w\" sizes=\"(max-width: 965px) 100vw, 965px\" \/><\/p>\n<p><span style=\"font-weight: 400;\">Ministerstvo \u017eivotn\u00edho prost\u0159ed\u00ed SR v\u010dera zve\u0159ejnilo toto prohl\u00e1\u0161en\u00ed: \u201c<\/span><span style=\"font-weight: 400;\">Ministerstvo \u017eivotn\u00e9ho prostredia a Slovenska in\u0161pekcia \u017eivotn\u00e9ho prostredia nem\u00f4\u017eu komentova\u0165 rozhodnutia s\u00fadu. No po bohat\u00fdch sk\u00fasenostiach s aktivitami Greenpeace m\u00f4\u017eu jednozna\u010dne potvrdi\u0165, \u017ee aktivisti z Greenpeace s\u00fa \u013eudia, ktor\u00fdch jedin\u00fdm cie\u013eom je lep\u0161ia ochrana \u017eivotn\u00e9ho prostredia. Za dohladate\u013en\u00e9 obdobie vo vz\u0165ahu k envirorezortu nikdy neprekro\u010dili etick\u00e9 hranice, v\u017edy boli slu\u0161n\u00ed, kon\u0161trukt\u00edvni a poukazovali na konkr\u00e9tne ot\u00e1zky ochrany \u017eivotn\u00e9ho prostredia. Ako ministerstvo, tak in\u0161pekcia sa ob\u00e1va, \u017ee vy\u0161etrovanie aktivistov Greenpeace vo v\u00e4zbe vytv\u00e1ra obraz, \u017ee medzi ekologick\u00fdmi aktivistami a krimin\u00e1lnikmi neexistuje rozdiel. To z h\u013eadiska ochrany \u017eivotn\u00e9ho prostredia na Slovensku m\u00f4\u017ee predstavova\u0165 ve\u013emi ne\u0161\u0165astn\u00fd sign\u00e1l.\u201d<\/span><\/p>\n<p><span style=\"font-weight: 400;\">D\u016fsledky prob\u00edhaj\u00edc\u00ed klimatick\u00e9 zm\u011bny jsou faktem, kter\u00fd mus\u00edme spole\u010dn\u011b aktivn\u011b \u0159e\u0161it. Lid\u00e9, kte\u0159\u00ed na jejich d\u016fvody upozor\u0148uj\u00ed, nepat\u0159\u00ed do vazby. <\/span><\/p>\n<p><span style=\"font-weight: 400;\">Proto #nebudemesed\u011bt!<\/span><\/p>\n<p>#spoluprotiuhli<\/p>\n<p><img decoding=\"async\" class=\"alignnone size-medium wp-image-2061\" src=\"https:\/\/www.greenpeace.org\/static\/planet4-czech-republic-stateless\/2018\/12\/05e0331c-47379490_10155762344596073_7491305846291300352_o.jpg\" alt=\"\" width=\"100%\" height=\"\" srcset=\"https:\/\/www.greenpeace.org\/static\/planet4-czech-republic-stateless\/2018\/12\/05e0331c-47379490_10155762344596073_7491305846291300352_o.jpg 2048w, https:\/\/www.greenpeace.org\/static\/planet4-czech-republic-stateless\/2018\/12\/05e0331c-47379490_10155762344596073_7491305846291300352_o-300x225.jpg 300w, https:\/\/www.greenpeace.org\/static\/planet4-czech-republic-stateless\/2018\/12\/05e0331c-47379490_10155762344596073_7491305846291300352_o-768x576.jpg 768w, https:\/\/www.greenpeace.org\/static\/planet4-czech-republic-stateless\/2018\/12\/05e0331c-47379490_10155762344596073_7491305846291300352_o-1024x768.jpg 1024w, https:\/\/www.greenpeace.org\/static\/planet4-czech-republic-stateless\/2018\/12\/05e0331c-47379490_10155762344596073_7491305846291300352_o-1821x1366.jpg 1821w, https:\/\/www.greenpeace.org\/static\/planet4-czech-republic-stateless\/2018\/12\/05e0331c-47379490_10155762344596073_7491305846291300352_o-453x340.jpg 453w\" sizes=\"(max-width: 2048px) 100vw, 2048px\" \/><\/p>\n<p><img decoding=\"async\" class=\"alignnone size-medium wp-image-2064\" src=\"https:\/\/www.greenpeace.org\/static\/planet4-czech-republic-stateless\/2018\/12\/111ecd95-img_1927.jpg-e1543940187484.jpeg\" alt=\"\" width=\"100%\" height=\"\" srcset=\"https:\/\/www.greenpeace.org\/static\/planet4-czech-republic-stateless\/2018\/12\/111ecd95-img_1927.jpg-e1543940187484.jpeg 1200w, https:\/\/www.greenpeace.org\/static\/planet4-czech-republic-stateless\/2018\/12\/111ecd95-img_1927.jpg-e1543940187484-225x300.jpeg 225w, https:\/\/www.greenpeace.org\/static\/planet4-czech-republic-stateless\/2018\/12\/111ecd95-img_1927.jpg-e1543940187484-768x1024.jpeg 768w, https:\/\/www.greenpeace.org\/static\/planet4-czech-republic-stateless\/2018\/12\/111ecd95-img_1927.jpg-e1543940187484-255x340.jpeg 255w, https:\/\/www.greenpeace.org\/static\/planet4-czech-republic-stateless\/2018\/12\/111ecd95-img_1927.jpg-e1543940187484-1025x1366.jpeg 1025w\" sizes=\"(max-width: 1200px) 100vw, 1200px\" \/><\/p>\n<div class=\"EmptyMessage\">Block content is empty. Check the block&#8217;s settings or remove it.<\/div>","protected":false},"excerpt":{"rendered":"<p>Slovensk\u00fd soud dnes pustil z vazby \u010dleny hnut\u00ed Greenpeace. Ti byli ve vazb\u011b dr\u017eeni od 28. 11., kdy nen\u00e1siln\u011b protestovali proti dopad\u016fm t\u011b\u017eby uhl\u00ed na sv\u011btov\u00e9 klima. \u00a0Slovensk\u00e9 org\u00e1ny tak&hellip;<\/p>\n","protected":false},"author":31,"featured_media":2061,"comment_status":"open","ping_status":"closed","sticky":false,"template":"","format":"standard","meta":{"ep_exclude_from_search":false,"p4_og_title":"","p4_og_description":"","p4_og_image":"","p4_og_image_id":"","p4_seo_canonical_url":"","p4_campaign_name":"","p4_local_project":"","p4_basket_name":"","p4_department":"","footnotes":""},"categories":[4],"tags":[25,29],"p4-page-type":[16],"class_list":["post-2041","post","type-post","status-publish","format-standard","has-post-thumbnail","hentry","category-energeticka-revoluce","tag-konec-doby-fosilni","tag-nenasilne-protesty","p4-page-type-clanek"],"_links":{"self":[{"href":"https:\/\/www.greenpeace.org\/czech\/wp-json\/wp\/v2\/posts\/2041","targetHints":{"allow":["GET"]}}],"collection":[{"href":"https:\/\/www.greenpeace.org\/czech\/wp-json\/wp\/v2\/posts"}],"about":[{"href":"https:\/\/www.greenpeace.org\/czech\/wp-json\/wp\/v2\/types\/post"}],"author":[{"embeddable":true,"href":"https:\/\/www.greenpeace.org\/czech\/wp-json\/wp\/v2\/users\/31"}],"replies":[{"embeddable":true,"href":"https:\/\/www.greenpeace.org\/czech\/wp-json\/wp\/v2\/comments?post=2041"}],"version-history":[{"count":19,"href":"https:\/\/www.greenpeace.org\/czech\/wp-json\/wp\/v2\/posts\/2041\/revisions"}],"predecessor-version":[{"id":15754,"href":"https:\/\/www.greenpeace.org\/czech\/wp-json\/wp\/v2\/posts\/2041\/revisions\/15754"}],"wp:featuredmedia":[{"embeddable":true,"href":"https:\/\/www.greenpeace.org\/czech\/wp-json\/wp\/v2\/media\/2061"}],"wp:attachment":[{"href":"https:\/\/www.greenpeace.org\/czech\/wp-json\/wp\/v2\/media?parent=2041"}],"wp:term":[{"taxonomy":"category","embeddable":true,"href":"https:\/\/www.greenpeace.org\/czech\/wp-json\/wp\/v2\/categories?post=2041"},{"taxonomy":"post_tag","embeddable":true,"href":"https:\/\/www.greenpeace.org\/czech\/wp-json\/wp\/v2\/tags?post=2041"},{"taxonomy":"p4-page-type","embeddable":true,"href":"https:\/\/www.greenpeace.org\/czech\/wp-json\/wp\/v2\/p4-page-type?post=2041"}],"curies":[{"name":"wp","href":"https:\/\/api.w.org\/{rel}","templated":true}]}}