{"id":20466,"date":"2024-05-27T16:30:53","date_gmt":"2024-05-27T15:30:53","guid":{"rendered":"https:\/\/www.greenpeace.org\/czech\/?p=20466"},"modified":"2024-05-28T09:00:17","modified_gmt":"2024-05-28T08:00:17","slug":"priroda-volit-nemuze-ty-ano-dej-ji-ve-volbach-do-evropskeho-parlamentu-svuj-hlas","status":"publish","type":"post","link":"https:\/\/www.greenpeace.org\/czech\/clanek\/20466\/priroda-volit-nemuze-ty-ano-dej-ji-ve-volbach-do-evropskeho-parlamentu-svuj-hlas\/","title":{"rendered":"P\u0159\u00edroda volit nem\u016f\u017ee, ty ano \u2013 dej j\u00ed ve volb\u00e1ch do Evropsk\u00e9ho parlamentu sv\u016fj hlas"},"content":{"rendered":"\n<p class=\"has-medium-font-size\">Na\u0161e p\u0159\u00edroda \u010del\u00ed v\u00e1\u017en\u00e9mu ohro\u017een\u00ed. Po\u010det rostlinn\u00fdch a \u017eivo\u010di\u0161n\u00fdch populac\u00ed v Evrop\u011b rychle kles\u00e1. Pouze 15 % p\u0159\u00edrodn\u00edch stanovi\u0161\u0165 je v dobr\u00e9m stavu, co\u017e znamen\u00e1, \u017ee mnoho \u017eivo\u010di\u0161n\u00fdch i rostlinn\u00fdch druh\u016f doslova p\u0159ich\u00e1z\u00ed o domov. Vyhynut\u00ed hroz\u00ed nap\u0159\u00edklad mnoha evropsk\u00fdm ryb\u00e1m, oboj\u017eiveln\u00edk\u016fm a pt\u00e1k\u016fm. Mezi lety 1990 a 2021 do\u0161lo k 36% poklesu po\u010dtu pt\u00e1k\u016f zem\u011bd\u011blsk\u00e9 krajiny. T\u00e9m\u011b\u0159 50 % evropsk\u00fdch populac\u00ed ryb a oboj\u017eiveln\u00edk\u016f je ve \u0161patn\u00e9m stavu, kter\u00fd se nad\u00e1le zhor\u0161uje. Oni volit nemohu, pot\u0159ebuj\u00ed n\u00e1\u0161 hlas. To, jak dopadnou volby do Evropsk\u00e9ho parlamentu je pro jejich p\u0159e\u017eit\u00ed kl\u00ed\u010dov\u00e9.&nbsp;&nbsp;<\/p>\n\n<figure class=\"wp-block-image size-large\"><img loading=\"lazy\" decoding=\"async\" width=\"1024\" height=\"683\" src=\"https:\/\/www.greenpeace.org\/static\/planet4-czech-republic-stateless\/2024\/05\/10fa8db7-gp0stwhav_pressmedia-2500px-1024x683.jpg\" alt=\"\" class=\"wp-image-20469\" srcset=\"https:\/\/www.greenpeace.org\/static\/planet4-czech-republic-stateless\/2024\/05\/10fa8db7-gp0stwhav_pressmedia-2500px-1024x683.jpg 1024w, https:\/\/www.greenpeace.org\/static\/planet4-czech-republic-stateless\/2024\/05\/10fa8db7-gp0stwhav_pressmedia-2500px-300x200.jpg 300w, https:\/\/www.greenpeace.org\/static\/planet4-czech-republic-stateless\/2024\/05\/10fa8db7-gp0stwhav_pressmedia-2500px-768x512.jpg 768w, https:\/\/www.greenpeace.org\/static\/planet4-czech-republic-stateless\/2024\/05\/10fa8db7-gp0stwhav_pressmedia-2500px-1536x1024.jpg 1536w, https:\/\/www.greenpeace.org\/static\/planet4-czech-republic-stateless\/2024\/05\/10fa8db7-gp0stwhav_pressmedia-2500px-2048x1366.jpg 2048w, https:\/\/www.greenpeace.org\/static\/planet4-czech-republic-stateless\/2024\/05\/10fa8db7-gp0stwhav_pressmedia-2500px-510x340.jpg 510w\" sizes=\"auto, (max-width: 1024px) 100vw, 1024px\" \/><\/figure>\n\n<h4 class=\"wp-block-heading\"><strong>Co m\u016f\u017ee EU pro p\u0159\u00edrodu ud\u011blat?&nbsp;<\/strong><\/h4>\n\n<p>Skv\u011bl\u00fdm p\u0159\u00edkladem toho, co EU pro na\u0161i p\u0159\u00edrodu d\u011bl\u00e1, je nap\u0159\u00edklad opat\u0159en\u00ed Natura 2000, kter\u00e9 vyty\u010duje s\u00ed\u0165 chr\u00e1n\u011bn\u00fdch \u00fazem\u00ed. Tato s\u00ed\u0165 pokr\u00fdv\u00e1 v\u00edce ne\u017e 18 % plochy EU a zahrnuje p\u0159es 27 500 lokalit, kter\u00e9 mus\u00ed zem\u011b podle pr\u00e1vn\u00edch p\u0159edpis\u016f EU spravovat a chr\u00e1nit, aby bylo zaji\u0161t\u011bno dlouhodob\u00e9 p\u0159e\u017eit\u00ed druh\u016f a stanovi\u0161\u0165, kter\u00e9 se v nich nach\u00e1zej\u00ed.\u00a0Ne v\u017edy se to plnohodnotn\u011b da\u0159\u00ed, ale to je sp\u00ed\u0161e chyba \u010desk\u00fdch \u00fa\u0159ad\u016f a ne Evropsk\u00e9 unie.<\/p>\n\n<p>Evropsk\u00e1 unie tak\u00e9 zavedla \u0159adu z\u00e1kon\u016f, kter\u00fdch c\u00edlem je zastavit nebo omezit lov a nadm\u011brn\u00e9 vyu\u017e\u00edv\u00e1n\u00ed rostlin a \u017eivo\u010dich\u016f, aby tak ochr\u00e1nila konkr\u00e9tn\u00ed druhy p\u0159ed vyhynut\u00edm. Poda\u0159ilo se takto zachr\u00e1nit nap\u0159\u00edklad Bobra evropsk\u00e9ho. V prvn\u00ed polovin\u011b 20. stolet\u00ed \u017eilo v Evrop\u011b u\u017e jen n\u011bkolik tis\u00edc bobr\u016f. Dnes jich je v\u00edce ne\u017e 1,2 milionu. EU vyhl\u00e1sila bobra za chr\u00e1n\u011bn\u00fd druh, co\u017e znamenalo omezen\u00ed jeho lovu. Krom\u011b toho tak\u00e9 podporovala projekty, d\u00edky n\u00edm\u017e se poda\u0159ilo opravit bob\u0159\u00ed biotopy.&nbsp;<\/p>\n\n<h4 class=\"wp-block-heading\"><strong>Zachra\u0148 bobra, pom\u016f\u017ee\u0161 i lidem!<\/strong><\/h4>\n\n<p>Ochr\u00e1n\u011bn\u00ed bobr\u016f p\u0159ed vyhynut\u00edm p\u0159in\u00e1\u0161\u00ed \u0161ir\u0161\u00ed v\u00fdhody, kter\u00e9 p\u0159esahuj\u00ed p\u0159e\u017eit\u00ed druhu. Bob\u0159i nap\u0159\u00edklad stav\u00ed na \u0159ek\u00e1ch hr\u00e1ze, kter\u00e9 zpomaluj\u00ed proud\u011bn\u00ed vody, co\u017e vede ke zv\u00fd\u0161en\u00ed z\u00e1sob vody v koryt\u011b nebo v z\u00e1plavov\u00e9 oblasti. Tato z\u00e1soba vody m\u016f\u017ee pomoci sn\u00ed\u017eit dopad sucha na m\u00edstn\u00ed oblasti a populace. Bob\u0159\u00ed jez\u00edrka tak\u00e9 funguj\u00ed jako filtr, zachycuj\u00ed sedimenty a \u010din\u00ed na\u0161i vodu \u010dist\u0161\u00ed.&nbsp;<\/p>\n\n<p>Ochrana p\u0159\u00edrody je tak\u00e9 dostupn\u00fdm a praktick\u00fdm zp\u016fsobem, jak chr\u00e1nit lidi p\u0159ed extr\u00e9mn\u00edm po\u010das\u00edm a sn\u00ed\u017eit emise sklen\u00edkov\u00fdch plyn\u016f, kter\u00e9 p\u0159isp\u00edvaj\u00ed ke zm\u011bn\u011b klimatu. Investice do p\u0159\u00edrody je investic\u00ed do budoucnosti. EU odhaduje, \u017ee obnova p\u0159\u00edrody p\u0159in\u00e1\u0161\u00ed n\u00e1vratnost 8 a\u017e 38 eur za ka\u017ed\u00e9 investovan\u00e9 euro.&nbsp;<\/p>\n\n<h4 class=\"wp-block-heading\"><strong>Te\u010f nem\u016f\u017eeme s ochranou p\u0159\u00edrody povolit!<\/strong><\/h4>\n\n<p>P\u0159esto\u017ee bylo dosa\u017eeno pokroku, mnoho chr\u00e1n\u011bn\u00fdch druh\u016f a stanovi\u0161\u0165 st\u00e1le nen\u00ed dostate\u010dn\u011b chr\u00e1n\u011bno a populace mnoha druh\u016f nad\u00e1le klesaj\u00ed alarmuj\u00edc\u00edm tempem. Je t\u0159eba zajistit d\u016fsledn\u00e9 prosazov\u00e1n\u00ed environment\u00e1ln\u00ed legislativy Evropskou komis\u00ed. Aby byla s\u00ed\u0165 Natura 2000 ekologicky koherentn\u00ed a dob\u0159e propojen\u00e1, je t\u0159eba pr\u00e1vn\u011b chr\u00e1nit a efektivn\u011b spravovat dal\u0161\u00ed oblasti v ka\u017ed\u00e9m \u010dlensk\u00e9m st\u00e1t\u011b.&nbsp;<\/p>\n\n<p>Krom\u011b toho pot\u0159ebujeme zastavit dotov\u00e1n\u00ed \u0161kodliv\u00fdch zem\u011bd\u011blsk\u00fdch postup\u016f v krajin\u00e1ch EU, i dal\u0161\u00edch praktik, kter\u00e9 po\u0161kozuj\u00ed biodiverzitu a p\u0159\u00edrodu. \u010clensk\u00e9 st\u00e1ty maj\u00ed povinnost ji\u017e v roce 2027 tyto \u0161kodliv\u00e9\u201d dotace identifikovat a postupn\u011b je omezit a p\u0159esm\u011brovat na ochranu a obnovu p\u0159\u00edrody. Pr\u00e1v\u011b nov\u011b zvolen\u00ed Europoslanci a Komise bude spolurozhodovat o nov\u00e9m evropsk\u00e9m rozpo\u010dtu a o tom, kolik financ\u00ed se investuje do ochrany p\u0159\u00edrody.<\/p>\n\n<p>Aktu\u00e1ln\u011b hojn\u011b debatovan\u00fd Z\u00e1kon o obnov\u011b p\u0159\u00edrody, kter\u00fd st\u00e1le \u010dek\u00e1 na schv\u00e1len\u00ed \u010dlensk\u00fdmi st\u00e1ty,&nbsp; by mohl b\u00fdt kl\u00ed\u010dov\u00fdm n\u00e1strojem pro dal\u0161\u00ed pokrok v obnov\u011b p\u0159\u00edrody v Evrop\u011b. Tento z\u00e1kon si klade za c\u00edl obnovit alespo\u0148 20 % \u00fazem\u00ed a mo\u0159sk\u00fdch oblast\u00ed EU do roku 2030. Aby byl z\u00e1kon \u00fa\u010dinn\u00fd, bude pot\u0159ebovat dostate\u010dn\u00e9 financov\u00e1n\u00ed, mechanismy prosazov\u00e1n\u00ed a podporu Evropsk\u00e9ho parlamentu a Evropsk\u00e9 komise.<\/p>\n\n<p>Nav\u00edc Evropsk\u00e1 unie nemysl\u00ed jen na sv\u00e9 p\u0159\u00edrodn\u00ed bohatstv\u00ed a jeho zachov\u00e1n\u00ed, ale i na vliv evropsk\u00fdch spot\u0159ebitel\u016f na glob\u00e1ln\u00ed ekosyst\u00e9my jako jsou nap\u0159\u00edklad pralesy v Amazonii, Kongu nebo Indon\u00e9sii, Proto p\u0159ijala z\u00e1kon proti odles\u0148ov\u00e1n\u00ed, kter\u00fd m\u00e1 zajistit, \u017ee se od prosince 2024 budou komodity jako palmov\u00fd olej, s\u00f3ja, hov\u011bz\u00ed maso, \u010dokol\u00e1da, k\u00e1va, d\u0159evo nebo kau\u010duk prov\u011b\u0159ovat, aby bylo zaji\u0161t\u011bno, \u017ee p\u0159i jejich produkci nedo\u0161lo k ni\u010den\u00ed t\u011bch nejcenn\u011bj\u0161\u00edch ekosyst\u00e9m\u016f na na\u0161\u00ed planet\u011b.&nbsp;<\/p>\n\n<figure class=\"wp-block-image size-large\"><img loading=\"lazy\" decoding=\"async\" width=\"1024\" height=\"683\" src=\"https:\/\/www.greenpeace.org\/static\/planet4-czech-republic-stateless\/2024\/05\/42fd19c8-shutterstock_2325144863-1-1024x683.jpg\" alt=\"\" class=\"wp-image-20467\" srcset=\"https:\/\/www.greenpeace.org\/static\/planet4-czech-republic-stateless\/2024\/05\/42fd19c8-shutterstock_2325144863-1-1024x683.jpg 1024w, https:\/\/www.greenpeace.org\/static\/planet4-czech-republic-stateless\/2024\/05\/42fd19c8-shutterstock_2325144863-1-300x200.jpg 300w, https:\/\/www.greenpeace.org\/static\/planet4-czech-republic-stateless\/2024\/05\/42fd19c8-shutterstock_2325144863-1-768x512.jpg 768w, https:\/\/www.greenpeace.org\/static\/planet4-czech-republic-stateless\/2024\/05\/42fd19c8-shutterstock_2325144863-1-1536x1024.jpg 1536w, https:\/\/www.greenpeace.org\/static\/planet4-czech-republic-stateless\/2024\/05\/42fd19c8-shutterstock_2325144863-1-2048x1366.jpg 2048w, https:\/\/www.greenpeace.org\/static\/planet4-czech-republic-stateless\/2024\/05\/42fd19c8-shutterstock_2325144863-1-510x340.jpg 510w\" sizes=\"auto, (max-width: 1024px) 100vw, 1024px\" \/><\/figure>\n\n<p>Volby do Evropsk\u00e9ho parlamentu jsou kl\u00ed\u010dov\u00e9 pro budoucnost ochrany p\u0159\u00edrody a \u017eivo\u010dich\u016f v Evrop\u011b. Zvolen\u00edm z\u00e1stupc\u016f, kte\u0159\u00ed podporuj\u00ed ochranu \u017eivotn\u00edho prost\u0159ed\u00ed, m\u016f\u017eeme zajistit, \u017ee Evropsk\u00e1 unie bude i nad\u00e1le podnikat pot\u0159ebn\u00e9 kroky k ochran\u011b na\u0161eho p\u0159\u00edrodn\u00edho d\u011bdictv\u00ed a biodiverzity. Bez podpory a anga\u017eovanosti ob\u010dan\u016f m\u016f\u017ee doj\u00edt k oslaben\u00ed legislativy a opat\u0159en\u00ed, kter\u00e1 jsou nezbytn\u00e1 pro ochranu na\u0161\u00ed p\u0159\u00edrody. Volby jsou p\u0159\u00edle\u017eitost\u00ed, jak ovlivnit sm\u011br, kter\u00fdm se EU vyd\u00e1, a zajistit, aby ochrana \u017eivotn\u00edho prost\u0159ed\u00ed z\u016fstala prioritou.<\/p>\n\n<p><\/p>\n\n<p>Zdroj dat: <a href=\"https:\/\/www.transportenvironment.org\/articles\/what-has-the-eu-done-for-the-planet-and-its-citizens\">What has the EU done for you and the planet &#8211; Report commissioned by BirdLife Europe, CAN Europe, EEB, Transport &amp; Environment and WWF European Policy Office produced by Shared Planet and FIPRA International<\/a><\/p>\n","protected":false},"excerpt":{"rendered":"<p>Na\u0161e p\u0159\u00edroda \u010del\u00ed v\u00e1\u017en\u00e9mu ohro\u017een\u00ed. Po\u010det rostlinn\u00fdch a \u017eivo\u010di\u0161n\u00fdch populac\u00ed v Evrop\u011b rychle kles\u00e1. To, jak dopadnou volby do Evropsk\u00e9ho parlamentu je pro jejich p\u0159e\u017eit\u00ed kl\u00ed\u010dov\u00e9.\u00a0<\/p>\n","protected":false},"author":95,"featured_media":20467,"comment_status":"open","ping_status":"closed","sticky":false,"template":"","format":"standard","meta":{"ep_exclude_from_search":false,"p4_og_title":"","p4_og_description":"","p4_og_image":"","p4_og_image_id":"","p4_seo_canonical_url":"","p4_campaign_name":"","p4_local_project":"","p4_basket_name":"","p4_department":"","footnotes":""},"categories":[2],"tags":[24,17],"p4-page-type":[16],"class_list":["post-20466","post","type-post","status-publish","format-standard","has-post-thumbnail","hentry","category-priroda","tag-aktivni-spolecnost","tag-lesy-pralesy","p4-page-type-clanek"],"_links":{"self":[{"href":"https:\/\/www.greenpeace.org\/czech\/wp-json\/wp\/v2\/posts\/20466","targetHints":{"allow":["GET"]}}],"collection":[{"href":"https:\/\/www.greenpeace.org\/czech\/wp-json\/wp\/v2\/posts"}],"about":[{"href":"https:\/\/www.greenpeace.org\/czech\/wp-json\/wp\/v2\/types\/post"}],"author":[{"embeddable":true,"href":"https:\/\/www.greenpeace.org\/czech\/wp-json\/wp\/v2\/users\/95"}],"replies":[{"embeddable":true,"href":"https:\/\/www.greenpeace.org\/czech\/wp-json\/wp\/v2\/comments?post=20466"}],"version-history":[{"count":3,"href":"https:\/\/www.greenpeace.org\/czech\/wp-json\/wp\/v2\/posts\/20466\/revisions"}],"predecessor-version":[{"id":20473,"href":"https:\/\/www.greenpeace.org\/czech\/wp-json\/wp\/v2\/posts\/20466\/revisions\/20473"}],"wp:featuredmedia":[{"embeddable":true,"href":"https:\/\/www.greenpeace.org\/czech\/wp-json\/wp\/v2\/media\/20467"}],"wp:attachment":[{"href":"https:\/\/www.greenpeace.org\/czech\/wp-json\/wp\/v2\/media?parent=20466"}],"wp:term":[{"taxonomy":"category","embeddable":true,"href":"https:\/\/www.greenpeace.org\/czech\/wp-json\/wp\/v2\/categories?post=20466"},{"taxonomy":"post_tag","embeddable":true,"href":"https:\/\/www.greenpeace.org\/czech\/wp-json\/wp\/v2\/tags?post=20466"},{"taxonomy":"p4-page-type","embeddable":true,"href":"https:\/\/www.greenpeace.org\/czech\/wp-json\/wp\/v2\/p4-page-type?post=20466"}],"curies":[{"name":"wp","href":"https:\/\/api.w.org\/{rel}","templated":true}]}}