{"id":20521,"date":"2024-05-30T12:36:00","date_gmt":"2024-05-30T11:36:00","guid":{"rendered":"https:\/\/www.greenpeace.org\/czech\/?p=20521"},"modified":"2024-06-12T12:40:56","modified_gmt":"2024-06-12T11:40:56","slug":"vetsina-pracovniku-velkolomu-csa-konci-je-o-ne-zajem-jinde-ale-pomahat-musi-i-stat","status":"publish","type":"post","link":"https:\/\/www.greenpeace.org\/czech\/tiskova-zprava\/20521\/vetsina-pracovniku-velkolomu-csa-konci-je-o-ne-zajem-jinde-ale-pomahat-musi-i-stat\/","title":{"rendered":"V\u011bt\u0161ina pracovn\u00edk\u016f velkolomu \u010cSA kon\u010d\u00ed. Je o n\u011b z\u00e1jem jinde, ale pom\u00e1hat mus\u00ed i st\u00e1t"},"content":{"rendered":"\n<p>Hn\u011bdouheln\u00fd velkolom \u010ceskoslovensk\u00e9 arm\u00e1dy mezi Mostem a Litv\u00ednovem s koncem kv\u011btna pokra\u010duje <a href=\"https:\/\/www.e15.cz\/clanek\/byznys\/prumysl-a-energetika\/tykac-ovladl-severni-energetickou-csa-dotezi-uhli-v-roce-2024-1327213\">v roky pl\u00e1novan\u00e9m ukon\u010dov\u00e1n\u00ed t\u011b\u017eby<\/a> a propust\u00ed v\u011bt\u0161inu pracovn\u00edk\u016f a pracovnic. Jak ukazuje nap\u0159\u00edklad <a href=\"https:\/\/fb.watch\/smxHLY4C0c\/\">n\u00e1borov\u00e1 reklama Dopravn\u00edho podniku m\u011bst Most a Litv\u00ednov<\/a>, o profese z velkolomu je z\u00e1jem v jin\u00fdch firm\u00e1ch. Z\u00e1rove\u0148 se st\u00e1t zav\u00e1zal vypl\u00e1cet v\u00fdsluhov\u00e9 p\u0159\u00edsp\u011bvky (nad r\u00e1mec podpory v nezam\u011bstnanosti \u010di v\u00fdplaty v nov\u00e9m zam\u011bstn\u00e1n\u00ed), nyn\u00ed je pot\u0159eba na n\u011b uvolnit pen\u00edze. T\u011b\u017eba kon\u010d\u00ed, nebo\u0165 postup rypadel je omezen \u00dazemn\u00ed limity t\u011b\u017eby hn\u011bd\u00e9ho uhl\u00ed v severn\u00edch \u010cech\u00e1ch, kter\u00e1 stanovila vl\u00e1da v roce 1991 a potvrdila v letech 2008 a 2015. Jednalo se o kompromis mezi pl\u00e1ny t\u011b\u017eby a ochranou domov\u016f m\u00edstn\u00edch lid\u00ed. Limity zachr\u00e1nily p\u0159ed zni\u010den\u00edm zejm\u00e9na m\u011bsto Horn\u00ed Ji\u0159et\u00edna osadu \u010cernice.\u00a0<\/p>\n\n<figure class=\"wp-block-image size-large\"><img loading=\"lazy\" decoding=\"async\" width=\"1024\" height=\"683\" src=\"https:\/\/www.greenpeace.org\/static\/planet4-czech-republic-stateless\/2020\/05\/7a28d516-jezeri-a-dul-1024x683.jpg\" alt=\"\" class=\"wp-image-10546\" srcset=\"https:\/\/www.greenpeace.org\/static\/planet4-czech-republic-stateless\/2020\/05\/7a28d516-jezeri-a-dul-1024x683.jpg 1024w, https:\/\/www.greenpeace.org\/static\/planet4-czech-republic-stateless\/2020\/05\/7a28d516-jezeri-a-dul-300x200.jpg 300w, https:\/\/www.greenpeace.org\/static\/planet4-czech-republic-stateless\/2020\/05\/7a28d516-jezeri-a-dul-768x512.jpg 768w, https:\/\/www.greenpeace.org\/static\/planet4-czech-republic-stateless\/2020\/05\/7a28d516-jezeri-a-dul-510x340.jpg 510w, https:\/\/www.greenpeace.org\/static\/planet4-czech-republic-stateless\/2020\/05\/7a28d516-jezeri-a-dul.jpg 1500w\" sizes=\"auto, (max-width: 1024px) 100vw, 1024px\" \/><\/figure>\n\n<p>Dal\u0161\u00ed uhl\u00ed v velkolomu \u010cSA u\u017e nen\u00ed pot\u0159eba, dod\u00e1vky tepl\u00e1rn\u00e1m dostate\u010dn\u011b pokr\u00fdv\u00e1 velkolom B\u00edlina. V minulosti se nejv\u011bt\u0161\u00ed \u010d\u00e1st uhl\u00ed z \u010cSA spalovala v elektr\u00e1rn\u011b Chvaletice, kter\u00e1 p\u0159ech\u00e1z\u00ed na uhl\u00ed v velkolomu Vr\u0161any. Ekologick\u00e9 organizace upozor\u0148uj\u00ed, \u017ee tak\u00e9 velkolom Vr\u0161any m\u016f\u017ee v bl\u00edzk\u00e9 dob\u011b sm\u011b\u0159ovat k uzav\u0159en\u00ed, nebo\u0165 z\u00e1sobuje pouze elektr\u00e1rny Chvaletice a Po\u010derady, jejich\u017e majitel Pavel Tyka\u010d ozn\u00e1mil odstaven\u00ed mo\u017en\u00e1 ji\u017e p\u0159\u00ed\u0161t\u00ed rok. Pro elektroenergetick\u00e9 soustavy a z\u00e1sobov\u00e1n\u00ed elekt\u0159inou by tento krok nebyl \u017e\u00e1dn\u00fd probl\u00e9m, pouze by do\u0161lo ke sn\u00ed\u017een\u00ed v\u00fdvozu elekt\u0159iny. Uk\u00e1zala to <a href=\"https:\/\/hnutiduha.cz\/sites\/default\/files\/publikace\/2024\/04\/analyza_odstaveni_uhelnych_elektraren_pocerady_a_chvaletice_2024_04_16.pdf\">anal\u00fdza podrobn\u00fdch hodinov\u00fdch dat o v\u00fdrob\u011b a v\u00fdvozu elekt\u0159iny<\/a>. Ekologick\u00e9 organizace v\u0161ak dlouhodob\u011b doporu\u010duj\u00ed, aby vl\u00e1da roz\u0161\u00ed\u0159ila <a href=\"https:\/\/hnutiduha.cz\/aktualne\/vlada-rozsirila-vysluhove-prispevky-pro-horniky-zaslouzi-si-je-vsak-i-lide-z-elektraren\">v\u00fdsluhov\u00e9 p\u0159\u00edsp\u011bvky i na zam\u011bstnance a zam\u011bstnankyn\u011b uheln\u00fdch elektr\u00e1ren<\/a>.<\/p>\n\n<p><strong>Luk\u00e1\u0161 Hr\u00e1bek, tiskov\u00fd mluv\u010d\u00ed Greenpeace, \u0159\u00edk\u00e1:\u00a0<\/strong><br><em>\u201cDnes u\u017e je jasn\u00e9, \u017ee uhl\u00ed kon\u010d\u00ed a je pot\u0159eba, aby na to politici a politi\u010dky reagovali. M\u011bli by p\u0159edev\u0161\u00edm zajistit, aby zde vznikaly rychle nov\u00e9 zdroje energie, kter\u00e9 v\u00fdrobu elekt\u0159iny z uhl\u00ed nahrad\u00ed, a to p\u0159edev\u0161\u00edm obnoviteln\u00e9 zdroje. A finan\u010dn\u00ed podporu by nem\u011bli d\u00e1vat bohat\u00fdm uhlobaron\u016fm \u010di st\u00e1tn\u00ed firm\u011b, ale lidem, kte\u0159\u00ed v uheln\u00e9m sektoru dodnes pracuj\u00ed &#8211; t\u0159eba tak, \u017ee roz\u0161\u00ed\u0159\u00ed v\u00fdsluhov\u00e9 p\u0159\u00edsp\u011bvky i na pracovn\u00edky a pracovnice uheln\u00fdch elektr\u00e1ren.\u201d\u00a0<\/em><\/p>\n\n<p><strong>Veronika Dombrovsk\u00e1, Limity jsme my, \u0159\u00edk\u00e1:<\/strong><br><em>\u201cD\u00edky vytrval\u00fdm protest\u016fm, blok\u00e1d\u00e1m a st\u00e1vk\u00e1m hnut\u00ed za klimatickou spravedlnost v posledn\u00edch letech se poda\u0159ilo zd\u00e1nliv\u011b nemysliteln\u00fd konec uhl\u00ed prosadit. A\u010dkoli je uzav\u0159en\u00ed provozu \u010cSA dlouho o\u010dek\u00e1vanou ud\u00e1lost\u00ed, pracuj\u00edc\u00ed se dost\u00e1vaj\u00ed do nez\u00e1vid\u011bn\u00edhodn\u00e9 situace. Pokud chceme skute\u010dn\u011b spravedlivou transformaci, je zapot\u0159eb\u00ed investovat do lid\u00ed a smyslupln\u00fdch pracovn\u00edch m\u00edst v udr\u017eiteln\u00fdch odv\u011btv\u00edch. Spravedliv\u00e1 transformace by nem\u011bla znamenat dotace pro uhlobarony a miliard\u00e1\u0159e jako je Tyka\u010d, aby na zaplaven\u00e9 lomy polo\u017eili fotovoltaiku a znovu tak m\u011bli velk\u00fd kus energetick\u00e9ho kol\u00e1\u010de ve sv\u00fdch rukou.\u201d<\/em><\/p>\n\n<p><strong>Ji\u0159\u00ed Ko\u017eelouh, vedouc\u00ed energetick\u00e9ho programu Hnut\u00ed DUHA, \u0159\u00edk\u00e1:<\/strong><br>\u201c<em>Ukon\u010dov\u00e1n\u00ed t\u011b\u017eby uhl\u00ed na velkolomu \u010cSA je dlouho pl\u00e1novan\u00e9, ale p\u0159esto jde o d\u016fle\u017eit\u00fd zlom v \u010desk\u00e9 energetice. Uhl\u00ed z t\u00e9to lokality &#8211; stejn\u011b jako z lomu Vr\u0161any &#8211; nen\u00ed pot\u0159eba, je v\u0161ak pot\u0159eba pomoci zam\u011bstnanc\u016fm a zam\u011bstnankyn\u00edm z t\u011b\u017eby i spalov\u00e1n\u00ed uhl\u00ed naj\u00edt nov\u00e9 uplatn\u011bn\u00ed. Vl\u00e1da mus\u00ed dost\u00e1t z\u00e1vazku a vypl\u00e1cet v\u00fdsluhov\u00e9 p\u0159\u00edsp\u011bvky horn\u00edk\u016fm. A podle n\u00e1s by je m\u011bla roz\u0161\u00ed\u0159it i na energetiky.\u201d<\/em><\/p>\n","protected":false},"excerpt":{"rendered":"<p>Hn\u011bdouheln\u00fd velkolom \u010ceskoslovensk\u00e9 arm\u00e1dy mezi Mostem a Litv\u00ednovem s koncem kv\u011btna pokra\u010duje v roky pl\u00e1novan\u00e9m ukon\u010dov\u00e1n\u00ed t\u011b\u017eby a propust\u00ed v\u011bt\u0161inu pracovn\u00edk\u016f a pracovnic. Jak ukazuje nap\u0159\u00edklad n\u00e1borov\u00e1 reklama Dopravn\u00edho podniku&hellip;<\/p>\n","protected":false},"author":27,"featured_media":10546,"comment_status":"open","ping_status":"closed","sticky":false,"template":"","format":"standard","meta":{"ep_exclude_from_search":false,"p4_og_title":"","p4_og_description":"","p4_og_image":"","p4_og_image_id":"","p4_seo_canonical_url":"","p4_campaign_name":"","p4_local_project":"","p4_basket_name":"","p4_department":"","footnotes":""},"categories":[4],"tags":[25,20,28,29,24],"p4-page-type":[14],"class_list":["post-20521","post","type-post","status-publish","format-standard","has-post-thumbnail","hentry","category-energeticka-revoluce","tag-konec-doby-fosilni","tag-zmena-klimatu","tag-uspechy","tag-nenasilne-protesty","tag-aktivni-spolecnost","p4-page-type-tiskova-zprava"],"_links":{"self":[{"href":"https:\/\/www.greenpeace.org\/czech\/wp-json\/wp\/v2\/posts\/20521","targetHints":{"allow":["GET"]}}],"collection":[{"href":"https:\/\/www.greenpeace.org\/czech\/wp-json\/wp\/v2\/posts"}],"about":[{"href":"https:\/\/www.greenpeace.org\/czech\/wp-json\/wp\/v2\/types\/post"}],"author":[{"embeddable":true,"href":"https:\/\/www.greenpeace.org\/czech\/wp-json\/wp\/v2\/users\/27"}],"replies":[{"embeddable":true,"href":"https:\/\/www.greenpeace.org\/czech\/wp-json\/wp\/v2\/comments?post=20521"}],"version-history":[{"count":1,"href":"https:\/\/www.greenpeace.org\/czech\/wp-json\/wp\/v2\/posts\/20521\/revisions"}],"predecessor-version":[{"id":20522,"href":"https:\/\/www.greenpeace.org\/czech\/wp-json\/wp\/v2\/posts\/20521\/revisions\/20522"}],"wp:featuredmedia":[{"embeddable":true,"href":"https:\/\/www.greenpeace.org\/czech\/wp-json\/wp\/v2\/media\/10546"}],"wp:attachment":[{"href":"https:\/\/www.greenpeace.org\/czech\/wp-json\/wp\/v2\/media?parent=20521"}],"wp:term":[{"taxonomy":"category","embeddable":true,"href":"https:\/\/www.greenpeace.org\/czech\/wp-json\/wp\/v2\/categories?post=20521"},{"taxonomy":"post_tag","embeddable":true,"href":"https:\/\/www.greenpeace.org\/czech\/wp-json\/wp\/v2\/tags?post=20521"},{"taxonomy":"p4-page-type","embeddable":true,"href":"https:\/\/www.greenpeace.org\/czech\/wp-json\/wp\/v2\/p4-page-type?post=20521"}],"curies":[{"name":"wp","href":"https:\/\/api.w.org\/{rel}","templated":true}]}}