{"id":20581,"date":"2024-06-19T15:05:39","date_gmt":"2024-06-19T14:05:39","guid":{"rendered":"https:\/\/www.greenpeace.org\/czech\/?p=20581"},"modified":"2024-06-19T15:08:35","modified_gmt":"2024-06-19T14:08:35","slug":"severoceske-doly-souhlasi-s-koncem-tezby-na-biline-v-roce-2033-oznami-cez-na-valne-hromade-jeste-drivejsi-termin","status":"publish","type":"post","link":"https:\/\/www.greenpeace.org\/czech\/tiskova-zprava\/20581\/severoceske-doly-souhlasi-s-koncem-tezby-na-biline-v-roce-2033-oznami-cez-na-valne-hromade-jeste-drivejsi-termin\/","title":{"rendered":"Severo\u010desk\u00e9 doly souhlas\u00ed s koncem t\u011b\u017eby na B\u00edlin\u011b v roce 2033. Ozn\u00e1m\u00ed \u010cEZ na valn\u00e9 hromad\u011b je\u0161t\u011b d\u0159\u00edv\u011bj\u0161\u00ed term\u00edn?\u00a0\u00a0\u00a0"},"content":{"rendered":"\n<p>Severo\u010desk\u00e9 doly u\u017e neusiluj\u00ed o roz\u0161\u00ed\u0159en\u00ed a prodlou\u017een\u00ed t\u011b\u017eby na uheln\u00e9m velkolomu B\u00edlina za horizont roku 2033. Vypl\u00fdv\u00e1 to z vyj\u00e1d\u0159en\u00ed, kter\u00e9 letos v dubnu zaslaly \u010cesk\u00e9mu b\u00e1\u0148sk\u00e9mu \u00fa\u0159adu (\u010cB\u00da) a daly na v\u011bdom\u00ed Ministerstvu \u017eivotn\u00edho prost\u0159ed\u00ed a ministrovi Petru Hlad\u00edkovi. Ve vyj\u00e1d\u0159en\u00ed, jeho\u017e kopii organizace Greenpeace nyn\u00ed z\u00edskala z p\u0159\u00edslu\u0161n\u00e9ho spisu na \u010cB\u00da, firma p\u00ed\u0161e, \u017ee nem\u00e1 \u017e\u00e1dn\u00e9 n\u00e1mitky proti tomu, aby ministr \u017eivotn\u00edho prost\u0159ed\u00ed Petr Hlad\u00edk v\u00fdslovn\u011b omezil platnost z\u00e1vazn\u00e9ho stanoviska Ministerstva \u017eivotn\u00edho prost\u0159ed\u00ed o posouzen\u00ed vlivu t\u011b\u017eby na \u017eivotn\u00ed prost\u0159ed\u00ed pr\u00e1v\u011b na konec roku 2033. P\u016fvodn\u011b firma usilovala o \u010dasov\u011b neohrani\u010denou t\u011b\u017ebu, kter\u00e1 by mohla pokra\u010dovat i v\u00fdrazn\u011b za rok 2035.\u00a0<\/p>\n\n<figure class=\"wp-block-image size-large\"><img loading=\"lazy\" decoding=\"async\" width=\"1024\" height=\"684\" src=\"https:\/\/www.greenpeace.org\/static\/planet4-czech-republic-stateless\/2024\/06\/ba521c05-ajs_6048-1024x684.jpg\" alt=\"\" class=\"wp-image-20583\" srcset=\"https:\/\/www.greenpeace.org\/static\/planet4-czech-republic-stateless\/2024\/06\/ba521c05-ajs_6048-1024x684.jpg 1024w, https:\/\/www.greenpeace.org\/static\/planet4-czech-republic-stateless\/2024\/06\/ba521c05-ajs_6048-300x200.jpg 300w, https:\/\/www.greenpeace.org\/static\/planet4-czech-republic-stateless\/2024\/06\/ba521c05-ajs_6048-768x513.jpg 768w, https:\/\/www.greenpeace.org\/static\/planet4-czech-republic-stateless\/2024\/06\/ba521c05-ajs_6048-1536x1025.jpg 1536w, https:\/\/www.greenpeace.org\/static\/planet4-czech-republic-stateless\/2024\/06\/ba521c05-ajs_6048-2048x1367.jpg 2048w, https:\/\/www.greenpeace.org\/static\/planet4-czech-republic-stateless\/2024\/06\/ba521c05-ajs_6048-2046x1366.jpg 2046w, https:\/\/www.greenpeace.org\/static\/planet4-czech-republic-stateless\/2024\/06\/ba521c05-ajs_6048-510x340.jpg 510w\" sizes=\"auto, (max-width: 1024px) 100vw, 1024px\" \/><figcaption class=\"wp-element-caption\">Aktivist\u00e9 a aktivistky Greenpeace loni protestovali p\u0159\u00edmo v dole B\u00edlina. (c) Greenpeace &#8211; Petr Kucka <\/figcaption><\/figure>\n\n<p>\u010cesk\u00fdmi m\u00e9dii p\u0159ed \u010dasem dokonce <a href=\"https:\/\/www.ceskenoviny.cz\/zpravy\/2519318\">pro\u0161la zpr\u00e1va<\/a>, \u017ee a\u010dkoli st\u00e1tn\u00ed pl\u00e1n p\u0159edpokl\u00e1d\u00e1 ukon\u010den\u00ed t\u011b\u017eby uhl\u00ed nejpozd\u011bji v roce 2033, \u010cEZ pl\u00e1nuje ukon\u010den\u00ed vyu\u017e\u00edv\u00e1n\u00ed uhl\u00ed do roku 2030. V prezentaci pro investory na webov\u00fdch str\u00e1nk\u00e1ch \u010cEZ se pak <a href=\"https:\/\/www.cez.cz\/webpublic\/file\/edee\/ospol\/fileexport\/investors\/investment-stories\/2024-05-investment-story-cz_published.pdf\">uv\u00e1d\u00ed<\/a>: \u201cAktu\u00e1ln\u00ed tr\u017en\u00ed podm\u00ednky indikuj\u00ed ukon\u010den\u00ed provozu v\u0161ech uheln\u00fdch zdroj\u016f ji\u017e v roce 2030.\u201d V takov\u00e9m p\u0159\u00edpad\u011b by v\u0161ak t\u011b\u017eba na dole B\u00edlina neskon\u010dila do roku 2033, n\u00fdbr\u017e u\u017e o t\u0159i roky d\u0159\u00edve.&nbsp;<\/p>\n\n<p>Aktivist\u00e9 Greenpeace p\u0159ed rokem na valn\u00e9 hromad\u011b skupiny \u010cEZ <a href=\"https:\/\/www.greenpeace.org\/czech\/tiskova-zprava\/19065\/protest-greenpeace-narusil-valnou-hromadu-cezu-neprodluzujte-tezbu-na-biline-zadali-akcionari-a-akcionarky-vedeni-firmy-a-vladu\/\">vyzvali<\/a> jej\u00ed akcion\u00e1\u0159e a management, aby zastavili prodlou\u017een\u00ed t\u011b\u017eby na velkolomu B\u00edlina. V pond\u011bl\u00ed 24. \u010dervna se op\u011bt kon\u00e1 valn\u00e1 hromada spole\u010dnosti \u010cEZ. Podle Greenpeace jde o skv\u011blou p\u0159\u00edle\u017eitost, kdy by veden\u00ed firmy mohlo ve\u0159ejn\u011b ozn\u00e1mit, zda na B\u00edlin\u011b hodl\u00e1 t\u011b\u017eit do roku 2033, nebo zda t\u011b\u017eba skon\u010d\u00ed ji\u017e p\u0159ed rokem 2030.<\/p>\n\n<p><strong>Jaroslav Bican, vedouc\u00ed energetick\u00e9 kampan\u011b Greenpeace \u010cR, \u0159\u00edk\u00e1:\u00a0<\/strong><br><em>\u201eJe\u0161t\u011b p\u0159ed n\u011bkolika m\u011bs\u00edci hrozilo, \u017ee t\u011b\u017eba na velkolomu B\u00edlina bude pokra\u010dovat i po roce 2035. Vyj\u00e1d\u0159en\u00ed Severo\u010desk\u00fdch dol\u016f, \u017ee nemaj\u00ed \u017e\u00e1dn\u00e9 n\u00e1mitky proti tomu, aby Ministerstvo \u017eivotn\u00edho prost\u0159ed\u00ed prost\u0159ednictv\u00edm p\u0159ezkumu z\u00e1vazn\u00e9ho stanoviska EIA ukon\u010dilo t\u011b\u017ebu uhl\u00ed rokem 2033, pova\u017eujeme za v\u00fdznamn\u00e9 v\u00edt\u011bzstv\u00ed. Je\u0161t\u011b v\u011bt\u0161\u00edm v\u00edt\u011bzstv\u00edm by bylo, kdyby skupina \u010cEZ na sv\u00e9 nadch\u00e1zej\u00edc\u00ed valn\u00e9 hromad\u011b ozn\u00e1mila to, \u017ee t\u011b\u017eba na B\u00edlin\u011b skon\u010d\u00ed u\u017e do roku 2030, k \u010demu\u017e v\u0161e sm\u011b\u0159uje a co indikuj\u00ed rovn\u011b\u017e aktu\u00e1ln\u00ed tr\u017en\u00ed podm\u00ednky, jak se m\u016f\u017eeme do\u010d\u00edst i z ofici\u00e1ln\u00edch materi\u00e1l\u016f spole\u010dnosti \u010cEZ.\u201c<\/em><\/p>\n\n<p><strong>Rudolf Drien, obyvatel Mari\u00e1nsk\u00fdch Rad\u010dic, kter\u00e9 se nach\u00e1zej\u00ed v bl\u00edzkosti dolu B\u00edlina:<\/strong><br><em>\u201eU\u017e te\u010f n\u00e1s hluk z velkolomu B\u00edlina obt\u011b\u017euje a sni\u017euje kvalitu na\u0161eho \u017eivota. Hlavn\u011b v noci v letn\u00edch m\u011bs\u00edc\u00edch je to nep\u0159\u00edjemn\u00e9. Velk\u00fdm probl\u00e9mem je i prach, kter\u00fd obt\u011b\u017euje stejn\u011b jako hluk. Nesta\u010d\u00ed mi, \u017ee st\u00e1le \u010dast\u011bji se mluv\u00ed o tom, \u017ee t\u011b\u017eba na B\u00edlin\u011b skon\u010d\u00ed z ekonomick\u00fdch d\u016fvod\u016f u\u017e p\u0159ed rokem 2030. Dokud se k tomu Severo\u010desk\u00e9 doly a spole\u010dnost \u010cEZ jasn\u011b nezav\u00e1\u017eou, neuv\u011b\u0159\u00edm tomu. D\u0159\u00edv n\u00e1m politici tvrdili, \u017ee t\u011b\u017eba na B\u00edlin\u011b se zastav\u00ed kv\u016fli \u00fazemn\u00edm limit\u016fm, pak je ale Sobotkova vl\u00e1da prolomila a Severo\u010desk\u00e9 doly si za\u017e\u00e1daly o povolen\u00ed t\u011b\u017eit uhl\u00ed minim\u00e1ln\u011b do roku 2035. Cht\u011bl bych spole\u010dnost \u010cEZ vyzvat k tomu, aby se jednozna\u010dn\u011b vyj\u00e1d\u0159ila, \u017ee po roce 2030 se uhl\u00ed na B\u00edlin\u011b t\u011b\u017eit nebude. A z\u00e1rove\u0148, aby ji\u017e te\u010f \u0159e\u0161ila probl\u00e9m nadm\u011brn\u00e9ho hluku, p\u0159edev\u0161\u00edm b\u011bhem letn\u00edch noc\u00ed.\u201d\u00a0<\/em><\/p>\n\n<p>Severo\u010desk\u00e9 doly z\u00edskaly nepravomocn\u00e9 povolen\u00ed k roz\u0161\u00ed\u0159en\u00ed dolu B\u00edlina od Obvodn\u00edho b\u00e1\u0148sk\u00e9ho \u00fa\u0159adu v Most\u011b loni v b\u0159eznu a \u010desk\u00e1 kancel\u00e1\u0159 Greenpeace se proti tomuto rozhodnut\u00ed odvolala. Organizace b\u011bhem lo\u0148sk\u00e9ho roku opakovan\u011b upozor\u0148ovala na negativn\u00ed dopady t\u011b\u017eebn\u00edho z\u00e1m\u011bru a sna\u017eila se skupinu \u010cEZ p\u0159im\u011bt k tomu, aby od prodlou\u017een\u00ed t\u011b\u017eby upustila. Dobrovoln\u00edci a dobrovolnice Greenpeace tak nap\u0159\u00edklad p\u0159ed kon\u00e1n\u00edm lo\u0148sk\u00e9 valn\u00e9 hromady \u010cEZ <a href=\"https:\/\/www.greenpeace.org\/czech\/tiskova-zprava\/19049\/konec-tezby-2030-aktiviste-a-aktivistky-greenpeace-obsadili-rypadlo-na-dole-bilina-protestuji-proti-jeho-rozsireni\/\">obsadili rypadlo v lomu B\u00edlina<\/a> na protest proti jeho pl\u00e1novan\u00e9mu roz\u0161\u00ed\u0159en\u00ed. A n\u00e1sledn\u011b se <a href=\"https:\/\/www.greenpeace.org\/czech\/clanek\/19090\/jasny-vzkaz-valne-hromade-cezu-neprodluzujte-tezbu-na-biline-nepachejte-klimaticky-zlocin\/\">z\u00fa\u010dastnili i samotn\u00e9 valn\u00e9 hromady<\/a>, na kter\u00e9 p\u0159edali vzkaz ohledn\u011b negativn\u00edch dopad\u016f t\u011b\u017eby i akcion\u00e1\u0159\u016fm spole\u010dnosti.&nbsp;<\/p>\n\n<p>Severo\u010desk\u00e9 doly cht\u011bly t\u011b\u017ebu na dole B\u00edlina roz\u0161\u00ed\u0159it i za hranici \u00fazemn\u00edch ekologick\u00fdch limit\u016f t\u011b\u017eby, kter\u00e9 chr\u00e1n\u00ed \u017eivotn\u00ed prost\u0159ed\u00ed a obce v uheln\u00fdch kraj\u00edch a kter\u00e9 schv\u00e1lila vl\u00e1da Petra Pitharta na za\u010d\u00e1tku 90. let minul\u00e9ho stolet\u00ed. T\u011b\u017eebn\u00ed spole\u010dnosti des\u00edtky let usilovaly o prolomen\u00ed limit\u016f na dolech \u010cSA a B\u00edlina. Vl\u00e1da Bohuslava Sobotky <a href=\"https:\/\/www.idnes.cz\/usti\/zpravy\/vyjezdni-zasedani-v-lady-v-usti-nad-labem-o-limitech-tezby-uhli.A151019_2199540_usti-zpravy_alh\">na podzim 2015 rozhodla<\/a> o zachov\u00e1n\u00ed limit\u016f na velkolomu \u010cSA, kde by se kv\u016fli roz\u0161\u00ed\u0159en\u00ed dolu muselo zbourat m\u011bsto Horn\u00ed Ji\u0159et\u00edn. Na dole B\u00edlina v\u0161ak limity posunula zp\u016fsobem, kter\u00fd umo\u017enil roz\u0161i\u0159ov\u00e1n\u00ed dolu a\u017e do roku 2050.&nbsp;<\/p>\n\n<p>Organizace Greenpeace ve sv\u00e9m odvol\u00e1n\u00ed proti nepravomocn\u00e9mu rozhodnut\u00ed Obvodn\u00edho b\u00e1\u0148sk\u00e9ho \u00fa\u0159adu v Most\u011b krom\u011b samotn\u00e9ho povolen\u00ed k t\u011b\u017eb\u011b napadla tak\u00e9 kladn\u00e9 stanovisko, kter\u00e9 k roz\u0161\u00ed\u0159en\u00ed t\u011b\u017eby vydalo Ministerstvo \u017eivotn\u00edho prost\u0159ed\u00ed (M\u017dP) po vyhodnocen\u00ed vlivu na \u017eivotn\u00ed prost\u0159ed\u00ed (tzv. proces EIA) v dob\u011b, kdy ho vedl b\u00fdval\u00fd ministr Richard Brabec (ANO). Greenpeace kritizovalo p\u0159edev\u0161\u00edm to, \u017ee nikdy nebyly posouzeny negativn\u00ed dopady sp\u00e1len\u00ed b\u00edlinsk\u00e9ho uhl\u00ed na klima. Ekologick\u00e1 organizace tvrdila, \u017ee v dob\u011b klimatick\u00e9 krize nen\u00ed mo\u017en\u00e9 povolit projekt, kter\u00fd m\u00e1 na sv\u011bdom\u00ed tolik emis\u00ed sklen\u00edkov\u00fdch plyn\u016f.&nbsp;<\/p>\n\n<p>Organizace Greenpeace tak\u00e9 upozor\u0148ovala na to, \u017ee platnost nepravomocn\u011b vydan\u00e9ho povolen\u00ed k hornick\u00e9 \u010dinnosti na B\u00edlin\u011b nebyla nijak z\u00e1vazn\u011b \u010dasov\u011b ohrani\u010dena. T\u011b\u017eba byla limitov\u00e1na pouze vymezen\u00edm plochy, na kter\u00e9 m\u016f\u017ee prob\u00edhat. V p\u0159\u00edpad\u011b sn\u00ed\u017een\u00ed objemu t\u011b\u017eby a jej\u00edho pomalej\u0161\u00edho postupu tak hornick\u00e1 \u010dinnost mohla pokra\u010dovat i mnoho let po roce 2035.&nbsp;<\/p>\n\n<p>Schv\u00e1len\u00fd pl\u00e1n rekultivac\u00ed nav\u00edc po\u010d\u00edtal s t\u00edm, \u017ee se bude t\u011b\u017eit d\u00e9le a na v\u011bt\u0161\u00ed plo\u0161e a rekultivovat se bude a\u017e v roce 2055, tedy dvacet let po p\u0159edpokl\u00e1dan\u00e9m skon\u010den\u00ed t\u011b\u017eby. P\u016fvodn\u011b toti\u017e Severo\u010desk\u00e9 doly pl\u00e1novaly, \u017ee budou t\u011b\u017eit do roku 2050. Schv\u00e1len\u00fd pl\u00e1n tak nijak ne\u0159e\u0161il rekultivaci \u00fazem\u00ed, kter\u00e9 by po\u0161kodila t\u011b\u017eba do roku 2035, ani zda je tento prostor v\u016fbec technicky mo\u017en\u00e9 rekultivovat.\u00a0<\/p>\n","protected":false},"excerpt":{"rendered":"<p>Severo\u010desk\u00e9 doly u\u017e neusiluj\u00ed o roz\u0161\u00ed\u0159en\u00ed a prodlou\u017een\u00ed t\u011b\u017eby na uheln\u00e9m velkolomu B\u00edlina za horizont roku 2033. Vypl\u00fdv\u00e1 to z vyj\u00e1d\u0159en\u00ed, kter\u00e9 letos v dubnu zaslaly \u010cesk\u00e9mu b\u00e1\u0148sk\u00e9mu \u00fa\u0159adu&#8230;<\/p>\n","protected":false},"author":27,"featured_media":20583,"comment_status":"open","ping_status":"closed","sticky":false,"template":"","format":"standard","meta":{"ep_exclude_from_search":false,"p4_og_title":"","p4_og_description":"","p4_og_image":"","p4_og_image_id":"","p4_seo_canonical_url":"","p4_campaign_name":"","p4_local_project":"","p4_basket_name":"","p4_department":"","footnotes":""},"categories":[4],"tags":[25,20,28],"p4-page-type":[14],"class_list":["post-20581","post","type-post","status-publish","format-standard","has-post-thumbnail","hentry","category-energeticka-revoluce","tag-konec-doby-fosilni","tag-zmena-klimatu","tag-uspechy","p4-page-type-tiskova-zprava"],"_links":{"self":[{"href":"https:\/\/www.greenpeace.org\/czech\/wp-json\/wp\/v2\/posts\/20581","targetHints":{"allow":["GET"]}}],"collection":[{"href":"https:\/\/www.greenpeace.org\/czech\/wp-json\/wp\/v2\/posts"}],"about":[{"href":"https:\/\/www.greenpeace.org\/czech\/wp-json\/wp\/v2\/types\/post"}],"author":[{"embeddable":true,"href":"https:\/\/www.greenpeace.org\/czech\/wp-json\/wp\/v2\/users\/27"}],"replies":[{"embeddable":true,"href":"https:\/\/www.greenpeace.org\/czech\/wp-json\/wp\/v2\/comments?post=20581"}],"version-history":[{"count":4,"href":"https:\/\/www.greenpeace.org\/czech\/wp-json\/wp\/v2\/posts\/20581\/revisions"}],"predecessor-version":[{"id":20589,"href":"https:\/\/www.greenpeace.org\/czech\/wp-json\/wp\/v2\/posts\/20581\/revisions\/20589"}],"wp:featuredmedia":[{"embeddable":true,"href":"https:\/\/www.greenpeace.org\/czech\/wp-json\/wp\/v2\/media\/20583"}],"wp:attachment":[{"href":"https:\/\/www.greenpeace.org\/czech\/wp-json\/wp\/v2\/media?parent=20581"}],"wp:term":[{"taxonomy":"category","embeddable":true,"href":"https:\/\/www.greenpeace.org\/czech\/wp-json\/wp\/v2\/categories?post=20581"},{"taxonomy":"post_tag","embeddable":true,"href":"https:\/\/www.greenpeace.org\/czech\/wp-json\/wp\/v2\/tags?post=20581"},{"taxonomy":"p4-page-type","embeddable":true,"href":"https:\/\/www.greenpeace.org\/czech\/wp-json\/wp\/v2\/p4-page-type?post=20581"}],"curies":[{"name":"wp","href":"https:\/\/api.w.org\/{rel}","templated":true}]}}