{"id":20686,"date":"2024-06-28T13:26:17","date_gmt":"2024-06-28T12:26:17","guid":{"rendered":"https:\/\/www.greenpeace.org\/czech\/?p=20686"},"modified":"2024-07-02T13:43:43","modified_gmt":"2024-07-02T12:43:43","slug":"nova-strategicka-agenda-eu-zanechava-evropu-zcela-bezbrannou-vuci-klimaticke-krizi","status":"publish","type":"post","link":"https:\/\/www.greenpeace.org\/czech\/tiskova-zprava\/20686\/nova-strategicka-agenda-eu-zanechava-evropu-zcela-bezbrannou-vuci-klimaticke-krizi\/","title":{"rendered":"Nov\u00e1 Strategick\u00e1 agenda EU zanech\u00e1v\u00e1 Evropu zcela bezbrannou v\u016f\u010di klimatick\u00e9 krizi"},"content":{"rendered":"\n<p>Evropsk\u00fd l\u00edd\u0159i dnes schv\u00e1lili<a href=\"https:\/\/www.consilium.europa.eu\/media\/4aldqfl2\/2024_557_new-strategic-agenda.pdf\"> fin\u00e1ln\u00ed podobu Strategick\u00e9 agendy EU pro obdob\u00ed 2024-2029<\/a>, kter\u00e1 bude ur\u010dovat politickou agendu EU do konce t\u00e9to dek\u00e1dy. Rozhodli se podpo\u0159it pl\u00e1n, kter\u00fd up\u0159ednost\u0148uje zisky podnik\u016f a vojensk\u00e9 v\u00fddaje p\u0159ed ochranou p\u0159\u00edrody a zanech\u00e1vaj\u00ed tak obyvatele Evropy zraniteln\u00e9 v\u016f\u010di bezpe\u010dnostn\u00edm dopad\u016fm eskaluj\u00edc\u00ed klimatick\u00e9 a p\u0159\u00edrodn\u00ed krize.<\/p>\n\n<p>Evropa se otepluje rychleji ne\u017e kter\u00e1koli jin\u00e1 \u010d\u00e1st sv\u011bta a Evropsk\u00e1 agentura pro \u017eivotn\u00ed prost\u0159ed\u00ed na za\u010d\u00e1tku tohoto roku varovala, \u017ee <a href=\"https:\/\/www.eea.europa.eu\/en\/newsroom\/news\/europe-is-not-prepared-for\">nejsme v\u016fbec p\u0159ipraveni na dopady klimatick\u00e9 krize<\/a>, kter\u00e1 ni\u010d\u00ed ekosyst\u00e9my a ohro\u017euje evropskou energetickou a potravinovou bezpe\u010dnost, infrastrukturu, vodn\u00ed zdroje, finan\u010dn\u00ed stabilitu a zdrav\u00ed lid\u00ed.<\/p>\n\n<p>Nevl\u00e1dn\u00ed organizace v\u011bnuj\u00edc\u00ed se ochran\u011b klimatu a \u017eivotn\u00edho prost\u0159ed\u00ed ve <a href=\"https:\/\/www.greenpeace.org\/czech\/tiskova-analyza\/20212\/ochrana-klimatu-a-zivotniho-prostredi-musi-byt-soucasti-strategicke-agendy-evropske-unie\/\">spole\u010dn\u00e9m stanovisku<\/a> u\u017e v dubnu upozor\u0148ovaly, \u017ee v \u010desk\u00fdch priorit\u00e1ch i evropsk\u00e9m n\u00e1vrhu Strategick\u00e9 agendy chyb\u00ed jasn\u00fd z\u00e1vazek ochrany klimatu a \u017eivotn\u00edho prost\u0159ed\u00ed. Opakovan\u011b jsme varovali, \u017ee bezpe\u010dnosti ani konkurenceschopnosti Evropy nelze bez ochrany klimatu dos\u00e1hnout. I p\u0159es tyto snahy byl dnes schv\u00e1len strategick\u00fd dokument, kter\u00fd ochranu p\u0159\u00edrody a klimatu zcela opom\u00edj\u00ed.&nbsp;<\/p>\n\n<p><strong>Miriam Macurov\u00e1, vedouc\u00ed klimatick\u00e9 kampan\u011b Greenpeace \u010cR:<\/strong><strong><em> <\/em><\/strong><em>&#8222;Zastaven\u00ed sucha, povodn\u00ed a zne\u010di\u0161t\u011bn\u00ed nen\u00ed o politick\u00e9 ideologii &#8211; jde o \u017eivobyt\u00ed a p\u0159e\u017eit\u00ed. Politici se ale rozhodli up\u0159ednostnit zisky podnik\u016f a zv\u00fd\u0161en\u00ed vojensk\u00fdch v\u00fddaj\u016f. Rychl\u00fd p\u0159echod na Evropu bez fosiln\u00edch paliv, soci\u00e1ln\u011b spravedlivou a klimaticky neutr\u00e1ln\u00ed, je jedin\u00fdm zp\u016fsobem, jak zajistit silnou, bezpe\u010dnou, prosperuj\u00edc\u00ed a demokratickou Evropu. Ne\u010dinnost v oblasti klimatick\u00e9 a p\u0159\u00edrodn\u00ed krize naopak povede k nejistot\u011b, nedostatku investic pro zelenou transformaci, zv\u00fd\u0161en\u00ed n\u00e1klad\u016f na vypo\u0159\u00e1d\u00e1n\u00ed se s jej\u00edmi dopady a ohro\u017een\u00ed budoucnosti dal\u0161\u00edch generac\u00ed.&#8220;<\/em><\/p>\n\n<p><strong>Kontakty:<\/strong><\/p>\n\n<p>Marta Janko, medi\u00e1ln\u00ed koordin\u00e1torka klimatick\u00e9 kampan\u011b, Greenpeace \u010cR, 608 961 686, <a href=\"mailto:marta.janko@greenpeace.org\">marta.janko@greenpeace.org<\/a><\/p>\n\n<p>Miriam Macurov\u00e1, vedouc\u00ed klimatick\u00e9 kampan\u011b, Greenpeace \u010cR, 771 154 362, <a href=\"mailto:miriam.macurova@greenpeace.org\">miriam.macurova@greenpeace.org<\/a><\/p>\n","protected":false},"excerpt":{"rendered":"<p>Evropsk\u00fd l\u00edd\u0159i dnes schv\u00e1lili fin\u00e1ln\u00ed podobu Strategick\u00e9 agendy EU pro obdob\u00ed 2024-2029, kter\u00e1 bude ur\u010dovat politickou agendu EU do konce t\u00e9to dek\u00e1dy. Rozhodli se podpo\u0159it pl\u00e1n, kter\u00fd up\u0159ednost\u0148uje zisky podnik\u016f&hellip;<\/p>\n","protected":false},"author":95,"featured_media":20687,"comment_status":"open","ping_status":"closed","sticky":false,"template":"","format":"standard","meta":{"ep_exclude_from_search":false,"p4_og_title":"","p4_og_description":"","p4_og_image":"","p4_og_image_id":"","p4_seo_canonical_url":"","p4_campaign_name":"","p4_local_project":"","p4_basket_name":"","p4_department":"","footnotes":""},"categories":[1],"tags":[24,20],"p4-page-type":[14],"class_list":["post-20686","post","type-post","status-publish","format-standard","has-post-thumbnail","hentry","category-nezarazeno","tag-aktivni-spolecnost","tag-zmena-klimatu","p4-page-type-tiskova-zprava"],"_links":{"self":[{"href":"https:\/\/www.greenpeace.org\/czech\/wp-json\/wp\/v2\/posts\/20686","targetHints":{"allow":["GET"]}}],"collection":[{"href":"https:\/\/www.greenpeace.org\/czech\/wp-json\/wp\/v2\/posts"}],"about":[{"href":"https:\/\/www.greenpeace.org\/czech\/wp-json\/wp\/v2\/types\/post"}],"author":[{"embeddable":true,"href":"https:\/\/www.greenpeace.org\/czech\/wp-json\/wp\/v2\/users\/95"}],"replies":[{"embeddable":true,"href":"https:\/\/www.greenpeace.org\/czech\/wp-json\/wp\/v2\/comments?post=20686"}],"version-history":[{"count":1,"href":"https:\/\/www.greenpeace.org\/czech\/wp-json\/wp\/v2\/posts\/20686\/revisions"}],"predecessor-version":[{"id":20688,"href":"https:\/\/www.greenpeace.org\/czech\/wp-json\/wp\/v2\/posts\/20686\/revisions\/20688"}],"wp:featuredmedia":[{"embeddable":true,"href":"https:\/\/www.greenpeace.org\/czech\/wp-json\/wp\/v2\/media\/20687"}],"wp:attachment":[{"href":"https:\/\/www.greenpeace.org\/czech\/wp-json\/wp\/v2\/media?parent=20686"}],"wp:term":[{"taxonomy":"category","embeddable":true,"href":"https:\/\/www.greenpeace.org\/czech\/wp-json\/wp\/v2\/categories?post=20686"},{"taxonomy":"post_tag","embeddable":true,"href":"https:\/\/www.greenpeace.org\/czech\/wp-json\/wp\/v2\/tags?post=20686"},{"taxonomy":"p4-page-type","embeddable":true,"href":"https:\/\/www.greenpeace.org\/czech\/wp-json\/wp\/v2\/p4-page-type?post=20686"}],"curies":[{"name":"wp","href":"https:\/\/api.w.org\/{rel}","templated":true}]}}