{"id":20750,"date":"2024-07-17T09:07:09","date_gmt":"2024-07-17T08:07:09","guid":{"rendered":"https:\/\/www.greenpeace.org\/czech\/?p=20750"},"modified":"2024-07-17T09:21:02","modified_gmt":"2024-07-17T08:21:02","slug":"jaro-2024","status":"publish","type":"post","link":"https:\/\/www.greenpeace.org\/czech\/magazin\/20750\/jaro-2024\/","title":{"rendered":"Jaro 2024"},"content":{"rendered":"\n<figure class=\"wp-block-image size-full\"><img loading=\"lazy\" decoding=\"async\" width=\"1000\" height=\"1000\" src=\"https:\/\/www.greenpeace.org\/static\/planet4-czech-republic-stateless\/2024\/07\/815646a8-nahled-na-p4.png\" alt=\"\" class=\"wp-image-20751\" srcset=\"https:\/\/www.greenpeace.org\/static\/planet4-czech-republic-stateless\/2024\/07\/815646a8-nahled-na-p4.png 1000w, https:\/\/www.greenpeace.org\/static\/planet4-czech-republic-stateless\/2024\/07\/815646a8-nahled-na-p4-300x300.png 300w, https:\/\/www.greenpeace.org\/static\/planet4-czech-republic-stateless\/2024\/07\/815646a8-nahled-na-p4-150x150.png 150w, https:\/\/www.greenpeace.org\/static\/planet4-czech-republic-stateless\/2024\/07\/815646a8-nahled-na-p4-768x768.png 768w, https:\/\/www.greenpeace.org\/static\/planet4-czech-republic-stateless\/2024\/07\/815646a8-nahled-na-p4-340x340.png 340w\" sizes=\"auto, (max-width: 1000px) 100vw, 1000px\" \/><\/figure>\n\n<h2 class=\"wp-block-heading\">Obsah \u010d\u00edsla<\/h2>\n\n<ul class=\"wp-block-list\">\n<li>D\u016fl Tur\u00f3w p\u0159i\u0161el o povolen\u00ed k t\u011b\u017eb\u011b do roku 2044<\/li>\n\n\n\n<li>Nov\u00e1 kampa\u0148: Zachra\u0148me p\u0159\u00edrodu<\/li>\n\n\n\n<li>Od u\u010den\u00ed k dobrovolni\u010den\u00ed<\/li>\n\n\n\n<li>Dobrovolni\u010den\u00ed v Greenpeace je p\u0159\u00edle\u017eitost podniknout praktick\u00e9 kroky ke zm\u011bn\u011b<\/li>\n\n\n\n<li>Uzav\u0159en\u00ed Tyka\u010dov\u00fdch elektr\u00e1ren zvl\u00e1dneme, je ale t\u0159eba rozv\u00edjet obnoviteln\u00e9 zdroje<\/li>\n\n\n\n<li>Evropsk\u00e9 volby: Rozhoduj\u00edc\u00ed moment pro klimatickou budoucnost<\/li>\n\n\n\n<li>Kv\u016fli n\u00e1bytku IKEA se ni\u010d\u00ed star\u00e9 lesy v Rumunsku<\/li>\n\n\n\n<li>P\u0159edali jsme v\u00fdzvu proti k\u00e1cen\u00ed star\u00fdch les\u016f<\/li>\n\n\n\n<li>Chcete uspo\u0159\u00e1dat aktivitu s Greenpeace?<\/li>\n<\/ul>\n\n<div class=\"wp-block-buttons is-layout-flex wp-block-buttons-is-layout-flex\">\n<div class=\"wp-block-button is-style-cta\"><a class=\"wp-block-button__link wp-element-button\" href=\"https:\/\/www.greenpeace.org\/static\/planet4-czech-republic-stateless\/2024\/07\/dfc03d8b-maketa1_gp-01-2024.pdf\">St\u00e1hnout magaz\u00edn (PDF, 4 MB)<\/a><\/div>\n<\/div>\n\n<p><\/p>\n","protected":false},"excerpt":{"rendered":"<p>D\u016fl Tur\u00f3w p\u0159i\u0161el o povolen\u00ed k t\u011b\u017eb\u011b do roku 2044 \u2022 Nov\u00e1 kampa\u0148: Zachra\u0148me p\u0159\u00edrodu \u2022 Od u\u010den\u00ed k dobrovolni\u010den\u00ed \u2022 Dobrovolni\u010den\u00ed v Greenpeace je p\u0159\u00edle\u017eitost podniknout praktick\u00e9 kroky ke zm\u011bn\u011b \u2022 Uzav\u0159en\u00ed Tyka\u010dov\u00fdch elektr\u00e1ren zvl\u00e1dneme, je ale t\u0159eba rozv\u00edjet obnoviteln\u00e9 zdroje \u2022 Evropsk\u00e9 volby: Rozhoduj\u00edc\u00ed moment pro klimatickou budoucnost \u2022 Kv\u016fli n\u00e1bytku IKEA se ni\u010d\u00ed star\u00e9 lesy v Rumunsku \u2022 P\u0159edali jsme v\u00fdzvu proti k\u00e1cen\u00ed star\u00fdch les\u016f \u2022 Chcete uspo\u0159\u00e1dat aktivitu s Greenpeace?<\/p>\n","protected":false},"author":37,"featured_media":20751,"comment_status":"closed","ping_status":"closed","sticky":false,"template":"","format":"standard","meta":{"ep_exclude_from_search":false,"p4_og_title":"","p4_og_description":"","p4_og_image":"","p4_og_image_id":"","p4_seo_canonical_url":"","p4_campaign_name":"not set","p4_local_project":"not set","p4_basket_name":"not set","p4_department":"","footnotes":""},"categories":[30],"tags":[],"p4-page-type":[35],"class_list":["post-20750","post","type-post","status-publish","format-standard","has-post-thumbnail","hentry","category-greenpeace","p4-page-type-magazin"],"_links":{"self":[{"href":"https:\/\/www.greenpeace.org\/czech\/wp-json\/wp\/v2\/posts\/20750","targetHints":{"allow":["GET"]}}],"collection":[{"href":"https:\/\/www.greenpeace.org\/czech\/wp-json\/wp\/v2\/posts"}],"about":[{"href":"https:\/\/www.greenpeace.org\/czech\/wp-json\/wp\/v2\/types\/post"}],"author":[{"embeddable":true,"href":"https:\/\/www.greenpeace.org\/czech\/wp-json\/wp\/v2\/users\/37"}],"replies":[{"embeddable":true,"href":"https:\/\/www.greenpeace.org\/czech\/wp-json\/wp\/v2\/comments?post=20750"}],"version-history":[{"count":4,"href":"https:\/\/www.greenpeace.org\/czech\/wp-json\/wp\/v2\/posts\/20750\/revisions"}],"predecessor-version":[{"id":20756,"href":"https:\/\/www.greenpeace.org\/czech\/wp-json\/wp\/v2\/posts\/20750\/revisions\/20756"}],"wp:featuredmedia":[{"embeddable":true,"href":"https:\/\/www.greenpeace.org\/czech\/wp-json\/wp\/v2\/media\/20751"}],"wp:attachment":[{"href":"https:\/\/www.greenpeace.org\/czech\/wp-json\/wp\/v2\/media?parent=20750"}],"wp:term":[{"taxonomy":"category","embeddable":true,"href":"https:\/\/www.greenpeace.org\/czech\/wp-json\/wp\/v2\/categories?post=20750"},{"taxonomy":"post_tag","embeddable":true,"href":"https:\/\/www.greenpeace.org\/czech\/wp-json\/wp\/v2\/tags?post=20750"},{"taxonomy":"p4-page-type","embeddable":true,"href":"https:\/\/www.greenpeace.org\/czech\/wp-json\/wp\/v2\/p4-page-type?post=20750"}],"curies":[{"name":"wp","href":"https:\/\/api.w.org\/{rel}","templated":true}]}}