{"id":20811,"date":"2024-08-01T10:09:25","date_gmt":"2024-08-01T09:09:25","guid":{"rendered":"https:\/\/www.greenpeace.org\/czech\/?p=20811"},"modified":"2024-08-01T10:09:31","modified_gmt":"2024-08-01T09:09:31","slug":"precerpavat-zdroje-na-ukor-jinych-lidi-a-planety-nemuzeme-donekonecna-co-s-tim","status":"publish","type":"post","link":"https:\/\/www.greenpeace.org\/czech\/clanek\/20811\/precerpavat-zdroje-na-ukor-jinych-lidi-a-planety-nemuzeme-donekonecna-co-s-tim\/","title":{"rendered":"P\u0159e\u010derp\u00e1vat zdroje na \u00fakor jin\u00fdch lid\u00ed a planety nem\u016f\u017eeme donekone\u010dna. Co s t\u00edm?"},"content":{"rendered":"\n<p>Na\u0161e planeta je schopna vyprodukovat jen omezen\u00e9 mno\u017estv\u00ed zdroj\u016f &#8211; energi\u00ed, materi\u00e1l\u016f, vody a p\u016fdy &#8211;&nbsp; za rok. Tyto limity ka\u017edoro\u010dn\u011b p\u0159ekra\u010dujeme a \u010derp\u00e1me jich jako lidstvo st\u00e1le rychleji. Den, kdy vypl\u00fdtv\u00e1me v\u0161echny zdroje, kter\u00e9 je planeta schopna obnovit za rok se ozna\u010duje jako Den glob\u00e1ln\u00edho prekro\u010den\u00ed ekologick\u00fdch limitu (Earth Overshoot Day). Ten p\u0159ich\u00e1z\u00ed od roku 1973 ka\u017ed\u00fd rok d\u0159\u00edv. Letos p\u0159ipad\u00e1 na dne\u0161ek, 1. srpna. To znamen\u00e1, \u017ee po zbytek roku \u010derp\u00e1 lidstvo planet\u00e1rn\u00ed zdroje \u201cna dluh\u201d. Takto ale nem\u016f\u017eeme fungovat donekone\u010dna. P\u0159ekra\u010dov\u00e1n\u00ed ekologick\u00fdch limit\u016f m\u00e1 katastrof\u00e1ln\u00ed n\u00e1sledky, kter\u00e9 nejv\u00edc poci\u0165uj\u00ed paradoxn\u011b ti, kte\u0159\u00ed planet\u00e1rn\u00ed zdroje \u010derpaj\u00ed nejm\u00e9n\u011b.<\/p>\n\n<figure class=\"wp-block-image\"><img decoding=\"async\" src=\"https:\/\/lh7-rt.googleusercontent.com\/docsz\/AD_4nXfNR1PRbBf3kLlY9H8txorUIIH3RvVApWh6H7xAd7f8OCAnu6meW30jt902DdpSxFT6jFt6K2dEbuRhJfJcn3fX8cKHCmw1oOuL5mtJEc598pwhZnyKEElVSSw3h22H4Ij0gf8SlICAwTfYA0wPfNemX0U?key=I1gj29OoDNmJAbzu123XSQ\" alt=\"\"\/><\/figure>\n\n<p>Nadm\u011brn\u00e1 t\u011b\u017eba zdroj\u016f a materi\u00e1l\u016f, ztr\u00e1ta biodiverzity, zne\u010di\u0161t\u011bn\u00ed a klimatick\u00e1 zm\u011bna jsou jen n\u011bkter\u00e9 z probl\u00e9m\u016f, kter\u00e9 vypl\u00fdvaj\u00ed z na\u0161eho neudr\u017eiteln\u00e9ho zp\u016fsobu \u017eivota. Tyto probl\u00e9my ohro\u017euj\u00ed ekosyst\u00e9my, kter\u00e9 jsou z\u00e1kladem pro lidsk\u00e9 p\u0159e\u017eit\u00ed, a zvy\u0161uj\u00ed soci\u00e1ln\u00ed a ekonomick\u00e9 nerovnosti. P\u0159ekra\u010dov\u00e1n\u00ed ekologick\u00fdch limit\u016f neohro\u017euje pouze p\u0159\u00edrodu, ale tak\u00e9 na\u0161e zdrav\u00ed, ekonomiku a celkovou kvalitu \u017eivota. \u010cel\u00edme zv\u00fd\u0161en\u00e9 frekvenci p\u0159\u00edrodn\u00edch katastrof, extr\u00e9mn\u00edmu po\u010das\u00ed a poklesu dostupnosti z\u00e1kladn\u00edch p\u0159\u00edrodn\u00edch zdroj\u016f jako je voda a p\u016fda.&nbsp;<\/p>\n\n<p><strong>Jenom technologie n\u00e1m nepom\u016f\u017eou<\/strong><\/p>\n\n<p>Ve\u0161ker\u00e9 \u00faspory energie a emis\u00ed dosa\u017een\u00e9 technologick\u00fdmi \u0159e\u0161en\u00edmi, jako jsou n\u00edzkouhl\u00edkov\u00e9 a bezemisn\u00ed zdroje jsou \u010dasto anulov\u00e1ny dodate\u010dnou v\u00fdrobou a spot\u0159ebou. Tento jev, tzv. Jevons\u016fv paradox \u0159\u00edk\u00e1, \u017ee v\u011bt\u0161\u00ed \u00fa\u010dinnost vyu\u017e\u00edv\u00e1n\u00ed ur\u010dit\u00e9ho zdroje dosa\u017een\u00e1 d\u00edky technologick\u00e9mu pokroku m\u016f\u017ee paradoxn\u011b zv\u00fd\u0161it popt\u00e1vku po tomto zdroji a jeho spot\u0159eb\u011b. Z toho vypl\u00fdv\u00e1, \u017ee technologick\u00e9 inovace samy nevy\u0159e\u0161\u00ed aktu\u00e1ln\u00ed stav ne\u0159\u00edzen\u00e9 spot\u0159eby p\u0159\u00edrodn\u00edch zdroj\u016f, kter\u00fd poh\u00e1n\u00ed klimatickou zm\u011bnu a dal\u0161\u00ed environment\u00e1ln\u00ed probl\u00e9my. Ne\u0159\u00edzen\u00e1 spot\u0159eba v\u00edce a v\u00edce energi\u00ed, materi\u00e1l\u016f, p\u016fdy a vody nav\u00edc vylu\u010duje zastaven\u00ed r\u016fstu pr\u016fm\u011brn\u00e9 glob\u00e1ln\u00ed teploty pod hranic\u00ed 2 \u00b0C.&nbsp;<\/p>\n\n<p>\u0158e\u0161en\u00ed t\u00e9to krize proto vy\u017eaduje z\u00e1sadn\u00ed zm\u011bnu v na\u0161em p\u0159\u00edstupu k p\u0159\u00edrodn\u00edm zdroj\u016fm a jejich spot\u0159eb\u011b. Kl\u00ed\u010dov\u00fd koncept, kter\u00fd se ukazuje jako nezbytn\u00fd pro \u0159e\u0161en\u00ed t\u00e9to situace, je krom\u011b energetick\u00e9 \u00fa\u010dinnosti tak\u00e9 dostate\u010dnost (sufficiency). Koncept dostate\u010dnosti podle v\u011bdeck\u00e9ho panelu IPCC stav\u00ed na celkov\u00e9 prom\u011bn\u011b politik a vzorc\u016f chov\u00e1n\u00ed sm\u011brem k m\u00e9n\u011b zdrojov\u011b z\u00e1visl\u00fdm podob\u00e1m v\u00fdroby a spot\u0159eby tak, aby jsme sn\u00ed\u017eili popt\u00e1vku po energii, materi\u00e1lech, p\u016fd\u011b a vod\u011b, a z\u00e1rove\u0148 uspokojovali \u017eivotn\u00ed pot\u0159eby lid\u00ed p\u0159i sou\u010dasn\u00e9m respektov\u00e1n\u00ed ekologick\u00fdch limit\u016f.<\/p>\n\n<p>Pro dosa\u017een\u00ed tohoto c\u00edle je nezbytn\u00e9 implementovat politiky, kter\u00e9 podporuj\u00ed efektivn\u00ed vyu\u017e\u00edv\u00e1n\u00ed zdroj\u016f a zm\u011bnu v p\u0159\u00edstupu k spot\u0159eb\u011b, se zam\u011b\u0159en\u00edm na sektory, kter\u00e9 jsou strategick\u00e9, redukuj\u00ed n\u00e1klady a minimalizuj\u00ed rizika. To zahrnuje nap\u0159\u00edklad p\u0159echod k designu produkt\u016f, kter\u00fd se zam\u011b\u0159uje na trvanlivost, opravy a op\u011btovn\u00e9 pou\u017eit\u00ed, sp\u00ed\u0161e ne\u017e na jednoduchou recyklaci. Dal\u0161\u00ed opat\u0159en\u00ed zahrnuj\u00ed sni\u017eov\u00e1n\u00ed pl\u00fdtv\u00e1n\u00ed potravinami, redukci odpadu nebo roz\u0161\u00ed\u0159en\u00ed dostupn\u00e9 ve\u0159ejn\u00e9 dopravy a podporov\u00e1n\u00ed p\u011b\u0161\u00ed nebo cyklistick\u00e9 p\u0159epravy.<\/p>\n\n<p>My v\u0161ichni&nbsp; m\u00e1me v implementaci principu dostate\u010dnosti d\u016fle\u017eitou roli jako \u010dinitel\u00e9 zm\u011bn ve v\u0161ech aspektech \u017eivota \u2013 od osobn\u00ed spot\u0159eby po komunitn\u00ed iniciativy \u010di tlak na politiky, aby pot\u0159ebn\u00e9 opat\u0159en\u00ed implementovali. P\u0159\u00edkladem m\u016f\u017ee b\u00fdt podpora komunitn\u00edch projekt\u016f, kter\u00e9 propaguj\u00ed udr\u017eiteln\u00e9 \u017eivotn\u00ed styly, lok\u00e1ln\u00ed produkce potravin a sd\u00edlen\u00ed zdroj\u016f. Tento p\u0159\u00edstup zahrnuje tak\u00e9 vzd\u011bl\u00e1v\u00e1n\u00ed a osv\u011btu o tom, jak \u017e\u00edt v souladu s ekologick\u00fdmi hranicemi a jak p\u0159isp\u011bt k vytv\u00e1\u0159en\u00ed spravedliv\u011bj\u0161\u00ed spole\u010dnosti.<\/p>\n","protected":false},"excerpt":{"rendered":"<p>Na\u0161e planeta je schopna vyprodukovat jen omezen\u00e9 mno\u017estv\u00ed zdroj\u016f &#8211; energi\u00ed, materi\u00e1l\u016f, vody a p\u016fdy &#8211;&nbsp; za rok. Tyto limity ka\u017edoro\u010dn\u011b p\u0159ekra\u010dujeme a \u010derp\u00e1me jich jako lidstvo st\u00e1le rychleji. Den,&hellip;<\/p>\n","protected":false},"author":72,"featured_media":20813,"comment_status":"open","ping_status":"closed","sticky":false,"template":"","format":"standard","meta":{"ep_exclude_from_search":false,"p4_og_title":"","p4_og_description":"","p4_og_image":"","p4_og_image_id":"","p4_seo_canonical_url":"","p4_campaign_name":"","p4_local_project":"","p4_basket_name":"","p4_department":"","footnotes":""},"categories":[30],"tags":[24,26,22,20],"p4-page-type":[16],"class_list":["post-20811","post","type-post","status-publish","format-standard","has-post-thumbnail","hentry","category-greenpeace","tag-aktivni-spolecnost","tag-obnovitelne-zdroje","tag-setrimeplanetu","tag-zmena-klimatu","p4-page-type-clanek"],"_links":{"self":[{"href":"https:\/\/www.greenpeace.org\/czech\/wp-json\/wp\/v2\/posts\/20811","targetHints":{"allow":["GET"]}}],"collection":[{"href":"https:\/\/www.greenpeace.org\/czech\/wp-json\/wp\/v2\/posts"}],"about":[{"href":"https:\/\/www.greenpeace.org\/czech\/wp-json\/wp\/v2\/types\/post"}],"author":[{"embeddable":true,"href":"https:\/\/www.greenpeace.org\/czech\/wp-json\/wp\/v2\/users\/72"}],"replies":[{"embeddable":true,"href":"https:\/\/www.greenpeace.org\/czech\/wp-json\/wp\/v2\/comments?post=20811"}],"version-history":[{"count":1,"href":"https:\/\/www.greenpeace.org\/czech\/wp-json\/wp\/v2\/posts\/20811\/revisions"}],"predecessor-version":[{"id":20814,"href":"https:\/\/www.greenpeace.org\/czech\/wp-json\/wp\/v2\/posts\/20811\/revisions\/20814"}],"wp:featuredmedia":[{"embeddable":true,"href":"https:\/\/www.greenpeace.org\/czech\/wp-json\/wp\/v2\/media\/20813"}],"wp:attachment":[{"href":"https:\/\/www.greenpeace.org\/czech\/wp-json\/wp\/v2\/media?parent=20811"}],"wp:term":[{"taxonomy":"category","embeddable":true,"href":"https:\/\/www.greenpeace.org\/czech\/wp-json\/wp\/v2\/categories?post=20811"},{"taxonomy":"post_tag","embeddable":true,"href":"https:\/\/www.greenpeace.org\/czech\/wp-json\/wp\/v2\/tags?post=20811"},{"taxonomy":"p4-page-type","embeddable":true,"href":"https:\/\/www.greenpeace.org\/czech\/wp-json\/wp\/v2\/p4-page-type?post=20811"}],"curies":[{"name":"wp","href":"https:\/\/api.w.org\/{rel}","templated":true}]}}