{"id":20827,"date":"2024-08-05T07:16:03","date_gmt":"2024-08-05T06:16:03","guid":{"rendered":"https:\/\/www.greenpeace.org\/czech\/?p=20827"},"modified":"2024-08-05T07:16:05","modified_gmt":"2024-08-05T06:16:05","slug":"ustecky-soud-bude-resit-zda-zrusi-emisni-vyjimku-pro-elektrarnu-pocerady-kterou-provozovatel-porusuje","status":"publish","type":"post","link":"https:\/\/www.greenpeace.org\/czech\/tiskova-zprava\/20827\/ustecky-soud-bude-resit-zda-zrusi-emisni-vyjimku-pro-elektrarnu-pocerady-kterou-provozovatel-porusuje\/","title":{"rendered":"\u00dasteck\u00fd soud bude \u0159e\u0161it, zda zru\u0161\u00ed emisn\u00ed v\u00fdjimku pro elektr\u00e1rnu Po\u010derady, kterou provozovatel poru\u0161uje"},"content":{"rendered":"\n<p>Krajsk\u00fd soud v \u00dast\u00ed nad Labem se bude ve st\u0159edu zab\u00fdvat \u017ealobou ekologick\u00fdch organizac\u00ed na emisn\u00ed v\u00fdjimku pro uhelnou elektr\u00e1rnu Po\u010derady, kterou <a href=\"https:\/\/forbes.cz\/elektrarna-pocerady-miliardare-tykace-dostala-emisni-vyjimku-a-vice-casu-na-modernizaci\/\">provozovatel z\u00edskal v roce 2021<\/a>. Mezit\u00edm ji\u017e <a href=\"https:\/\/www.greenpeace.org\/czech\/tiskova-zprava\/20818\/2-z-5-bloku-pocerad-se-od-pristiho-tydne-nesmi-spustit-konci-jim-vyjimka-z-limitu-pro-rtut\/\">vypr\u0161ela platnost v\u00fdjimky pro toxickou rtu\u0165 pro dva z p\u011bti blok\u016f<\/a> elektr\u00e1rny, nicm\u00e9n\u011b provozovatel na bloc\u00edch dosud nenainstaloval nov\u00e9 filtry, <a href=\"https:\/\/www.greenpeace.org\/czech\/tiskova-zprava\/20784\/elektrarna-pocerady-porusuje-zakon-prekracuje-emisni-limit-prestoze-ji-vyprsela-vyjimka-na-rtut\/\">ani dva bloky neodstavil<\/a>, jak mu na\u0159izuje evropsk\u00e1 legislativa. Poru\u0161uje tak z\u00e1kon, proto\u017ee p\u0159ekra\u010duje emisn\u00ed limit. Podle ekologick\u00e9 organizace Greenpeace by m\u011bl soud st\u00e1vaj\u00edc\u00ed v\u00fdjimku, jej\u00ed\u017e podm\u00ednky provozovatel odm\u00edt\u00e1 plnit, celou zru\u0161it.<\/p>\n\n<figure class=\"wp-block-image size-full\"><img loading=\"lazy\" decoding=\"async\" width=\"800\" height=\"600\" src=\"https:\/\/www.greenpeace.org\/static\/planet4-czech-republic-stateless\/2018\/12\/3b879eed-poceradyelektrarna.jpg\" alt=\"\" class=\"wp-image-2197\" srcset=\"https:\/\/www.greenpeace.org\/static\/planet4-czech-republic-stateless\/2018\/12\/3b879eed-poceradyelektrarna.jpg 800w, https:\/\/www.greenpeace.org\/static\/planet4-czech-republic-stateless\/2018\/12\/3b879eed-poceradyelektrarna-300x225.jpg 300w, https:\/\/www.greenpeace.org\/static\/planet4-czech-republic-stateless\/2018\/12\/3b879eed-poceradyelektrarna-768x576.jpg 768w, https:\/\/www.greenpeace.org\/static\/planet4-czech-republic-stateless\/2018\/12\/3b879eed-poceradyelektrarna-453x340.jpg 453w\" sizes=\"auto, (max-width: 800px) 100vw, 800px\" \/><figcaption class=\"wp-element-caption\">Elektr\u00e1rna Po\u010derady je jednou z nejho\u0161\u00edch v \u010cesk\u00e9 republice, co se t\u00fd\u010de emis\u00ed i energetick\u00e9 \u00fa\u010dinnosti.<div class=\"credit icon-left\"> \u00a9 Greenpeace<\/div><\/figcaption><\/figure>\n\n<p><strong>Luk\u00e1\u0161 Hr\u00e1bek, tiskov\u00fd mluv\u010d\u00ed Greenpeace, \u0159\u00edk\u00e1:&nbsp;<\/strong><br><em>\u201cSou\u010dasn\u00fd provoz elektr\u00e1rny zcela o\u010dividn\u011b poru\u0161uje z\u00e1kon. Dva bloky elektr\u00e1rny mus\u00ed b\u00fdt nyn\u00ed odstaven\u00e9, proto\u017ee nejsou v souladu s platn\u00fdm integrovan\u00fdm povolen\u00edm, ale provozovatel minim\u00e1ln\u011b jeden z nich provozuje d\u00e1l. Ukazuje se, \u017ee v\u00fdjimka, kterou elektr\u00e1rna od \u00fa\u0159ad\u016f dostala, je natolik \u0161patn\u00e1, \u017ee ji provozovatel nepln\u00ed, ani kdy\u017e platnost v\u00fdjimky u dvou z p\u011bti blok\u016f vypr\u0161ela. T\u00edm p\u00e1dem je nad slunce jasn\u00e9, \u017ee tak \u0161patnou v\u00fdjimku nem\u011bly \u00fa\u0159ady v\u016fbec povolit. Krajsk\u00fd soud v \u00dast\u00ed nad Labem ji nyn\u00ed m\u016f\u017ee celou zru\u0161it.\u201d<\/em><\/p>\n\n<p>Emisn\u00ed v\u00fdjimka pro elektr\u00e1rnu Po\u010derady zat\u00edm vypr\u0161ela u dvou blok\u016f, dal\u0161\u00ed blok dostal \u010das na instalaci nov\u00fdch filtr\u016f do konce roku 2024 a zb\u00fdvaj\u00edc\u00ed dva bloky by m\u011bly za\u010d\u00edt plnit limity v p\u0159\u00ed\u0161t\u00edm roce. Provozovatel v\u0161ak \u017e\u00e1dn\u00e9 filtry zat\u00edm nenainstaloval a m\u00edsto toho si <a href=\"https:\/\/www.greenpeace.org\/czech\/tiskova-zprava\/19873\/neprijatelne-elektrarna-pocerady-chce-prodlouzit-vyjimku-a-vypoustet-nadlimitni-mnozstvi-rtuti-az-do-roku-2027\/\">nyn\u00ed \u017e\u00e1d\u00e1 o prodlou\u017een\u00ed st\u00e1vaj\u00edc\u00ed v\u00fdjimky do roku 2027<\/a>.<\/p>\n\n<p>Emisn\u00ed limity, kter\u00e9 plat\u00ed od roku 2021, na\u0159izuj\u00ed zne\u010di\u0161\u0165ovatel\u016fm nevypou\u0161t\u011bt v\u00edce ne\u017e 7 mikrogram\u016f rtuti na metr krychlov\u00fd spalin. Elektr\u00e1rna Po\u010derady kv\u016fli ud\u011blen\u00e9 v\u00fdjimce, kterou se nyn\u00ed bude zab\u00fdvat soud, m\u016f\u017ee nyn\u00ed na t\u0159ech bloc\u00edch vypou\u0161t\u011bt a\u017e 28 mikrogram\u016f rtuti na metr krychlov\u00fd.<\/p>\n\n<p>Ekologick\u00e9 organizace podaly vedle elektr\u00e1rny Po\u010derady \u017ealobu i na v\u00fdjimku pro elektr\u00e1rnu Chvaletice. Krajsk\u00fd soud v Ostrav\u011b, pobo\u010dka v Olomouci <a href=\"https:\/\/www.greenpeace.org\/static\/planet4-czech-republic-stateless\/2023\/01\/1fcb75cd-priloha_1130279686_0_60a_5_2022_67.pdf\">sice v\u00fdjimku zru\u0161il<\/a>, nicm\u00e9n\u011b Nejvy\u0161\u0161\u00ed spr\u00e1vn\u00ed soud <a href=\"https:\/\/www.idnes.cz\/pardubice\/zpravy\/nejvyssi-spravni-soud-vyjimka-emise-rtut-kasacni-stiznost-chvaletice.A230829_151928_pardubice-zpravy_skn\">pak v\u00fdjimku znovu potvrdil<\/a> mimo jin\u00e9 proto, \u017ee vlastn\u00edk elektr\u00e1rny m\u00e1 v ud\u011blen\u00e9 v\u00fdjimce jasn\u00fd harmonogram pro sni\u017eov\u00e1n\u00ed emis\u00ed a pro instalaci nov\u00fdch filtr\u016f. V p\u0159\u00edpad\u011b elektr\u00e1rny Po\u010derady je v\u0161ak harmonogram podle Greenpeace nedostate\u010dn\u00fd a nav\u00edc je poru\u0161ov\u00e1n, proto\u017ee vlastn\u00edk nov\u00e9 filtry nenainstaloval a provozuje elektr\u00e1rnu i nad\u00e1le bez nich.&nbsp;<\/p>\n","protected":false},"excerpt":{"rendered":"<p>Krajsk\u00fd soud v \u00dast\u00ed nad Labem se bude ve st\u0159edu zab\u00fdvat \u017ealobou ekologick\u00fdch organizac\u00ed na emisn\u00ed v\u00fdjimku pro uhelnou elektr\u00e1rnu Po\u010derady, kterou provozovatel z\u00edskal v roce 2021. Mezit\u00edm ji\u017e vypr\u0161ela&hellip;<\/p>\n","protected":false},"author":27,"featured_media":2197,"comment_status":"open","ping_status":"closed","sticky":false,"template":"","format":"standard","meta":{"ep_exclude_from_search":false,"p4_og_title":"","p4_og_description":"","p4_og_image":"","p4_og_image_id":"","p4_seo_canonical_url":"","p4_campaign_name":"","p4_local_project":"","p4_basket_name":"","p4_department":"","footnotes":""},"categories":[2],"tags":[25,19],"p4-page-type":[14],"class_list":["post-20827","post","type-post","status-publish","format-standard","has-post-thumbnail","hentry","category-priroda","tag-konec-doby-fosilni","tag-ovzdusi","p4-page-type-tiskova-zprava"],"_links":{"self":[{"href":"https:\/\/www.greenpeace.org\/czech\/wp-json\/wp\/v2\/posts\/20827","targetHints":{"allow":["GET"]}}],"collection":[{"href":"https:\/\/www.greenpeace.org\/czech\/wp-json\/wp\/v2\/posts"}],"about":[{"href":"https:\/\/www.greenpeace.org\/czech\/wp-json\/wp\/v2\/types\/post"}],"author":[{"embeddable":true,"href":"https:\/\/www.greenpeace.org\/czech\/wp-json\/wp\/v2\/users\/27"}],"replies":[{"embeddable":true,"href":"https:\/\/www.greenpeace.org\/czech\/wp-json\/wp\/v2\/comments?post=20827"}],"version-history":[{"count":2,"href":"https:\/\/www.greenpeace.org\/czech\/wp-json\/wp\/v2\/posts\/20827\/revisions"}],"predecessor-version":[{"id":20829,"href":"https:\/\/www.greenpeace.org\/czech\/wp-json\/wp\/v2\/posts\/20827\/revisions\/20829"}],"wp:featuredmedia":[{"embeddable":true,"href":"https:\/\/www.greenpeace.org\/czech\/wp-json\/wp\/v2\/media\/2197"}],"wp:attachment":[{"href":"https:\/\/www.greenpeace.org\/czech\/wp-json\/wp\/v2\/media?parent=20827"}],"wp:term":[{"taxonomy":"category","embeddable":true,"href":"https:\/\/www.greenpeace.org\/czech\/wp-json\/wp\/v2\/categories?post=20827"},{"taxonomy":"post_tag","embeddable":true,"href":"https:\/\/www.greenpeace.org\/czech\/wp-json\/wp\/v2\/tags?post=20827"},{"taxonomy":"p4-page-type","embeddable":true,"href":"https:\/\/www.greenpeace.org\/czech\/wp-json\/wp\/v2\/p4-page-type?post=20827"}],"curies":[{"name":"wp","href":"https:\/\/api.w.org\/{rel}","templated":true}]}}