{"id":20853,"date":"2024-08-22T10:29:30","date_gmt":"2024-08-22T09:29:30","guid":{"rendered":"https:\/\/www.greenpeace.org\/czech\/?p=20853"},"modified":"2024-08-22T10:29:34","modified_gmt":"2024-08-22T09:29:34","slug":"ministri-potichu-snizuji-klimaticke-cile-je-to-na-skodu-ekonomice-i-zivotnimu-prostredi","status":"publish","type":"post","link":"https:\/\/www.greenpeace.org\/czech\/tiskova-zprava\/20853\/ministri-potichu-snizuji-klimaticke-cile-je-to-na-skodu-ekonomice-i-zivotnimu-prostredi\/","title":{"rendered":"Minist\u0159i potichu sni\u017euj\u00ed klimatick\u00e9 c\u00edle. Je to na \u0161kodu ekonomice i \u017eivotn\u00edmu prost\u0159ed\u00ed"},"content":{"rendered":"\n<p><strong>Ministerstva pr\u016fmyslu a obchodu i \u017eivotn\u00edho prost\u0159ed\u00ed v tichosti upravily n\u00e1vrhy St\u00e1tn\u00ed energetick\u00e9 koncepce \u010cR a Politiky ochrany klimatu v \u010cR. Nov\u011b p\u0159edlo\u017een\u00e9 dokumenty obsahuj\u00ed ni\u017e\u0161\u00ed c\u00edle pro sni\u017eov\u00e1n\u00ed emis\u00ed sklen\u00edkov\u00fdch plyn\u016f a ochranu klimatu pro roky 2030 i 2050. D\u016fvody resorty neuvedly. Ekologick\u00e9 organizace to pova\u017euj\u00ed za \u0161patn\u00fd krok na \u00fakor ochrany \u017eivotn\u00edho prost\u0159ed\u00ed i modernizace ekonomiky. Ze stejn\u00e9ho d\u016fvodu organizace nad\u00e1le kritizuj\u00ed zbyte\u010dn\u011b n\u00edzk\u00fd c\u00edl pro rozvoj obnoviteln\u00fdch zdroj\u016f. \u010cesk\u00e1 republika p\u0159itom pot\u0159ebuje m\u00edt co nejd\u0159\u00edve ambici\u00f3zn\u00ed energetickou a klimatickou strategii, jej\u00edm\u017e pln\u011bn\u00edm adekv\u00e1tn\u011b p\u0159isp\u011bje k \u0159e\u0161en\u00ed klimatick\u00e9 krize a pos\u00edl\u00ed svoji energetickou bezpe\u010dnost a konkurenceschopnost.<\/strong><\/p>\n\n<p>Politika ochrany klimatu v \u010cR (na jej\u00ed\u017e klimatick\u00e9 c\u00edle se odkazuje n\u00e1vrh St\u00e1tn\u00ed energetick\u00e9 koncepce) \u0161la na jedn\u00e1n\u00ed vl\u00e1dy 17. \u010dervence s c\u00edlem sn\u00ed\u017eit emise sklen\u00edkov\u00fdch plyn\u016f do roku 2030 o 59 % oproti roku 1990. V upraven\u00e9m dokumentu ve vl\u00e1dn\u00edm syst\u00e9mu eKlep je uveden c\u00edl jen 55 %. P\u0159itom dosa\u017eiteln\u00e9 sn\u00ed\u017een\u00ed v \u010cR je dle odborn\u00e9ho modelov\u00e1n\u00ed, kter\u00e9 je podkladem pro strategie, a\u017e 68 %. Pro rok 2050 m\u011bla vl\u00e1da p\u016fvodn\u011b stanovit c\u00edl dosa\u017een\u00ed klimatick\u00e9 neutrality (tedy vypou\u0161t\u011bn\u00ed jen takov\u00e9ho mno\u017estv\u00ed emis\u00ed, kter\u00e9 se bude da\u0159it zachyt\u00e1vat a ukl\u00e1dat, nap\u0159\u00edklad d\u016fslednou ochranou cenn\u00fdch star\u00fdch les\u016f). Nov\u011b dokument uv\u00e1d\u00ed v\u00e1gn\u00ed formulaci: \u201e<em>C\u00edlem do roku 2050 je sm\u011b\u0159ovat k dosa\u017een\u00ed klimatick\u00e9 neutrality.<\/em>\u201c Ministerstva tyto zm\u011bny v dokumentech uskute\u010dnila bez ud\u00e1n\u00ed d\u016fvod\u016f a bez \u0161ir\u0161\u00ed diskuze a informov\u00e1n\u00ed na Platform\u011b pro strategie v oblasti energetiky a klimatu, kter\u00e1 byla vytvo\u0159ena za \u00fa\u010delem p\u0159\u00edpravy strategick\u00fdch dokument\u016f.<\/p>\n\n<p>Dopadov\u00e9 studie k c\u00edl\u016fm sni\u017eov\u00e1n\u00ed emis\u00ed v\u0161ak ukazuj\u00ed, \u017ee sni\u017eov\u00e1n\u00ed c\u00edl\u016f se negativn\u011b projev\u00ed na ekonomice i \u017eivotn\u00edm prost\u0159ed\u00ed. <a href=\"https:\/\/www.cde-org.cz\/cs\/blog\/investice-do-budoucnosti:-socioekonomicke-prinosy-rychleho-prechodu-na-zelenou-ekonomiku\/2378\">P\u0159i sledov\u00e1n\u00ed ambici\u00f3zn\u00edch sc\u00e9n\u00e1\u0159\u016f v souladu s glob\u00e1ln\u00edm teplotn\u00edm c\u00edlem maxim\u00e1ln\u00edho n\u00e1r\u016fstu teploty o 1,5 \u00b0C by vedlej\u0161\u00ed p\u0159\u00ednosy rychl\u00e9ho sni\u017eov\u00e1n\u00ed emis\u00ed \u010dinily pro \u010cesko do roku 2030 p\u0159ibli\u017en\u011b 439 miliard korun,<\/a> zejm\u00e9na d\u00edky ni\u017e\u0161\u00edm n\u00e1klad\u016fm na nemocnost zp\u016fsobenou spalov\u00e1n\u00edm fosiln\u00edch paliv, men\u0161\u00edm dopad\u016fm zm\u011bny klimatu a naopak pozitivn\u00edm impuls\u016fm pro ekonomiku a tvorbu pracovn\u00edch m\u00edst.<\/p>\n\n<p><strong>Ji\u0159\u00ed Ko\u017eelouh, vedouc\u00ed energetick\u00e9ho programu Hnut\u00ed DUHA:<\/strong><em>&nbsp;<\/em><\/p>\n\n<p><em>\u201eAni p\u0159ed sn\u00ed\u017een\u00edm emisn\u00edch c\u00edl\u016f ne\u0161lo vl\u00e1dn\u00ed klimatick\u00e9 a energetick\u00e9 strategie ozna\u010dit za \u010desk\u00fd Green Deal. Od za\u010d\u00e1tku nedostate\u010dn\u011b vyu\u017e\u00edvaj\u00ed potenci\u00e1l v\u00fdroby elekt\u0159iny z \u010dist\u00fdch obnoviteln\u00fdch zdroj\u016f a ignoruj\u00ed doporu\u010den\u00ed Evropsk\u00e9 komise na jeho zv\u00fd\u0161en\u00ed. \u0158e\u0161en\u00edm obav z ekonomick\u00fdch dopad\u016f nen\u00ed zpomalit sni\u017eov\u00e1n\u00ed z\u00e1vislosti na drah\u00fdch fosiln\u00edch palivech, ale nastavit jej tak, aby na \u00faspory energi\u00ed a obnoviteln\u00e9 zdroje dos\u00e1hli v\u0161ichni, zejm\u00e9na chud\u0161\u00ed dom\u00e1cnosti. K tomu je v prvn\u00ed \u0159ad\u011b pot\u0159eba schv\u00e1lit strategie, kter\u00e9 nastav\u00ed sm\u011br modernizace ekonomiky\u201c<\/em><\/p>\n\n<p><strong>\u0160t\u011bp\u00e1n Vizi, expert na klimatickou politiku Centra pro dopravu a energetiku:<\/strong><\/p>\n\n<p><em>\u201eP\u0159\u00ednosy rychlej\u0161\u00ed dekarbonizace pro \u010deskou ekonomiku jasn\u011b p\u0159eva\u017euj\u00ed nad n\u00e1klady. Rychl\u00e9 sni\u017eov\u00e1n\u00ed emis\u00ed by mohlo \u010cesku do roku 2030 p\u0159in\u00e9st a\u017e 439 miliard korun, vl\u00e1da se ale naopak rozhodla navrhnout zpomalen\u00ed oproti p\u016fvodn\u00edmu n\u00e1vrhu. Oddalov\u00e1n\u00ed dekarbonizace a nekoncep\u010dn\u00ed sni\u017eov\u00e1n\u00ed emisn\u00edch c\u00edl\u016f ale \u010desk\u00e9mu hospod\u00e1\u0159stv\u00ed nijak neprosp\u011bje.\u201c<\/em><\/p>\n\n<p><strong>Miriam Macurov\u00e1, vedouc\u00ed klimatick\u00e9 kampan\u011b Greenpeace \u010cR:<\/strong><\/p>\n\n<p><em>\u201e<\/em><em>Sni\u017eov\u00e1n\u00ed klimatick\u00fdch c\u00edl\u016f je dal\u0161\u00edm \u00fastupkem vl\u00e1dy, kter\u00e1 se zalekla \u00fa\u010delov\u00e9 dezinterpretace strategick\u00fdch dokument\u016f a jejich nep\u0159esn\u00e9ho spojov\u00e1n\u00ed se zdra\u017eov\u00e1n\u00edm. P\u0159itom pr\u00e1v\u011b vl\u00e1da je zodpov\u011bdn\u00e1 za to, aby \u010cesko m\u011blo jasnou strategii na modernizaci ekonomiky, kterou tak nutn\u011b pot\u0159ebuje, aby bylo p\u0159ipraven\u00e9 na dopady klimatick\u00e9 krize a tak\u00e9, aby ve\u0159ejnosti vysv\u011btlila, pro\u010d jsou tato opat\u0159en\u00ed nevyhnuteln\u00e1 a z\u00edskala pro n\u011b podporu. M\u00edsto toho, aby vl\u00e1da naplno vyu\u017eila pozitiva dekarbonizace a pom\u00e1hala lidem se na ni p\u0159ipravit, ustupuje od z\u00e1vazk\u016f, kter\u00e9 na evropsk\u00e9 \u00farovni sama pom\u00e1hala schv\u00e1lit.<\/em><em>\u201c<\/em><\/p>\n\n<p><strong>Edvard Sequens, energetick\u00fd konzultant v Calla \u2013 Sdru\u017een\u00ed pro z\u00e1chranu prost\u0159ed\u00ed:<\/strong><em> <\/em><em><br><\/em><em>\u201eOd nov\u00fdch klimatick\u00fdch a energetick\u00fdch strategi\u00ed opr\u00e1vn\u011bn\u011b o\u010dek\u00e1v\u00e1me, \u017ee zajist\u00ed dekarbonizaci \u010desk\u00e9ho hospod\u00e1\u0159stv\u00ed, sn\u00ed\u017e\u00ed na\u0161i energetickou z\u00e1vislost na dov\u00e1\u017een\u00fdch palivech, pos\u00edl\u00ed energetickou bezpe\u010dnost a nepovedou k energetick\u00e9 chudob\u011b. Nam\u00edsto toho vid\u00edme sni\u017eov\u00e1n\u00ed c\u00edl\u016f pro emise sklen\u00edkov\u00fdch plyn\u016f, n\u00edzk\u00e9 ambice v obnoviteln\u00fdch zdroj\u00edch a naopak pl\u00e1ny na rozvoj drah\u00fdch jadern\u00fdch reaktor\u016f v m\u00ed\u0159e, kter\u00e1 p\u0159ekon\u00e1v\u00e1 i komunistickou \u0160trougalovu vl\u00e1du.\u201c<\/em><\/p>\n\n<p><strong>Kontakty:<\/strong><\/p>\n\n<p><strong>Ji\u0159\u00ed Ko\u017eelouh<\/strong>, vedouc\u00ed energetick\u00e9ho programu Hnut\u00ed DUHA,<br>tel.: 723 559 495, e-mail: <a href=\"mailto:jiri.kozelouh@hnutiduha.cz\">jiri.kozelouh@hnutiduha.cz<\/a><\/p>\n\n<p><strong>\u0160t\u011bp\u00e1n Vizi<\/strong>, expert na klimatickou politiku Centra pro dopravu a energetiku,<br>tel.: 770 164 203, e-mail: <a href=\"mailto:stepan.vizi@cde-org.cz\">stepan.vizi@cde-org.cz<\/a><br><strong>Miriam Macurov\u00e1<\/strong>, vedouc\u00ed klimatick\u00e9 kampan\u011b Greenpeace \u010cR,<br>tel.: 771 154 362, e-mail: <a href=\"mailto:miriam.macurova@greenpeace.org\">miriam.macurova@greenpeace.org<\/a>&nbsp;<\/p>\n\n<p><strong>Edvard Sequens<\/strong>, energetick\u00fd konzultant v Calla &#8211; Sdru\u017een\u00ed pro z\u00e1chranu prost\u0159ed\u00ed, tel.: 602 282 399, e-mail: <a href=\"mailto:edvard.sequens@calla.cz\">edvard.sequens@calla.cz<\/a>&nbsp;&nbsp;<\/p>\n\n<p><strong>Eva Pernicov\u00e1<\/strong>, tiskov\u00e1 mluv\u010d\u00ed Hnut\u00ed DUHA,<\/p>\n\n<p>tel.: 734 770 020, e-mail: <a href=\"mailto:eva.pernicova@hnutiduha.cz\">eva.pernicova@hnutiduha.cz<\/a><\/p>\n\n<p><\/p>\n\n<p><\/p>\n","protected":false},"excerpt":{"rendered":"<p>Ministerstva pr\u016fmyslu a obchodu i \u017eivotn\u00edho prost\u0159ed\u00ed v tichosti upravily n\u00e1vrhy St\u00e1tn\u00ed energetick\u00e9 koncepce \u010cR a Politiky ochrany klimatu v \u010cR. Nov\u011b p\u0159edlo\u017een\u00e9 dokumenty obsahuj\u00ed ni\u017e\u0161\u00ed c\u00edle pro sni\u017eov\u00e1n\u00ed emis\u00ed&hellip;<\/p>\n","protected":false},"author":95,"featured_media":20854,"comment_status":"open","ping_status":"closed","sticky":false,"template":"","format":"standard","meta":{"ep_exclude_from_search":false,"p4_og_title":"","p4_og_description":"","p4_og_image":"","p4_og_image_id":"","p4_seo_canonical_url":"","p4_campaign_name":"","p4_local_project":"","p4_basket_name":"","p4_department":"","footnotes":""},"categories":[30],"tags":[25,26,20],"p4-page-type":[14],"class_list":["post-20853","post","type-post","status-publish","format-standard","has-post-thumbnail","hentry","category-greenpeace","tag-konec-doby-fosilni","tag-obnovitelne-zdroje","tag-zmena-klimatu","p4-page-type-tiskova-zprava"],"_links":{"self":[{"href":"https:\/\/www.greenpeace.org\/czech\/wp-json\/wp\/v2\/posts\/20853","targetHints":{"allow":["GET"]}}],"collection":[{"href":"https:\/\/www.greenpeace.org\/czech\/wp-json\/wp\/v2\/posts"}],"about":[{"href":"https:\/\/www.greenpeace.org\/czech\/wp-json\/wp\/v2\/types\/post"}],"author":[{"embeddable":true,"href":"https:\/\/www.greenpeace.org\/czech\/wp-json\/wp\/v2\/users\/95"}],"replies":[{"embeddable":true,"href":"https:\/\/www.greenpeace.org\/czech\/wp-json\/wp\/v2\/comments?post=20853"}],"version-history":[{"count":1,"href":"https:\/\/www.greenpeace.org\/czech\/wp-json\/wp\/v2\/posts\/20853\/revisions"}],"predecessor-version":[{"id":20855,"href":"https:\/\/www.greenpeace.org\/czech\/wp-json\/wp\/v2\/posts\/20853\/revisions\/20855"}],"wp:featuredmedia":[{"embeddable":true,"href":"https:\/\/www.greenpeace.org\/czech\/wp-json\/wp\/v2\/media\/20854"}],"wp:attachment":[{"href":"https:\/\/www.greenpeace.org\/czech\/wp-json\/wp\/v2\/media?parent=20853"}],"wp:term":[{"taxonomy":"category","embeddable":true,"href":"https:\/\/www.greenpeace.org\/czech\/wp-json\/wp\/v2\/categories?post=20853"},{"taxonomy":"post_tag","embeddable":true,"href":"https:\/\/www.greenpeace.org\/czech\/wp-json\/wp\/v2\/tags?post=20853"},{"taxonomy":"p4-page-type","embeddable":true,"href":"https:\/\/www.greenpeace.org\/czech\/wp-json\/wp\/v2\/p4-page-type?post=20853"}],"curies":[{"name":"wp","href":"https:\/\/api.w.org\/{rel}","templated":true}]}}