{"id":20916,"date":"2024-09-10T08:03:56","date_gmt":"2024-09-10T07:03:56","guid":{"rendered":"https:\/\/www.greenpeace.org\/czech\/?p=20916"},"modified":"2024-09-10T08:06:09","modified_gmt":"2024-09-10T07:06:09","slug":"greenpeace-otevira-kancelar-na-ukrajine-zameri-se-na-zlociny-proti-prirode-a-ekologickou-obnovu-zeme","status":"publish","type":"post","link":"https:\/\/www.greenpeace.org\/czech\/tiskova-zprava\/20916\/greenpeace-otevira-kancelar-na-ukrajine-zameri-se-na-zlociny-proti-prirode-a-ekologickou-obnovu-zeme\/","title":{"rendered":"Greenpeace otev\u00edr\u00e1 kancel\u00e1\u0159 na Ukrajin\u011b. Zam\u011b\u0159\u00ed se na zlo\u010diny proti p\u0159\u00edrod\u011b a ekologickou obnovu zem\u011b"},"content":{"rendered":"\n<p>Organizace Greenpeace CEE, kter\u00e1 sdru\u017euje pobo\u010dky v zem\u00edch st\u0159edn\u00ed a v\u00fdchodn\u00ed Evrop\u011b, dnes ofici\u00e1ln\u011b otev\u00edr\u00e1 novou kancel\u00e1\u0159 v ukrajinsk\u00e9m Kyjev\u011b. Greenpeace spolupracuje s m\u00edstn\u00edmi spojenci v t\u00e9to zemi ji\u017e od za\u010d\u00e1tku rusk\u00e9 invaze na Ukrajinu v roce 2022 a nyn\u00ed ofici\u00e1ln\u011b roz\u0161\u00ed\u0159\u00ed svou glob\u00e1ln\u00ed s\u00ed\u0165, aby zlep\u0161ila <a href=\"https:\/\/www.greenpeace.org\/ukraine\/en\/our-work-2\/our-work\/\">svou pr\u00e1ci na projektech zelen\u00e9 rekonstrukce<\/a> Ukrajiny a tak\u00e9 na vy\u0161et\u0159ov\u00e1n\u00ed v\u00e1le\u010dn\u00fdch zlo\u010din\u016f proti \u017eivotn\u00edmu prost\u0159ed\u00ed, kter\u00e9 jsou d\u016fsledkem rusk\u00e9 agrese. Greenpeace bude tak\u00e9 nad\u00e1le bedliv\u011b sledovat <a href=\"https:\/\/www.greenpeace.org\/ukraine\/en\/our-work-2\/against-nuclear-danger\/\">bezpe\u010dnostn\u00ed rizika a \u00farove\u0148 radiace<\/a> v okol\u00ed ukrajinsk\u00fdch jadern\u00fdch elektr\u00e1ren.\u00a0<\/p>\n\n<figure class=\"wp-block-image size-large\"><img loading=\"lazy\" decoding=\"async\" width=\"1024\" height=\"683\" src=\"https:\/\/www.greenpeace.org\/static\/planet4-czech-republic-stateless\/2024\/09\/1bd4ad64-gp0su2a2y_medium-res-1200px-1024x683.jpg\" alt=\"\" class=\"wp-image-20917\" srcset=\"https:\/\/www.greenpeace.org\/static\/planet4-czech-republic-stateless\/2024\/09\/1bd4ad64-gp0su2a2y_medium-res-1200px-1024x683.jpg 1024w, https:\/\/www.greenpeace.org\/static\/planet4-czech-republic-stateless\/2024\/09\/1bd4ad64-gp0su2a2y_medium-res-1200px-300x200.jpg 300w, https:\/\/www.greenpeace.org\/static\/planet4-czech-republic-stateless\/2024\/09\/1bd4ad64-gp0su2a2y_medium-res-1200px-768x512.jpg 768w, https:\/\/www.greenpeace.org\/static\/planet4-czech-republic-stateless\/2024\/09\/1bd4ad64-gp0su2a2y_medium-res-1200px-510x340.jpg 510w, https:\/\/www.greenpeace.org\/static\/planet4-czech-republic-stateless\/2024\/09\/1bd4ad64-gp0su2a2y_medium-res-1200px.jpg 1200w\" sizes=\"auto, (max-width: 1024px) 100vw, 1024px\" \/><figcaption class=\"wp-element-caption\">Lid\u00e9 z nov\u00e9 pobo\u010dky Greenpeace na Ukrajin\u011b. (c) Greenpeace &#8211; Kostyantyn Holinchenko<\/figcaption><\/figure>\n\n<p><strong>Natalia Gozakov\u00e1, \u0159editelka kancel\u00e1\u0159e Greenpeace na Ukrajin\u011b, \u0159\u00edk\u00e1:\u00a0<\/strong><br><em>\u201eLid\u00e9 na Ukrajin\u011b si zaslou\u017e\u00ed silnou a \u017eivou p\u0159\u00edtomnost Greenpeace, kter\u00e1 bude podporovat aktivismus a demokratick\u00e9 hodnoty tv\u00e1\u0159\u00ed v tv\u00e1\u0159 v\u00e1lce. V z\u00e1jmu bezpe\u010dnosti a ochrany n\u00e1roda se Ukrajina mus\u00ed zasadit o p\u0159echod od fosiln\u00edch paliv k modern\u00ed ekonomice. Na\u0161\u00edm posl\u00e1n\u00edm je pomoci Ukrajin\u011b obnovit z\u00e1kladn\u00ed spole\u010denskou infrastrukturu udr\u017eiteln\u00fdm zp\u016fsobem, s vyu\u017eit\u00edm \u010dist\u00e9 energie sol\u00e1rn\u00edch panel\u016f a v\u011btrn\u00fdch turb\u00edn. Tato \u0159e\u0161en\u00ed nejsou jen ekologick\u00e1 &#8211; jsou cestou k odoln\u00e9 a udr\u017eiteln\u00e9 budoucnosti Ukrajiny.\u201c<\/em><\/p>\n\n<p>Otev\u0159en\u00ed kancel\u00e1\u0159e je dal\u0161\u00edm miln\u00edkem v pr\u00e1ci Greenpeace na Ukrajin\u011b. Hned po vypuknut\u00ed v\u00e1lky se do humanit\u00e1rn\u00ed pr\u00e1ce zapojily p\u0159edev\u0161\u00edm pobo\u010dky Greenpeace v sousedn\u00edch zem\u00edch st\u0159edn\u00ed a v\u00fdchodn\u00ed Evropy &#8211; na Slovensku, v Polsku, Ma\u010farsku, Rumunsku a Bulharsku &#8211; a podporovaly m\u00edstn\u00ed spojence a uprchl\u00edky. Ve spolupr\u00e1ci s m\u00edstn\u00edmi ekologick\u00fdmi organizacemi organizace Greenpeace <a href=\"https:\/\/maps.greenpeace.org\/maps\/gpcee\/ukraine_damage_2022\/\">zdokumentovala v\u00e1le\u010dnou devastaci \u017eivotn\u00edho prost\u0159ed\u00ed<\/a>, v\u010detn\u011b <a href=\"https:\/\/greenpeace.at\/cee-press-hub\/new-report-claims-that-the-destruction-of-kakhovka-dam-is-an-environmental-war-crime\/\">zni\u010den\u00ed p\u0159ehrady Kachovka<\/a>, podrobn\u011b zkoumala krizov\u00e9 situace <a href=\"https:\/\/storymaps.arcgis.com\/stories\/1afeaa6ad822495fb94787f158fe815d\">v \u010cernobylu<\/a> a <a href=\"https:\/\/www.greenpeace.org\/ukraine\/en\/investigations-reports\/1675\/mckenzie-intelligence-analysis-published-on-russian-claims-of-drone-attacks-on-znpp-offers-strong-indications-of-staged-false-flag-operation-by-russia\/\">Z\u00e1poro\u017esk\u00e9 jadern\u00e9 elektr\u00e1rn\u011b<\/a> a realizovala <a href=\"https:\/\/www.greenpeace.org\/international\/story\/58111\/building-ukraine-resilience-green-reconstruction-horenka-hospital\/\">prvn\u00ed projekty zam\u011b\u0159en\u00e9 na rekonstrukci<\/a> v\u00e1lkou poni\u010den\u00e9 infrastruktury.&nbsp;<\/p>\n\n<figure class=\"wp-block-image size-large\"><img loading=\"lazy\" decoding=\"async\" width=\"1024\" height=\"768\" src=\"https:\/\/www.greenpeace.org\/static\/planet4-czech-republic-stateless\/2024\/09\/8df071c7-gp0stzozw_medium-res-1200px-1024x768.jpg\" alt=\"\" class=\"wp-image-20918\" srcset=\"https:\/\/www.greenpeace.org\/static\/planet4-czech-republic-stateless\/2024\/09\/8df071c7-gp0stzozw_medium-res-1200px-1024x768.jpg 1024w, https:\/\/www.greenpeace.org\/static\/planet4-czech-republic-stateless\/2024\/09\/8df071c7-gp0stzozw_medium-res-1200px-300x225.jpg 300w, https:\/\/www.greenpeace.org\/static\/planet4-czech-republic-stateless\/2024\/09\/8df071c7-gp0stzozw_medium-res-1200px-768x576.jpg 768w, https:\/\/www.greenpeace.org\/static\/planet4-czech-republic-stateless\/2024\/09\/8df071c7-gp0stzozw_medium-res-1200px-453x340.jpg 453w, https:\/\/www.greenpeace.org\/static\/planet4-czech-republic-stateless\/2024\/09\/8df071c7-gp0stzozw_medium-res-1200px.jpg 1200w\" sizes=\"auto, (max-width: 1024px) 100vw, 1024px\" \/><figcaption class=\"wp-element-caption\">Klinika v obci Horenka u Kyjeva byla d\u00edky Greenpeace a dal\u0161\u00edm partner\u016fm opravena a vybavena sol\u00e1rn\u00edmi panely pot\u00e9, co byla zasa\u017een\u00e1 rusk\u00fdm projektilem. (c) Greenpeace<\/figcaption><\/figure>\n\n<p><strong>Alexander Egit, v\u00fdkonn\u00fd \u0159editel organizace Greenpeace CEE, jej\u00ed\u017e sou\u010d\u00e1st\u00ed je nov\u00e1 ukrajinsk\u00e1 kancel\u00e1\u0159, \u0159ekl: <\/strong><strong><br><\/strong><em>\u201eV p\u0159\u00ed\u0161t\u00edch n\u011bkolika letech o\u010dek\u00e1v\u00e1me, \u017ee Evropsk\u00e1 unie i dal\u0161\u00ed zem\u011b budou do obnovy Ukrajiny investovat miliardy eur. Chceme zajistit, aby Ukrajina byla obnovena ekologi\u010dt\u011bj\u0161\u00edm a odoln\u011bj\u0161\u00edm zp\u016fsobem, a pro tuto pr\u00e1ci je p\u0159\u00edsn\u00e1 finan\u010dn\u00ed nez\u00e1vislost Greenpeace na st\u00e1tn\u00edm nebo firemn\u00edm financov\u00e1n\u00ed kl\u00ed\u010dov\u00fdm p\u0159edpokladem. Na\u0161\u00edm c\u00edlem je podpo\u0159it obnovu pomoc\u00ed decentralizovan\u00e9 obnoviteln\u00e9 energie pro nez\u00e1vislou, modern\u00ed a zelenou Ukrajinu &#8211; ode dne\u0161ka a\u017e do doby po v\u00e1lce.\u201c<\/em><\/p>\n\n<p>Rusk\u00e1 agrese na Ukrajin\u011b m\u011bla obrovsk\u00fd dopad na energetiku, potravin\u00e1\u0159stv\u00ed, finance, biodiverzitu, mezin\u00e1rodn\u00ed obchod, jadernou bezpe\u010dnost, klima a geopolitiku, na co\u017e organizace Greenpeace po cel\u00e9m sv\u011bt\u011b reagovaly rozs\u00e1hl\u00fdmi zm\u011bnami ve sv\u00fdch kampan\u00edch, kdy \u0159ada pobo\u010dek &#8211; <a href=\"https:\/\/www.greenpeace.org\/czech\/clanek\/16263\/nechceme-ropu-a-plyn-z-ruska\/\">v\u010detn\u011b \u010desk\u00e9<\/a> &#8211; volala po okam\u017eit\u00e9m konci importu rusk\u00fdch fosiln\u00edch paliv, kter\u00fd financuje v\u00e1lku. Ukrajinsk\u00e1 pobo\u010dka Greenpeace je strategicky pevn\u011b prov\u00e1z\u00e1na s celosv\u011btovou s\u00edt\u00ed Greenpeace &#8211; ukon\u010den\u00ed z\u00e1vislosti na fosiln\u00edch palivech, obnova p\u0159\u00edrody \u010di poukazov\u00e1n\u00ed na rizika jadern\u00e9 energie a dal\u0161\u00edch fale\u0161n\u00fdch \u0159e\u0161en\u00ed jsou strategick\u00fdm z\u00e1kladem pr\u00e1ce Greenpeace po cel\u00e9m sv\u011bt\u011b.&nbsp;<\/p>\n\n<p><strong>Mads Christensen, v\u00fdkonn\u00fd \u0159editel Greenpeace International, \u0159ekl: <\/strong><strong><br><\/strong><em>\u201eJsem hluboce dojat\u00fd, pln\u00fd nad\u011bje a neuv\u011b\u0159iteln\u011b hrd\u00fd na t\u00fdm Greenpeace na Ukrajin\u011b a na v\u0161echny, kte\u0159\u00ed se pod\u00edleli na zalo\u017een\u00ed nov\u00e9 kancel\u00e1\u0159e Greenpeace za tak obt\u00ed\u017en\u00fdch okolnost\u00ed. Na\u0161e \u00fasil\u00ed na Ukrajin\u011b ji\u017e nyn\u00ed osv\u011btluje cestu vp\u0159ed a ukazuje, jak m\u016f\u017ee obnoviteln\u00e1 energie pomoci udr\u017eet \u0161koly a nemocnice nap\u00e1jen\u00e9 elekt\u0159inou i uprost\u0159ed v\u00e1le\u010dn\u00fdch hr\u016fz. To je v\u0161ak teprve za\u010d\u00e1tek. Kdy\u017e zelen\u00e1 obnova nabere na obr\u00e1tk\u00e1ch, m\u016f\u017ee uk\u00e1zat cestu ke skute\u010dn\u00e9 odolnosti i v dal\u0161\u00edch zem\u00edch. D\u00edky nov\u00e9 kancel\u00e1\u0159i v Kyjev\u011b bude Greenpeace spolupracovat s odv\u00e1\u017en\u00fdmi a ob\u011btav\u00fdmi Ukrajinci a Ukrajinkami na budov\u00e1n\u00ed udr\u017eiteln\u00e9 a bezpe\u010dn\u00e9 Ukrajiny. Spole\u010dn\u011b si lep\u0161\u00ed budoucnost nejen p\u0159edstavujeme &#8211; my ji vytv\u00e1\u0159\u00edme.\u201c<\/em><\/p>\n\n<p>Organizace Greenpeace ji\u017e na Ukrajin\u011b <a href=\"https:\/\/www.greenpeace.org\/ukraine\/en\/about-us\/\">v minulosti p\u016fsobila od konce 80. let<\/a> po hav\u00e1rii v jadern\u00e9 elektr\u00e1rn\u011b \u010cernobyl jako jedna z prvn\u00edch mezin\u00e1rodn\u00edch organizac\u00ed. Usilovala o otev\u0159en\u00ed nov\u00e9 nemocnice pro d\u011bti zasa\u017een\u00e9 radiac\u00ed, kter\u00e1 by byla vybaven\u00e1 nejmodern\u011bj\u0161\u00ed l\u00e9ka\u0159skou technikou. Kdy\u017e se to nepoda\u0159ilo prosadit, Greenpeace vybavila laborato\u0159 pod jednou z existuj\u00edc\u00edch kyjevsk\u00fdch nemocnic, kterou darovala m\u011bstu Kyjev. Spole\u010dn\u011b s dal\u0161\u00edmi organizacemi tak\u00e9 z\u0159\u00eddila nez\u00e1vislou laborato\u0159, kter\u00e1 pro\u0161et\u0159ovala radioaktivn\u00ed zamo\u0159en\u00ed p\u016fdy, vody a j\u00eddla v okol\u00ed \u010cernobylu. Organizace Greenpeace tak\u00e9 protestovala proti dovozu toxick\u00e9ho odpadu do Ukrajiny a roz\u0161i\u0159ov\u00e1n\u00ed Z\u00e1poro\u017esk\u00e9 jadern\u00e9 elektr\u00e1rny a tla\u010dila na \u00fa\u0159ady, aby zajistily obyvatel\u016fm Kyjeva nez\u00e1vadnou pitnou vodu.&nbsp;<\/p>\n\n<p>Loni byla naopak po 30 letech <a href=\"https:\/\/www.novinky.cz\/clanek\/zahranicni-rusko-zaradilo-greenpeace-na-seznam-nezadoucich-40432135\">uzav\u0159ena kancel\u00e1\u0159 Greenpeace v Rusku<\/a>, proto\u017ee rusk\u00e1 prokuratura ozna\u010dila organizaci za ne\u017e\u00e1douc\u00ed. Toto rozhodnut\u00ed prakticky postavilo jak\u00e9koli p\u016fsoben\u00ed Greenpeace v Rusku mimo z\u00e1kon.<\/p>\n","protected":false},"excerpt":{"rendered":"<p>Organizace Greenpeace CEE, kter\u00e1 sdru\u017euje pobo\u010dky v zem\u00edch st\u0159edn\u00ed a v\u00fdchodn\u00ed Evrop\u011b, dnes ofici\u00e1ln\u011b otev\u00edr\u00e1 novou kancel\u00e1\u0159 v ukrajinsk\u00e9m Kyjev\u011b. Greenpeace spolupracuje s m\u00edstn\u00edmi spojenci v t\u00e9to zemi ji\u017e od&hellip;<\/p>\n","protected":false},"author":27,"featured_media":20917,"comment_status":"open","ping_status":"closed","sticky":false,"template":"","format":"standard","meta":{"ep_exclude_from_search":false,"p4_og_title":"","p4_og_description":"","p4_og_image":"","p4_og_image_id":"","p4_seo_canonical_url":"","p4_campaign_name":"","p4_local_project":"","p4_basket_name":"","p4_department":"","footnotes":""},"categories":[30],"tags":[24,13,28,26],"p4-page-type":[14],"class_list":["post-20916","post","type-post","status-publish","format-standard","has-post-thumbnail","hentry","category-greenpeace","tag-aktivni-spolecnost","tag-o-greenpeace","tag-uspechy","tag-obnovitelne-zdroje","p4-page-type-tiskova-zprava"],"_links":{"self":[{"href":"https:\/\/www.greenpeace.org\/czech\/wp-json\/wp\/v2\/posts\/20916","targetHints":{"allow":["GET"]}}],"collection":[{"href":"https:\/\/www.greenpeace.org\/czech\/wp-json\/wp\/v2\/posts"}],"about":[{"href":"https:\/\/www.greenpeace.org\/czech\/wp-json\/wp\/v2\/types\/post"}],"author":[{"embeddable":true,"href":"https:\/\/www.greenpeace.org\/czech\/wp-json\/wp\/v2\/users\/27"}],"replies":[{"embeddable":true,"href":"https:\/\/www.greenpeace.org\/czech\/wp-json\/wp\/v2\/comments?post=20916"}],"version-history":[{"count":2,"href":"https:\/\/www.greenpeace.org\/czech\/wp-json\/wp\/v2\/posts\/20916\/revisions"}],"predecessor-version":[{"id":20922,"href":"https:\/\/www.greenpeace.org\/czech\/wp-json\/wp\/v2\/posts\/20916\/revisions\/20922"}],"wp:featuredmedia":[{"embeddable":true,"href":"https:\/\/www.greenpeace.org\/czech\/wp-json\/wp\/v2\/media\/20917"}],"wp:attachment":[{"href":"https:\/\/www.greenpeace.org\/czech\/wp-json\/wp\/v2\/media?parent=20916"}],"wp:term":[{"taxonomy":"category","embeddable":true,"href":"https:\/\/www.greenpeace.org\/czech\/wp-json\/wp\/v2\/categories?post=20916"},{"taxonomy":"post_tag","embeddable":true,"href":"https:\/\/www.greenpeace.org\/czech\/wp-json\/wp\/v2\/tags?post=20916"},{"taxonomy":"p4-page-type","embeddable":true,"href":"https:\/\/www.greenpeace.org\/czech\/wp-json\/wp\/v2\/p4-page-type?post=20916"}],"curies":[{"name":"wp","href":"https:\/\/api.w.org\/{rel}","templated":true}]}}