{"id":20963,"date":"2024-09-23T08:08:51","date_gmt":"2024-09-23T07:08:51","guid":{"rendered":"https:\/\/www.greenpeace.org\/czech\/?p=20963"},"modified":"2024-09-23T08:08:54","modified_gmt":"2024-09-23T07:08:54","slug":"pred-rokem-slibily-lesy-cr-v-bucinach-v-krusnych-horach-bezzasahove-zony-podle-jejich-navrhu-ale-zadne-nevzniknou","status":"publish","type":"post","link":"https:\/\/www.greenpeace.org\/czech\/tiskova-zprava\/20963\/pred-rokem-slibily-lesy-cr-v-bucinach-v-krusnych-horach-bezzasahove-zony-podle-jejich-navrhu-ale-zadne-nevzniknou\/","title":{"rendered":"P\u0159ed rokem sl\u00edbily Lesy \u010cR v bu\u010din\u00e1ch v Kru\u0161n\u00fdch hor\u00e1ch bezz\u00e1sahov\u00e9 z\u00f3ny. Podle jejich n\u00e1vrhu ale \u017e\u00e1dn\u00e9 nevzniknou\u00a0"},"content":{"rendered":"\n<p>P\u0159esn\u011b p\u0159ed rokem <a href=\"https:\/\/www.mzp.cz\/cz\/news_20230920_Prirodni-dedictvi-letitych-bucin-Vychodniho-Krusnohori-zachovaji-kroky-ve-prospech-biologicke-rozmanitosti-diky-setrnemu-lesnickemu-managementu\">sl\u00edbili z\u00e1stupci st\u00e1tn\u00edho podniku Lesy \u010cR v doprovodu ministra zem\u011bd\u011blstv\u00ed Marka V\u00fdborn\u00e9ho a ministra \u017eivotn\u00edho prost\u0159ed\u00ed Petra Hlad\u00edka<\/a>, \u017ee do konce roku 2024 budou v Kru\u0161n\u00fdch hor\u00e1ch vyhl\u00e1\u0161eny bezz\u00e1sahov\u00e9 z\u00f3ny ve vz\u00e1cn\u00fdch star\u00fdch bukov\u00fdch les\u00edch. Dosud se \u017e\u00e1dn\u00e9 ofici\u00e1ln\u011b nevyhl\u00e1sily a z <a href=\"https:\/\/www.greenpeace.org\/static\/planet4-czech-republic-stateless\/2024\/09\/36aef2aa-o2_priloha-6-ramcove-smernice-hospodareni-evl-vychodni-krusnohori.pdf\">podklad\u016f Les\u016f \u010cR<\/a>, kter\u00e9 se organizaci Greenpeace poda\u0159ilo z\u00edskat a zanalyzovat, vypl\u00fdv\u00e1, \u017ee na \u017e\u00e1dn\u00e9 z navrhovan\u00fdch lokalit ve skute\u010dnosti nem\u00e1 b\u00fdt bezz\u00e1sahov\u00fd re\u017eim hospoda\u0159en\u00ed, naopak se zde po\u010d\u00edt\u00e1 s pokra\u010dov\u00e1n\u00edm t\u011b\u017eby.\u00a0<\/p>\n\n<figure class=\"wp-block-image size-full\"><img loading=\"lazy\" decoding=\"async\" width=\"1008\" height=\"672\" src=\"https:\/\/www.greenpeace.org\/static\/planet4-czech-republic-stateless\/2024\/09\/7d5ba944-20230620092043-74cba2c7-la.jpg\" alt=\"\" class=\"wp-image-20964\" srcset=\"https:\/\/www.greenpeace.org\/static\/planet4-czech-republic-stateless\/2024\/09\/7d5ba944-20230620092043-74cba2c7-la.jpg 1008w, https:\/\/www.greenpeace.org\/static\/planet4-czech-republic-stateless\/2024\/09\/7d5ba944-20230620092043-74cba2c7-la-300x200.jpg 300w, https:\/\/www.greenpeace.org\/static\/planet4-czech-republic-stateless\/2024\/09\/7d5ba944-20230620092043-74cba2c7-la-768x512.jpg 768w, https:\/\/www.greenpeace.org\/static\/planet4-czech-republic-stateless\/2024\/09\/7d5ba944-20230620092043-74cba2c7-la-510x340.jpg 510w\" sizes=\"auto, (max-width: 1008px) 100vw, 1008px\" \/><figcaption class=\"wp-element-caption\">Bu\u010diny v Kru\u0161n\u00fdch hor\u00e1ch (c) Greenpeace &#8211; Ibra Ibrahimovi\u010d<\/figcaption><\/figure>\n\n<p>Z\u00f3ny, kter\u00e9 Lesy \u010cR nespr\u00e1vn\u011b ozna\u010duj\u00ed jako bezz\u00e1sahov\u00e9, maj\u00ed m\u00edt podle n\u00e1vrhu firmy rozlohu okolo 250 hektar\u016f. To je podle Greenpeace nedostate\u010dn\u00e9, proto\u017ee je to m\u00e9n\u011b ne\u017e 10 % ze zhruba 3200 hektar\u016f, kter\u00e9 v Evropsky v\u00fdznamn\u00e9 lokalit\u011b V\u00fdchodn\u00ed Kru\u0161noho\u0159\u00ed st\u00e1tn\u00ed podnik spravuje. Listnat\u00e9 lesy star\u0161\u00ed 120 let, kter\u00e9 Lesy \u010cR spravuj\u00ed mimo p\u0159\u00edrodn\u00ed pam\u00e1tky a rezervace a ve kter\u00fdch \u00dasteck\u00fd kraj Les\u016fm \u010cR chce k\u00e1cen\u00ed zak\u00e1zat, p\u0159itom tvo\u0159\u00ed <a href=\"https:\/\/www.greenpeace.org\/static\/planet4-czech-republic-stateless\/2024\/09\/b2bd4fc4-rozhodnuti-kraje-2_463-oz_omezeni_evl-vkh_lhc-litvinov_telnice-rozhodnuti_ii.pdf\">zhruba 900 hektar\u016f<\/a>. Jednotliv\u00e9 bezz\u00e1sahov\u00e9 lokality by tak\u00e9 ide\u00e1ln\u011b m\u011bly b\u00fdt podle Greenpeace v\u011bt\u0161\u00ed ne\u017e navrhovan\u00fdch 13 a\u017e 20 hektar\u016f, aby se pro rozvoj biodiverzity a p\u0159\u00edrodn\u00edch proces\u016f zajistil dostate\u010dn\u00fd prostor.<\/p>\n\n<p>Mezi lesy za\u0159azen\u00fdmi Lesy \u010cR mezi \u00fadajn\u011b bezz\u00e1sahov\u00e9 nav\u00edc krom\u011b jedin\u00e9 lokality chyb\u00ed ty nejstar\u0161\u00ed a nejvz\u00e1cn\u011bj\u0161\u00ed porosty, kter\u00e9 byly ponech\u00e1ny p\u0159\u00edrod\u011b p\u0159es 160 let, n\u011bkter\u00e9 z nich dokonce p\u0159es 200 let. Lesy \u010cR i p\u0159es odpor krajsk\u00e9ho \u00fa\u0159adu cht\u011bj\u00ed \u010d\u00e1st z nich vyk\u00e1cet &#8211; firma po\u010d\u00edt\u00e1 podle \u00fadaj\u016f z dokument\u016f \u00dasteck\u00e9ho kraje s t\u011b\u017ebou na <a href=\"https:\/\/www.greenpeace.org\/static\/planet4-czech-republic-stateless\/2024\/09\/b2bd4fc4-rozhodnuti-kraje-2_463-oz_omezeni_evl-vkh_lhc-litvinov_telnice-rozhodnuti_ii.pdf\">115 z 477 hektar\u016f<\/a>, o \u010d\u00e1st k\u00e1cen\u00ed ji\u017e m\u00e1 u \u00fa\u0159ad\u016f za\u017e\u00e1d\u00e1no.&nbsp;<\/p>\n\n<p>Lesy \u010cR tvrd\u00ed, \u017ee <a href=\"https:\/\/www.greenpeace.org\/static\/planet4-czech-republic-stateless\/2024\/09\/36aef2aa-o2_priloha-6-ramcove-smernice-hospodareni-evl-vychodni-krusnohori.pdf\">z\u00e1sahy v navrhovan\u00fdch bezz\u00e1sahov\u00fdch z\u00f3n\u00e1ch<\/a>, kter\u00e9 maj\u00ed b\u00fdt sou\u010d\u00e1st\u00ed vznikaj\u00edc\u00ed Chr\u00e1n\u011bn\u00e9 krajinn\u00e9 oblasti Kru\u0161n\u00e9 hory, jsou nutn\u00e9, aby se u t\u011bchto les\u016f zajistila jejich obnova. Greenpeace to pova\u017euje za nehor\u00e1znost, proto\u017ee vz\u00e1cn\u00e9 star\u00e9 lesy by m\u011bly b\u00fdt v bezz\u00e1sahov\u00e9m re\u017eimu hlavn\u011b proto, aby se zajistil prostor pro&nbsp; prob\u00edhaj\u00edc\u00ed p\u0159\u00edrodn\u00ed procesy, samovoln\u00fd v\u00fdvoj a rozvoj biodiverzity. Jedin\u00fdm mo\u017en\u00fdm z\u00e1sahem v takov\u00fdch z\u00f3n\u00e1ch je k\u00e1cen\u00ed jednotliv\u00fdch, potenci\u00e1ln\u011b nebezpe\u010dn\u00fdch strom\u016f pod\u00e9l zna\u010den\u00fdch cest a v bl\u00edzkosti obydl\u00ed kv\u016fli bezpe\u010dnosti. Rozs\u00e1hlej\u0161\u00edm k\u00e1cen\u00edm by mohlo doj\u00edt ke zni\u010den\u00ed nebo v\u00fdrazn\u00e9mu naru\u0161en\u00ed t\u011bch nejstar\u0161\u00edch a nejvz\u00e1cn\u011bj\u0161\u00edch lokalit je\u0161t\u011b p\u0159ed t\u00edm, ne\u017e se z\u00e1sahy v nich omez\u00ed.&nbsp;<\/p>\n\n<p>N\u00e1vrh bezz\u00e1sahov\u00fdch z\u00f3n se Greenpeace sna\u017eilo z\u00edskat dlouhodob\u011b ji\u017e od minul\u00e9ho roku. \u00dasteck\u00fd kraj v\u0161ak odm\u00edtal informace sd\u00edlet s odkazem na nesouhlas Les\u016f \u010cR. Podklady kraj poskytl a\u017e pot\u00e9, co mu Ministerstvo \u017eivotn\u00edho prost\u0159ed\u00ed na\u0159\u00eddilo, aby se \u017e\u00e1dost\u00ed Greenpeace o informace zab\u00fdval znovu.&nbsp;<\/p>\n\n<p><strong>Nikol Krej\u010dov\u00e1 z Greenpeace \u010cR \u0159\u00edk\u00e1:<\/strong><br><em>\u201cAni rok po tom, co Lesy \u010cR ve\u0159ejnosti a ministr\u016fm V\u00fdborn\u00e9mu a Hlad\u00edkovi sl\u00edbily vznik bezz\u00e1sahov\u00fdch z\u00f3n v Kru\u0161n\u00fdch hor\u00e1ch, \u017e\u00e1dn\u00e9 takov\u00e9 z\u00f3ny zat\u00edm neexistuj\u00ed, a to bohu\u017eel ani na pap\u00ed\u0159e. Z podklad\u016f, kter\u00e9 jsme slo\u017eit\u011b z\u00edsk\u00e1vali, vypl\u00fdv\u00e1, \u017ee \u017e\u00e1dn\u00e9 bezz\u00e1sahov\u00e9 z\u00f3ny navrhovan\u00e9 nejsou, proto\u017ee Lesy \u010cR cht\u011bj\u00ed st\u00e1le k\u00e1cet nejstar\u0161\u00ed lesy i v t\u011bch \u00fadajn\u011b bezz\u00e1sahov\u00fdch z\u00f3n\u00e1ch. Je na m\u00edst\u011b se pt\u00e1t, zda minist\u0159i v\u011bd\u00ed o tom, \u017ee st\u00e1tn\u00ed podnik Lesy \u010cR nerespektuje jejich spole\u010dn\u00fd slib chr\u00e1nit cenn\u00e9 kru\u0161nohorsk\u00e9 bu\u010diny. St\u00e1le se tak opakuje situace, \u017ee Lesy \u010cR odm\u00edtaj\u00ed chr\u00e1nit lesy, ani kdy\u017e to lid\u00e9 a vl\u00e1da po\u017eaduj\u00ed, ale cht\u011bj\u00ed uplat\u0148ovat vlastn\u00ed p\u0159edstavu hospod\u00e1\u0159sk\u00e9ho lesa p\u0159\u00edrod\u011b navzdory. Po\u017eadujeme, aby byly v Kru\u0161noho\u0159\u00ed co nejd\u0159\u00edve vyhl\u00e1\u0161eny skute\u010dn\u011b bezz\u00e1sahov\u00e9 lokality, kter\u00e9 budou d\u00e1le sou\u010d\u00e1st\u00ed CHKO Kru\u0161n\u00e9 hory. \u010c\u00edm d\u0159\u00edve se CHKO vyhl\u00e1s\u00ed, t\u00edm l\u00e9pe. Mus\u00ed se to stihnout d\u0159\u00edv, ne\u017e se Les\u016fm \u010cR poda\u0159\u00ed ty nejstar\u0161\u00ed bu\u010diny u n\u00e1s vyk\u00e1cet.<\/em>\u201c<\/p>\n\n<p>Lesy \u010cR si nyn\u00ed \u017e\u00e1daj\u00ed v n\u011bkolika \u0159\u00edzen\u00ed o <a href=\"https:\/\/www.greenpeace.org\/czech\/clanek\/20835\/stale-hrozi-ze-lesy-cr-vykaceji-pres-15-tisic-stromu-v-mistech-kde-ma-vzniknout-chko-krusne-hory\/\">mo\u017enost pok\u00e1cen\u00ed v\u00edce ne\u017e 15 000 strom\u016f<\/a>, k\u00e1cet p\u0159itom cht\u011bj\u00ed i <a href=\"https:\/\/www.greenpeace.org\/czech\/tiskova-zprava\/20794\/lesy-cr-zadaji-pred-vyhlasenim-chko-krusne-hory-o-kaceni-i-ve-vzacnych-chranenych-uzemich-greenpeace-to-kritizuje\/\">v p\u0159\u00edrodn\u00ed pam\u00e1tce a p\u0159\u00edrodn\u00ed rezervaci<\/a>. Ned\u00e1vn\u00e1 <a href=\"https:\/\/www.ceskenoviny.cz\/zpravy\/2452431\">anal\u00fdza Agentury ochrany p\u0159\u00edrody a krajiny p\u0159itom varuje<\/a>, \u017ee pokud by vlastn\u00edci les\u016f &#8211; v\u010detn\u011b Les\u016f \u010cR &#8211; hospoda\u0159ili podle schv\u00e1len\u00fdch pl\u00e1n\u016f, zmizely by v Evropsky v\u00fdznamn\u00e9 lokalit\u011b V\u00fdchodn\u00ed Kru\u0161noho\u0159\u00ed t\u00e9m\u011b\u0159 v\u0161echny nejstar\u0161\u00ed porosty vz\u00e1cn\u00fdch bu\u010din. B\u011bhem p\u0159\u00ed\u0161t\u00edch deseti let by do\u0161lo ke sn\u00ed\u017een\u00ed zastoupen\u00ed les\u016f nad 161 let z 9,5 % a\u017e na 0,6 %. Podobn\u00e9 je to u les\u016f star\u0161\u00edch 130 let souhrnn\u011b, kde by do\u0161lo k poklesu ze 17,9 % na 9,3 %.<\/p>\n","protected":false},"excerpt":{"rendered":"<p>P\u0159esn\u011b p\u0159ed rokem sl\u00edbili z\u00e1stupci st\u00e1tn\u00edho podniku Lesy \u010cR v doprovodu ministra zem\u011bd\u011blstv\u00ed Marka V\u00fdborn\u00e9ho a ministra \u017eivotn\u00edho prost\u0159ed\u00ed Petra Hlad\u00edka, \u017ee do konce roku 2024 budou v Kru\u0161n\u00fdch hor\u00e1ch&hellip;<\/p>\n","protected":false},"author":27,"featured_media":20964,"comment_status":"open","ping_status":"closed","sticky":false,"template":"","format":"standard","meta":{"ep_exclude_from_search":false,"p4_og_title":"","p4_og_description":"","p4_og_image":"","p4_og_image_id":"","p4_seo_canonical_url":"","p4_campaign_name":"","p4_local_project":"","p4_basket_name":"","p4_department":"","footnotes":""},"categories":[2],"tags":[17],"p4-page-type":[14],"class_list":["post-20963","post","type-post","status-publish","format-standard","has-post-thumbnail","hentry","category-priroda","tag-lesy-pralesy","p4-page-type-tiskova-zprava"],"_links":{"self":[{"href":"https:\/\/www.greenpeace.org\/czech\/wp-json\/wp\/v2\/posts\/20963","targetHints":{"allow":["GET"]}}],"collection":[{"href":"https:\/\/www.greenpeace.org\/czech\/wp-json\/wp\/v2\/posts"}],"about":[{"href":"https:\/\/www.greenpeace.org\/czech\/wp-json\/wp\/v2\/types\/post"}],"author":[{"embeddable":true,"href":"https:\/\/www.greenpeace.org\/czech\/wp-json\/wp\/v2\/users\/27"}],"replies":[{"embeddable":true,"href":"https:\/\/www.greenpeace.org\/czech\/wp-json\/wp\/v2\/comments?post=20963"}],"version-history":[{"count":1,"href":"https:\/\/www.greenpeace.org\/czech\/wp-json\/wp\/v2\/posts\/20963\/revisions"}],"predecessor-version":[{"id":20965,"href":"https:\/\/www.greenpeace.org\/czech\/wp-json\/wp\/v2\/posts\/20963\/revisions\/20965"}],"wp:featuredmedia":[{"embeddable":true,"href":"https:\/\/www.greenpeace.org\/czech\/wp-json\/wp\/v2\/media\/20964"}],"wp:attachment":[{"href":"https:\/\/www.greenpeace.org\/czech\/wp-json\/wp\/v2\/media?parent=20963"}],"wp:term":[{"taxonomy":"category","embeddable":true,"href":"https:\/\/www.greenpeace.org\/czech\/wp-json\/wp\/v2\/categories?post=20963"},{"taxonomy":"post_tag","embeddable":true,"href":"https:\/\/www.greenpeace.org\/czech\/wp-json\/wp\/v2\/tags?post=20963"},{"taxonomy":"p4-page-type","embeddable":true,"href":"https:\/\/www.greenpeace.org\/czech\/wp-json\/wp\/v2\/p4-page-type?post=20963"}],"curies":[{"name":"wp","href":"https:\/\/api.w.org\/{rel}","templated":true}]}}