{"id":20997,"date":"2024-09-25T17:08:17","date_gmt":"2024-09-25T16:08:17","guid":{"rendered":"https:\/\/www.greenpeace.org\/czech\/?p=20997"},"modified":"2024-09-26T09:05:33","modified_gmt":"2024-09-26T08:05:33","slug":"kvuli-clovekem-zpusobene-klimaticke-zmene-je-pravdepodobnost-smrticich-povodni-v-evrope-dvojnasobna","status":"publish","type":"post","link":"https:\/\/www.greenpeace.org\/czech\/tiskova-zprava\/20997\/kvuli-clovekem-zpusobene-klimaticke-zmene-je-pravdepodobnost-smrticich-povodni-v-evrope-dvojnasobna\/","title":{"rendered":"Kv\u016fli \u010dlov\u011bkem zp\u016fsoben\u00e9 klimatick\u00e9 zm\u011bn\u011b je pravd\u011bpodobnost smrt\u00edc\u00edch povodn\u00ed v Evrop\u011b dvojn\u00e1sobn\u00e1"},"content":{"rendered":"\n<p><a href=\"https:\/\/www.worldweatherattribution.org\/climate-change-and-high-exposure-increased-costs-and-disruption-to-lives-and-livelihoods-from-flooding-associated-with-exceptionally-heavy-rainfall-in-central-europe\/\">Dle anal\u00fdzy organizace World Weather Attribution<\/a> byly smrt\u00edc\u00ed povodn\u011b a sr\u00e1\u017eky, kter\u00e9 tento m\u011bs\u00edc zas\u00e1hly st\u0159edn\u00ed Evropu, vlivem klimatick\u00e9 zm\u011bny a\u017e dvakr\u00e1t pravd\u011bpodobn\u011bj\u0161\u00ed.<\/p>\n\n<p><strong>Jaroslav Bican, vedouc\u00ed energetick\u00e9 kampan\u011b Greenpeace \u010cR, \u0159\u00edk\u00e1:&nbsp;<\/strong><em>\u201ePovodn\u011b ve st\u0159edn\u00ed Evrop\u011b p\u0159ipomn\u011bly, jak moc je akutn\u00ed donutit zne\u010di\u0161\u0165ovatele platit za n\u00e1sledky klimatick\u00e9 krize, kterou zp\u016fsobuj\u00ed. Fosiln\u00ed spole\u010dnosti jako Total, Shell a OMV, ale t\u0159eba tak\u00e9 EPH Daniela K\u0159et\u00ednsk\u00e9ho \u010di Se.ven Pavla Tyka\u010de dos\u00e1hly mimo\u0159\u00e1dn\u00fdch zisk\u016f d\u00edky emis\u00edm zp\u016fsobuj\u00edc\u00edm oteplov\u00e1n\u00ed klimatu, zat\u00edmco oby\u010dejn\u00ed ob\u010dan\u00e9 od V\u00eddn\u011b po Var\u0161avu a nap\u0159\u00ed\u010d EU maj\u00ed n\u00e9st n\u00e1klady za zp\u016fsoben\u00e9 \u0161kody. Greenpeace vyz\u00fdv\u00e1 evropsk\u00e9 l\u00eddry, aby st\u00e1li za sv\u00fdmi lidmi, a ne na stran\u011b fosiln\u00edho pr\u016fmyslu, a donutili klimatick\u00e9 zne\u010di\u0161\u0165ovatele zaplatit za tyto historick\u00e9 \u0161kody.\u201c<\/em><\/p>\n\n<p>Studie World Weather Attribution varuje, \u017ee povodn\u011b, p\u0159i kter\u00fdch letos p\u0159i\u0161lo o \u017eivot 24 lid\u00ed, budou v d\u016fsledku dal\u0161\u00edho oteplov\u00e1n\u00ed zp\u016fsoben\u00e9ho spalov\u00e1n\u00edm fosiln\u00edch paliv v budoucnosti je\u0161t\u011b ni\u010div\u011bj\u0161\u00ed. Z\u00e1rove\u0148 zd\u016fraz\u0148uje, \u017ee n\u00e1klady spojen\u00e9 s klimatickou zm\u011bnou rostou, p\u0159i\u010dem\u017e Evropsk\u00e1 unie p\u0159isl\u00edbila 10 miliard eur na opravy po povodn\u00edch.<\/p>\n\n<figure class=\"wp-block-image size-large\"><img loading=\"lazy\" decoding=\"async\" width=\"1024\" height=\"682\" src=\"https:\/\/www.greenpeace.org\/static\/planet4-czech-republic-stateless\/2024\/09\/c348305a-i-1024x682.jpeg\" alt=\"\" class=\"wp-image-20998\" srcset=\"https:\/\/www.greenpeace.org\/static\/planet4-czech-republic-stateless\/2024\/09\/c348305a-i-1024x682.jpeg 1024w, https:\/\/www.greenpeace.org\/static\/planet4-czech-republic-stateless\/2024\/09\/c348305a-i-300x200.jpeg 300w, https:\/\/www.greenpeace.org\/static\/planet4-czech-republic-stateless\/2024\/09\/c348305a-i-768x511.jpeg 768w, https:\/\/www.greenpeace.org\/static\/planet4-czech-republic-stateless\/2024\/09\/c348305a-i-510x340.jpeg 510w, https:\/\/www.greenpeace.org\/static\/planet4-czech-republic-stateless\/2024\/09\/c348305a-i.jpeg 1224w\" sizes=\"auto, (max-width: 1024px) 100vw, 1024px\" \/><figcaption class=\"wp-element-caption\">Povodn\u011b, Jesen\u00edk, autor: Ray Baseley<\/figcaption><\/figure>\n\n<p>N\u00e1klady zp\u016fsoben\u00e9 t\u011bmito povodn\u011bmi \u2013 od \u0161kod na ve\u0159ejn\u00e9 infrastruktu\u0159e po ztr\u00e1tu pracovn\u00edch dn\u00ed, zni\u010den\u00e9 domovy, spot\u0159ebi\u010de a auta \u2013 <a href=\"https:\/\/think.ing.com\/articles\/the-recent-flooding-may-affect-czech-budget-and-inflation\/\">mohou ovlivnit st\u00e1tn\u00ed rozpo\u010dty a st\u0159edn\u011bdobou inflaci. <\/a>Rakousk\u00e9 poji\u0161\u0165ovny odhaduj\u00ed \u0161kody a\u017e na 1 miliardu eur (25 miliard \u010desk\u00fdch korun). <a href=\"https:\/\/www.bnnbloomberg.ca\/investing\/2024\/09\/19\/europe-confronts-the-economic-cost-of-devastating-floods\/\">Polsk\u00e1 vl\u00e1da ji\u017e p\u0159isl\u00edbila<\/a> okam\u017eitou pomoc v hodnot\u011b 2 miliard zlot\u00fdch (11.8 miliardy \u010desk\u00fdch korun) na podporu rodin a renovace domov\u016f. <a href=\"https:\/\/hotnews.ro\/primele-estimari-privind-pagubele-dupa-inundatiile-din-galati-si-vaslui-cate-case-sunt-asigurate-obligatoriu-in-cele-mai-afectate-localitati-1792350\">Rumunsk\u00e1 vl\u00e1da ji\u017e p\u0159id\u011blila 100 milion\u016f RON<\/a> (505 milion\u016f \u010desk\u00fdch korun) posti\u017een\u00fdm dom\u00e1cnostem. Sou\u010dasn\u00e9 odhady ekonomick\u00fdch dopad\u016f se mohou v\u00fdrazn\u011b zv\u00fd\u0161it.<\/p>\n\n<figure class=\"wp-block-image size-large\"><img loading=\"lazy\" decoding=\"async\" width=\"1024\" height=\"683\" src=\"https:\/\/www.greenpeace.org\/static\/planet4-czech-republic-stateless\/2024\/09\/d7dd666c-i-1-1024x683.jpeg\" alt=\"\" class=\"wp-image-21000\" srcset=\"https:\/\/www.greenpeace.org\/static\/planet4-czech-republic-stateless\/2024\/09\/d7dd666c-i-1-1024x683.jpeg 1024w, https:\/\/www.greenpeace.org\/static\/planet4-czech-republic-stateless\/2024\/09\/d7dd666c-i-1-300x200.jpeg 300w, https:\/\/www.greenpeace.org\/static\/planet4-czech-republic-stateless\/2024\/09\/d7dd666c-i-1-768x512.jpeg 768w, https:\/\/www.greenpeace.org\/static\/planet4-czech-republic-stateless\/2024\/09\/d7dd666c-i-1-510x340.jpeg 510w, https:\/\/www.greenpeace.org\/static\/planet4-czech-republic-stateless\/2024\/09\/d7dd666c-i-1.jpeg 1224w\" sizes=\"auto, (max-width: 1024px) 100vw, 1024px\" \/><figcaption class=\"wp-element-caption\"><a href=\"https:\/\/photos.grpe.cz\/index.php?\/tags\/800-ceske_budejovice\">\u010cesk\u00e9 Bud\u011bjovice<\/a>,&nbsp;<a href=\"https:\/\/photos.grpe.cz\/index.php?\/tags\/548-povodne\">povodn\u011b<\/a>,&nbsp;<a href=\"https:\/\/photos.grpe.cz\/index.php?\/tags\/801-roudne\">Roudn\u00e9<\/a>, autor: Ond\u0159ej Mazura<\/figcaption><\/figure>\n\n<p><a href=\"https:\/\/www.novinky.cz\/clanek\/ekonomika-pojistovny-odhaduji-po-povodnich-skody-uz-za-19-miliard-40490151\">V \u010cesku se podle odhad\u016f poji\u0161\u0165oven \u0161kody vy\u0161plhaly na 19 miliard \u010desk\u00fdch korun<\/a>. Velk\u00fd probl\u00e9m p\u0159edstavuje tak\u00e9 podpoji\u0161t\u011bn\u00fd majetek mnoha firem se z\u00e1kladnou v z\u00e1plavov\u00fdch oblastech a zcela nepoji\u0161t\u011bn\u00e9 n\u00edzkop\u0159\u00edjmov\u00e9 dom\u00e1cnosti, kter\u00e9 nesou nejv\u011bt\u0161\u00ed b\u0159emeno. Kdo tyto \u0161kody zaplat\u00ed? <a href=\"https:\/\/www.seznamzpravy.cz\/clanek\/ekonomika-firmy-kdo-da-vic-cesky-byznys-se-sklada-na-povodne-260548\">A\u010dkoli \u010desk\u00e9 firmy, v\u010detn\u011b nadace rodiny Tyka\u010dov\u00fdch, kter\u00e1 pl\u00e1nuje p\u0159isp\u011bt n\u011bkolika des\u00edtkami milion\u016f korun, a energetick\u00e9 skupiny EPH, je\u017e slibuje pomoc p\u0159edev\u0161\u00edm senior\u016fm,<\/a> nab\u00edzej\u00ed n\u011bjakou formu podpory, jejich p\u0159\u00edsp\u011bvky jsou ve srovn\u00e1n\u00ed s obrovsk\u00fdmi zisky z fosiln\u00edho byznysu a skute\u010dn\u00fdm rozsahem \u0161kod naprosto sm\u011b\u0161n\u00e9. Tyto dary sp\u00ed\u0161e slou\u017e\u00ed k budov\u00e1n\u00ed reputace ne\u017e k \u0159e\u0161en\u00ed skute\u010dn\u00fdch probl\u00e9m\u016f. Nejv\u011bt\u0161\u00ed zne\u010di\u0161\u0165ovatel\u00e9, jako Pavel Tyka\u010d a Daniel K\u0159et\u00ednsk\u00fd, by m\u011bli n\u00e9st plnou odpov\u011bdnost za devastaci, kterou jejich podnik\u00e1n\u00ed zp\u016fsobuje. Nen\u00ed p\u0159ijateln\u00e9, aby n\u00e1klady na obnovu nesli oby\u010dejn\u00ed lid\u00e9 a st\u00e1ty, zat\u00edmco korporace nad\u00e1le profituj\u00ed z ni\u010den\u00ed \u017eivotn\u00edho prost\u0159ed\u00ed.<\/p>\n","protected":false},"excerpt":{"rendered":"<p>Dle anal\u00fdzy organizace World Weather Attribution byly smrt\u00edc\u00ed povodn\u011b a sr\u00e1\u017eky, kter\u00e9 tento m\u011bs\u00edc zas\u00e1hly st\u0159edn\u00ed Evropu, vlivem klimatick\u00e9 zm\u011bny a\u017e dvakr\u00e1t pravd\u011bpodobn\u011bj\u0161\u00ed.<\/p>\n","protected":false},"author":95,"featured_media":20998,"comment_status":"open","ping_status":"closed","sticky":false,"template":"","format":"standard","meta":{"ep_exclude_from_search":false,"p4_og_title":"","p4_og_description":"","p4_og_image":"","p4_og_image_id":"","p4_seo_canonical_url":"","p4_campaign_name":"","p4_local_project":"","p4_basket_name":"","p4_department":"","footnotes":""},"categories":[1],"tags":[20],"p4-page-type":[14],"class_list":["post-20997","post","type-post","status-publish","format-standard","has-post-thumbnail","hentry","category-nezarazeno","tag-zmena-klimatu","p4-page-type-tiskova-zprava"],"_links":{"self":[{"href":"https:\/\/www.greenpeace.org\/czech\/wp-json\/wp\/v2\/posts\/20997","targetHints":{"allow":["GET"]}}],"collection":[{"href":"https:\/\/www.greenpeace.org\/czech\/wp-json\/wp\/v2\/posts"}],"about":[{"href":"https:\/\/www.greenpeace.org\/czech\/wp-json\/wp\/v2\/types\/post"}],"author":[{"embeddable":true,"href":"https:\/\/www.greenpeace.org\/czech\/wp-json\/wp\/v2\/users\/95"}],"replies":[{"embeddable":true,"href":"https:\/\/www.greenpeace.org\/czech\/wp-json\/wp\/v2\/comments?post=20997"}],"version-history":[{"count":2,"href":"https:\/\/www.greenpeace.org\/czech\/wp-json\/wp\/v2\/posts\/20997\/revisions"}],"predecessor-version":[{"id":21002,"href":"https:\/\/www.greenpeace.org\/czech\/wp-json\/wp\/v2\/posts\/20997\/revisions\/21002"}],"wp:featuredmedia":[{"embeddable":true,"href":"https:\/\/www.greenpeace.org\/czech\/wp-json\/wp\/v2\/media\/20998"}],"wp:attachment":[{"href":"https:\/\/www.greenpeace.org\/czech\/wp-json\/wp\/v2\/media?parent=20997"}],"wp:term":[{"taxonomy":"category","embeddable":true,"href":"https:\/\/www.greenpeace.org\/czech\/wp-json\/wp\/v2\/categories?post=20997"},{"taxonomy":"post_tag","embeddable":true,"href":"https:\/\/www.greenpeace.org\/czech\/wp-json\/wp\/v2\/tags?post=20997"},{"taxonomy":"p4-page-type","embeddable":true,"href":"https:\/\/www.greenpeace.org\/czech\/wp-json\/wp\/v2\/p4-page-type?post=20997"}],"curies":[{"name":"wp","href":"https:\/\/api.w.org\/{rel}","templated":true}]}}