{"id":21154,"date":"2024-11-06T09:41:30","date_gmt":"2024-11-06T08:41:30","guid":{"rendered":"https:\/\/www.greenpeace.org\/czech\/?p=21154"},"modified":"2025-11-13T09:42:55","modified_gmt":"2025-11-13T08:42:55","slug":"soud-zrusil-rtutovou-vyjimku-pred-3-mesici-ale-pocerady-stale-neplni-limit-urad-totiz-porusuje-zakon-a-nekona","status":"publish","type":"post","link":"https:\/\/www.greenpeace.org\/czech\/tiskova-zprava\/21154\/soud-zrusil-rtutovou-vyjimku-pred-3-mesici-ale-pocerady-stale-neplni-limit-urad-totiz-porusuje-zakon-a-nekona\/","title":{"rendered":"Soud zru\u0161il rtu\u0165ovou v\u00fdjimku p\u0159ed t\u0159emi m\u011bs\u00edci, ale Po\u010derady st\u00e1le nepln\u00ed limit. \u00da\u0159ad toti\u017e poru\u0161uje z\u00e1kon a nekon\u00e1"},"content":{"rendered":"\n<p>Z\u00edtra uplynou p\u0159esn\u011b t\u0159i m\u011bs\u00edce od okam\u017eiku, kdy Krajsk\u00fd soud v \u00dast\u00ed nad Labem <a href=\"https:\/\/www.greenpeace.org\/czech\/tiskova-zprava\/20833\/soud-zrusil-uhelne-elektrarne-pocerady-emisni-vyjimku-na-toxickou-rtut-musi-zastavit-provoz\/\">zru\u0161il rozs\u00e1hlou v\u00fdjimku<\/a> z limitu na ochranu zdrav\u00ed p\u0159ed toxickou rtut\u00ed, kterou dostala uheln\u00e1 elektr\u00e1rna Po\u010derady v roce 2021. Elektr\u00e1rna ze skupiny Sev.En miliard\u00e1\u0159e Pavla Tyka\u010de v\u0161ak nad\u00e1le \u0159\u00e1dn\u00fd emisn\u00ed limit nepln\u00ed. Krajsk\u00fd \u00fa\u0159ad \u00dasteck\u00e9ho kraje toti\u017e v rozporu se z\u00e1konem elektr\u00e1rn\u011b nezm\u011bnil integrovan\u00e9 povolen\u00ed a nedoplnil rtu\u0165ov\u00fd limit v z\u00e1konn\u00e9 \u00farovni. Ekologick\u00e9 organizace Hnut\u00ed DUHA a Greenpeace a expertn\u00ed skupina Frank Bold krajsk\u00fd \u00fa\u0159ad ji\u017e dvakr\u00e1t vyzvaly k dodr\u017eov\u00e1n\u00ed z\u00e1kona a upozornily i nad\u0159\u00edzen\u00e9 Ministerstvo \u017eivotn\u00edho prost\u0159ed\u00ed. Z\u00edtra z\u00e1rove\u0148 budou poslanci a poslankyn\u011b na Hospod\u00e1\u0159sk\u00e9m v\u00fdboru jednat mimo jin\u00e9 o pozm\u011b\u0148ovac\u00edm n\u00e1vrhu k novele energetick\u00e9ho z\u00e1kona, kter\u00fd by otev\u0159el Po\u010derad\u016fm cestu k dotov\u00e1n\u00ed ztr\u00e1tov\u00e9ho provozu pen\u011bzi spot\u0159ebitel\u016f elekt\u0159iny.<\/p>\n\n<figure class=\"wp-block-image size-large\"><img loading=\"lazy\" decoding=\"async\" width=\"1024\" height=\"683\" src=\"https:\/\/www.greenpeace.org\/static\/planet4-czech-republic-stateless\/2019\/06\/e059f228-dsc2809_ibra_net-1024x683.jpg\" alt=\"\" class=\"wp-image-3670\" srcset=\"https:\/\/www.greenpeace.org\/static\/planet4-czech-republic-stateless\/2019\/06\/e059f228-dsc2809_ibra_net-1024x683.jpg 1024w, https:\/\/www.greenpeace.org\/static\/planet4-czech-republic-stateless\/2019\/06\/e059f228-dsc2809_ibra_net-300x200.jpg 300w, https:\/\/www.greenpeace.org\/static\/planet4-czech-republic-stateless\/2019\/06\/e059f228-dsc2809_ibra_net-768x512.jpg 768w, https:\/\/www.greenpeace.org\/static\/planet4-czech-republic-stateless\/2019\/06\/e059f228-dsc2809_ibra_net-510x340.jpg 510w, https:\/\/www.greenpeace.org\/static\/planet4-czech-republic-stateless\/2019\/06\/e059f228-dsc2809_ibra_net.jpg 1500w\" sizes=\"auto, (max-width: 1024px) 100vw, 1024px\" \/><figcaption class=\"wp-element-caption\">Elektr\u00e1rna Po\u010derady<div class=\"credit icon-left\"> \u00a9 (c) Greenpeace &#8211; Ibra Ibrahimovi\u010d<\/div><\/figcaption><\/figure>\n\n<p>Krajsk\u00fd soud dne 7. 8. 2024 na z\u00e1klad\u011b \u017ealoby ekologick\u00fdch organizac\u00ed Hnut\u00ed DUHA a Greenpeace a expertn\u00ed skupiny Frank Bold pravomocn\u011b zru\u0161il rozhodnut\u00ed krajsk\u00e9ho \u00fa\u0159adu i potvrzuj\u00edc\u00ed rozhodnut\u00ed M\u017dP z roku 2021, kter\u00e9 umo\u017e\u0148ovaly z uheln\u00e9 elektr\u00e1rny vypou\u0161t\u011bt \u010dty\u0159ikr\u00e1t v\u00edce toxick\u00e9 rtuti, ne\u017e stanovil evropsk\u00fd limit schv\u00e1len\u00fd ji\u017e v roce 2017. Rozhodnut\u00ed byla dle soudu nez\u00e1konn\u00e1 a jejich rozsah zcela neopodstatn\u011bn\u00fd. Elektr\u00e1rna se v\u0161ak \u0159\u00edd\u00ed tzv. integrovan\u00fdm povolen\u00edm, kde po zru\u0161en\u00ed v\u00fdjimky chyb\u00ed \u0159\u00e1dn\u00fd (nev\u00fdjimkov\u00fd) emisn\u00ed limit rtuti. Podle z\u00e1kona v takov\u00e9 situaci mus\u00ed Krajsk\u00fd \u00fa\u0159ad \u00dasteck\u00e9ho kraje emisn\u00ed limit rtuti do integrovan\u00e9ho povolen\u00ed bezodkladn\u011b doplnit. T\u00edm, \u017ee nekon\u00e1, poru\u0161uje z\u00e1kon o integrovan\u00e9 prevenci. mo\u017e\u0148uje toti\u017e provoz elektr\u00e1rny bez dodr\u017eov\u00e1n\u00ed limitu chr\u00e1n\u00edc\u00edho zdrav\u00ed lid\u00ed a ti jsou ohro\u017eov\u00e1ni zcela neregulovan\u00fdmi emisemi toxick\u00e9 rtuti.<\/p>\n\n<p>Zastaral\u00e9 a neefektivn\u00ed elektr\u00e1rny Po\u010derady a Chvaletice mohou b\u00fdt \u2013 <a href=\"https:\/\/www.seznamzpravy.cz\/clanek\/ekonomika-tykac-varuje-ze-uz-za-rok-zavre-sve-elektrarny-ve-hre-je-3000-pracovnich-mist-246879\">dle vyj\u00e1d\u0159en\u00ed vlastn\u00edka<\/a> \u2013 ji\u017e v roce 2025 ekonomicky ztr\u00e1tov\u00e9. Proto nyn\u00ed kontroverzn\u00ed miliard\u00e1\u0159 Pavel Tyka\u010d usiluje o zaveden\u00ed dotac\u00ed. Ty by umo\u017enilo schv\u00e1len\u00ed pozm\u011b\u0148ovac\u00edho n\u00e1vrhu poslankyn\u011b Bereniky Pe\u0161tov\u00e9 (ANO) k novele energetick\u00e9ho z\u00e1kona (Lex OZE 3). Majitel elektr\u00e1rny by podle n\u011bj mohl ozn\u00e1mit konec provozu a v p\u0159\u00edpad\u011b pot\u0159ebnosti elektr\u00e1rny dostat a\u017e na 3 roky dotace na pokryt\u00ed ztr\u00e1ty. N\u00e1klady by podle n\u00e1vrhu platili spot\u0159ebitel\u00e9. O n\u00e1vrhu budou z\u00edtra jednat poslanci a poslankyn\u011b na Hospod\u00e1\u0159sk\u00e9m v\u00fdboru Sn\u011bmovny. Uheln\u00e9 elektr\u00e1rny Po\u010derady a Chvaletice p\u0159itom v\u016fbec nejsou pro zaji\u0161t\u011bn\u00ed dod\u00e1vek elekt\u0159iny pot\u0159eba. Z <a href=\"https:\/\/hnutiduha.cz\/sites\/default\/files\/publikace\/2024\/04\/analyza_odstaveni_uhelnych_elektraren_pocerady_a_chvaletice_2024_04_16.pdf\">dat o v\u00fdrob\u011b a v\u00fdvozu elekt\u0159iny<\/a> vypl\u00fdv\u00e1, \u017ee tyto elektr\u00e1rny tvo\u0159\u00ed jen \u010d\u00e1st v\u00fdvozu a v ka\u017edou jednu hodinu v roce jsou nahraditeln\u00e9.<\/p>\n\n<p><strong>Ji\u0159\u00ed Ko\u017eelouh, vedouc\u00ed energetick\u00e9ho programu Hnut\u00ed DUHA, \u0159\u00edk\u00e1:<\/strong><br><em>\u201eKrajsk\u00fd \u00fa\u0159ad \u00dasteck\u00e9ho kraje ji\u017e t\u0159i m\u011bs\u00edce zcela nez\u00e1konn\u011b a navzdory rozsudku soudu kryje nadlimitn\u00ed vypou\u0161t\u011bn\u00ed toxick\u00e9 rtuti do \u017eivotn\u00edho prost\u0159ed\u00ed. Pavel Tyka\u010d mezit\u00edm neru\u0161en\u011b vyd\u011bl\u00e1v\u00e1 na po\u0161kozov\u00e1n\u00ed zdrav\u00ed lid\u00ed a je\u0161t\u011b lobbuje u politik\u016f, aby mu lid\u00e9 na toto podnik\u00e1n\u00ed p\u0159isp\u00edvali. P\u016fjdou mu na ruku jako kraj\u0161t\u00ed \u00fa\u0159edn\u00edci, nebo prosad\u00ed, aby ve\u0159ejn\u00fd z\u00e1jem byl kone\u010dn\u011b d\u016fle\u017eit\u011bj\u0161\u00ed ne\u017e zisky jednoho podnikatele?\u201c<\/em><\/p>\n\n<p><strong>Luk\u00e1\u0161 Hr\u00e1bek, tiskov\u00fd mluv\u010d\u00ed Greenpeace \u010cR, \u0159\u00edk\u00e1:<\/strong><br><em>\u201cKdy\u017e si zne\u010di\u0161\u0165ovatel\u00e9 za\u017e\u00e1daj\u00ed o n\u011bjakou zm\u011bnu integrovan\u00e9ho povolen\u00ed, \u00fa\u0159edn\u00edci ji v\u011bt\u0161inou vy\u0159izuj\u00ed obratem. O to je nepochopiteln\u011bj\u0161\u00ed, \u017ee v p\u0159\u00edpad\u011b, kdy jim zm\u011bnu povolen\u00ed pro elektr\u00e1rnu Po\u010derady na\u0159\u00edd\u00ed soud, ok\u00e1zale ho ignoruj\u00ed a rad\u011bji poru\u0161uj\u00ed z\u00e1kon, ne\u017e aby do integrovan\u00e9ho povolen\u00ed prom\u00edtli z\u00e1konn\u00e9 limity. P\u0159ed z\u00e1konem si m\u00e1me b\u00fdt v\u0161ichni rovni, ale ukazuje se, \u017ee lid\u00e9 jako Pavel Tyka\u010d jsou si p\u0159ed n\u00edm rovn\u011bj\u0161\u00ed. Nezb\u00fdv\u00e1 ne\u017e doufat, \u017ee podobnou \u00falitbu pro Tyka\u010de nepl\u00e1nuj\u00ed i politici v p\u0159\u00edpad\u011b novely energetick\u00e9ho z\u00e1kona.\u201d<\/em><\/p>\n\n<p><strong>Eli\u0161ka Beranov\u00e1, pr\u00e1vni\u010dka Frank Bold, \u0159\u00edk\u00e1:\u00a0<\/strong><br><em>\u201cPodle z\u00e1kona o integrovan\u00e9 prevenci m\u00e1 Krajsk\u00fd \u00fa\u0159ad \u00dasteck\u00e9ho kraje povinnost bezodkladn\u011b zah\u00e1jit p\u0159ezkum integrovan\u00e9ho povolen\u00ed Elektr\u00e1rny Po\u010derady a doplnit do n\u011bj \u0159\u00e1dn\u00fd emisn\u00ed limit rtuti. Prakticky to znamen\u00e1 doplnit do povolen\u00ed jedno \u010d\u00edslo, a p\u0159esto s t\u00edm krajsk\u00fd \u00fa\u0159ad po t\u0159ech m\u011bs\u00edc\u00edch ne\u010dinnosti ani neza\u010dal. Velmi si v\u00e1\u017e\u00edm ob\u011btav\u00e9 pr\u00e1ce lid\u00ed ve st\u00e1tn\u00ed spr\u00e1v\u011b, ale tyto zcela nepochopiteln\u00e9 situace v\u0161em pracovit\u00fdm \u00fa\u0159edn\u00edk\u016fm velmi kaz\u00ed pov\u011bst a podr\u00fdvaj\u00ed d\u016fv\u011bru ve funk\u010dn\u00ed pr\u00e1vn\u00ed st\u00e1t. Douf\u00e1m, \u017ee alespo\u0148 nad\u0159\u00edzen\u00e9 Ministerstvo \u017eivotn\u00edho prost\u0159ed\u00ed tento nez\u00e1konn\u00fd stav bezodkladn\u011b naprav\u00ed.\u201d<\/em><\/p>\n","protected":false},"excerpt":{"rendered":"<p>Z\u00edtra uplynou p\u0159esn\u011b t\u0159i m\u011bs\u00edce od okam\u017eiku, kdy Krajsk\u00fd soud v \u00dast\u00ed nad Labem zru\u0161il rozs\u00e1hlou v\u00fdjimku z limitu na ochranu zdrav\u00ed p\u0159ed toxickou rtut\u00ed [1], kterou dostala uheln\u00e1 elektr\u00e1rna&hellip;<\/p>\n","protected":false},"author":27,"featured_media":3670,"comment_status":"closed","ping_status":"closed","sticky":false,"template":"","format":"standard","meta":{"ep_exclude_from_search":false,"p4_og_title":"","p4_og_description":"","p4_og_image":"","p4_og_image_id":"","p4_seo_canonical_url":"","p4_campaign_name":"","p4_local_project":"","p4_basket_name":"","p4_department":"","footnotes":""},"categories":[2],"tags":[19,25],"p4-page-type":[14],"class_list":["post-21154","post","type-post","status-publish","format-standard","has-post-thumbnail","hentry","category-priroda","tag-ovzdusi","tag-konec-doby-fosilni","p4-page-type-tiskova-zprava"],"_links":{"self":[{"href":"https:\/\/www.greenpeace.org\/czech\/wp-json\/wp\/v2\/posts\/21154","targetHints":{"allow":["GET"]}}],"collection":[{"href":"https:\/\/www.greenpeace.org\/czech\/wp-json\/wp\/v2\/posts"}],"about":[{"href":"https:\/\/www.greenpeace.org\/czech\/wp-json\/wp\/v2\/types\/post"}],"author":[{"embeddable":true,"href":"https:\/\/www.greenpeace.org\/czech\/wp-json\/wp\/v2\/users\/27"}],"replies":[{"embeddable":true,"href":"https:\/\/www.greenpeace.org\/czech\/wp-json\/wp\/v2\/comments?post=21154"}],"version-history":[{"count":2,"href":"https:\/\/www.greenpeace.org\/czech\/wp-json\/wp\/v2\/posts\/21154\/revisions"}],"predecessor-version":[{"id":23124,"href":"https:\/\/www.greenpeace.org\/czech\/wp-json\/wp\/v2\/posts\/21154\/revisions\/23124"}],"wp:featuredmedia":[{"embeddable":true,"href":"https:\/\/www.greenpeace.org\/czech\/wp-json\/wp\/v2\/media\/3670"}],"wp:attachment":[{"href":"https:\/\/www.greenpeace.org\/czech\/wp-json\/wp\/v2\/media?parent=21154"}],"wp:term":[{"taxonomy":"category","embeddable":true,"href":"https:\/\/www.greenpeace.org\/czech\/wp-json\/wp\/v2\/categories?post=21154"},{"taxonomy":"post_tag","embeddable":true,"href":"https:\/\/www.greenpeace.org\/czech\/wp-json\/wp\/v2\/tags?post=21154"},{"taxonomy":"p4-page-type","embeddable":true,"href":"https:\/\/www.greenpeace.org\/czech\/wp-json\/wp\/v2\/p4-page-type?post=21154"}],"curies":[{"name":"wp","href":"https:\/\/api.w.org\/{rel}","templated":true}]}}