{"id":21312,"date":"2024-12-05T13:24:09","date_gmt":"2024-12-05T12:24:09","guid":{"rendered":"https:\/\/www.greenpeace.org\/czech\/?p=21312"},"modified":"2024-12-05T13:24:11","modified_gmt":"2024-12-05T12:24:11","slug":"dobrovolnikem-se-muze-stat-kazdy","status":"publish","type":"post","link":"https:\/\/www.greenpeace.org\/czech\/clanek\/21312\/dobrovolnikem-se-muze-stat-kazdy\/","title":{"rendered":"Dobrovoln\u00edkem se m\u016f\u017ee st\u00e1t ka\u017ed\u00fd!"},"content":{"rendered":"\n<p>P\u00e1t\u00e9ho prosince si ka\u017edoro\u010dn\u011b p\u0159ipom\u00edn\u00e1me Den dobrovolnictv\u00ed \u2013 ud\u00e1lost, kter\u00e1 poukazuje na nepopsateln\u00e9 \u00fasil\u00ed a p\u00edli dobrovolnictva z cel\u00e9ho sv\u011bta. A Greenpeace m\u00e1 opravdu co slavit, jeliko\u017e jeho dobrovolnick\u00e1 komunita m\u00e1 neodmysliteln\u00fd pod\u00edl na nespo\u010dtu po\u0159\u00e1dan\u00fdch kampan\u00ed. Pro\u010d se st\u00e1t Greenpeace dobrovoln\u00edkem \u010di dobrovolnic\u00ed? Jak funguj\u00ed lok\u00e1ln\u00ed skupiny? A \u010d\u00edm m\u016f\u017eeme pomoci, pokud nem\u00e1me na dobrovolnictv\u00ed dost \u010dasu? Na to a mnoh\u00e9 dal\u0161\u00ed jsem se ptala Fernanda Goncalvese, \u201eost\u0159\u00edlen\u00e9ho\u201c dobrovoln\u00edka pra\u017esk\u00e9 lok\u00e1ln\u00ed skupiny Greenpeace.<\/p>\n\n<figure class=\"wp-block-image size-full\"><img loading=\"lazy\" decoding=\"async\" width=\"750\" height=\"500\" src=\"https:\/\/www.greenpeace.org\/static\/planet4-czech-republic-stateless\/2024\/12\/bd9725b2-f.jpg\" alt=\"\" class=\"wp-image-21313\" srcset=\"https:\/\/www.greenpeace.org\/static\/planet4-czech-republic-stateless\/2024\/12\/bd9725b2-f.jpg 750w, https:\/\/www.greenpeace.org\/static\/planet4-czech-republic-stateless\/2024\/12\/bd9725b2-f-300x200.jpg 300w, https:\/\/www.greenpeace.org\/static\/planet4-czech-republic-stateless\/2024\/12\/bd9725b2-f-510x340.jpg 510w\" sizes=\"auto, (max-width: 750px) 100vw, 750px\" \/><\/figure>\n\n<p><br>Fernando se ve sv\u00e9m voln\u00e9m \u010dase \u2013 jedn\u00e1 se p\u0159ibli\u017en\u011b a\u017e o 10 hodin t\u00fddn\u011b \u2013 v\u011bnuje \u0161irok\u00e9 \u0161k\u00e1le dobrovolnick\u00fdch aktivit, od pl\u00e1nov\u00e1n\u00ed spole\u010densk\u00fdch ud\u00e1lost\u00ed p\u0159es design vizu\u00e1ln\u00edch materi\u00e1l\u016f a\u017e po \u00fa\u010dast na nen\u00e1siln\u00fdch p\u0159\u00edm\u00fdch akc\u00edch. Pt\u00e1m se jej tedy, zda mimo sv\u016fj pracovn\u00ed \u00favazek a aktivity v Greenpeace zvl\u00e1d\u00e1 kvalitn\u011b vyu\u017e\u00edt sv\u016fj voln\u00fd \u010das. \u201eJe toho hodn\u011b, ale m\u00e1m pr\u00e1ci, tak\u017ee n\u011bkter\u00e9 sch\u016fzky [Greenpeace] vynech\u00e1v\u00e1m. Sna\u017e\u00edm se sv\u016fj voln\u00fd \u010das vyu\u017e\u00edt do posledn\u00ed chvilky \u2013 a v\u011bnovat se i sob\u011b, ob\u010das n\u011bkam vycestovat, nav\u0161t\u00edvit s p\u0159\u00edtelkyn\u00ed jej\u00ed rodi\u010de,\u201c vysv\u011btluje a dod\u00e1v\u00e1, \u017ee kl\u00ed\u010dov\u00e1 je schopnost efektivn\u011b si v\u0161e zorganizovat.<\/p>\n\n<p>Ot\u00e1zka, zda existuj\u00ed ur\u010dit\u00e9 vlastnosti, kter\u00fdmi by m\u011bl dobrovoln\u00edk disponovat (nap\u0159\u00edklad pr\u00e1v\u011b zm\u00edn\u011bn\u00e9 schopnosti prioritizace a time managementu), jej v\u0161ak znejist\u00ed. \u201eMysl\u00edm, \u017ee dobrovoln\u00edkem se m\u016f\u017ee st\u00e1t ka\u017ed\u00fd. Rozhodn\u011b nechci n\u011bkoho opom\u00ednat&#8230; \u0158ekl bych [ale], \u017ee kdy\u017e je \u010dlov\u011bk sou\u010d\u00e1st\u00ed t\u00fdmu, je kl\u00ed\u010dov\u00e9 p\u0159evz\u00edt za n\u011bkter\u00e9 v\u011bci zodpov\u011bdnost. Proto\u017ee to nen\u00ed jen o v\u00e1s \u2013 jsou tu lid\u00e9, kte\u0159\u00ed na v\u00e1s z\u00e1visej\u00ed. [\u2026] Dokonce si mysl\u00edm, \u017ee organiza\u010dn\u00ed schopnosti jsou a\u017e druho\u0159ad\u00e9 \u2013 pokud je \u010dlov\u011bk zodpov\u011bdn\u00fd, u\u010d\u00ed se za pochodu.\u201c<\/p>\n\n<figure class=\"wp-block-image size-large\"><img loading=\"lazy\" decoding=\"async\" width=\"1024\" height=\"683\" src=\"https:\/\/www.greenpeace.org\/static\/planet4-czech-republic-stateless\/2024\/12\/c19df428-fff-1024x683.jpg\" alt=\"\" class=\"wp-image-21314\" srcset=\"https:\/\/www.greenpeace.org\/static\/planet4-czech-republic-stateless\/2024\/12\/c19df428-fff-1024x683.jpg 1024w, https:\/\/www.greenpeace.org\/static\/planet4-czech-republic-stateless\/2024\/12\/c19df428-fff-300x200.jpg 300w, https:\/\/www.greenpeace.org\/static\/planet4-czech-republic-stateless\/2024\/12\/c19df428-fff-768x512.jpg 768w, https:\/\/www.greenpeace.org\/static\/planet4-czech-republic-stateless\/2024\/12\/c19df428-fff-510x340.jpg 510w, https:\/\/www.greenpeace.org\/static\/planet4-czech-republic-stateless\/2024\/12\/c19df428-fff.jpg 1200w\" sizes=\"auto, (max-width: 1024px) 100vw, 1024px\" \/><\/figure>\n\n<p>D\u00e1le se zaj\u00edm\u00e1m bl\u00ed\u017ee o to, co pro Fernanda znamen\u00e1 \u00fa\u010dast na nen\u00e1siln\u00fdch p\u0159\u00edm\u00fdch akc\u00edch. Ten se p\u0159izn\u00e1v\u00e1, \u017ee pr\u00fd nen\u00ed \u201enatolik spole\u010densk\u00fd\u201c, aby kup\u0159\u00edkladu oslovoval kolemjdouc\u00ed p\u0159i v\u00fdb\u011bru podpis\u016f, tud\u00ed\u017e se b\u011bhem NVDA (non-violent direct action \u2013 nen\u00e1siln\u00e1 p\u0159\u00edm\u00e1 akce) c\u00edt\u00ed o pozn\u00e1n\u00ed komfortn\u011bji. Dotazuji se tedy, zda n\u011bkdy \u2013 alespo\u0148 zpo\u010d\u00e1tku \u2013 poci\u0165oval p\u0159i t\u011bchto ud\u00e1lostech obavy \u010di p\u0159\u00edmo strach. \u201eLid\u00e9, kte\u0159\u00ed se na nen\u00e1siln\u00fdch p\u0159\u00edm\u00fdch akc\u00edch pod\u00edlej\u00ed, jsou v\u017edy extr\u00e9mn\u011b zorganizovan\u00ed a staraj\u00ed se o sebe navz\u00e1jem. [\u2026] Neobejde se to bez adrenalinu, proto\u017ee d\u011bl\u00e1me n\u011bco, co nen\u00ed leg\u00e1ln\u011b povoleno \u2013 nikdy to nen\u00ed nic bl\u00e1zniv\u00e9ho, na m\u00edsto v\u0161ak mnohdy p\u0159ij\u00ed\u017ed\u00ed m\u00e9dia \u010di policie, kter\u00e1 n\u00e1s m\u016f\u017ee vysl\u00fdchat. Ale v\u0161ichni jsou na to p\u0159ipraven\u00ed, tak\u017ee se \u010dlov\u011bk c\u00edt\u00ed v pohod\u011b,\u201c objas\u0148uje Fernando, pro\u010d za takov\u00fdchto situac\u00ed nepropad\u00e1 panice.<\/p>\n\n<p>A co je podle Fernanda typick\u00e9ho pro dobrovolnickou \u010dinnost v organizac\u00edch, kter\u00e9 se v\u011bnuj\u00ed environment\u00e1ln\u00edm ot\u00e1zk\u00e1m? Na to mi odpov\u00edd\u00e1 pomoc\u00ed p\u0159\u00edkladu leto\u0161n\u00edch kampan\u00ed. \u201eNem\u016f\u017eu mluvit za Greenpeace International, ale na\u0161e lok\u00e1ln\u00ed skupina se te\u010f zab\u00fdv\u00e1 sp\u00ed\u0161 \u0161\u00ed\u0159en\u00edm pov\u011bdom\u00ed o tom, \u017ee existujeme \u2013 a \u017ee n\u00e1m [lid\u00e9] mohou pomoci,\u201c uva\u017euje a d\u00e1le svou my\u0161lenku rozv\u00e1d\u00ed. \u201ePokud nemaj\u00ed \u010das dobrovolni\u010dit, \u00fapln\u011b posta\u010d\u00ed podpis\u2026 Pomoci \u017eivotn\u00edmu prost\u0159ed\u00ed nemus\u00ed znamenat n\u011bjak\u00e9 \u0161\u00edlen\u00e9 akce, jako p\u0159iv\u00e1zat se ke stromu \u2013 je to sice sou\u010d\u00e1st\u00ed, ale nen\u00ed to jedin\u00e1 mo\u017enost, jak se lze zapojit.\u201c<\/p>\n\n<figure class=\"wp-block-image size-large\"><img loading=\"lazy\" decoding=\"async\" width=\"1024\" height=\"683\" src=\"https:\/\/www.greenpeace.org\/static\/planet4-czech-republic-stateless\/2024\/12\/38df6c21-ff-1024x683.jpg\" alt=\"\" class=\"wp-image-21315\" srcset=\"https:\/\/www.greenpeace.org\/static\/planet4-czech-republic-stateless\/2024\/12\/38df6c21-ff-1024x683.jpg 1024w, https:\/\/www.greenpeace.org\/static\/planet4-czech-republic-stateless\/2024\/12\/38df6c21-ff-300x200.jpg 300w, https:\/\/www.greenpeace.org\/static\/planet4-czech-republic-stateless\/2024\/12\/38df6c21-ff-768x512.jpg 768w, https:\/\/www.greenpeace.org\/static\/planet4-czech-republic-stateless\/2024\/12\/38df6c21-ff-510x340.jpg 510w, https:\/\/www.greenpeace.org\/static\/planet4-czech-republic-stateless\/2024\/12\/38df6c21-ff.jpg 1200w\" sizes=\"auto, (max-width: 1024px) 100vw, 1024px\" \/><\/figure>\n\n<p>Pro ty, kte\u0159\u00ed by zva\u017eovali st\u00e1t se dobrovoln\u00edkem, \u010di dobrovolnic\u00ed m\u00e1 Fernando jasn\u00fd vzkaz. \u201eBu\u010fte zv\u011bdav\u00ed a aktivn\u00ed. Pot\u0159ebujeme v\u00edce lid\u00ed, t\u011bch, co se zapoj\u00ed a cht\u011bj\u00ed v\u011bd\u011bt, co se [kolem nich] d\u011bje. B\u011b\u017ete, informujte se, bu\u010fte zv\u011bdav\u00ed, studujte a bu\u010fte aktivn\u00ed \u2013 a nebojte se chybovat! Na sv\u00e9 dr\u00e1ze aktivisty jsem mnohokr\u00e1t neprohl\u00e9dl greenwashing nebo byl jinak o\u0161\u00e1len, ale tak to prost\u011b je. Mus\u00edte se jenom d\u00e1l u\u010dit \u2013 osobn\u011b si mysl\u00edm, \u017ee (sebe)vzd\u011bl\u00e1n\u00ed je v dne\u0161n\u00ed dob\u011b nedocen\u011bn\u00e9. Jde o to, n\u011bco u\u010dinit,\u201c dopl\u0148uje odhodlan\u011b. A bezesporu m\u00e1 pravdu. Ve sv\u011bt\u011b pln\u00e9m nejistot se mnoh\u00fdm z n\u00e1s jev\u00ed, jako bychom nem\u011bli \u017e\u00e1dnou mo\u017enost pod\u00edlet se na k\u00fd\u017een\u00e9 zm\u011bn\u011b. Zku\u0161enost Fernanda a dal\u0161\u00edch v\u0161ak ukazuje, \u017ee dobrovolnictv\u00ed m\u016f\u017ee b\u00fdt p\u0159esn\u011b t\u00edm krokem, kter\u00fd n\u00e1m dok\u00e1\u017ee navr\u00e1tit nad\u011bji a v\u00edru v lep\u0161\u00ed budoucnost. Sta\u010d\u00ed to jen zkusit!<\/p>\n\t\t\t<section\n\t\t\tclass=\"boxout post-670 \"\n\t\t\t\n\t\t>\n\t\t\t<a\n\t\t\t\tdata-ga-category=\"Take Action Boxout\"\n\t\t\t\tdata-ga-action=\"Image\"\n\t\t\t\tdata-ga-label=\"n\/a\"\n\t\t\t\tclass=\"cover-card-overlay\"\n\t\t\t\thref=\"https:\/\/www.greenpeace.org\/czech\/zapoj-se\/dobrovolnictvi\/\" \n\t\t\t><\/a>\n\t\t\t\t\t\t\t<img\n\t\t\t\t\t\tsrc=\"https:\/\/www.greenpeace.org\/static\/planet4-czech-republic-stateless\/2022\/07\/2f77597f-20220719132018-191db24a-xx-1024x683.jpg\"\n\t\t\t\t\t\tsrcset=\"https:\/\/www.greenpeace.org\/static\/planet4-czech-republic-stateless\/2022\/07\/2f77597f-20220719132018-191db24a-xx-300x200.jpg 300w, https:\/\/www.greenpeace.org\/static\/planet4-czech-republic-stateless\/2022\/07\/2f77597f-20220719132018-191db24a-xx-1024x683.jpg 1024w, https:\/\/www.greenpeace.org\/static\/planet4-czech-republic-stateless\/2022\/07\/2f77597f-20220719132018-191db24a-xx-768x512.jpg 768w, https:\/\/www.greenpeace.org\/static\/planet4-czech-republic-stateless\/2022\/07\/2f77597f-20220719132018-191db24a-xx-1536x1024.jpg 1536w, https:\/\/www.greenpeace.org\/static\/planet4-czech-republic-stateless\/2022\/07\/2f77597f-20220719132018-191db24a-xx-510x340.jpg 510w, https:\/\/www.greenpeace.org\/static\/planet4-czech-republic-stateless\/2022\/07\/2f77597f-20220719132018-191db24a-xx.jpg 1656w\"\n\t\t\t\t\t\tsizes=\"(min-width: 1000px) 358px, (min-width: 780px) 313px, 88px\"\n\t\t\t\t\t\talt=\"\" title=\"\"\n\t\t\t\t\/>\n            \t\t\t<div class=\"boxout-content\">\n\t\t\t\t\t\t\t\t\t<a\n\t\t\t\t\t\tclass=\"boxout-heading medium\"\n\t\t\t\t\t\tdata-ga-category=\"Take Action Boxout\"\n\t\t\t\t\t\tdata-ga-action=\"Title\"\n\t\t\t\t\t\tdata-ga-label=\"n\/a\"\n\t\t\t\t\t\thref=\"https:\/\/www.greenpeace.org\/czech\/zapoj-se\/dobrovolnictvi\/\"\n\t\t\t\t\t\t\n\t\t\t\t\t>\n\t\t\t\t\t\tDobrovolnictv\u00ed\n\t\t\t\t\t<\/a>\n\t\t\t\t\t\t\t\t\t\t\t\t\t<p class=\"boxout-excerpt\">Greenpeace je organizace, jej\u00ed\u017e pr\u00e1ce by byla nemysliteln\u00e1 bez pomoci dobrovoln\u00edk\u016f. \r\n<\/p>\n\t\t\t\t                                    <a\n                        class=\"btn btn-primary\"\n                        data-ga-category=\"Take Action Boxout\"\n                        data-ga-action=\"Call to Action\"\n                        data-ga-label=\"n\/a\"\n                        href=\"https:\/\/www.greenpeace.org\/czech\/zapoj-se\/dobrovolnictvi\/\"\n                        \n                    >\n                        Jdu do toho\n                    <\/a>\n                \t\t\t<\/div>\n\t\t\t\t\t<\/section>\n\t","protected":false},"excerpt":{"rendered":"<p>P\u00e1t\u00e9ho prosince si ka\u017edoro\u010dn\u011b p\u0159ipom\u00edn\u00e1me Den dobrovolnictv\u00ed \u2013 ud\u00e1lost, kter\u00e1 poukazuje na nepopsateln\u00e9 \u00fasil\u00ed a p\u00edli dobrovolnictva z cel\u00e9ho sv\u011bta. A Greenpeace m\u00e1 opravdu co slavit, jeliko\u017e jeho dobrovolnick\u00e1 komunita&hellip;<\/p>\n","protected":false},"author":55,"featured_media":21313,"comment_status":"closed","ping_status":"closed","sticky":false,"template":"","format":"standard","meta":{"ep_exclude_from_search":false,"p4_og_title":"Dobrovoln\u00edkem se m\u016f\u017ee st\u00e1t ka\u017ed\u00fd!","p4_og_description":"P\u00e1t\u00e9ho prosince si ka\u017edoro\u010dn\u011b p\u0159ipom\u00edn\u00e1me Den dobrovolnictv\u00ed \u2013 ud\u00e1lost, kter\u00e1 poukazuje na nepopsateln\u00e9 \u00fasil\u00ed a p\u00edli dobrovolnictva z cel\u00e9ho sv\u011bta. A Greenpeace m\u00e1 opravdu co slavit, jeliko\u017e jeho dobrovolnick\u00e1 komunita m\u00e1 neodmysliteln\u00fd pod\u00edl na nespo\u010dtu po\u0159\u00e1dan\u00fdch kampan\u00ed.","p4_og_image":"https:\/\/www.greenpeace.org\/static\/planet4-czech-republic-stateless\/2024\/12\/c19df428-fff.jpg","p4_og_image_id":"21314","p4_seo_canonical_url":"","p4_campaign_name":"","p4_local_project":"","p4_basket_name":"","p4_department":"","footnotes":""},"categories":[30],"tags":[24,13,31],"p4-page-type":[16],"class_list":["post-21312","post","type-post","status-publish","format-standard","has-post-thumbnail","hentry","category-greenpeace","tag-aktivni-spolecnost","tag-o-greenpeace","tag-o-nas","p4-page-type-clanek"],"_links":{"self":[{"href":"https:\/\/www.greenpeace.org\/czech\/wp-json\/wp\/v2\/posts\/21312","targetHints":{"allow":["GET"]}}],"collection":[{"href":"https:\/\/www.greenpeace.org\/czech\/wp-json\/wp\/v2\/posts"}],"about":[{"href":"https:\/\/www.greenpeace.org\/czech\/wp-json\/wp\/v2\/types\/post"}],"author":[{"embeddable":true,"href":"https:\/\/www.greenpeace.org\/czech\/wp-json\/wp\/v2\/users\/55"}],"replies":[{"embeddable":true,"href":"https:\/\/www.greenpeace.org\/czech\/wp-json\/wp\/v2\/comments?post=21312"}],"version-history":[{"count":2,"href":"https:\/\/www.greenpeace.org\/czech\/wp-json\/wp\/v2\/posts\/21312\/revisions"}],"predecessor-version":[{"id":21317,"href":"https:\/\/www.greenpeace.org\/czech\/wp-json\/wp\/v2\/posts\/21312\/revisions\/21317"}],"wp:featuredmedia":[{"embeddable":true,"href":"https:\/\/www.greenpeace.org\/czech\/wp-json\/wp\/v2\/media\/21313"}],"wp:attachment":[{"href":"https:\/\/www.greenpeace.org\/czech\/wp-json\/wp\/v2\/media?parent=21312"}],"wp:term":[{"taxonomy":"category","embeddable":true,"href":"https:\/\/www.greenpeace.org\/czech\/wp-json\/wp\/v2\/categories?post=21312"},{"taxonomy":"post_tag","embeddable":true,"href":"https:\/\/www.greenpeace.org\/czech\/wp-json\/wp\/v2\/tags?post=21312"},{"taxonomy":"p4-page-type","embeddable":true,"href":"https:\/\/www.greenpeace.org\/czech\/wp-json\/wp\/v2\/p4-page-type?post=21312"}],"curies":[{"name":"wp","href":"https:\/\/api.w.org\/{rel}","templated":true}]}}