{"id":21372,"date":"2024-12-16T10:33:02","date_gmt":"2024-12-16T09:33:02","guid":{"rendered":"https:\/\/www.greenpeace.org\/czech\/?p=21372"},"modified":"2024-12-17T12:31:14","modified_gmt":"2024-12-17T11:31:14","slug":"podzim-2024","status":"publish","type":"post","link":"https:\/\/www.greenpeace.org\/czech\/magazin\/21372\/podzim-2024\/","title":{"rendered":"Podzim 2024"},"content":{"rendered":"\n<figure class=\"wp-block-image size-full\"><img loading=\"lazy\" decoding=\"async\" width=\"1000\" height=\"1000\" src=\"https:\/\/www.greenpeace.org\/static\/planet4-czech-republic-stateless\/2024\/12\/904fd57c-nahled-na-p4.png\" alt=\"\" class=\"wp-image-21373\" srcset=\"https:\/\/www.greenpeace.org\/static\/planet4-czech-republic-stateless\/2024\/12\/904fd57c-nahled-na-p4.png 1000w, https:\/\/www.greenpeace.org\/static\/planet4-czech-republic-stateless\/2024\/12\/904fd57c-nahled-na-p4-300x300.png 300w, https:\/\/www.greenpeace.org\/static\/planet4-czech-republic-stateless\/2024\/12\/904fd57c-nahled-na-p4-150x150.png 150w, https:\/\/www.greenpeace.org\/static\/planet4-czech-republic-stateless\/2024\/12\/904fd57c-nahled-na-p4-768x768.png 768w, https:\/\/www.greenpeace.org\/static\/planet4-czech-republic-stateless\/2024\/12\/904fd57c-nahled-na-p4-340x340.png 340w, https:\/\/www.greenpeace.org\/static\/planet4-czech-republic-stateless\/2024\/12\/904fd57c-nahled-na-p4-400x400.png 400w, https:\/\/www.greenpeace.org\/static\/planet4-czech-republic-stateless\/2024\/12\/904fd57c-nahled-na-p4-600x600.png 600w\" sizes=\"auto, (max-width: 1000px) 100vw, 1000px\" \/><\/figure>\n\n<h2 class=\"wp-block-heading\">Obsah \u010d\u00edsla<\/h2>\n\n<ul class=\"wp-block-list\">\n<li>Vyk\u00e1cej\u00ed Lesy \u010cR p\u0159es 15 tis\u00edc strom\u016f p\u0159ed vznikem CHKO Kru\u0161n\u00e9 hory?<\/li>\n\n\n\n<li>\u017dd\u00e1nick\u00fd les zachr\u00e1n\u011bn?<\/li>\n\n\n\n<li>Potvrzeno: Lesy \u010cR k\u00e1cely star\u00e9 lesy v Kru\u0161n\u00fdch hor\u00e1ch ileg\u00e1ln\u011b<\/li>\n\n\n\n<li>\u00dasteck\u00fd kraj op\u011bt zak\u00e1zal Les\u016fm \u010cR k\u00e1cet kru\u0161nohorsk\u00e9 lesy star\u0161\u00ed 120 let<\/li>\n\n\n\n<li>Greenpeace vzn\u00e1\u0161\u00ed p\u0159ipom\u00ednky k CHKO Kru\u0161n\u00e9 hory<\/li>\n\n\n\n<li>Elektr\u00e1rna Po\u010derady poru\u0161uje z\u00e1kon<\/li>\n\n\n\n<li>Slovn\u00edk budoucnosti<\/li>\n\n\n\n<li>Nepla\u0165me kapacitn\u00ed platby<\/li>\n\n\n\n<li>Windfall tax by m\u011bli platit v\u0161ichni, kte\u0159\u00ed vyd\u011bl\u00e1vaj\u00ed na krizi<\/li>\n\n\n\n<li>Greenpeace dobrovoln\u00edkem na festivalu<\/li>\n\n\n\n<li>Greenspeakers<\/li>\n<\/ul>\n\n<div class=\"wp-block-buttons is-layout-flex wp-block-buttons-is-layout-flex\">\n<div class=\"wp-block-button is-style-cta\"><a class=\"wp-block-button__link wp-element-button\" href=\"https:\/\/www.greenpeace.org\/static\/planet4-czech-republic-stateless\/2024\/12\/c0db974a-maketa_gp_03-2024.pdf\">St\u00e1hnout magaz\u00edn (PDF, 3 MB)<\/a><\/div>\n<\/div>\n\n<p><\/p>\n","protected":false},"excerpt":{"rendered":"<p>Vyk\u00e1cej\u00ed Lesy \u010cR p\u0159es 15 tis\u00edc strom\u016f p\u0159ed vznikem CHKO Kru\u0161n\u00e9 hory? \u2022 \u017dd\u00e1nick\u00fd les zachr\u00e1n\u011bn? \u2022 Potvrzeno: Lesy \u010cR k\u00e1cely star\u00e9 lesy v Kru\u0161n\u00fdch hor\u00e1ch ileg\u00e1ln\u011b \u2022 \u00dasteck\u00fd kraj op\u011bt zak\u00e1zal Les\u016fm \u010cR k\u00e1cet kru\u0161nohorsk\u00e9 lesy star\u0161\u00ed 120 let \u2022 Greenpeace vzn\u00e1\u0161\u00ed p\u0159ipom\u00ednky k CHKO Kru\u0161n\u00e9 hory \u2022 Elektr\u00e1rna Po\u010derady poru\u0161uje z\u00e1kon \u2022 Slovn\u00edk budoucnosti \u2022 Nepla\u0165me kapacitn\u00ed platby \u2022 Windfall tax by m\u011bli platit v\u0161ichni, kte\u0159\u00ed vyd\u011bl\u00e1vaj\u00ed na krizi \u2022 Greenpeace dobrovoln\u00edkem na festivalu \u2022 Greenspeakers<\/p>\n","protected":false},"author":37,"featured_media":21373,"comment_status":"closed","ping_status":"closed","sticky":false,"template":"","format":"standard","meta":{"ep_exclude_from_search":false,"p4_og_title":"","p4_og_description":"","p4_og_image":"","p4_og_image_id":"","p4_seo_canonical_url":"","p4_campaign_name":"not set","p4_local_project":"not set","p4_basket_name":"not set","p4_department":"","footnotes":""},"categories":[30],"tags":[],"p4-page-type":[35],"class_list":["post-21372","post","type-post","status-publish","format-standard","has-post-thumbnail","hentry","category-greenpeace","p4-page-type-magazin"],"_links":{"self":[{"href":"https:\/\/www.greenpeace.org\/czech\/wp-json\/wp\/v2\/posts\/21372","targetHints":{"allow":["GET"]}}],"collection":[{"href":"https:\/\/www.greenpeace.org\/czech\/wp-json\/wp\/v2\/posts"}],"about":[{"href":"https:\/\/www.greenpeace.org\/czech\/wp-json\/wp\/v2\/types\/post"}],"author":[{"embeddable":true,"href":"https:\/\/www.greenpeace.org\/czech\/wp-json\/wp\/v2\/users\/37"}],"replies":[{"embeddable":true,"href":"https:\/\/www.greenpeace.org\/czech\/wp-json\/wp\/v2\/comments?post=21372"}],"version-history":[{"count":2,"href":"https:\/\/www.greenpeace.org\/czech\/wp-json\/wp\/v2\/posts\/21372\/revisions"}],"predecessor-version":[{"id":21376,"href":"https:\/\/www.greenpeace.org\/czech\/wp-json\/wp\/v2\/posts\/21372\/revisions\/21376"}],"wp:featuredmedia":[{"embeddable":true,"href":"https:\/\/www.greenpeace.org\/czech\/wp-json\/wp\/v2\/media\/21373"}],"wp:attachment":[{"href":"https:\/\/www.greenpeace.org\/czech\/wp-json\/wp\/v2\/media?parent=21372"}],"wp:term":[{"taxonomy":"category","embeddable":true,"href":"https:\/\/www.greenpeace.org\/czech\/wp-json\/wp\/v2\/categories?post=21372"},{"taxonomy":"post_tag","embeddable":true,"href":"https:\/\/www.greenpeace.org\/czech\/wp-json\/wp\/v2\/tags?post=21372"},{"taxonomy":"p4-page-type","embeddable":true,"href":"https:\/\/www.greenpeace.org\/czech\/wp-json\/wp\/v2\/p4-page-type?post=21372"}],"curies":[{"name":"wp","href":"https:\/\/api.w.org\/{rel}","templated":true}]}}