{"id":2148,"date":"2018-12-11T18:06:05","date_gmt":"2018-12-11T16:06:05","guid":{"rendered":"https:\/\/master.k8s.p4.greenpeace.org\/czech\/?p=2148"},"modified":"2019-11-06T10:38:01","modified_gmt":"2019-11-06T08:38:01","slug":"obrovsky-skok-v-kampani-za-zachranu-indoneskych-pralesu-lide-primeli-firmu-wilmar-jednat","status":"publish","type":"post","link":"https:\/\/www.greenpeace.org\/czech\/clanek\/2148\/obrovsky-skok-v-kampani-za-zachranu-indoneskych-pralesu-lide-primeli-firmu-wilmar-jednat\/","title":{"rendered":"Obrovsk\u00fd skok v kampani za z\u00e1chranu Indon\u00e9sk\u00fdch prales\u016f: lid\u00e9 p\u0159im\u011bli firmu Wilmar jednat."},"content":{"rendered":"<p><span style=\"font-weight: 400;\">Nejv\u011bt\u0161\u00ed sv\u011btov\u00fd obchodn\u00edk s palmov\u00fdm olejem Wilmar v\u010dera zve\u0159ejnil <\/span><a href=\"http:\/\/media.corporate-ir.net\/media_files\/IROL\/16\/164878\/News-Release-10-Dec-18-Wilmar-Leads-Palm-Oil-Industry-to-be-Deforestation-Free.pdf\" target=\"_blank\" rel=\"noopener noreferrer\"><span style=\"font-weight: 400;\">detailn\u00ed ak\u010dn\u00ed pl\u00e1n<\/span><\/a><span style=\"font-weight: 400;\">, jak bude mapovat a monitorovat v\u0161echny sv\u00e9 dodavatele. Jedn\u00e1 se o velice d\u016fle\u017eit\u00fd miln\u00edk v kampani za zastaven\u00ed k\u00e1cen\u00ed prales\u016f v Indon\u00e9sii. Spole\u010dnost Wilmar<\/span><span style=\"font-weight: 400;\"> p\u0159ijala z\u00e1sady <\/span><a href=\"https:\/\/www.wilmar-international.com\/wp-content\/uploads\/2012\/11\/No-Deforestation-No-Peat-No-Exploitation-Policy.pdf\" target=\"_blank\" rel=\"noopener noreferrer\"><span style=\"font-weight: 400;\">\u017e\u00e1dn\u00e9 odles\u0148ov\u00e1n\u00ed, \u017e\u00e1dn\u00e1 destrukce ra\u0161elini\u0161\u0165 a \u017e\u00e1dn\u00e9 poru\u0161ov\u00e1n\u00ed lidsk\u00fdch pr\u00e1v<\/span><\/a><span style=\"font-weight: 400;\"> ji\u017e v roce 2013, v n\u00e1sleduj\u00edc\u00edm roce jejich p\u0159\u00edkladu n\u00e1sledovala v\u011bt\u0161ina palmoolejn\u00fdch firem. P\u0159esto k\u00e1cen\u00ed prales\u016f dodnes pokra\u010duje kv\u016fli nedostate\u010dn\u00e9 kontrole t\u011bchto pravidel. To se ale m\u00e1 nyn\u00ed kone\u010dn\u011b zm\u011bnit.<\/span><\/p>\n<p><a href=\"https:\/\/act.gp\/2SJzhaz\" target=\"_blank\" rel=\"noopener noreferrer\"><img loading=\"lazy\" decoding=\"async\" class=\"alignnone wp-image-2152\" src=\"https:\/\/www.greenpeace.org\/static\/planet4-czech-republic-stateless\/2018\/12\/db3cc617-gp0strvis-300x201.jpg\" alt=\"PT Megakarya Jaya Raya (PT MJR) Palm Oil Concession in Papua. \u00a9 Ulet Ifansasti\" width=\"999\" height=\"669\" srcset=\"https:\/\/www.greenpeace.org\/static\/planet4-czech-republic-stateless\/2018\/12\/db3cc617-gp0strvis-300x201.jpg 300w, https:\/\/www.greenpeace.org\/static\/planet4-czech-republic-stateless\/2018\/12\/db3cc617-gp0strvis-768x513.jpg 768w, https:\/\/www.greenpeace.org\/static\/planet4-czech-republic-stateless\/2018\/12\/db3cc617-gp0strvis.jpg 1200w\" sizes=\"auto, (max-width: 999px) 100vw, 999px\" \/><\/a><\/p>\n<p><span style=\"font-weight: 400;\">Jedn\u00e1 se o obrovsk\u00fd krok spr\u00e1vn\u00fdm sm\u011brem, ale rozhodn\u011b nen\u00ed konec. Chceme, aby se sliby p\u0159em\u011bnily v \u010diny, tak\u017ee firmu Wilmar budeme velmi bedliv\u011b sledovat. Pokud ale tento nov\u011b vydan\u00fd ak\u010dn\u00ed pl\u00e1n bude implementov\u00e1n spr\u00e1vn\u011b, bude se t\u00fdkat<\/span><b> t\u00e9m\u011b\u0159 poloviny sv\u011btov\u00e9 produkce palmov\u00e9ho oleje<\/b><span style=\"font-weight: 400;\">. <\/span><\/p>\n<p><b>Nejv\u011bt\u0161\u00ed obchodn\u00edk s palmov\u00fdmi oleji na sv\u011bt\u011b firma Wilmar ozn\u00e1mila, \u017ee&#8230;<\/b><\/p>\n<ul>\n<li style=\"font-weight: 400;\"><span style=\"font-weight: 400;\">Zmapuje a zve\u0159ejn\u00ed v\u0161echny sv\u00e9 dodavatele palmov\u00e9ho oleje<\/span><\/li>\n<li style=\"font-weight: 400;\"><span style=\"font-weight: 400;\">Pomoc\u00ed satelit\u016f bude hl\u00eddat odles\u0148ov\u00e1n\u00ed v regionu<\/span><\/li>\n<li style=\"font-weight: 400;\"><span style=\"font-weight: 400;\">Pozastav\u00ed spolupr\u00e1ci se v\u0161emi dodavateli, kte\u0159\u00ed k\u00e1c\u00ed pralesy<\/span><\/li>\n<\/ul>\n<p><span style=\"font-weight: 400;\">Znamen\u00e1 to tedy, \u017ee se firmy, kter\u00e9 st\u00e1le k\u00e1cej\u00ed pralesy kv\u016fli zisku ji\u017e nebudou moci schovat a \u017ee v\u0161ichni jeho dodavatel\u00e9 budou monitorov\u00e1ni dru\u017eicemi. Nyn\u00ed budeme tla\u010dit dal\u0161\u00ed firmy, aby Wilmar n\u00e1sledovali, abychom dok\u00e1zali ohl\u00eddat i tu druhou polovinu vyprodukovan\u00e9ho palmov\u00e9ho oleje.\u00a0P\u0159ed deseti lety se 450 glob\u00e1ln\u00edch zna\u010dek a jejich dodavatel\u00e9 zav\u00e1zali k tomu, \u017ee zastav\u00ed odles\u0148ov\u00e1n\u00ed do roku 2020. Nyn\u00ed jim ov\u0161em zb\u00fdv\u00e1 ji\u017e jen 400 dn\u00ed a k\u00e1cen\u00ed v Indon\u00e9sii st\u00e1le pokra\u010duje.<\/span><\/p>\n<p><a href=\"https:\/\/act.gp\/2SJzhaz\"><b>Pomozte n\u00e1m tyto firmy p\u0159esv\u011bd\u010dit, \u017ee v jejich v\u00fdrobc\u00edch nechceme \u017e\u00e1dn\u00fd \u201c\u0161pinav\u00fd palmov\u00fd olej\u201d a podpo\u0159te kampa\u0148 za ochranu indon\u00e9sk\u00fdch prales\u016f i \u017eivota v nich.<\/b><\/a><\/p>\n<p><b>To opravdov\u00e9 uzn\u00e1n\u00ed v tomto p\u0159\u00edb\u011bhu ale pat\u0159\u00ed lidem, kte\u0159\u00ed se o tento miln\u00edk zasadili. Kampa\u0148 za zastaven\u00ed odles\u0148ov\u00e1n\u00ed v Indon\u00e9sii vede Greenpeace ji\u017e \u0159adu let. Jen d\u00edky obrovsk\u00e9 podpo\u0159e v\u00edce lid\u00ed z cel\u00e9ho sv\u011bta, mezi n\u011b\u017e pat\u0159\u00ed i t\u00e9m\u011b\u0159 200\u00a0000 lid\u00ed z \u010cesk\u00e9 republiky, se postupn\u011b da\u0159\u00ed dosahovat \u00fasp\u011bch\u016f, kter\u00e9 maj\u00ed v celkov\u00e9m m\u011b\u0159\u00edtku obrovsk\u00fd vliv. K z\u00e1vazku nulov\u00e9ho odles\u0148ov\u00e1n\u00ed se postupn\u011b p\u0159idaly des\u00edtky firem, proto\u017ee jejich z\u00e1kazn\u00edci se \u010d\u00edm d\u00e1l v\u00edce o tento probl\u00e9m zaj\u00edmaj\u00ed. Po cel\u00e9m sv\u011bt\u011b se zapojilo neskute\u010dn\u00e9 mno\u017estv\u00ed lid\u00ed, psali firm\u00e1m, komentovali a sd\u00edleli, mluvili o tom s p\u0159\u00e1teli a spole\u010dn\u011b po\u017eadovali, aby kv\u016fli jejich obl\u00edben\u00fdm produkt\u016fm nepokra\u010dovala devastace vz\u00e1cn\u00fdch prales\u016f. \u00a0<\/b><\/p>\n<p><a href=\"https:\/\/act.gp\/2SJzhaz\" target=\"_blank\" rel=\"noopener noreferrer\"><img loading=\"lazy\" decoding=\"async\" class=\"alignnone wp-image-2150\" src=\"https:\/\/www.greenpeace.org\/static\/planet4-czech-republic-stateless\/2018\/12\/22947266-gp0stqfo0-300x200.jpg\" alt=\"Orangutans at BOS Nyaru Menteng Orangutan Rescue Center in Indonesia. \u00a9 Bjorn Vaugn\" width=\"993\" height=\"662\" srcset=\"https:\/\/www.greenpeace.org\/static\/planet4-czech-republic-stateless\/2018\/12\/22947266-gp0stqfo0-300x200.jpg 300w, https:\/\/www.greenpeace.org\/static\/planet4-czech-republic-stateless\/2018\/12\/22947266-gp0stqfo0-768x512.jpg 768w, https:\/\/www.greenpeace.org\/static\/planet4-czech-republic-stateless\/2018\/12\/22947266-gp0stqfo0-1024x683.jpg 1024w, https:\/\/www.greenpeace.org\/static\/planet4-czech-republic-stateless\/2018\/12\/22947266-gp0stqfo0-510x340.jpg 510w, https:\/\/www.greenpeace.org\/static\/planet4-czech-republic-stateless\/2018\/12\/22947266-gp0stqfo0.jpg 1200w\" sizes=\"auto, (max-width: 993px) 100vw, 993px\" \/><\/a><\/p>\n<p><span style=\"font-weight: 400;\">Wilmar p\u0159isl\u00edbil ukon\u010dit devastaci prales\u016f ji\u017e p\u0159ed p\u011bti lety. Dlouhodob\u00e9 vy\u0161et\u0159ov\u00e1n\u00ed, kter\u00e9 Greenpeace podniklo, ale odhalilo probl\u00e9my v dodavatelsk\u00e9m \u0159et\u011bzci Wilmaru. Na z\u00e1klad\u011b t\u011bchto zji\u0161t\u011bn\u00ed Greenpeace spustilo celosv\u011btovou kampa\u0148. V uplynul\u00fdch t\u0159ech m\u011bs\u00edc\u00edch aktivist\u00e9 Greenpeace okupovali rafin\u00e9rii Wilmaru v Indon\u00e9sii a n\u011bkolikr\u00e1t protestovali p\u0159\u00edmo na lodi p\u0159iv\u00e1\u017eej\u00edc\u00ed palmov\u00fd olej do Evropy. D\u00edky t\u011bmto upozorn\u011bn\u00edm se pak lid\u00e9 v r\u016fzn\u00fdch \u010d\u00e1stech sv\u011bta obraceli i na firmu Mondel\u00e9z, kter\u00e1 od Wilmaru palmov\u00fd olej odeb\u00edr\u00e1. V It\u00e1lii dobrovoln\u00edci a dobrovolnice Greenpeace zablokovali p\u0159\u00edstupovou cestu, kter\u00e1 vede do tov\u00e1rny firmy Mondel\u00e9z.<\/span><\/p>\n<p><a href=\"https:\/\/act.gp\/2SJzhaz\" target=\"_blank\" rel=\"noopener noreferrer\"><img loading=\"lazy\" decoding=\"async\" class=\"alignnone\" src=\"https:\/\/media.greenpeace.org\/GPIDoc\/GPI\/Media\/TR1\/8\/4\/a\/b\/GP0STSI18.jpg?d63673437335\" alt=\"\" width=\"1199\" height=\"899\" \/><\/a><\/p>\n<p><span style=\"font-weight: 400;\">D\u00edky celosv\u011btov\u00e9mu tlaku milion\u016f lid\u00ed z cel\u00e9ho sv\u011bta se nakonec poda\u0159ilo Wilmar p\u0159im\u011bt p\u0159ijmout z\u00e1sadn\u00ed kroky, kter\u00e9, jak v\u011b\u0159\u00edme, brzy povedou k opravdov\u00e9mu ukon\u010den\u00ed devastace Indon\u00e9sk\u00fdch prales\u016f. Greenpeace proto nyn\u00ed zastravuje svou kampa\u0148, aby mohla firma Wilmar implementovat sv\u00e9 z\u00e1vazky a zam\u011b\u0159\u00ed se na kontrolu, zda Wilmar pravidla zavede do praxe. <\/span><\/p>\n<p><b>D\u011bkujeme v\u0161em podporovatel\u016fm a p\u0159\u00edznivc\u016fm, d\u00edky kter\u00fdm se poda\u0159ilo dos\u00e1hnout nejen tohoto, ale i mnoha dal\u0161\u00edch \u00fasp\u011bch\u016f. <\/b><span style=\"font-weight: 400;\">Celkov\u00e1 kampa\u0148 ale nekon\u010d\u00ed, do p\u0159ijet\u00ed nov\u00fdch progresivn\u00edch opat\u0159en\u00ed budeme nad\u00e1le tla\u010dit i dal\u0161\u00ed velk\u00e9 palmoolejn\u00e9 firmy. Rok 2019 mus\u00ed b\u00fdt rok, kdy ud\u011bl\u00e1me velk\u00e9 kroky k vy\u010di\u0161t\u011bn\u00ed tohoto odv\u011btv\u00ed a ukon\u010den\u00ed doby \u0161pinav\u00e9ho palmov\u00e9ho oleje. Nejde jen o indon\u00e9sk\u00fd de\u0161tn\u00fd prales a orangutany, ale i o m\u00edstn\u00ed komunity a na\u0161e klima. <\/span><\/p>\n<p><b><\/b><b><a href=\"https:\/\/act.gp\/2SJzhaz\">Dejte letos d\u00e1rek, kter\u00fd pom\u016f\u017ee ukon\u010dit dobu \u0161pinav\u00e9ho palmov\u00e9ho oleje jednou pro v\u017edy<\/a>. <\/b><\/p>\n<p><span style=\"font-weight: 400;\">D\u011bkujeme V\u00e1m za to, \u017ee jsme spole\u010dn\u011b p\u0159esv\u011bd\u010dili firmu Wilmar ke zm\u011bn\u011b. <\/span><b>M\u00e1 to smysl.<\/b><\/p>\n","protected":false},"excerpt":{"rendered":"<p>Nejv\u011bt\u0161\u00ed sv\u011btov\u00fd obchodn\u00edk s palmov\u00fdm olejem Wilmar v\u010dera zve\u0159ejnil detailn\u00ed ak\u010dn\u00ed pl\u00e1n, jak bude mapovat a monitorovat v\u0161echny sv\u00e9 dodavatele. Aby zabr\u00e1nil dal\u0161\u00edmu k\u00e1cen\u00ed, bude nap\u0159\u00edklad nov\u011b pou\u017e\u00edvat i satelity,&hellip;<\/p>\n","protected":false},"author":21,"featured_media":2170,"comment_status":"open","ping_status":"closed","sticky":false,"template":"","format":"standard","meta":{"ep_exclude_from_search":false,"p4_og_title":"","p4_og_description":"","p4_og_image":"","p4_og_image_id":"","p4_seo_canonical_url":"","p4_campaign_name":"","p4_local_project":"","p4_basket_name":"","p4_department":"","footnotes":""},"categories":[2],"tags":[17,28],"p4-page-type":[16],"class_list":["post-2148","post","type-post","status-publish","format-standard","has-post-thumbnail","hentry","category-priroda","tag-lesy-pralesy","tag-uspechy","p4-page-type-clanek"],"_links":{"self":[{"href":"https:\/\/www.greenpeace.org\/czech\/wp-json\/wp\/v2\/posts\/2148","targetHints":{"allow":["GET"]}}],"collection":[{"href":"https:\/\/www.greenpeace.org\/czech\/wp-json\/wp\/v2\/posts"}],"about":[{"href":"https:\/\/www.greenpeace.org\/czech\/wp-json\/wp\/v2\/types\/post"}],"author":[{"embeddable":true,"href":"https:\/\/www.greenpeace.org\/czech\/wp-json\/wp\/v2\/users\/21"}],"replies":[{"embeddable":true,"href":"https:\/\/www.greenpeace.org\/czech\/wp-json\/wp\/v2\/comments?post=2148"}],"version-history":[{"count":12,"href":"https:\/\/www.greenpeace.org\/czech\/wp-json\/wp\/v2\/posts\/2148\/revisions"}],"predecessor-version":[{"id":4777,"href":"https:\/\/www.greenpeace.org\/czech\/wp-json\/wp\/v2\/posts\/2148\/revisions\/4777"}],"wp:featuredmedia":[{"embeddable":true,"href":"https:\/\/www.greenpeace.org\/czech\/wp-json\/wp\/v2\/media\/2170"}],"wp:attachment":[{"href":"https:\/\/www.greenpeace.org\/czech\/wp-json\/wp\/v2\/media?parent=2148"}],"wp:term":[{"taxonomy":"category","embeddable":true,"href":"https:\/\/www.greenpeace.org\/czech\/wp-json\/wp\/v2\/categories?post=2148"},{"taxonomy":"post_tag","embeddable":true,"href":"https:\/\/www.greenpeace.org\/czech\/wp-json\/wp\/v2\/tags?post=2148"},{"taxonomy":"p4-page-type","embeddable":true,"href":"https:\/\/www.greenpeace.org\/czech\/wp-json\/wp\/v2\/p4-page-type?post=2148"}],"curies":[{"name":"wp","href":"https:\/\/api.w.org\/{rel}","templated":true}]}}