{"id":21499,"date":"2025-01-16T11:00:28","date_gmt":"2025-01-16T10:00:28","guid":{"rendered":"https:\/\/www.greenpeace.org\/czech\/?p=21499"},"modified":"2025-01-16T11:00:31","modified_gmt":"2025-01-16T10:00:31","slug":"frank-bold-a-ekologicke-organizace-podaly-stiznost-evropske-komisi-elektrarna-pocerady-navzdory-rozsudku-dal-vypousti-jedovatou-rtut","status":"publish","type":"post","link":"https:\/\/www.greenpeace.org\/czech\/tiskova-zprava\/21499\/frank-bold-a-ekologicke-organizace-podaly-stiznost-evropske-komisi-elektrarna-pocerady-navzdory-rozsudku-dal-vypousti-jedovatou-rtut\/","title":{"rendered":"Frank Bold a ekologick\u00e9 organizace podaly st\u00ed\u017enost Evropsk\u00e9 komisi: elektr\u00e1rna Po\u010derady navzdory rozsudku d\u00e1l vypou\u0161t\u00ed jedovatou rtu\u0165"},"content":{"rendered":"\n<p>Expertn\u00ed skupina Frank Bold, Greenpeace a Hnut\u00ed DUHA se obr\u00e1tily na Evropskou komisi se st\u00ed\u017enost\u00ed kv\u016fli postupu \u010desk\u00fdch \u00fa\u0159ad\u016f p\u0159i stanovov\u00e1n\u00ed emisn\u00edho limitu pro uhelnou elektr\u00e1rnu Po\u010derady. V\u00a0srpnu 2024 <a href=\"https:\/\/frankbold.org\/resime\/pripad\/elektrarna-pocerady-vyhrali-jsme-boj-o-zruseni-rozsahle-emisni-vyjimky\">zru\u0161il soud elektr\u00e1rn\u011b rozs\u00e1hlou emisn\u00ed v\u00fdjimku<\/a> a \u00fa\u0159ady m\u011bly jeho rozhodnut\u00ed bezodkladn\u011b prom\u00edtnout do povolen\u00ed k provozu. To se v\u0161ak dodnes nestalo. Elektr\u00e1rna v sou\u010dasnosti poru\u0161uje z\u00e1konn\u00fd limit pro\u00a0vypou\u0161t\u011bn\u00ed rtuti. St\u011b\u017eovatel\u00e9 po\u017eaduj\u00ed, aby Komise pro\u0161et\u0159ila, zda \u010cesk\u00e1 republika p\u0159\u00edstupem k elektr\u00e1rn\u011b Po\u010derady krom\u011b \u010desk\u00fdch pr\u00e1vn\u00edch p\u0159edpis\u016f neporu\u0161uje i unijn\u00ed <a href=\"https:\/\/www.mpo.gov.cz\/cz\/prumysl\/ippc-integrovana-prevence-a-omezovani-znecisteni\/aktuality\/konsolidovane-zneni-smernice-o-prumyslovych-emisich-ied-bylo-zverejneno--282865\/\">Sm\u011brnici o pr\u016fmyslov\u00fdch emis\u00edch<\/a>.<\/p>\n\n<figure class=\"wp-block-image size-large\"><img loading=\"lazy\" decoding=\"async\" width=\"1024\" height=\"683\" src=\"https:\/\/www.greenpeace.org\/static\/planet4-czech-republic-stateless\/2020\/11\/e60f983f-dsc1572_greenpeace_net-1024x683.jpg\" alt=\"\" class=\"wp-image-12020\" srcset=\"https:\/\/www.greenpeace.org\/static\/planet4-czech-republic-stateless\/2020\/11\/e60f983f-dsc1572_greenpeace_net-1024x683.jpg 1024w, https:\/\/www.greenpeace.org\/static\/planet4-czech-republic-stateless\/2020\/11\/e60f983f-dsc1572_greenpeace_net-300x200.jpg 300w, https:\/\/www.greenpeace.org\/static\/planet4-czech-republic-stateless\/2020\/11\/e60f983f-dsc1572_greenpeace_net-768x512.jpg 768w, https:\/\/www.greenpeace.org\/static\/planet4-czech-republic-stateless\/2020\/11\/e60f983f-dsc1572_greenpeace_net-510x340.jpg 510w, https:\/\/www.greenpeace.org\/static\/planet4-czech-republic-stateless\/2020\/11\/e60f983f-dsc1572_greenpeace_net.jpg 1500w\" sizes=\"auto, (max-width: 1024px) 100vw, 1024px\" \/><figcaption class=\"wp-element-caption\">Demonstrace p\u0159ed elektr\u00e1rnou Po\u010derady<\/figcaption><\/figure>\n\n<p>St\u00ed\u017enost se Frank Bold spolu s Greenpeace a Hnut\u00edm DUHA rozhodly podat pot\u00e9, co Krajsk\u00fd \u00fa\u0159ad \u00dasteck\u00e9ho kraje ani po opakovan\u00fdch v\u00fdzv\u00e1ch nerespektoval rozhodnut\u00ed Krajsk\u00e9ho soudu v \u00dast\u00ed nad Labem. Ten p\u0159itom emisn\u00ed v\u00fdjimku pro elektr\u00e1rnu Po\u010derady zru\u0161il ji\u017e v&nbsp;srpnu 2024. N\u00e1pravu nezjednal ani st\u00e1t, konkr\u00e9tn\u011b Ministerstvo \u017eivotn\u00edho prost\u0159ed\u00ed, kter\u00e9 dosud nezajistilo, aby podm\u00ednky provozu elektr\u00e1rny byly v souladu se Sm\u011brnic\u00ed o&nbsp;pr\u016fmyslov\u00fdch emis\u00edch.<\/p>\n\n<p>Kv\u016fli ud\u011blen\u00e9 v\u00fdjimce mohla elektr\u00e1rna doned\u00e1vna vypou\u0161t\u011bt a\u017e \u010dty\u0159n\u00e1sobn\u00e9 mno\u017estv\u00ed rtuti oproti limit\u016fm stanoven\u00fdm sm\u011brnic\u00ed. Podle rozhodnut\u00ed soudu byla v\u00fdjimka nez\u00e1konn\u00e1, proto\u017ee mohla v\u00fdznamn\u011b ohrozit \u017eivotn\u00ed prost\u0159ed\u00ed a provozovatel nesplnil z\u00e1konn\u00e9 povinnosti pro ud\u011blen\u00ed takov\u00e9 v\u00fdjimky.<\/p>\n\n<p>P\u0159esto\u017ee po rozsudku m\u011bl Krajsk\u00fd \u00fa\u0159ad \u00dasteck\u00e9ho kraje povinnost okam\u017eit\u011b p\u0159ik\u00e1zat provozovateli elektr\u00e1rny, aby dodr\u017eoval \u0159\u00e1dn\u00e9 emisn\u00ed limity, nic takov\u00e9ho neud\u011blal. Krajsk\u00fd \u00fa\u0159ad argumentuje t\u00edm, \u017ee aktu\u00e1ln\u011b rozhoduje o ud\u011blen\u00ed nov\u00e9 emisn\u00ed v\u00fdjimky. \u201e<em>Pokud nikdo nezas\u00e1hne, \u0159\u00edzen\u00ed o v\u00fdjimce se bude t\u00e1hnout \u0159adu m\u011bs\u00edc\u016f, b\u011bhem kter\u00fdch bude provozovatel vesele vypou\u0161t\u011bt emise jedovat\u00e9 rtuti zcela nekontrolovan\u011b a v rozporu se&nbsp;z\u00e1konem. Nav\u00edc je velmi pravd\u011bpodobn\u00e9, \u017ee novou v\u00fdjimku nakonec nez\u00edsk\u00e1. Douf\u00e1me proto, \u017ee Evropsk\u00e1 komise \u00fa\u0159edn\u00edk\u016fm p\u0159ipomene, \u017ee \u017eijeme v demokratick\u00e9m pr\u00e1vn\u00edm st\u00e1t\u011b a \u017ee jsme si p\u0159ed z\u00e1konem v\u0161ichni rovni. Kdy\u017e toti\u017e \u00fa\u0159ady rozhoduj\u00ed o n\u00e1s v\u0161ech, o&nbsp;oby\u010dejn\u00fdch lidech, nem\u016f\u017eeme \u010dekat n\u011bjak\u00e9 zvl\u00e1\u0161tn\u00ed zach\u00e1zen\u00ed. Ale miliard\u00e1\u0159i Pavlu Tyka\u010dovi, kter\u00fd elektr\u00e1rnu Po\u010derady vlastn\u00ed, \u00fa\u0159edn\u00edci ustupuj\u00ed, p\u0159esto\u017ee takov\u00fd postup nem\u00e1 oporu v z\u00e1kon\u011b,\u201d<\/em> \u0159ekl tiskov\u00fd mluv\u010d\u00ed Greenpeace \u010cR Luk\u00e1\u0161 Hr\u00e1bek.<\/p>\n\n<p>Ne\u010dinn\u00e9 z\u016fstalo i p\u0159es upozorn\u011bn\u00ed organizac\u00ed tak\u00e9 Ministerstvo \u017eivotn\u00edho prost\u0159ed\u00ed. To m\u00e1 v\u0161ak v takov\u00fdch p\u0159\u00edpadech povinnost zas\u00e1hnout a krajsk\u00e9mu \u00fa\u0159adu na\u0159\u00eddit, aby konal. P\u0159\u00edpadn\u011b m\u016f\u017ee samo na\u0159\u00eddit provozovateli elektr\u00e1rny, aby za\u010dal \u0159\u00e1dn\u00e9 limity dodr\u017eovat.<\/p>\n\n<p><em>\u201eEmisn\u00ed limity byly stanoveny po dlouh\u00fdch vyjedn\u00e1v\u00e1n\u00edch v roce 2017 s t\u00edm, \u017ee uheln\u00e9 zdroje m\u011bly \u010dty\u0159i roky na jejich spln\u011bn\u00ed. Nejde tud\u00ed\u017e o \u017e\u00e1dn\u00e9 nere\u00e1ln\u00e9 c\u00edle, ale o zcela z\u00e1kladn\u00ed a&nbsp;dosa\u017eiteln\u00e9 standardy. Je tedy z\u00e1sadn\u00edm poru\u0161en\u00edm evropsk\u00e9ho pr\u00e1va, kdy\u017e \u010desk\u00e9 \u00fa\u0159ady nejsou schopn\u00e9 zakro\u010dit proti nejv\u011bt\u0161\u00edm zne\u010di\u0161\u0165ovatel\u016fm a vym\u00e1hat, aby dodr\u017eovali z\u00e1kladn\u00ed pravidla,&#8220;<\/em> uvedl expert Frank Bold a spoluautor st\u00ed\u017enosti k Evropsk\u00e9 komisi V\u00e1clav Prais.<\/p>\n\n<p>P\u0159\u00edpad by podle Praise mohl poslou\u017eit jako nebezpe\u010dn\u00fd precedens, provozovatel\u00e9 by mohli p\u0159\u00edstup \u010desk\u00fdch \u00fa\u0159ad\u016f zneu\u017e\u00edt a po\u017e\u00e1dat o v\u00fdjimku s v\u011bdom\u00edm, \u017ee po dobu jej\u00edho projedn\u00e1v\u00e1n\u00ed nemus\u00ed emisn\u00ed limity dodr\u017eovat. <em>\u201eTo by se mohlo uk\u00e1zat jako velmi nebezpe\u010dn\u00e9 v nadch\u00e1zej\u00edc\u00edch m\u011bs\u00edc\u00edch a letech, kdy m\u00e1 skon\u010dit platnost v\u011bt\u0161iny ud\u011blen\u00fdch v\u00fdjimek a \u0159ada provozovatel\u016f pl\u00e1nuje po\u017e\u00e1dat o jejich prodlou\u017een\u00ed,\u201d<\/em> varuje Frank Bold Evropskou komisi.<\/p>\n\n<p>Hnut\u00ed DUHA pova\u017euje ne\u010dinnost krajsk\u00e9ho \u00fa\u0159adu i spr\u00e1vn\u00edho org\u00e1nu Ministerstva \u017eivotn\u00edho prost\u0159ed\u00ed v p\u0159\u00edpad\u011b Po\u010derad za projev syst\u00e9mov\u00e9ho probl\u00e9mu.<em> \u201eNastala zcela absurdn\u00ed situace. Soudu trvalo t\u0159i roky, ne\u017e zru\u0161il nez\u00e1konnou v\u00fdjimku na vypou\u0161t\u011bn\u00ed toxick\u00e9 rtuti z&nbsp;elektr\u00e1rny Po\u010derady, ale \u00fa\u0159edn\u00ed ne\u010dinnost v\u00fdjimku udr\u017euje d\u00e1l. Mezit\u00edm majitel uheln\u00e9 elektr\u00e1rny lobbuje u politik\u016f za dotace, abychom mu za to je\u0161t\u011b v\u0161ichni zaplatili. P\u0159itom anal\u00fdzy a modelov\u00e1n\u00ed jasn\u011b ukazuj\u00ed, \u017ee elektr\u00e1rna Po\u010derady nen\u00ed pro z\u00e1sobov\u00e1n\u00ed elekt\u0159inou v\u016fbec pot\u0159eba a jen zvy\u0161uje v\u00fdvoz a zne\u010di\u0161t\u011bn\u00ed \u017eivotn\u00edho prost\u0159ed\u00ed,\u201d <\/em>p\u0159ipomn\u011bl Ji\u0159\u00ed Ko\u017eelouh, vedouc\u00ed energetick\u00e9ho programu Hnut\u00ed DUHA.<\/p>\n\n<p>Evropsk\u00e1 komise m\u016f\u017ee na z\u00e1klad\u011b st\u00ed\u017enosti zah\u00e1jit komunikaci s \u010desk\u00fdmi \u00fa\u0159ady a \u017e\u00e1dat je o&nbsp;vysv\u011btlen\u00ed. Pokud dosp\u011bje k z\u00e1v\u011bru, \u017ee jde o poru\u0161en\u00ed evropsk\u00e9ho pr\u00e1va, m\u016f\u017ee s \u010ceskou republikou zah\u00e1jit \u0159\u00edzen\u00ed p\u0159ed Soudn\u00edm dvorem EU. Ten m\u016f\u017ee za poru\u0161en\u00ed vym\u011b\u0159it pokuty v&nbsp;\u0159\u00e1du milion\u016f korun.<\/p>\n","protected":false},"excerpt":{"rendered":"<p>Expertn\u00ed skupina Frank Bold, Greenpeace a Hnut\u00ed DUHA se obr\u00e1tily na Evropskou komisi se st\u00ed\u017enost\u00ed kv\u016fli postupu \u010desk\u00fdch \u00fa\u0159ad\u016f p\u0159i stanovov\u00e1n\u00ed emisn\u00edho limitu pro uhelnou elektr\u00e1rnu Po\u010derady. V\u00a0srpnu 2024 zru\u0161il&hellip;<\/p>\n","protected":false},"author":27,"featured_media":12020,"comment_status":"closed","ping_status":"closed","sticky":false,"template":"","format":"standard","meta":{"ep_exclude_from_search":false,"p4_og_title":"","p4_og_description":"","p4_og_image":"","p4_og_image_id":"","p4_seo_canonical_url":"","p4_campaign_name":"","p4_local_project":"","p4_basket_name":"","p4_department":"","footnotes":""},"categories":[2],"tags":[19],"p4-page-type":[14],"class_list":["post-21499","post","type-post","status-publish","format-standard","has-post-thumbnail","hentry","category-priroda","tag-ovzdusi","p4-page-type-tiskova-zprava"],"_links":{"self":[{"href":"https:\/\/www.greenpeace.org\/czech\/wp-json\/wp\/v2\/posts\/21499","targetHints":{"allow":["GET"]}}],"collection":[{"href":"https:\/\/www.greenpeace.org\/czech\/wp-json\/wp\/v2\/posts"}],"about":[{"href":"https:\/\/www.greenpeace.org\/czech\/wp-json\/wp\/v2\/types\/post"}],"author":[{"embeddable":true,"href":"https:\/\/www.greenpeace.org\/czech\/wp-json\/wp\/v2\/users\/27"}],"replies":[{"embeddable":true,"href":"https:\/\/www.greenpeace.org\/czech\/wp-json\/wp\/v2\/comments?post=21499"}],"version-history":[{"count":1,"href":"https:\/\/www.greenpeace.org\/czech\/wp-json\/wp\/v2\/posts\/21499\/revisions"}],"predecessor-version":[{"id":21500,"href":"https:\/\/www.greenpeace.org\/czech\/wp-json\/wp\/v2\/posts\/21499\/revisions\/21500"}],"wp:featuredmedia":[{"embeddable":true,"href":"https:\/\/www.greenpeace.org\/czech\/wp-json\/wp\/v2\/media\/12020"}],"wp:attachment":[{"href":"https:\/\/www.greenpeace.org\/czech\/wp-json\/wp\/v2\/media?parent=21499"}],"wp:term":[{"taxonomy":"category","embeddable":true,"href":"https:\/\/www.greenpeace.org\/czech\/wp-json\/wp\/v2\/categories?post=21499"},{"taxonomy":"post_tag","embeddable":true,"href":"https:\/\/www.greenpeace.org\/czech\/wp-json\/wp\/v2\/tags?post=21499"},{"taxonomy":"p4-page-type","embeddable":true,"href":"https:\/\/www.greenpeace.org\/czech\/wp-json\/wp\/v2\/p4-page-type?post=21499"}],"curies":[{"name":"wp","href":"https:\/\/api.w.org\/{rel}","templated":true}]}}