{"id":21562,"date":"2025-02-05T08:59:34","date_gmt":"2025-02-05T07:59:34","guid":{"rendered":"https:\/\/www.greenpeace.org\/czech\/?p=21562"},"modified":"2025-02-05T08:59:39","modified_gmt":"2025-02-05T07:59:39","slug":"lesy-cr-chystaji-zalobu-ktera-muze-ohrozit-ochranu-ceskych-lesu-a-znicit-prirodu-v-nove-chko-krusne-hory","status":"publish","type":"post","link":"https:\/\/www.greenpeace.org\/czech\/tiskova-zprava\/21562\/lesy-cr-chystaji-zalobu-ktera-muze-ohrozit-ochranu-ceskych-lesu-a-znicit-prirodu-v-nove-chko-krusne-hory\/","title":{"rendered":"Lesy \u010cR chystaj\u00ed \u017ealobu, kter\u00e1 m\u016f\u017ee ohrozit ochranu \u010desk\u00fdch les\u016f a zni\u010dit p\u0159\u00edrodu v nov\u00e9 CHKO Kru\u0161n\u00e9 hory"},"content":{"rendered":"\n<p>Lesy \u010cR chystaj\u00ed spr\u00e1vn\u00ed \u017ealobu na rozhodnut\u00ed ministerstva \u017eivotn\u00edho prost\u0159ed\u00ed, kter\u00e9 jim za poru\u0161en\u00ed z\u00e1kona p\u0159i spr\u00e1v\u011b les\u016f v Kru\u0161n\u00fdch hor\u00e1ch a Jesen\u00edk\u00e1ch ud\u011blilo pokutu 40 tis\u00edc korun. Informaci o tom <a href=\"https:\/\/archiv.hn.cz\/c1-67594560-lesy-cr-se-budou-kvuli-40tisicove-pokute-za-kaceni-krusnohorskych-buku-soudit\">p\u0159inesly Hospod\u00e1\u0159sk\u00e9 noviny<\/a>. Firma ve sv\u00e9m vyj\u00e1d\u0159en\u00ed nazna\u010duje, \u017ee lesn\u00ed z\u00e1kon je nad\u0159azen\u00fd nad z\u00e1konem o ochran\u011b p\u0159\u00edrody. Organizace Greenpeace jedn\u00e1n\u00ed Les\u016f \u010cR kritizuje a varuje, \u017ee pokud by Lesy \u010cR byly se \u017ealobou \u00fasp\u011b\u0161n\u00e9, vedlo by to ke zni\u010den\u00ed Evropsky v\u00fdznamn\u00e9 lokality V\u00fdchodn\u00ed Kru\u0161noho\u0159\u00ed, kter\u00e1 m\u00e1 b\u00fdt sou\u010d\u00e1st\u00ed nov\u011b vznikaj\u00edc\u00ed CHKO Kru\u0161n\u00e9 hory, a v ohro\u017een\u00ed by byly i dal\u0161\u00ed cenn\u00e9 lesy. Podle pr\u00e1vn\u00edho n\u00e1zoru Greenpeace m\u00e1 v\u0161ak \u017ealoba Les\u016f \u010cR mizivou \u0161anci na \u00fasp\u011bch.<\/p>\n\n<figure class=\"wp-block-image size-large\"><img loading=\"lazy\" decoding=\"async\" width=\"1024\" height=\"768\" src=\"https:\/\/www.greenpeace.org\/static\/planet4-czech-republic-stateless\/2025\/02\/592b6e99-20220513_124649-2-1024x768.jpg\" alt=\"\" class=\"wp-image-21563\" srcset=\"https:\/\/www.greenpeace.org\/static\/planet4-czech-republic-stateless\/2025\/02\/592b6e99-20220513_124649-2-1024x768.jpg 1024w, https:\/\/www.greenpeace.org\/static\/planet4-czech-republic-stateless\/2025\/02\/592b6e99-20220513_124649-2-300x225.jpg 300w, https:\/\/www.greenpeace.org\/static\/planet4-czech-republic-stateless\/2025\/02\/592b6e99-20220513_124649-2-768x576.jpg 768w, https:\/\/www.greenpeace.org\/static\/planet4-czech-republic-stateless\/2025\/02\/592b6e99-20220513_124649-2-1536x1152.jpg 1536w, https:\/\/www.greenpeace.org\/static\/planet4-czech-republic-stateless\/2025\/02\/592b6e99-20220513_124649-2-2048x1536.jpg 2048w, https:\/\/www.greenpeace.org\/static\/planet4-czech-republic-stateless\/2025\/02\/592b6e99-20220513_124649-2-1821x1366.jpg 1821w, https:\/\/www.greenpeace.org\/static\/planet4-czech-republic-stateless\/2025\/02\/592b6e99-20220513_124649-2-453x340.jpg 453w\" sizes=\"auto, (max-width: 1024px) 100vw, 1024px\" \/><figcaption class=\"wp-element-caption\">Stromy ileg\u00e1ln\u011b vyk\u00e1cen\u00e9 firmou Lesy \u010cR (c) Greenpeace<\/figcaption><\/figure>\n\n<p>Lesy \u010cR dostaly <a href=\"https:\/\/www.greenpeace.org\/czech\/tiskova-zprava\/21536\/potvrzeno-ministerstvem-lesy-cr-kacely-ve-vzacnych-bucinach-u-litvinova-ilegalne-a-dostaly-pokutu\/\">trest za vyk\u00e1cen\u00ed stovek strom\u016f<\/a> v 250 let star\u00e9m lese u Litv\u00ednova, kter\u00e9 provedly v prosinci 2021. Rozhodnut\u00edm ministerstva o odvol\u00e1n\u00ed Les\u016f \u010cR skon\u010dilo p\u0159estupkov\u00e9 \u0159\u00edzen\u00ed, kter\u00e9 s Lesy \u010cR vedla \u010cesk\u00e1 inspekce \u017eivotn\u00edho prost\u0159ed\u00ed. Podle Krajsk\u00e9ho \u00fa\u0159adu \u00dasteck\u00e9ho kraje, \u010cesk\u00e9 inspekce \u017eivotn\u00edho prost\u0159ed\u00ed i Ministerstva \u017eivotn\u00edho prost\u0159ed\u00ed k takov\u00e9mu k\u00e1cen\u00ed pot\u0159ebovala firma povolen\u00ed, kter\u00e9 v\u0161ak nem\u011bla. O povolen\u00ed si sice Lesy \u010cR po\u017e\u00e1daly, ale a\u017e v okam\u017eiku, kdy k\u00e1cen\u00ed prob\u011bhlo. P\u0159esto\u017ee z\u00e1stupci firmy nejd\u0159\u00edve <a href=\"https:\/\/archiv.hn.cz\/c1-67045560-stat-kaci-cenne-krusnohorske-buky-z-doby-marie-terezie-bez-povoleni-a-proti-vuli-vedcu-i-mistnich\">chybu uznali<\/a>, pozd\u011bji oto\u010dili a nyn\u00ed tvrd\u00ed, \u017ee povolen\u00ed nepot\u0159ebovala. V dal\u0161\u00edch p\u0159\u00edpadech k\u00e1cen\u00ed si v\u0161ak firma o povolen\u00ed <a href=\"https:\/\/www.greenpeace.org\/czech\/tiskova-zprava\/17589\/lesy-cr-se-odvolaly-proti-omezeni-tezby-v-bucinach-v-krusnych-horach-greenpeace-zada-dalsi-zprisneni\/\">v\u017edy \u0159\u00e1dn\u011b za\u017e\u00e1dala<\/a>.&nbsp;<\/p>\n\n<p><strong>Jarom\u00edr Kyzour, pr\u00e1vn\u00ed z\u00e1stupce Greenpeace, \u0159\u00edk\u00e1:<\/strong><br><em>\u201cLesy \u010cR um\u011ble vytv\u00e1\u0159\u00ed p\u0159edstavu, \u017ee je tu n\u011bjak\u00fd spor o postaven\u00ed obou z\u00e1kon\u016f. Dot\u010den\u00e9 lesy se nach\u00e1zej\u00ed na \u00fazem\u00ed evropsky v\u00fdznamn\u00e9 lokality, kter\u00e1 spad\u00e1 do celoevropsk\u00e9 s\u00edt\u011b chr\u00e1n\u011bn\u00fdch \u00fazem\u00ed Natura 2000. \u010cinnosti, kter\u00e9 se zde prov\u00e1d\u011bj\u00ed, mus\u00ed proto tak\u00e9 dodr\u017eet p\u0159\u00edslu\u0161n\u00e1 ustanoven\u00ed z\u00e1kona o ochran\u011b p\u0159\u00edrody. Re\u017eim ochrany, kter\u00fd v tomto \u00fazem\u00ed plat\u00ed, m\u00e1 krom\u011b toho z\u00e1klad v evropsk\u00e9m unijn\u00edm pr\u00e1vu. T\u011b\u017eko to tud\u00ed\u017e m\u016f\u017eeme ignorovat a tvrdit, \u017ee jde o spor dvou \u010desk\u00fdch z\u00e1kon\u016f. Pokud by Lesy \u010cR souhlas s t\u011b\u017ebou nepot\u0159ebovaly, jak te\u010f \u0159\u00edkaj\u00ed, ned\u00e1v\u00e1 smysl, pro\u010d o n\u011bj krajsk\u00fd \u00fa\u0159ad po\u017e\u00e1daly.\u201d<\/em><\/p>\n\n<p>\u017daloba Les\u016f \u010cR zpochyb\u0148uje cel\u00fd pr\u00e1vn\u00ed re\u017eim, kter\u00fd m\u00e1 cenn\u00fdm les\u016fm zaji\u0161\u0165ovat ochranu. Kdyby byla \u017ealoba \u00fasp\u011b\u0161n\u00e1, m\u011blo by to velk\u00fd negativn\u00ed vliv na ochranu les\u016f nejen v Kru\u0161n\u00fdch hor\u00e1ch.&nbsp;<\/p>\n\n<p>Konkr\u00e9tn\u011b v Evropsky v\u00fdznamn\u00e9 lokalit\u011b V\u00fdchodn\u00ed Kru\u0161noho\u0159\u00ed povolil \u00fasteck\u00fd krajsk\u00fd \u00fa\u0159ad jako org\u00e1n st\u00e1tn\u00ed spr\u00e1vy vlastn\u00edk\u016fm les\u016f zna\u010dn\u011b naddimenzovan\u00e9 lesn\u00ed hospod\u00e1\u0159sk\u00e9 pl\u00e1ny. To dokl\u00e1d\u00e1 i <a href=\"https:\/\/www.greenpeace.org\/static\/planet4-czech-republic-stateless\/2024\/09\/c8f9d603-priloha_1_analyza_kh_pro_mzp_srpen_2023.pdf\">anal\u00fdza Agentury ochrany p\u0159\u00edrody a krajiny<\/a>, kter\u00e1 \u0159\u00edk\u00e1, \u017ee kdyby vlastn\u00edci &#8211; v\u010detn\u011b Les\u016f \u010cR &#8211; hospoda\u0159ili podle t\u011bchto pl\u00e1n\u016f, zmizely by v Evropsky v\u00fdznamn\u00e9 lokalit\u011b V\u00fdchodn\u00ed Kru\u0161noho\u0159\u00ed t\u00e9m\u011b\u0159 v\u0161echny nejstar\u0161\u00ed porosty vz\u00e1cn\u00fdch bu\u010din. B\u011bhem p\u0159\u00ed\u0161t\u00edch n\u011bkolika let by podle lesn\u00edch hospod\u00e1\u0159sk\u00fdch pl\u00e1n\u016f do\u0161lo ke sn\u00ed\u017een\u00ed zastoupen\u00ed les\u016f nad 161 let z 9,5 % a\u017e na 0,6 %. Podobn\u00e9 je to u les\u016f star\u0161\u00edch 130 let souhrnn\u011b, kde by do\u0161lo k poklesu ze 17,9 % na 9,3 %.&nbsp;<\/p>\n\n<p>U\u017e v procesu schvalov\u00e1n\u00ed lesn\u00edho hospod\u00e1\u0159sk\u00e9ho pl\u00e1nu \u00fa\u0159edn\u00edci krajsk\u00e9ho \u00fa\u0159adu upozor\u0148ovali, \u017ee t\u011b\u017eby budou muset b\u00fdt posouzeny jednotliv\u011b a vlastn\u00edk bude pot\u0159ebovat povolen\u00ed, aby tato k\u00e1cen\u00ed nep\u0159es\u00e1hla \u00fanosnou m\u00edru a nevedla k v\u00fdrazn\u00e9mu po\u0161kozen\u00ed m\u00edstn\u00edch vz\u00e1cn\u00fdch les\u016f. Fakt, \u017ee je nutn\u00e9 m\u00edt na k\u00e1cen\u00ed povolen\u00ed, \u00fa\u0159edn\u00edci explicitn\u011b \u0159ekli Les\u016fm \u010cR p\u0159ed proveden\u00edm t\u011b\u017eby minim\u00e1ln\u011b je\u0161t\u011b jednou.<\/p>\n\n<p><strong>Luk\u00e1\u0161 Hr\u00e1bek, tiskov\u00fd mluv\u010d\u00ed Greenpeace \u010cR, \u0159\u00edk\u00e1:<\/strong><br><em>\u201cCel\u00e9 je to absurdn\u00ed. V\u016fbec nech\u00e1peme, pro\u010d se Lesy \u010cR cht\u011bj\u00ed to\u010dit na spr\u00e1vn\u00ed \u017ealob\u011b, kter\u00e1 by mohla ohrozit ochranu t\u00e9m\u011b\u0159 v\u0161ech les\u016f v \u010cesku, kv\u016fli sm\u011b\u0161n\u00e9 pokut\u011b ve v\u00fd\u0161i 40 tis\u00edc korun, kdy\u017e vyd\u011bl\u00e1vaj\u00ed ro\u010dn\u011b na prodeji d\u0159eva miliardy korun a jen d\u0159evo z t\u00e9to neleg\u00e1ln\u00ed t\u011b\u017eby mohly prodat za v\u00edce ne\u017e 1,2 milionu korun. Pokud by platilo, co \u0159\u00edkaj\u00ed Lesy \u010cR, \u017ee lesn\u00ed hospod\u00e1\u0159sk\u00e9 pl\u00e1ny nebo lesn\u00ed z\u00e1kon maj\u00ed p\u0159ednost p\u0159ed ochranou p\u0159\u00edrody, mohlo by to v\u00e9st k \u00fapln\u00e9mu zni\u010den\u00ed Evropsky v\u00fdznamn\u00e9 lokality V\u00fdchodn\u00ed Kru\u0161noho\u0159\u00ed. Douf\u00e1me proto, \u017ee tuhle nesmyslnou \u017ealobu soudy odm\u00edtnou. I tak je ale jasn\u00e9, \u017ee ani prob\u00edhaj\u00edc\u00ed proces vyhla\u0161ov\u00e1n\u00ed CHKO Kru\u0161n\u00e9 hory zat\u00edm m\u00edstn\u00ed vz\u00e1cn\u00e9 lesy neochr\u00e1nil a je tedy v\u00edc ne\u017e kdy d\u0159\u00edv nutn\u00e9, aby byla CHKO vyhl\u00e1\u0161ena co nejd\u0159\u00edve a aby byla ochrana m\u00edstn\u00edch les\u016f nastavena co nejp\u0159\u00edsn\u011bji.\u201d<\/em><\/p>\n\n<p>Podle Greenpeace je tak\u00e9 absurdn\u00ed, \u017ee nyn\u00ed Lesy \u010cR p\u0159i obhajob\u011b sv\u00e9ho neleg\u00e1ln\u00edho k\u00e1cen\u00ed argumentuj\u00ed rozporem rozhodnut\u00ed ministerstva se z\u00e1konem o ochran\u011b p\u0159\u00edrody a krajiny, kdy\u017e u\u017e samotn\u00fd hospod\u00e1\u0159sk\u00fd pl\u00e1n pro lesn\u00ed celky Litv\u00ednov a Telnice <a href=\"https:\/\/www.ceskatelevize.cz\/porady\/1095913550-nedej-se\/223562248410030\/\">byl schv\u00e1len v rozporu s t\u00edmto z\u00e1konem<\/a>. Org\u00e1n ochrany p\u0159\u00edrody na \u00fasteck\u00e9m krajsk\u00e9m \u00fa\u0159adu vydal k pl\u00e1nu nesouhlasn\u00e9 stanovisko, p\u0159esto jin\u00ed \u00fa\u0159edn\u00edci na kraji tento pl\u00e1n schv\u00e1lili. Nez\u00e1konn\u00fd postup kritizovalo i ministerstvo \u017eivotn\u00edho prost\u0159ed\u00ed. Lesn\u00ed hospod\u00e1\u0159sk\u00fd pl\u00e1n nem\u011bl b\u00fdt v\u016fbec v t\u00e9to podob\u011b schv\u00e1len a je v platnosti jen proto, \u017ee Ministerstvo zem\u011bd\u011blstv\u00ed po\u010d\u00edn\u00e1n\u00ed krajsk\u00fdch \u00fa\u0159edn\u00edk\u016f p\u0159ikrylo. Na tento probl\u00e9m podala organizace Greenpeace st\u00ed\u017enosti <a href=\"https:\/\/www.greenpeace.org\/czech\/tiskova-zprava\/19915\/greenpeace-si-stezuje-ombudsmanovi-kvuli-planum-na-kaceni-ve-vzacnych-bucinach-v-krusnych-horach\/\">k ombudsmanovi<\/a> a <a href=\"https:\/\/www.greenpeace.org\/czech\/tiskova-zprava\/19968\/greenpeace-si-stezuje-evropske-komisi-na-nedostatecnou-ochranu-vzacnych-lesu-ceskou-republikou\/\">k Evropsk\u00e9 komisi<\/a>, kter\u00e1 m\u00e1 dohl\u00ed\u017eet na dodr\u017eov\u00e1n\u00ed ochrany v Evropsky v\u00fdznamn\u00fdch lokalit\u00e1ch spadaj\u00edc\u00edch do s\u00edt\u011b Natura 2000.&nbsp;<\/p>\n\n<p>Lesy \u010cR sice nyn\u00ed slibuj\u00ed, \u017ee <a href=\"https:\/\/sever.rozhlas.cz\/do-20-let-melo-v-lesich-vychodniho-krusnohori-vzniknout-1250-hektaru-9334769\">budou v Kru\u0161noho\u0159\u00ed vyty\u010dovat bezz\u00e1sahov\u00e9 z\u00f3ny<\/a>, ale zat\u00edm vyhl\u00e1sily bezz\u00e1sahov\u00fd re\u017eim <a href=\"https:\/\/lesycr.cz\/tiskova-zprava\/v-krusnych-horach-lesy-cr-obnovuji-porosty-chrani-prirodu-i-navstevniky\/\">jen na necel\u00fdch 18 hektarech<\/a> a v tu samou chv\u00edli <a href=\"https:\/\/www.greenpeace.org\/czech\/clanek\/20835\/stale-hrozi-ze-lesy-cr-vykaceji-pres-15-tisic-stromu-v-mistech-kde-ma-vzniknout-chko-krusne-hory\/\">usiluj\u00ed o pok\u00e1cen\u00ed v\u00edce ne\u017e 15 tis\u00edc strom\u016f<\/a> je\u0161t\u011b p\u0159ed vyhl\u00e1\u0161en\u00edm CHKO Kru\u0161n\u00e9 hory. \u00da\u0159edn\u00edci \u00dasteck\u00e9ho kraje a Ministerstva \u017eivotn\u00edho prost\u0159ed\u00ed jim v n\u011bkolika \u0159\u00edzen\u00edch, kter\u00e1 u\u017e prob\u011bhla, zat\u00edm v\u017edy pl\u00e1ny na k\u00e1cen\u00ed v\u00fdrazn\u011b omezili. Kdyby ov\u0161em Lesy \u010cR nepot\u0159ebovaly ke k\u00e1cen\u00ed povolen\u00ed, mohly by vyt\u011b\u017eit p\u0159es 150 tis\u00edc strom\u016f (respektive 440 000 m3 d\u0159eva).&nbsp;<\/p>\n","protected":false},"excerpt":{"rendered":"<p>Lesy \u010cR chystaj\u00ed spr\u00e1vn\u00ed \u017ealobu na rozhodnut\u00ed ministerstva \u017eivotn\u00edho prost\u0159ed\u00ed, kter\u00e9 jim za poru\u0161en\u00ed z\u00e1kona p\u0159i spr\u00e1v\u011b les\u016f v Kru\u0161n\u00fdch hor\u00e1ch a Jesen\u00edk\u00e1ch ud\u011blilo pokutu 40 tis\u00edc korun.<\/p>\n","protected":false},"author":27,"featured_media":21563,"comment_status":"closed","ping_status":"closed","sticky":false,"template":"","format":"standard","meta":{"ep_exclude_from_search":false,"p4_og_title":"","p4_og_description":"","p4_og_image":"","p4_og_image_id":"","p4_seo_canonical_url":"","p4_campaign_name":"","p4_local_project":"","p4_basket_name":"","p4_department":"","footnotes":""},"categories":[2],"tags":[17],"p4-page-type":[14],"class_list":["post-21562","post","type-post","status-publish","format-standard","has-post-thumbnail","hentry","category-priroda","tag-lesy-pralesy","p4-page-type-tiskova-zprava"],"_links":{"self":[{"href":"https:\/\/www.greenpeace.org\/czech\/wp-json\/wp\/v2\/posts\/21562","targetHints":{"allow":["GET"]}}],"collection":[{"href":"https:\/\/www.greenpeace.org\/czech\/wp-json\/wp\/v2\/posts"}],"about":[{"href":"https:\/\/www.greenpeace.org\/czech\/wp-json\/wp\/v2\/types\/post"}],"author":[{"embeddable":true,"href":"https:\/\/www.greenpeace.org\/czech\/wp-json\/wp\/v2\/users\/27"}],"replies":[{"embeddable":true,"href":"https:\/\/www.greenpeace.org\/czech\/wp-json\/wp\/v2\/comments?post=21562"}],"version-history":[{"count":1,"href":"https:\/\/www.greenpeace.org\/czech\/wp-json\/wp\/v2\/posts\/21562\/revisions"}],"predecessor-version":[{"id":21564,"href":"https:\/\/www.greenpeace.org\/czech\/wp-json\/wp\/v2\/posts\/21562\/revisions\/21564"}],"wp:featuredmedia":[{"embeddable":true,"href":"https:\/\/www.greenpeace.org\/czech\/wp-json\/wp\/v2\/media\/21563"}],"wp:attachment":[{"href":"https:\/\/www.greenpeace.org\/czech\/wp-json\/wp\/v2\/media?parent=21562"}],"wp:term":[{"taxonomy":"category","embeddable":true,"href":"https:\/\/www.greenpeace.org\/czech\/wp-json\/wp\/v2\/categories?post=21562"},{"taxonomy":"post_tag","embeddable":true,"href":"https:\/\/www.greenpeace.org\/czech\/wp-json\/wp\/v2\/tags?post=21562"},{"taxonomy":"p4-page-type","embeddable":true,"href":"https:\/\/www.greenpeace.org\/czech\/wp-json\/wp\/v2\/p4-page-type?post=21562"}],"curies":[{"name":"wp","href":"https:\/\/api.w.org\/{rel}","templated":true}]}}