{"id":21572,"date":"2025-02-06T21:29:39","date_gmt":"2025-02-06T20:29:39","guid":{"rendered":"https:\/\/www.greenpeace.org\/czech\/?p=21572"},"modified":"2025-02-06T21:29:42","modified_gmt":"2025-02-06T20:29:42","slug":"lesy-cr-podaji-zalobu-ktera-muze-ohrozit-ceske-lesy-a-znicit-prirodu-v-nove-chko-krusne-hory","status":"publish","type":"post","link":"https:\/\/www.greenpeace.org\/czech\/clanek\/21572\/lesy-cr-podaji-zalobu-ktera-muze-ohrozit-ceske-lesy-a-znicit-prirodu-v-nove-chko-krusne-hory\/","title":{"rendered":"Lesy \u010cR podaj\u00ed \u017ealobu, kter\u00e1 m\u016f\u017ee ohrozit \u010desk\u00e9 lesy a zni\u010dit p\u0159\u00edrodu v nov\u00e9 CHKO Kru\u0161n\u00e9 hory"},"content":{"rendered":"\n<p>Lesy \u010cR dostaly trest za k\u00e1cen\u00ed bez povolen\u00ed v Kru\u0161n\u00fdch hor\u00e1ch. Te\u010f chystaj\u00ed spr\u00e1vn\u00ed \u017ealobu a \u0159\u00edkaj\u00ed, \u017ee povolen\u00ed nepot\u0159ebovaly, proto\u017ee lesn\u00ed z\u00e1kon m\u00e1 p\u0159ednost p\u0159ed ochranou p\u0159\u00edrody. Pokud usp\u011bj\u00ed, ohroz\u00ed to vz\u00e1cn\u00e9 \u010desk\u00e9 lesy.<\/p>\n\n<figure class=\"wp-block-image size-full\"><img loading=\"lazy\" decoding=\"async\" width=\"1000\" height=\"750\" src=\"https:\/\/www.greenpeace.org\/static\/planet4-czech-republic-stateless\/2025\/02\/b1c21e93-20220602162004-4939a66c.jpg\" alt=\"\" class=\"wp-image-21573\" srcset=\"https:\/\/www.greenpeace.org\/static\/planet4-czech-republic-stateless\/2025\/02\/b1c21e93-20220602162004-4939a66c.jpg 1000w, https:\/\/www.greenpeace.org\/static\/planet4-czech-republic-stateless\/2025\/02\/b1c21e93-20220602162004-4939a66c-300x225.jpg 300w, https:\/\/www.greenpeace.org\/static\/planet4-czech-republic-stateless\/2025\/02\/b1c21e93-20220602162004-4939a66c-768x576.jpg 768w, https:\/\/www.greenpeace.org\/static\/planet4-czech-republic-stateless\/2025\/02\/b1c21e93-20220602162004-4939a66c-453x340.jpg 453w\" sizes=\"auto, (max-width: 1000px) 100vw, 1000px\" \/><figcaption class=\"wp-element-caption\">M\u00edsto, kde Lesy \u010cR k\u00e1cely ileg\u00e1ln\u011b. (c) Greenpeace<\/figcaption><\/figure>\n\n<p>Lesy \u010cR maj\u00ed podle Ministerstva \u017eivotn\u00edho prost\u0159ed\u00ed <a href=\"https:\/\/www.ceskenoviny.cz\/zpravy\/2629061\">zaplatit pokutu 40 tis\u00edc korun za vyk\u00e1cen\u00ed stovek strom\u016f<\/a> v 250 let star\u00e9m lese u Litv\u00ednova, kter\u00e9 provedly v prosinci 2021. Takov\u00fdch les\u016f m\u00e1me v \u010cesku naprost\u00e9 minimum a jejich hodnota je z hlediska ochrany p\u0159\u00edrody a ochrany biodiverzity mimo\u0159\u00e1dn\u00e1.&nbsp;<\/p>\n\n<p>Nejen podle n\u00e1s, ale i podle Krajsk\u00e9ho \u00fa\u0159adu \u00dasteck\u00e9ho kraje, \u010cesk\u00e9 inspekce \u017eivotn\u00edho prost\u0159ed\u00ed i Ministerstva \u017eivotn\u00edho prost\u0159ed\u00ed k takov\u00e9mu k\u00e1cen\u00ed pot\u0159ebovala firma povolen\u00ed. To v\u0161ak nem\u011bla. O povolen\u00ed si sice Lesy \u010cR po\u017e\u00e1daly, ale a\u017e v okam\u017eiku, kdy k\u00e1cen\u00ed prob\u011bhlo. P\u0159esto\u017ee z\u00e1stupci firmy <a href=\"https:\/\/archiv.hn.cz\/c1-67045560-stat-kaci-cenne-krusnohorske-buky-z-doby-marie-terezie-bez-povoleni-a-proti-vuli-vedcu-i-mistnich\">nejd\u0159\u00edve chybu uznali<\/a>, pozd\u011bji oto\u010dili a nyn\u00ed tvrd\u00ed, \u017ee povolen\u00ed nepot\u0159ebovali. A d\u016fvod? Pr\u00fd nen\u00ed jasn\u00e9, jestli jsou lesn\u00ed z\u00e1kon a z\u00e1kon o ochran\u011b p\u0159\u00edrody a krajiny rovnocenn\u00e9, nebo jestli m\u00e1 jeden nad druh\u00fdm navrch. Z chov\u00e1n\u00ed firmy ov\u0161em implicitn\u011b vypl\u00fdv\u00e1, \u017ee podle n\u00ed je d\u016fle\u017eit\u011bj\u0161\u00ed lesn\u00ed z\u00e1kon &#8211; kdyby si to nemyslela, tak by \u017ealobu nepod\u00e1vala.&nbsp;<\/p>\n\n<p>Lesy \u010cR se sna\u017e\u00ed um\u011ble vytvo\u0159it p\u0159edstavu, \u017ee je tu n\u011bjak\u00fd spor o postaven\u00ed obou z\u00e1kon\u016f. To je samoz\u0159ejm\u011b nesmysl. Dot\u010den\u00e9 lesy se nach\u00e1zej\u00ed na \u00fazem\u00ed evropsky v\u00fdznamn\u00e9 lokality, kter\u00e1 spad\u00e1 do celoevropsk\u00e9 s\u00edt\u011b <a href=\"https:\/\/aopk.gov.cz\/natura-2000\">chr\u00e1n\u011bn\u00fdch \u00fazem\u00ed Natura 2000<\/a>. \u010cinnosti, kter\u00e9 se zde prov\u00e1d\u011bj\u00ed, mus\u00ed proto tak\u00e9 dodr\u017eet p\u0159\u00edslu\u0161n\u00e1 ustanoven\u00ed z\u00e1kona o ochran\u011b p\u0159\u00edrody. Re\u017eim ochrany, kter\u00fd v tomto \u00fazem\u00ed plat\u00ed, m\u00e1 nav\u00edc z\u00e1klad v evropsk\u00e9m unijn\u00edm pr\u00e1vu. T\u011b\u017eko to tud\u00ed\u017e m\u016f\u017eeme ignorovat a tvrdit, \u017ee jde o spor o to, kter\u00fd ze dvou \u010desk\u00fdch z\u00e1kon\u016f je d\u016fle\u017eit\u011bj\u0161\u00ed. Pokud by Lesy \u010cR souhlas s t\u011b\u017ebou nepot\u0159ebovaly, jak te\u010f \u0159\u00edkaj\u00ed, ned\u00e1v\u00e1 smysl, pro\u010d o n\u011bj krajsk\u00fd \u00fa\u0159ad po\u017e\u00e1daly. Ve v\u0161ech dal\u0161\u00edch p\u0159\u00edpadech si p\u0159ece o k\u00e1cen\u00ed v Kru\u0161n\u00fdch hor\u00e1ch <a href=\"https:\/\/www.greenpeace.org\/czech\/tiskova-zprava\/17589\/lesy-cr-se-odvolaly-proti-omezeni-tezby-v-bucinach-v-krusnych-horach-greenpeace-zada-dalsi-zprisneni\/\">\u0159\u00e1dn\u011b \u017e\u00e1daly.<\/a>&nbsp;<\/p>\n\n<h2 class=\"wp-block-heading\">Po\u010d\u00edn\u00e1n\u00ed Les\u016f \u010cR je skand\u00e1ln\u00ed<\/h2>\n\n<p>\u017daloba Les\u016f \u010cR zpochyb\u0148uje cel\u00fd pr\u00e1vn\u00ed re\u017eim, kter\u00fd m\u00e1 cenn\u00fdm les\u016fm zaji\u0161\u0165ovat ochranu. Kdyby byla \u00fasp\u011b\u0161n\u00e1, m\u011blo by to obrovsk\u00fd negativn\u00ed vliv na ochranu les\u016f nejen v Kru\u0161n\u00fdch hor\u00e1ch.&nbsp;<\/p>\n\n<p>Ta \u017ealoba je z\u00e1rove\u0148 nesmysln\u00e1 a m\u00e1 jen minim\u00e1ln\u00ed \u0161anci na \u00fasp\u011bch. Ale u\u017e to, \u017ee takovou potenci\u00e1ln\u011b nebezpe\u010dnou a destruktivn\u00ed \u017ealobu pod\u00e1v\u00e1 spr\u00e1vce st\u00e1tn\u00edch les\u016f, kter\u00fd by m\u011bl j\u00edt v p\u00e9\u010di o na\u0161e lesy p\u0159\u00edkladem, je skand\u00e1ln\u00ed.&nbsp;<\/p>\n\n<figure class=\"wp-block-image size-large\"><img loading=\"lazy\" decoding=\"async\" width=\"1024\" height=\"768\" src=\"https:\/\/www.greenpeace.org\/static\/planet4-czech-republic-stateless\/2025\/02\/592b6e99-20220513_124649-2-1024x768.jpg\" alt=\"\" class=\"wp-image-21563\" srcset=\"https:\/\/www.greenpeace.org\/static\/planet4-czech-republic-stateless\/2025\/02\/592b6e99-20220513_124649-2-1024x768.jpg 1024w, https:\/\/www.greenpeace.org\/static\/planet4-czech-republic-stateless\/2025\/02\/592b6e99-20220513_124649-2-300x225.jpg 300w, https:\/\/www.greenpeace.org\/static\/planet4-czech-republic-stateless\/2025\/02\/592b6e99-20220513_124649-2-768x576.jpg 768w, https:\/\/www.greenpeace.org\/static\/planet4-czech-republic-stateless\/2025\/02\/592b6e99-20220513_124649-2-1536x1152.jpg 1536w, https:\/\/www.greenpeace.org\/static\/planet4-czech-republic-stateless\/2025\/02\/592b6e99-20220513_124649-2-2048x1536.jpg 2048w, https:\/\/www.greenpeace.org\/static\/planet4-czech-republic-stateless\/2025\/02\/592b6e99-20220513_124649-2-1821x1366.jpg 1821w, https:\/\/www.greenpeace.org\/static\/planet4-czech-republic-stateless\/2025\/02\/592b6e99-20220513_124649-2-453x340.jpg 453w\" sizes=\"auto, (max-width: 1024px) 100vw, 1024px\" \/><figcaption class=\"wp-element-caption\">Ileg\u00e1ln\u011b pok\u00e1cen\u00e9 stromy. (c) Greenpeace<\/figcaption><\/figure>\n\n<p>V\u016fbec cel\u00e9 je to absurdn\u00ed. Divn\u00e9 je u\u017e to, kdy\u017e st\u00e1tn\u00ed firma \u017ealuje st\u00e1t za to, \u017ee j\u00ed \u0159\u00edk\u00e1, co a jak m\u00e1 d\u011blat. A v\u016fbec nech\u00e1peme, pro\u010d se Lesy \u010cR cht\u011bj\u00ed to\u010dit na spr\u00e1vn\u00ed \u017ealob\u011b, kter\u00e1 by mohla ohrozit ochranu v\u0161ech les\u016f v \u010cesku, kv\u016fli sm\u011b\u0161n\u00e9 pokut\u011b ve v\u00fd\u0161i 40 tis\u00edc korun, kdy\u017e <a href=\"https:\/\/www.ceskenoviny.cz\/zpravy\/2620745\">vyd\u011bl\u00e1vaj\u00ed ro\u010dn\u011b na prodeji d\u0159eva miliardy korun<\/a>. Jen na neleg\u00e1ln\u011b vyt\u011b\u017een\u00e9m d\u0159evu, o kter\u00e9m je \u0159e\u010d, si Lesy \u010cR mohly vyd\u011blat p\u0159es 1,2 milionu korun.<\/p>\n\n<h2 class=\"wp-block-heading\">Cht\u011bj\u00ed Lesy \u010cR v\u016fbec chr\u00e1nit Kru\u0161n\u00e9 hory?\u00a0<\/h2>\n\n<p>A co by se stalo, kdyby platilo, co si mysl\u00ed Lesy \u010cR, \u017ee lesn\u00ed hospod\u00e1\u0159sk\u00e9 pl\u00e1ny nebo lesn\u00ed z\u00e1kon maj\u00ed p\u0159ednost p\u0159ed ochranou p\u0159\u00edrody?&nbsp;<\/p>\n\n<p>Konkr\u00e9tn\u011b v Kru\u0161n\u00fdch hor\u00e1ch by to mohlo v\u00e9st k \u00fapln\u00e9mu zni\u010den\u00ed Evropsky v\u00fdznamn\u00e9 lokality V\u00fdchodn\u00ed Kru\u0161noho\u0159\u00ed, kter\u00e1 m\u00e1 b\u00fdt jedn\u00edm z nejcenn\u011bj\u0161\u00edch \u00fazem\u00ed nov\u011b vznikaj\u00edc\u00ed Chr\u00e1n\u011bn\u00e9 krajinn\u00e9 oblasti a kter\u00e1 m\u00e1 d\u00edky m\u00edstn\u00edm obc\u00edm potenci\u00e1l dostat se i na <a href=\"https:\/\/www.idnes.cz\/usti\/zpravy\/horni-jiretin-litvinov-bukove-lesy-unesco-ochrana-burt.A240321_130043_usti-zpravy_grr\">seznam p\u0159\u00edrodn\u00edho d\u011bdictv\u00ed UNESCO<\/a>. \u00dasteck\u00fd krajsk\u00fd \u00fa\u0159ad jako org\u00e1n st\u00e1tn\u00ed spr\u00e1vy lesa toti\u017e vlastn\u00edk\u016fm les\u016f v t\u00e9to lokalit\u011b povolil zna\u010dn\u011b naddimenzovan\u00e9 lesn\u00ed hospod\u00e1\u0159sk\u00e9 pl\u00e1ny. <a href=\"https:\/\/www.greenpeace.org\/static\/planet4-czech-republic-stateless\/2024\/09\/c8f9d603-priloha_1_analyza_kh_pro_mzp_srpen_2023.pdf\">Anal\u00fdza Agentury ochrany p\u0159\u00edrody a krajiny<\/a> jasn\u011b \u0159\u00edk\u00e1, \u017ee kdyby vlastn\u00edci &#8211; v\u010detn\u011b Les\u016f \u010cR &#8211; hospoda\u0159ili podle t\u011bchto pl\u00e1n\u016f, zmizely by v Evropsky v\u00fdznamn\u00e9 lokalit\u011b V\u00fdchodn\u00ed Kru\u0161noho\u0159\u00ed t\u00e9m\u011b\u0159 v\u0161echny nejstar\u0161\u00ed porosty vz\u00e1cn\u00fdch bu\u010din. B\u011bhem p\u0159\u00ed\u0161t\u00edch n\u011bkolika let by podle lesn\u00edch hospod\u00e1\u0159sk\u00fdch pl\u00e1n\u016f do\u0161lo ke sn\u00ed\u017een\u00ed zastoupen\u00ed les\u016f nad 161 let z 9,5 % a\u017e na 0,6 %. Podobn\u00e9 je to u les\u016f star\u0161\u00edch 130 let souhrnn\u011b, kde by do\u0161lo k poklesu ze 17,9 % na 9,3 %.<\/p>\n\n<p>Dokud si budou vlastn\u00edci les\u016f &#8211; stejn\u011b jako Lesy \u010cR &#8211; myslet, \u017ee mohou v chr\u00e1n\u011bn\u00fdch les\u00edch k\u00e1cet, jak se jim zamane, nebudou vz\u00e1cn\u00e9 bu\u010diny v Kru\u0161n\u00fdch hor\u00e1ch v bezpe\u010d\u00ed. Lesy \u010cR sice nyn\u00ed slibuj\u00ed, \u017ee budou v Kru\u0161noho\u0159\u00ed vyty\u010dovat bezz\u00e1sahov\u00e9 z\u00f3ny, ale zat\u00edm vyhl\u00e1sily bezz\u00e1sahov\u00fd re\u017eim <a href=\"https:\/\/lesycr.cz\/tiskova-zprava\/v-krusnych-horach-lesy-cr-obnovuji-porosty-chrani-prirodu-i-navstevniky\/\">jenom na necel\u00fdch 18 hektarech<\/a> a v tu samou <a href=\"https:\/\/www.greenpeace.org\/czech\/clanek\/20835\/stale-hrozi-ze-lesy-cr-vykaceji-pres-15-tisic-stromu-v-mistech-kde-ma-vzniknout-chko-krusne-hory\/\">usiluj\u00ed o pok\u00e1cen\u00ed v\u00edce ne\u017e 15 tis\u00edc strom\u016f je\u0161t\u011b p\u0159ed vyhl\u00e1\u0161en\u00edm CHKO Kru\u0161n\u00e9 hory<\/a>. Kdyby p\u0159itom nemusela firma dost\u00e1vat povolen\u00ed na ka\u017ed\u00e9 k\u00e1cen\u00ed, mohla by okam\u017eit\u011b k\u00e1cet p\u0159es 150 tis\u00edc strom\u016f (respektive by mohla vyt\u011b\u017eit 440 000 m3 d\u0159eva). Je tedy v\u00edc ne\u017e kdy d\u0159\u00edv d\u016fle\u017eit\u00e9, aby byla CHKO vyhl\u00e1\u0161ena co nejd\u0159\u00edve a aby byla ochrana m\u00edstn\u00edch les\u016f nastavena co nejp\u0159\u00edsn\u011bji.<\/p>\n\n<p><em>Luk\u00e1\u0161 Hr\u00e1bek je tiskov\u00fd mluv\u010d\u00ed Greenpeace. Jarom\u00edr Kyzour je pr\u00e1vn\u00ed z\u00e1stupce Greenpeace.&nbsp;<\/em><\/p>\n","protected":false},"excerpt":{"rendered":"<p>Lesy \u010cR podaj\u00ed \u017ealobu, kter\u00e1 m\u016f\u017ee ohrozit \u010desk\u00e9 lesy a zni\u010dit p\u0159\u00edrodu v nov\u00e9 CHKO Kru\u0161n\u00e9 hory<\/p>\n","protected":false},"author":27,"featured_media":21573,"comment_status":"closed","ping_status":"closed","sticky":false,"template":"","format":"standard","meta":{"ep_exclude_from_search":false,"p4_og_title":"","p4_og_description":"","p4_og_image":"","p4_og_image_id":"","p4_seo_canonical_url":"","p4_campaign_name":"","p4_local_project":"","p4_basket_name":"","p4_department":"","footnotes":""},"categories":[2],"tags":[17],"p4-page-type":[16],"class_list":["post-21572","post","type-post","status-publish","format-standard","has-post-thumbnail","hentry","category-priroda","tag-lesy-pralesy","p4-page-type-clanek"],"_links":{"self":[{"href":"https:\/\/www.greenpeace.org\/czech\/wp-json\/wp\/v2\/posts\/21572","targetHints":{"allow":["GET"]}}],"collection":[{"href":"https:\/\/www.greenpeace.org\/czech\/wp-json\/wp\/v2\/posts"}],"about":[{"href":"https:\/\/www.greenpeace.org\/czech\/wp-json\/wp\/v2\/types\/post"}],"author":[{"embeddable":true,"href":"https:\/\/www.greenpeace.org\/czech\/wp-json\/wp\/v2\/users\/27"}],"replies":[{"embeddable":true,"href":"https:\/\/www.greenpeace.org\/czech\/wp-json\/wp\/v2\/comments?post=21572"}],"version-history":[{"count":1,"href":"https:\/\/www.greenpeace.org\/czech\/wp-json\/wp\/v2\/posts\/21572\/revisions"}],"predecessor-version":[{"id":21574,"href":"https:\/\/www.greenpeace.org\/czech\/wp-json\/wp\/v2\/posts\/21572\/revisions\/21574"}],"wp:featuredmedia":[{"embeddable":true,"href":"https:\/\/www.greenpeace.org\/czech\/wp-json\/wp\/v2\/media\/21573"}],"wp:attachment":[{"href":"https:\/\/www.greenpeace.org\/czech\/wp-json\/wp\/v2\/media?parent=21572"}],"wp:term":[{"taxonomy":"category","embeddable":true,"href":"https:\/\/www.greenpeace.org\/czech\/wp-json\/wp\/v2\/categories?post=21572"},{"taxonomy":"post_tag","embeddable":true,"href":"https:\/\/www.greenpeace.org\/czech\/wp-json\/wp\/v2\/tags?post=21572"},{"taxonomy":"p4-page-type","embeddable":true,"href":"https:\/\/www.greenpeace.org\/czech\/wp-json\/wp\/v2\/p4-page-type?post=21572"}],"curies":[{"name":"wp","href":"https:\/\/api.w.org\/{rel}","templated":true}]}}