{"id":21669,"date":"2025-02-20T11:25:32","date_gmt":"2025-02-20T10:25:32","guid":{"rendered":"https:\/\/www.greenpeace.org\/czech\/?p=21669"},"modified":"2025-11-11T16:27:12","modified_gmt":"2025-11-11T15:27:12","slug":"lex-plyn-prosel-hospodarskym-vyborem-ktery-potvrdil-ze-verejna-podpora-uhli-je-problem","status":"publish","type":"post","link":"https:\/\/www.greenpeace.org\/czech\/tiskova-zprava\/21669\/lex-plyn-prosel-hospodarskym-vyborem-ktery-potvrdil-ze-verejna-podpora-uhli-je-problem\/","title":{"rendered":"Lex plyn pro\u0161el Hospod\u00e1\u0159sk\u00fdm v\u00fdborem, kter\u00fd potvrdil, \u017ee ve\u0159ejn\u00e1 podpora uhl\u00ed je probl\u00e9m"},"content":{"rendered":"\n<p>Poslanci a poslankyn\u011b Hospod\u00e1\u0159sk\u00e9ho v\u00fdboru odhlasovali pozm\u011b\u0148ovac\u00ed n\u00e1vrhy k novele energetick\u00e9ho z\u00e1kona zvan\u00e9 Lex plyn. V\u00fdbor navrhuje z novely vy\u0161krtnout mo\u017enost z\u00edskat podporu pro uhelnou elektr\u00e1rnu, kter\u00e1 pouze p\u0159eru\u0161\u00ed provoz. Hnut\u00ed DUHA a Greenpeace to pova\u017euj\u00ed za rozumnou zm\u011bnu n\u00e1vrhu, proto\u017ee jinak by hrozilo, \u017ee provozovatel\u00e9 elektr\u00e1ren budou usilovat o dotace nap\u0159\u00edklad p\u0159eru\u0161en\u00edm provozu v l\u00e9t\u011b, kdy jsou ni\u017e\u0161\u00ed ceny elekt\u0159iny. V\u00fdbor chce tak\u00e9 doplnit nov\u00e9 ustanoven\u00ed, kter\u00e9 po\u010d\u00edt\u00e1 s t\u00edm, \u017ee p\u0159\u00edpadn\u00e1 aplikace navr\u017een\u00e9 podpory provozu na konkr\u00e9tn\u00ed uhelnou elektr\u00e1rnu bude vy\u017eadovat v\u00fdjimku ze z\u00e1kazu ve\u0159ejn\u00e9 podpory platn\u00e9ho v cel\u00e9 EU. Potvrzuje se tedy <a href=\"https:\/\/hnutiduha.cz\/aktualne\/lex-plyn-prosel-prvnim-ctenim-podpora-uhli-muze-byt-v-rozporu-s-pravem-eu-pravidly-trhu-s\">z\u00e1sadn\u00ed slabina n\u00e1vrhu, na n\u00ed\u017e od za\u010d\u00e1tku upozor\u0148uj\u00ed nejen ekologick\u00e9 organizace, ale tak\u00e9 Legislativn\u00ed rada vl\u00e1dy \u010di Parlamentn\u00ed institut<\/a>.\u00a0\u00a0<\/p>\n\n<p>Ani kdy\u017e poslanci a poslankyn\u011b p\u0159ijmou n\u00e1vrh Hospod\u00e1\u0159sk\u00e9ho v\u00fdboru, nebude zaji\u0161t\u011bn v\u00fdb\u011br nejlevn\u011bj\u0161\u00ed nab\u00eddky p\u0159\u00edpadn\u00e9ho nouzov\u00e9ho provozu, nebo\u0165 v prvn\u00edm kole m\u00ed\u0159\u00ed dotace pouze p\u016fvodn\u00edmu provozovateli a garantuj\u00ed mu i zisk. K problematick\u00e9mu nepovinn\u00e9mu ru\u0161en\u00edm licenc\u00ed nepot\u0159ebn\u00fdch elektr\u00e1ren nav\u00edc v\u00fdbor p\u0159id\u00e1v\u00e1 mo\u017enost zru\u0161enou licenci obnovit. Tyto nedostatky vytv\u00e1\u0159ej\u00ed riziko spekulativn\u00edch pokus\u016f o z\u00edsk\u00e1n\u00ed dotac\u00ed, kter\u00e9 budou platit spot\u0159ebitel\u00e9 elekt\u0159iny.&nbsp;<\/p>\n\n<p><strong>Ji\u0159\u00ed Ko\u017eelouh, vedouc\u00ed energetick\u00e9ho programu Hnut\u00ed DUHA, \u0159\u00edk\u00e1:<\/strong><\/p>\n\n<p><em>\u201e<\/em><em>Pozm\u011b\u0148ovac\u00ed n\u00e1vrh garan\u010dn\u00edho Hospod\u00e1\u0159sk\u00e9ho v\u00fdboru k Lex plyn velmi spr\u00e1vn\u011b ujas\u0148uje, \u017ee nouzovou podporu nem\u016f\u017ee dostat uheln\u00e1 elektr\u00e1rna, kter\u00e1 pouze p\u0159eru\u0161\u00ed provoz, to by byly otev\u0159en\u00e9 dve\u0159e pro spekulace. Stejn\u011b logick\u00e9 je, \u017ee v\u00fdbor chce do z\u00e1kona doplnit zm\u00ednku o nutnosti z\u00edskat v\u00fdjimku na ve\u0159ejnou podporu, kter\u00e1 je na otev\u0159en\u00e9m evropsk\u00e9m trhu zak\u00e1z\u00e1na. I s t\u011bmito zm\u011bnami by v\u0161ak n\u00e1vrh Lex plyn st\u00e1le p\u0159in\u00e1\u0161el rizika, \u017ee se majitel\u00e9 uheln\u00fdch elektr\u00e1ren budou sna\u017eit bezd\u016fvodn\u011b obohatit na \u00fakor spot\u0159ebitel\u016f elekt\u0159iny. Jsou nutn\u00e9 dal\u0161\u00ed opravy.\u201d<\/em><\/p>\n\n<p><strong>Jaroslav Bican, vedouc\u00ed energetick\u00e9 kampan\u011b Greenpeace \u010cR, \u0159\u00edk\u00e1:<\/strong><\/p>\n\n<p><em>\u201eI p\u0159es drobn\u00e9 zm\u011bny k lep\u0161\u00edmu v podob\u011b pozm\u011b\u0148ovac\u00edch n\u00e1vrh\u016f, kter\u00e9 schv\u00e1lil k Lex plyn Hospod\u00e1\u0159sk\u00fd v\u00fdbor, hlavn\u00ed v\u00fdtky, kter\u00e9 v\u016f\u010di novele m\u00e1me, z\u016fst\u00e1vaj\u00ed. St\u00e1le plat\u00ed, \u017ee otev\u00edr\u00e1 mo\u017enost dotovat zisk uhlobaron\u016fm a nezaru\u010duje v\u00fdb\u011br nejlevn\u011bj\u0161\u00edho provozovatele uheln\u00fdch elektr\u00e1ren, proto\u017ee <\/em><em>v prvn\u00edm kole dotace m\u00ed\u0159\u00ed pouze p\u016fvodn\u00edmu provozovateli. St\u00e1le tak hroz\u00ed, \u017ee novela pom\u016f\u017ee udr\u017eet lukrativn\u00ed byznys uhlobaron\u016f na \u00fakor spot\u0159ebitel\u016f, kte\u0159\u00ed budou muset dotace fosiln\u00edmu pr\u016fmyslu zaplatit.\u201d<\/em><\/p>\n","protected":false},"excerpt":{"rendered":"<p>Poslanci a poslankyn\u011b Hospod\u00e1\u0159sk\u00e9ho v\u00fdboru odhlasovali pozm\u011b\u0148ovac\u00ed n\u00e1vrhy k novele energetick\u00e9ho z\u00e1kona zvan\u00e9 Lex plyn. V\u00fdbor navrhuje z novely vy\u0161krtnout mo\u017enost z\u00edskat podporu pro uhelnou elektr\u00e1rnu,\u2026<\/p>\n","protected":false},"author":95,"featured_media":21522,"comment_status":"closed","ping_status":"closed","sticky":false,"template":"","format":"standard","meta":{"ep_exclude_from_search":false,"p4_og_title":"","p4_og_description":"","p4_og_image":"","p4_og_image_id":"","p4_seo_canonical_url":"","p4_campaign_name":"","p4_local_project":"","p4_basket_name":"","p4_department":"","footnotes":""},"categories":[30],"tags":[25,34],"p4-page-type":[14],"class_list":["post-21669","post","type-post","status-publish","format-standard","has-post-thumbnail","hentry","category-greenpeace","tag-konec-doby-fosilni","tag-uhelnakomise","p4-page-type-tiskova-zprava"],"_links":{"self":[{"href":"https:\/\/www.greenpeace.org\/czech\/wp-json\/wp\/v2\/posts\/21669","targetHints":{"allow":["GET"]}}],"collection":[{"href":"https:\/\/www.greenpeace.org\/czech\/wp-json\/wp\/v2\/posts"}],"about":[{"href":"https:\/\/www.greenpeace.org\/czech\/wp-json\/wp\/v2\/types\/post"}],"author":[{"embeddable":true,"href":"https:\/\/www.greenpeace.org\/czech\/wp-json\/wp\/v2\/users\/95"}],"replies":[{"embeddable":true,"href":"https:\/\/www.greenpeace.org\/czech\/wp-json\/wp\/v2\/comments?post=21669"}],"version-history":[{"count":2,"href":"https:\/\/www.greenpeace.org\/czech\/wp-json\/wp\/v2\/posts\/21669\/revisions"}],"predecessor-version":[{"id":23114,"href":"https:\/\/www.greenpeace.org\/czech\/wp-json\/wp\/v2\/posts\/21669\/revisions\/23114"}],"wp:featuredmedia":[{"embeddable":true,"href":"https:\/\/www.greenpeace.org\/czech\/wp-json\/wp\/v2\/media\/21522"}],"wp:attachment":[{"href":"https:\/\/www.greenpeace.org\/czech\/wp-json\/wp\/v2\/media?parent=21669"}],"wp:term":[{"taxonomy":"category","embeddable":true,"href":"https:\/\/www.greenpeace.org\/czech\/wp-json\/wp\/v2\/categories?post=21669"},{"taxonomy":"post_tag","embeddable":true,"href":"https:\/\/www.greenpeace.org\/czech\/wp-json\/wp\/v2\/tags?post=21669"},{"taxonomy":"p4-page-type","embeddable":true,"href":"https:\/\/www.greenpeace.org\/czech\/wp-json\/wp\/v2\/p4-page-type?post=21669"}],"curies":[{"name":"wp","href":"https:\/\/api.w.org\/{rel}","templated":true}]}}