{"id":21768,"date":"2025-03-19T23:45:00","date_gmt":"2025-03-19T22:45:00","guid":{"rendered":"https:\/\/www.greenpeace.org\/czech\/?p=21768"},"modified":"2025-03-20T15:36:45","modified_gmt":"2025-03-20T14:36:45","slug":"americky-soud-naridil-organizaci-greenpeace-zaplatit-stovky-milionu-dolaru-za-akci-kterou-neorganizovala","status":"publish","type":"post","link":"https:\/\/www.greenpeace.org\/czech\/tiskova-zprava\/21768\/americky-soud-naridil-organizaci-greenpeace-zaplatit-stovky-milionu-dolaru-za-akci-kterou-neorganizovala\/","title":{"rendered":"Americk\u00fd soud na\u0159\u00eddil organizaci Greenpeace zaplatit stovky milion\u016f dolar\u016f za akci, kterou neorganizovala"},"content":{"rendered":"\n<p>Porota u soudu v americk\u00e9m Morton County dnes vyhov\u011bla ni\u010d\u00edm nepodlo\u017een\u00e9 \u017ealob\u011b fosiln\u00ed korporace Energy Transfer a rozhodla, \u017ee Greenpeace International (GPI) a dva subjekty Greenpeace registrovan\u00e9 ve Spojen\u00fdch st\u00e1tech mus\u00ed zaplatit 660 milion\u016f americk\u00fdch dolar\u016f. Podle Greenpeace jde o typick\u00fd p\u0159\u00edklad tzv. SLAPP \u017ealoby (Strategic Lawsuit Against Public Participation), kter\u00e9 velk\u00e9 korporace pou\u017e\u00edvaj\u00ed k zastra\u0161en\u00ed, uml\u010den\u00ed \u010di po\u0161kozen\u00ed sv\u00fdch kritik\u016f. Energy Transfer po\u017eaduje po Greenpeace pen\u00edze kv\u016fli blok\u00e1d\u011b stavby ropovodu Dakota Access Pipeline v t\u011bsn\u00e9 bl\u00edzkosti rezervace Standing Rock v roce 2016. Podle organizace je \u017ealoba absurdn\u00ed i proto, \u017ee tuto konkr\u00e9tn\u00ed blok\u00e1du nijak neorganizovalo Greenpeace, ale p\u016fvodn\u00ed obyvatel\u00e9 z kmene Sioux\u016f.<\/p>\n\n<figure class=\"wp-block-image size-large\"><img loading=\"lazy\" decoding=\"async\" width=\"1024\" height=\"683\" src=\"https:\/\/www.greenpeace.org\/static\/planet4-czech-republic-stateless\/2025\/02\/58b4d1a1-gp0su2o46_medium-res-1200px-1024x683.jpg\" alt=\"\" class=\"wp-image-21714\" srcset=\"https:\/\/www.greenpeace.org\/static\/planet4-czech-republic-stateless\/2025\/02\/58b4d1a1-gp0su2o46_medium-res-1200px-1024x683.jpg 1024w, https:\/\/www.greenpeace.org\/static\/planet4-czech-republic-stateless\/2025\/02\/58b4d1a1-gp0su2o46_medium-res-1200px-300x200.jpg 300w, https:\/\/www.greenpeace.org\/static\/planet4-czech-republic-stateless\/2025\/02\/58b4d1a1-gp0su2o46_medium-res-1200px-768x512.jpg 768w, https:\/\/www.greenpeace.org\/static\/planet4-czech-republic-stateless\/2025\/02\/58b4d1a1-gp0su2o46_medium-res-1200px-510x340.jpg 510w, https:\/\/www.greenpeace.org\/static\/planet4-czech-republic-stateless\/2025\/02\/58b4d1a1-gp0su2o46_medium-res-1200px.jpg 1200w\" sizes=\"auto, (max-width: 1024px) 100vw, 1024px\" \/><figcaption class=\"wp-element-caption\">V r\u00e1mci Glob\u00e1ln\u00edho t\u00fddne akce vyjad\u0159uj\u00ed aktivist\u00e9 a podporovatel\u00e9 Greenpeace \u010cesk\u00e1 republika \u0161irokou solidaritu celosv\u011btov\u00e9 s\u00edt\u011b Greenpeace a vys\u00edlaj\u00ed jasn\u00fd vzkaz spole\u010dnosti Energy Transfer: \u201eNenech\u00e1me se uml\u010det.\u201c<\/figcaption><\/figure>\n\n<p><strong>Mads Christensen, v\u00fdkonn\u00fd \u0159editel Greenpeace International, \u0159ekl:<\/strong><br><em>\u201cJsme sv\u011bdky katastrof\u00e1ln\u00edho n\u00e1vratu k bezohledn\u00e9mu chov\u00e1n\u00ed, kter\u00e9 prohlubuje klimatickou krizi, ne\u0161t\u00edt\u00ed se environment\u00e1ln\u00edho rasismu a up\u0159ednost\u0148uje zisky z fosiln\u00edch paliv p\u0159ed ve\u0159ejn\u00fdm zdrav\u00edm a planetou vhodnou pro \u017eivot. P\u0159edchoz\u00ed Trumpova administrativa str\u00e1vila \u010dty\u0159i roky likvidac\u00ed ochrany \u010dist\u00e9ho ovzdu\u0161\u00ed, vody a suverenity p\u016fvodn\u00edch obyvatel a nyn\u00ed chce spolu se sv\u00fdmi spojenci dokon\u010dit d\u00edlo uml\u010den\u00edm protest\u016f. Neustoup\u00edme. Nenech\u00e1me se uml\u010det.\u201d&nbsp;<\/em><\/p>\n\n<p><strong>Sushma Raman, zastupuj\u00edc\u00ed \u0159editelka Greenpeace Inc., Greenpeace Fund, \u0159ekla:<\/strong><br><em>\u201cTento p\u0159\u00edpad by m\u011bl znepokojit ka\u017ed\u00e9ho bez ohledu na jeho politick\u00e9 p\u0159esv\u011bd\u010den\u00ed. Korporace znovu obnovily snahu vyu\u017e\u00edt soudy k uml\u010den\u00ed kritiky. V\u0161ichni bychom se m\u011bli ob\u00e1vat o budoucnost prvn\u00edho dodatku americk\u00e9 \u00fastavy a \u017ealob, jako je tato, jejich\u017e c\u00edlem je zni\u010dit na\u0161e pr\u00e1va na pokojn\u00fd protest a svobodu projevu. Tyrani z \u0159ad velk\u00fdch ropn\u00fdch spole\u010dnost\u00ed se mohou pokusit zastavit jednu skupinu, ale nemohou zastavit hnut\u00ed.\u201c<\/em><\/p>\n\n<p><strong>Kristin Casper, pr\u00e1vn\u00ed expertka Greenpeace International, uvedla:\u00a0<\/strong><br><em>\u201cSpole\u010dnost Energy Transfer o n\u00e1s nesly\u0161\u00ed naposled. Pr\u00e1v\u011b za\u010d\u00edn\u00e1 na\u0161e anti-SLAPP \u017ealoba proti \u00fatok\u016fm t\u00e9to spole\u010dnosti na svobodu projevu a pokojn\u00e9 protesty. Se spole\u010dnost\u00ed Energy Transfer se setk\u00e1me u soudu letos v \u010dervenci v Amsterdamu.\u201c<\/em><\/p>\n","protected":false},"excerpt":{"rendered":"<p>Porota u soudu v americk\u00e9m Morton County dnes vyhov\u011bla ni\u010d\u00edm nepodlo\u017een\u00e9 \u017ealob\u011b fosiln\u00ed korporace Energy Transfer a rozhodla, \u017ee Greenpeace International (GPI) a dva subjekty Greenpeace registrovan\u00e9 ve Spojen\u00fdch st\u00e1tech mus\u00ed zaplatit 660 milion\u016f americk\u00fdch dolar\u016f.<\/p>\n","protected":false},"author":27,"featured_media":21714,"comment_status":"closed","ping_status":"closed","sticky":false,"template":"","format":"standard","meta":{"ep_exclude_from_search":false,"p4_og_title":"","p4_og_description":"","p4_og_image":"","p4_og_image_id":"","p4_seo_canonical_url":"","p4_campaign_name":"","p4_local_project":"","p4_basket_name":"","p4_department":"","footnotes":""},"categories":[3],"tags":[24,25,29,13],"p4-page-type":[14],"class_list":["post-21768","post","type-post","status-publish","format-standard","has-post-thumbnail","hentry","category-nas-svet","tag-aktivni-spolecnost","tag-konec-doby-fosilni","tag-nenasilne-protesty","tag-o-greenpeace","p4-page-type-tiskova-zprava"],"_links":{"self":[{"href":"https:\/\/www.greenpeace.org\/czech\/wp-json\/wp\/v2\/posts\/21768","targetHints":{"allow":["GET"]}}],"collection":[{"href":"https:\/\/www.greenpeace.org\/czech\/wp-json\/wp\/v2\/posts"}],"about":[{"href":"https:\/\/www.greenpeace.org\/czech\/wp-json\/wp\/v2\/types\/post"}],"author":[{"embeddable":true,"href":"https:\/\/www.greenpeace.org\/czech\/wp-json\/wp\/v2\/users\/27"}],"replies":[{"embeddable":true,"href":"https:\/\/www.greenpeace.org\/czech\/wp-json\/wp\/v2\/comments?post=21768"}],"version-history":[{"count":3,"href":"https:\/\/www.greenpeace.org\/czech\/wp-json\/wp\/v2\/posts\/21768\/revisions"}],"predecessor-version":[{"id":21781,"href":"https:\/\/www.greenpeace.org\/czech\/wp-json\/wp\/v2\/posts\/21768\/revisions\/21781"}],"wp:featuredmedia":[{"embeddable":true,"href":"https:\/\/www.greenpeace.org\/czech\/wp-json\/wp\/v2\/media\/21714"}],"wp:attachment":[{"href":"https:\/\/www.greenpeace.org\/czech\/wp-json\/wp\/v2\/media?parent=21768"}],"wp:term":[{"taxonomy":"category","embeddable":true,"href":"https:\/\/www.greenpeace.org\/czech\/wp-json\/wp\/v2\/categories?post=21768"},{"taxonomy":"post_tag","embeddable":true,"href":"https:\/\/www.greenpeace.org\/czech\/wp-json\/wp\/v2\/tags?post=21768"},{"taxonomy":"p4-page-type","embeddable":true,"href":"https:\/\/www.greenpeace.org\/czech\/wp-json\/wp\/v2\/p4-page-type?post=21768"}],"curies":[{"name":"wp","href":"https:\/\/api.w.org\/{rel}","templated":true}]}}