{"id":21906,"date":"2025-04-28T12:21:53","date_gmt":"2025-04-28T11:21:53","guid":{"rendered":"https:\/\/www.greenpeace.org\/czech\/?p=21906"},"modified":"2025-04-28T12:21:58","modified_gmt":"2025-04-28T11:21:58","slug":"zklamali-jste-76-lidi-poslanci-a-poslankyne-dostali-vyzvu-za-zavedeni-zaloh-na-pet-lahve-a-plechovky","status":"publish","type":"post","link":"https:\/\/www.greenpeace.org\/czech\/tiskova-zprava\/21906\/zklamali-jste-76-lidi-poslanci-a-poslankyne-dostali-vyzvu-za-zavedeni-zaloh-na-pet-lahve-a-plechovky\/","title":{"rendered":"Zklamali jste 76 % lid\u00ed. Poslanci a poslankyn\u011b dostali v\u00fdzvu za zaveden\u00ed z\u00e1loh na PET lahve a plechovky"},"content":{"rendered":"\n<p>Organizace Greenpeace dnes doru\u010dila v\u00fdzvu za zaveden\u00ed z\u00e1lohov\u00e9ho syst\u00e9mu na PET lahve a hlin\u00edkov\u00e9 plechovky, kterou podepsalo p\u0159es 30 tis\u00edc lid\u00ed, poslankyn\u00edm a poslanc\u016fm ODS, STAN, SPD a ANO. Pr\u00e1v\u011b tyto strany toti\u017e zaveden\u00ed z\u00e1loh bu\u010f <a href=\"https:\/\/zpravy.aktualne.cz\/domaci\/ministr-hladik-musel-vzdat-petkovou-revoluci-uz-je-malo-casu\/r~8f7326381a0111f0801c0cc47ab5f122\/\">dostate\u010dn\u011b nepodporovaly<\/a>, nebo ho <a href=\"https:\/\/ekolist.cz\/cz\/zpravodajstvi\/zpravy\/snemovni-interpelace-vyplnil-spor-o-zalohovani-pet-lahvi-a-plechovek\">dokonce odm\u00edtaly<\/a>. Spolu s v\u00fdzvou obdr\u017eeli z\u00e1konod\u00e1rci i <a href=\"https:\/\/www.greenpeace.org\/static\/planet4-czech-republic-stateless\/2025\/04\/20a96132-chceme-zalohovy-system.pdf\">dopis<\/a>, v n\u011bm\u017e Greenpeace upozor\u0148uje na promarn\u011bnou p\u0159\u00edle\u017eitost projednat novelu z\u00e1kona o obalech, kter\u00e1 z\u00e1lohov\u00fd syst\u00e9m zav\u00e1d\u00ed, je\u0161t\u011b p\u0159ed nadch\u00e1zej\u00edc\u00edmi volbami a vyz\u00fdv\u00e1 z\u00e1konod\u00e1rce k p\u0159evzet\u00ed politick\u00e9 odpov\u011bdnosti za ekologick\u00e9 i ekonomick\u00e9 dopady tohoto rozhodnut\u00ed.<\/p>\n\n<figure class=\"wp-block-image size-large\"><img loading=\"lazy\" decoding=\"async\" width=\"1024\" height=\"768\" src=\"https:\/\/www.greenpeace.org\/static\/planet4-czech-republic-stateless\/2025\/04\/e6baa264-20250428_094659-1024x768.jpg\" alt=\"\" class=\"wp-image-21907\" srcset=\"https:\/\/www.greenpeace.org\/static\/planet4-czech-republic-stateless\/2025\/04\/e6baa264-20250428_094659-1024x768.jpg 1024w, https:\/\/www.greenpeace.org\/static\/planet4-czech-republic-stateless\/2025\/04\/e6baa264-20250428_094659-300x225.jpg 300w, https:\/\/www.greenpeace.org\/static\/planet4-czech-republic-stateless\/2025\/04\/e6baa264-20250428_094659-768x576.jpg 768w, https:\/\/www.greenpeace.org\/static\/planet4-czech-republic-stateless\/2025\/04\/e6baa264-20250428_094659-1536x1152.jpg 1536w, https:\/\/www.greenpeace.org\/static\/planet4-czech-republic-stateless\/2025\/04\/e6baa264-20250428_094659-2048x1536.jpg 2048w, https:\/\/www.greenpeace.org\/static\/planet4-czech-republic-stateless\/2025\/04\/e6baa264-20250428_094659-1821x1366.jpg 1821w, https:\/\/www.greenpeace.org\/static\/planet4-czech-republic-stateless\/2025\/04\/e6baa264-20250428_094659-453x340.jpg 453w\" sizes=\"auto, (max-width: 1024px) 100vw, 1024px\" \/><figcaption class=\"wp-element-caption\">Dopis <\/figcaption><\/figure>\n\n<p>\u201eNeschv\u00e1len\u00ed z\u00e1lohov\u00e9ho syst\u00e9mu v tomto volebn\u00edm obdob\u00ed je pro n\u00e1s nepochopiteln\u00e9. Poslaneck\u00e1 sn\u011bmovna tak zklamala nejen v\u00edce ne\u017e 30 tis\u00edc ob\u010dan\u016f, kte\u0159\u00ed v\u00fdzvu podepsali, ale i <a href=\"https:\/\/www.hrot24.cz\/clanek\/tri-ctvrtiny-cechu-podporuji-zavedeni-systemu-zaloh-na-pet-lahve-tvrdi-pruzkum-H7KwZ\">76 % ve\u0159ejnosti<\/a>, kter\u00e1 podle pr\u016fzkumu agentury Ipsos zaveden\u00ed z\u00e1loh podporuje,\u201c uvedl Petr Winkler, v\u00fdkonn\u00fd \u0159editel Greenpeace \u010cR, kter\u00fd je pod dopisem podeps\u00e1n.<\/p>\n\n<p>Z\u00e1kon o obalech nebyl na posledn\u00ed sch\u016fzi Sn\u011bmovny v\u016fbec za\u0159azen k projedn\u00e1n\u00ed. Podle Greenpeace to znamen\u00e1, \u017ee se ji\u017e nestihne schv\u00e1lit v tomto volebn\u00edm obdob\u00ed. Toto rozhodnut\u00ed p\u0159itom bude m\u00edt negativn\u00ed dopady nejen na \u010desk\u00e9 \u017eivotn\u00ed prost\u0159ed\u00ed, ale kv\u016fli zdra\u017een\u00ed n\u00e1poj\u016f i na pen\u011b\u017eenky spot\u0159ebitel\u016f a na ve\u0159ejn\u00e9 finance. \u010cesk\u00e1 republika bude v p\u0159\u00edpad\u011b nezaveden\u00ed z\u00e1lohov\u00e9ho syst\u00e9mu <a href=\"https:\/\/ekolist.cz\/cz\/publicistika\/nazory-a-komentare\/lubos-pavlovic-odlozenim-zakona-o-zalohovani-hrozi-cesku-dalsi-miliardove-pokuty.bez-zavedeni-zaloh-jen-tezko-splni\">platit pokuty za nespln\u011bn\u00ed recykla\u010dn\u00edch c\u00edl\u016f<\/a>.<\/p>\n\n<p>Greenpeace ve sv\u00e9m dopise p\u0159ipom\u00edn\u00e1, \u017ee ro\u010dn\u011b kon\u010d\u00ed v p\u0159\u00edrod\u011b, na skl\u00e1dk\u00e1ch a ve spalovn\u00e1ch <a href=\"https:\/\/mzp.gov.cz\/cz\/pro-media-a-verejnost\/aktuality\/archiv-tiskovych-zprav\/vlada-schvalila-navrh-povinneho-zalohovani\">400 milion\u016f PET lahv\u00ed a 500 milion\u016f hlin\u00edkov\u00fdch plechovek<\/a>. Sou\u010dasn\u00fd syst\u00e9m t\u0159\u00edd\u011bn\u00ed je podle organizace nedostate\u010dn\u00fd, proto\u017ee nedok\u00e1\u017ee zastavit p\u0159\u00edliv PET lahv\u00ed a plechovek do \u010desk\u00e9 p\u0159\u00edrody. Z\u00e1lohov\u00fd syst\u00e9m je ov\u011b\u0159en\u00fdm n\u00e1strojem, jak v\u00fdrazn\u011b zv\u00fd\u0161it m\u00edru <a href=\"https:\/\/ekolist.cz\/cz\/publicistika\/nazory-a-komentare\/lubos-pavlovic-odlozenim-zakona-o-zalohovani-hrozi-cesku-dalsi-miliardove-pokuty.bez-zavedeni-zaloh-jen-tezko-splni\">sb\u011bru a recyklace n\u00e1pojov\u00fdch obal\u016f<\/a> a <a href=\"https:\/\/www.ceskenoviny.cz\/tiskove\/zpravy\/littering-je-stale-problemem-data-ukazuji-ze-na-slovensku-to-zmenil-zalohovy-system\/2558621\">zamezit vyhazov\u00e1n\u00ed n\u00e1pojov\u00fdch obal\u016f do p\u0159\u00edrody<\/a>.<\/p>\n\n<p>Greenpeace proto vyz\u00fdv\u00e1 poslance a poslankyn\u011b ANO, ODS, STAN a SPD, aby v p\u0159\u00edpad\u011b sv\u00e9ho znovuzvolen\u00ed nebr\u00e1nili po volb\u00e1ch nov\u00e9mu p\u0159edlo\u017een\u00ed z\u00e1kona o obalech a z\u00e1lohov\u00fd syst\u00e9m podpo\u0159illi.<\/p>\n","protected":false},"excerpt":{"rendered":"<p>Organizace Greenpeace dnes doru\u010dila v\u00fdzvu za zaveden\u00ed z\u00e1lohov\u00e9ho syst\u00e9mu na PET lahve a hlin\u00edkov\u00e9 plechovky, kterou podepsalo p\u0159es 30 tis\u00edc lid\u00ed, poslankyn\u00edm a poslanc\u016fm ODS, STAN, SPD a ANO. Pr\u00e1v\u011b&hellip;<\/p>\n","protected":false},"author":27,"featured_media":21907,"comment_status":"closed","ping_status":"closed","sticky":false,"template":"","format":"standard","meta":{"ep_exclude_from_search":false,"p4_og_title":"","p4_og_description":"","p4_og_image":"","p4_og_image_id":"","p4_seo_canonical_url":"","p4_campaign_name":"","p4_local_project":"","p4_basket_name":"","p4_department":"","footnotes":""},"categories":[3],"tags":[21,24],"p4-page-type":[14],"class_list":["post-21906","post","type-post","status-publish","format-standard","has-post-thumbnail","hentry","category-nas-svet","tag-plast-je-past","tag-aktivni-spolecnost","p4-page-type-tiskova-zprava"],"_links":{"self":[{"href":"https:\/\/www.greenpeace.org\/czech\/wp-json\/wp\/v2\/posts\/21906","targetHints":{"allow":["GET"]}}],"collection":[{"href":"https:\/\/www.greenpeace.org\/czech\/wp-json\/wp\/v2\/posts"}],"about":[{"href":"https:\/\/www.greenpeace.org\/czech\/wp-json\/wp\/v2\/types\/post"}],"author":[{"embeddable":true,"href":"https:\/\/www.greenpeace.org\/czech\/wp-json\/wp\/v2\/users\/27"}],"replies":[{"embeddable":true,"href":"https:\/\/www.greenpeace.org\/czech\/wp-json\/wp\/v2\/comments?post=21906"}],"version-history":[{"count":1,"href":"https:\/\/www.greenpeace.org\/czech\/wp-json\/wp\/v2\/posts\/21906\/revisions"}],"predecessor-version":[{"id":21908,"href":"https:\/\/www.greenpeace.org\/czech\/wp-json\/wp\/v2\/posts\/21906\/revisions\/21908"}],"wp:featuredmedia":[{"embeddable":true,"href":"https:\/\/www.greenpeace.org\/czech\/wp-json\/wp\/v2\/media\/21907"}],"wp:attachment":[{"href":"https:\/\/www.greenpeace.org\/czech\/wp-json\/wp\/v2\/media?parent=21906"}],"wp:term":[{"taxonomy":"category","embeddable":true,"href":"https:\/\/www.greenpeace.org\/czech\/wp-json\/wp\/v2\/categories?post=21906"},{"taxonomy":"post_tag","embeddable":true,"href":"https:\/\/www.greenpeace.org\/czech\/wp-json\/wp\/v2\/tags?post=21906"},{"taxonomy":"p4-page-type","embeddable":true,"href":"https:\/\/www.greenpeace.org\/czech\/wp-json\/wp\/v2\/p4-page-type?post=21906"}],"curies":[{"name":"wp","href":"https:\/\/api.w.org\/{rel}","templated":true}]}}