{"id":22052,"date":"2025-06-12T10:33:21","date_gmt":"2025-06-12T09:33:21","guid":{"rendered":"https:\/\/www.greenpeace.org\/czech\/?p=22052"},"modified":"2025-06-12T10:33:24","modified_gmt":"2025-06-12T09:33:24","slug":"greenpeace-se-snazi-zabranit-zbytecnemu-kaceni-podel-potucku-v-bucinach-v-krusnych-horach","status":"publish","type":"post","link":"https:\/\/www.greenpeace.org\/czech\/tiskova-zprava\/22052\/greenpeace-se-snazi-zabranit-zbytecnemu-kaceni-podel-potucku-v-bucinach-v-krusnych-horach\/","title":{"rendered":"Greenpeace se sna\u017e\u00ed zabr\u00e1nit zbyte\u010dn\u00e9mu k\u00e1cen\u00ed pod\u00e9l pot\u016f\u010dk\u016f v bu\u010din\u00e1ch v Kru\u0161n\u00fdch hor\u00e1ch\u00a0"},"content":{"rendered":"\n<p>Krajsk\u00fd \u00fa\u0159ad \u00dasteck\u00e9ho kraje v minul\u00fdch t\u00fddnech povolil st\u00e1tn\u00edmu podniku Lesy \u010cR k\u00e1cen\u00ed strom\u016f pod\u00e9l velk\u00e9 \u010d\u00e1sti potok\u016f v Evropsky v\u00fdznamn\u00e9 lokalit\u011b V\u00fdchodn\u00ed Kru\u0161noho\u0159\u00ed a v samostatn\u00e9m \u0159\u00edzen\u00ed pak i k\u00e1cen\u00ed pod\u00e9l potok\u016f v P\u0159\u00edrodn\u00ed pam\u00e1tce Pekelsk\u00e9 \u00fadol\u00ed. Organizace Greenpeace se proti t\u011bmto povolen\u00edm odvolala, proto\u017ee podle n\u00e1zoru odborn\u00edk\u016f je takov\u00e9 k\u00e1cen\u00ed zbyte\u010dn\u00e9 a m\u016f\u017ee m\u00edt negativn\u00ed dopady na chr\u00e1n\u011bnou p\u0159\u00edrodu. Odvolalo se tak\u00e9 m\u011bsto Litv\u00ednov, pod kter\u00e9 velk\u00e1 \u010d\u00e1st dot\u010den\u00e9ho \u00fazem\u00ed spad\u00e1. Podle Greenpeace by se Lesy \u010cR m\u011bly m\u00edsto k\u00e1cen\u00ed kolem vodn\u00edch tok\u016f v\u011bnovat vyhla\u0161ov\u00e1n\u00ed bezz\u00e1sahov\u00fdch z\u00f3n, jejich\u017e vznik sl\u00edbily ji\u017e p\u0159ed dv\u011bma lety.<\/p>\n\n<figure class=\"wp-block-image size-large\"><img loading=\"lazy\" decoding=\"async\" width=\"1024\" height=\"683\" src=\"https:\/\/www.greenpeace.org\/static\/planet4-czech-republic-stateless\/2025\/06\/fecaa6de-dsc0084_ibra_net-1024x683.jpg\" alt=\"\" class=\"wp-image-22053\" srcset=\"https:\/\/www.greenpeace.org\/static\/planet4-czech-republic-stateless\/2025\/06\/fecaa6de-dsc0084_ibra_net-1024x683.jpg 1024w, https:\/\/www.greenpeace.org\/static\/planet4-czech-republic-stateless\/2025\/06\/fecaa6de-dsc0084_ibra_net-300x200.jpg 300w, https:\/\/www.greenpeace.org\/static\/planet4-czech-republic-stateless\/2025\/06\/fecaa6de-dsc0084_ibra_net-768x513.jpg 768w, https:\/\/www.greenpeace.org\/static\/planet4-czech-republic-stateless\/2025\/06\/fecaa6de-dsc0084_ibra_net-510x340.jpg 510w, https:\/\/www.greenpeace.org\/static\/planet4-czech-republic-stateless\/2025\/06\/fecaa6de-dsc0084_ibra_net.jpg 1500w\" sizes=\"auto, (max-width: 1024px) 100vw, 1024px\" \/><figcaption class=\"wp-element-caption\">Bu\u010diny v Kru\u0161n\u00fdch hor\u00e1ch (c) Greenpeace &#8211; Ibra Ibrahimovi\u010d<\/figcaption><\/figure>\n\n<p>Lesy \u010cR od\u016fvodnily sv\u00e9 \u017e\u00e1dosti o k\u00e1cen\u00ed obavou z p\u0159ehrazen\u00ed potok\u016f padl\u00fdmi stromy, co\u017e by podle jejich \u017e\u00e1dosti mohlo v\u00e9st k povodn\u00edm. \u017d\u00e1daly proto o povolen\u00ed k pok\u00e1cen\u00ed v\u0161ech strom\u016f, u kter\u00fdch by mohlo doj\u00edt k p\u00e1du, nebo kter\u00e9 by p\u0159ek\u00e1\u017eely lesn\u00ed technice ve vzd\u00e1lenosti 50 metr\u016f od toku na ob\u011b strany. Krajsk\u00fd \u00fa\u0159ad k\u00e1cen\u00ed povolil v \u0161\u00ed\u0159ce 8 metr\u016f od v\u00fdznamn\u00fdch vodn\u00edch tok\u016f a 6 metr\u016f od drobn\u00fdch tok\u016f.&nbsp;<\/p>\n\n<p>Greenpeace se proti povolen\u00ed k\u00e1cen\u00ed odvolalo, proto\u017ee podle v\u011bdeck\u00fdch v\u00fdzkum\u016f pob\u0159e\u017en\u00ed vegetace a p\u0159\u00edtomnost d\u0159eva v horn\u00edch \u010d\u00e1stech tok\u016f zpravidla nep\u0159edstavuje z hlediska povodn\u00ed zv\u00fd\u0161en\u00e9 riziko. Jejich odstra\u0148ov\u00e1n\u00ed m\u016f\u017ee povodn\u011b naopak zhor\u0161it. P\u0159\u00edtomnost d\u0159eva i p\u0159\u00edmo ve vodn\u00edm toku v z\u00e1sad\u011b zpomaluje rychlost odtoku, p\u0159isp\u00edv\u00e1 k zadr\u017een\u00ed vody v krajin\u011b. Zpomaluje tedy povod\u0148ovou vlnu a sni\u017euje jej\u00ed kulmina\u010dn\u00ed pr\u016ftok. Ani vyvr\u00e1cen\u00e9 stromy rostouc\u00ed v okol\u00ed takov\u00fdch vodn\u00edch tok\u016f, jako jsou vodn\u00ed toky v Kru\u0161n\u00fdch hor\u00e1ch, neb\u00fdvaj\u00ed odn\u00e1\u0161eny proudem d\u00e1le po toku, proto\u017ee jejich d\u00e9lka obvykle v\u00fdrazn\u011b p\u0159esahuje \u0161\u00ed\u0159ku samotn\u00e9ho koryta.<\/p>\n\n<p>D\u00e1le Greenpeace poukazuje na fakt, \u017ee k\u00e1cen\u00ed bylo povoleno pod\u00e9l v\u0161ech tok\u016f bez jak\u00e9koli dal\u0161\u00ed specifikace, kter\u00fdch tok\u016f a jak\u00fdch strom\u016f by se m\u011blo t\u00fdkat. Nen\u00ed specifikov\u00e1n ani objem t\u011b\u017eby. Vzhledem k v\u00e1gn\u011b popsan\u00e9mu rozsahu t\u011b\u017eby, kter\u00e1 by mohla zahrnovat i des\u00edtky tok\u016f, s nejasn\u011b specifikovan\u00fdm typem strom\u016f, kter\u00fdch by se m\u011bla t\u00fdkat, se Greenpeace ob\u00e1v\u00e1 rozs\u00e1hl\u00e9ho a bezd\u016fvodn\u00e9ho k\u00e1cen\u00ed, kter\u00e9 by mohlo v\u00e9st a\u017e ke vzniku holin.<\/p>\n\n<p><strong>Luk\u00e1\u0161 Hr\u00e1bek, tiskov\u00fd mluv\u010d\u00ed Greenpeace \u010cR, \u0159\u00edk\u00e1:\u00a0<\/strong><br><em>\u201cLesy \u010cR vedou mnoho \u0159\u00edzen\u00ed, ve kter\u00fdch se do\u017eaduj\u00ed k\u00e1cen\u00ed na r\u016fzn\u00fdch m\u00edstech v Evropsky v\u00fdznamn\u00e9 lokalit\u011b V\u00fdchodn\u00ed Kru\u0161noho\u0159\u00ed. \u017d\u00e1dosti o k\u00e1cen\u00ed pod\u00e9l vodn\u00edch tok\u016f jsou pom\u011brn\u011b nov\u00fd pokus, jak se firma sna\u017e\u00ed z\u00edskat povolen\u00ed ke k\u00e1cen\u00ed, ov\u0161em zp\u016fsob, jak\u00fdm Lesy \u010cR \u017e\u00e1dosti od\u016fvod\u0148uj\u00ed, je z odborn\u00e9ho hlediska nesmysln\u00fd a podle n\u00e1s je \u00fa\u010delov\u00fd. M\u00edstn\u00ed horsk\u00e9 pot\u016f\u010dky ani p\u0159i tis\u00edcilet\u00e9 vod\u011b nebudou m\u00edt s\u00edlu na to, aby stromy odnesly n\u011bkam, kde by mohly teoreticky nap\u00e1chat n\u011bjakou \u0161kodu. M\u00edsto \u0159e\u0161en\u00ed fiktivn\u00edch povod\u0148ov\u00fdch hrozeb by se Lesy \u010cR m\u011bly sp\u00ed\u0161e zam\u011b\u0159it na to, aby dot\u00e1hly slib na vytvo\u0159en\u00ed alespo\u0148 1250 hektar\u016f bezz\u00e1sahov\u00fdch \u00fazem\u00ed, proto\u017ee zat\u00edm vyhl\u00e1sily jen necel\u00fdch 19 hektar\u016f.\u201d<\/em><\/p>\n","protected":false},"excerpt":{"rendered":"<p>Krajsk\u00fd \u00fa\u0159ad \u00dasteck\u00e9ho kraje v minul\u00fdch t\u00fddnech povolil st\u00e1tn\u00edmu podniku Lesy \u010cR k\u00e1cen\u00ed strom\u016f pod\u00e9l velk\u00e9 \u010d\u00e1sti potok\u016f v Evropsky v\u00fdznamn\u00e9 lokalit\u011b V\u00fdchodn\u00ed Kru\u0161noho\u0159\u00ed a v samostatn\u00e9m \u0159\u00edzen\u00ed pak i&hellip;<\/p>\n","protected":false},"author":27,"featured_media":22053,"comment_status":"closed","ping_status":"closed","sticky":false,"template":"","format":"standard","meta":{"ep_exclude_from_search":false,"p4_og_title":"","p4_og_description":"","p4_og_image":"","p4_og_image_id":"","p4_seo_canonical_url":"","p4_campaign_name":"","p4_local_project":"","p4_basket_name":"","p4_department":"","footnotes":""},"categories":[2],"tags":[17],"p4-page-type":[14],"class_list":["post-22052","post","type-post","status-publish","format-standard","has-post-thumbnail","hentry","category-priroda","tag-lesy-pralesy","p4-page-type-tiskova-zprava"],"_links":{"self":[{"href":"https:\/\/www.greenpeace.org\/czech\/wp-json\/wp\/v2\/posts\/22052","targetHints":{"allow":["GET"]}}],"collection":[{"href":"https:\/\/www.greenpeace.org\/czech\/wp-json\/wp\/v2\/posts"}],"about":[{"href":"https:\/\/www.greenpeace.org\/czech\/wp-json\/wp\/v2\/types\/post"}],"author":[{"embeddable":true,"href":"https:\/\/www.greenpeace.org\/czech\/wp-json\/wp\/v2\/users\/27"}],"replies":[{"embeddable":true,"href":"https:\/\/www.greenpeace.org\/czech\/wp-json\/wp\/v2\/comments?post=22052"}],"version-history":[{"count":1,"href":"https:\/\/www.greenpeace.org\/czech\/wp-json\/wp\/v2\/posts\/22052\/revisions"}],"predecessor-version":[{"id":22054,"href":"https:\/\/www.greenpeace.org\/czech\/wp-json\/wp\/v2\/posts\/22052\/revisions\/22054"}],"wp:featuredmedia":[{"embeddable":true,"href":"https:\/\/www.greenpeace.org\/czech\/wp-json\/wp\/v2\/media\/22053"}],"wp:attachment":[{"href":"https:\/\/www.greenpeace.org\/czech\/wp-json\/wp\/v2\/media?parent=22052"}],"wp:term":[{"taxonomy":"category","embeddable":true,"href":"https:\/\/www.greenpeace.org\/czech\/wp-json\/wp\/v2\/categories?post=22052"},{"taxonomy":"post_tag","embeddable":true,"href":"https:\/\/www.greenpeace.org\/czech\/wp-json\/wp\/v2\/tags?post=22052"},{"taxonomy":"p4-page-type","embeddable":true,"href":"https:\/\/www.greenpeace.org\/czech\/wp-json\/wp\/v2\/p4-page-type?post=22052"}],"curies":[{"name":"wp","href":"https:\/\/api.w.org\/{rel}","templated":true}]}}