{"id":2228,"date":"2018-12-15T23:23:50","date_gmt":"2018-12-15T21:23:50","guid":{"rendered":"https:\/\/master.k8s.p4.greenpeace.org\/czech\/?p=2228"},"modified":"2019-11-06T10:38:01","modified_gmt":"2019-11-06T08:38:01","slug":"klimaticka-konference-cop24-v-katovicich-pravidla-jsou-pripravena-nejasnosti-ohledne-dalsiho-snizovani-emisi-zustavaji","status":"publish","type":"post","link":"https:\/\/www.greenpeace.org\/czech\/tiskova-zprava\/2228\/klimaticka-konference-cop24-v-katovicich-pravidla-jsou-pripravena-nejasnosti-ohledne-dalsiho-snizovani-emisi-zustavaji\/","title":{"rendered":"Klimatick\u00e1 konference COP24 v Katovic\u00edch: pravidla jsou p\u0159ipravena, nejasnosti ohledn\u011b dal\u0161\u00edho sni\u017eov\u00e1n\u00ed emis\u00ed z\u016fst\u00e1vaj\u00ed"},"content":{"rendered":"<p><em>Spole\u010dn\u00e1 tiskov\u00e1 zpr\u00e1va Klimatick\u00e9 koalice k\u00a0z\u00e1v\u011br\u016fm klimatick\u00e9 konference<\/em><\/p>\n<p><strong>V polsk\u00fdch Katovic\u00edch skon\u010dil po dvou t\u00fddnech jedn\u00e1n\u00ed summit OSN o zm\u011bn\u011b klimatu. V\u00fdsledkem je n\u00e1vrh relativn\u011b \u00fa\u010dinn\u00fdch, by\u0165 ne\u00fapln\u00fdch pravidel pro napl\u0148ov\u00e1n\u00ed Pa\u0159\u00ed\u017esk\u00e9 dohody, ale velmi nejasn\u00fd p\u0159\u00edslib rychlej\u0161\u00edho tempa sni\u017eov\u00e1n\u00ed emis\u00ed sklen\u00edkov\u00fdch plyn\u016f.<\/strong><\/p>\n<p>Dosavadn\u00ed tempo sni\u017eov\u00e1n\u00ed emis\u00ed sklen\u00edkov\u00fdch plyn\u016f je p\u0159\u00edli\u0161 pomal\u00e9 a na spln\u011bn\u00ed po\u017eadavk\u016f Pa\u0159\u00ed\u017esk\u00e9 dohody zdaleka nesta\u010d\u00ed. Pokud by v\u0161echny st\u00e1ty sn\u00ed\u017eily emise tak, jak v Pa\u0159\u00ed\u017ei sl\u00edbily, pr\u016fm\u011brn\u00e1 teplota planety by stoupla zhruba o 3 stupn\u011b Celsia (oproti \u00farovni p\u0159ed pr\u016fmyslovou revoluc\u00ed), tj. na dvojn\u00e1sobek pa\u0159\u00ed\u017esk\u00e9ho c\u00edle. [1] Ji\u017en\u00ed \u0160pan\u011blsko by p\u0159i takov\u00e9 m\u00ed\u0159e oteplen\u00ed vypadalo jako Sahara, des\u00edtky milion\u016f lid\u00ed (zejm\u00e9na v Africe a jihov\u00fdchodn\u00ed Asii) by sv\u00e1d\u011bly \u010d\u00edm d\u00e1l obt\u00ed\u017en\u011bj\u0161\u00ed bitvu o p\u0159e\u017eit\u00ed, z\u00e1plavy zp\u016fsoben\u00e9 p\u0159\u00edvalov\u00fdmi de\u0161ti budou ohro\u017eovat 100 a\u017e 200 milion\u016f lid\u00ed, dal\u0161\u00ed des\u00edtky milion\u016f bude ohro\u017eovat stoupaj\u00edc\u00ed hladina mo\u0159e, varovali na konferenci v Katovic\u00edch p\u0159edn\u00ed klimatologov\u00e9 H. J. Schellnhuber a Richard Betts. [2]<\/p>\n<div id=\"attachment_2231\" style=\"width: 1210px\" class=\"wp-caption alignnone\"><img loading=\"lazy\" decoding=\"async\" aria-describedby=\"caption-attachment-2231\" class=\"size-full wp-image-2231\" src=\"https:\/\/www.greenpeace.org\/static\/planet4-czech-republic-stateless\/2018\/12\/17efadc0-gp0stsrj7.jpg\" alt=\"Activists Climb Belchatow Coal Power Plant in Poland. \u00a9 Anonymous\" width=\"1200\" height=\"800\" srcset=\"https:\/\/www.greenpeace.org\/static\/planet4-czech-republic-stateless\/2018\/12\/17efadc0-gp0stsrj7.jpg 1200w, https:\/\/www.greenpeace.org\/static\/planet4-czech-republic-stateless\/2018\/12\/17efadc0-gp0stsrj7-300x200.jpg 300w, https:\/\/www.greenpeace.org\/static\/planet4-czech-republic-stateless\/2018\/12\/17efadc0-gp0stsrj7-768x512.jpg 768w, https:\/\/www.greenpeace.org\/static\/planet4-czech-republic-stateless\/2018\/12\/17efadc0-gp0stsrj7-1024x683.jpg 1024w, https:\/\/www.greenpeace.org\/static\/planet4-czech-republic-stateless\/2018\/12\/17efadc0-gp0stsrj7-510x340.jpg 510w\" sizes=\"auto, (max-width: 1200px) 100vw, 1200px\" \/><p id=\"caption-attachment-2231\" class=\"wp-caption-text\">P\u0159ed konferenc\u00ed v Katovic\u00edch se konala spousta protest\u016f. Aktivist\u00e9 Greenpeace obsadili nej\u0161pinav\u011bj\u0161\u00ed polskou uhelnou elektr\u00e1rnu Belchatow.<\/p><\/div>\n<p>Ani d\u016frazn\u00e1 doporu\u010den\u00ed v\u011bdc\u016f shrnut\u00e1 v posledn\u00ed zpr\u00e1v\u011b Mezivl\u00e1dn\u00edho panelu pro zm\u011bnu klimatu o oteplen\u00ed o 1,5 stupn\u011b Celsia [3] neposunula jedn\u00e1n\u00ed v\u00fdrazn\u011b vp\u0159ed: chyb\u00ed jasn\u00fd souhlas v\u0161ech, \u017ee nejpozd\u011bji do dvou let zp\u0159\u00edsn\u00ed sv\u00e9 z\u00e1vazky ke sn\u00ed\u017een\u00ed emis\u00ed. Pokud m\u00e1me zabr\u00e1nit tragick\u00fdm dopad\u016fm klimatick\u00e9 zm\u011bny, musej\u00ed emise alespo\u0148 od roku 2020 za\u010d\u00edt klesat a o dek\u00e1du pozd\u011bji by m\u011bly b\u00fdt o v\u00edce ne\u017e polovinu ni\u017e\u0161\u00ed ne\u017e dnes. Podle projekc\u00ed UNEP maj\u00ed ov\u0161em emise naopak r\u016fst nejm\u00e9n\u011b do roku 2030.[4]\u00a0 Evropsk\u00e1 unie sice podpo\u0159ila koalici ambici\u00f3zn\u00edch st\u00e1t\u016f, ale pl\u00e1n [5] na d\u016frazn\u011bj\u0161\u00ed omezen\u00ed evropsk\u00fdch emis\u00ed nen\u00ed ani m\u011bs\u00edc star\u00fd a \u010dlensk\u00e9 st\u00e1ty ho teprve mus\u00ed schv\u00e1lit.<\/p>\n<p>Konference se prot\u00e1hla zejm\u00e9na kv\u016fli neshod\u011b ohledn\u011b pravidel pro mezin\u00e1rodn\u00ed obchodov\u00e1n\u00ed s emisemi, kter\u00e9 blokovala Braz\u00edlie. Tento bod byl p\u0159esunut na p\u0159\u00ed\u0161t\u00ed rok.<\/p>\n<p>Hlavn\u00ed z\u00e1v\u011bry konference:<\/p>\n<ul>\n<li>v\u0161echny st\u00e1ty maj\u00ed p\u0159\u00ed\u0161t\u00ed dva roky na to, aby upravily sv\u00e9 z\u00e1vazky ve sni\u017eov\u00e1n\u00ed emis\u00ed pro obdob\u00ed 2020 a\u017e 2030; v p\u0159\u00edpad\u011b Evropsk\u00e9 unie to znamen\u00e1, \u017ee by m\u011bla emise sn\u00ed\u017eit alespo\u0148 o 55 % nam\u00edsto dosud platn\u00fdch 40 %<\/li>\n<li>\u00fa\u010dinn\u00e1 pravidla pro dodr\u017eov\u00e1n\u00ed Pa\u0159\u00ed\u017esk\u00e9 dohody (stejn\u00e9 po\u017eadavky na vykazov\u00e1n\u00ed emis\u00ed, kontrolu dodr\u017eov\u00e1n\u00ed z\u00e1vazk\u016f a jejich revizi pro v\u0161echny st\u00e1ty), kter\u00e1 bude t\u0159eba je\u0161t\u011b \u010d\u00e1ste\u010dn\u011b dopracovat v p\u0159\u00ed\u0161t\u00edm roce (pravidla pro fungov\u00e1n\u00ed mezin\u00e1rodn\u00edho emisn\u00edho obchodov\u00e1n\u00ed se v Katovic\u00edch nepoda\u0159ilo dojednat)<\/li>\n<li>finan\u010dn\u00ed pomoc ohro\u017een\u00fdm zem\u00edm zat\u00edm sl\u00edbilo zdvojn\u00e1sobit pouze N\u011bmecko, jin\u00e9 st\u00e1ty \u017e\u00e1dn\u00e9 nov\u00e9 p\u0159\u00edsp\u011bvky do Zelen\u00e9ho klimatick\u00e9ho fondu neohl\u00e1sily. V roce 2020 za\u010dnou jedn\u00e1n\u00ed o zv\u00fd\u0161en\u00ed finan\u010dn\u00ed pomoci pot\u0159ebn\u00fdm zem\u00edm, aby celkov\u00e1 \u010d\u00e1stka byla vy\u0161\u0161\u00ed ne\u017e 100 miliard USD ro\u010dn\u011b.<\/li>\n<\/ul>\n<p><strong>Anna K\u00e1rn\u00edkov\u00e1 z\u00a0Centra pro dopravu a energetiku \u0159ekla:<br \/>\n<\/strong><em>\u201eEvropsk\u00e1 unie bude muset zrychlit tempo sni\u017eov\u00e1n\u00ed emis\u00ed z 40 procent na alespo\u0148 55 % do konce p\u0159\u00ed\u0161t\u00edho desetilet\u00ed. Evropsk\u00e1 komise u\u017e v\u00a0listopadu p\u0159edstavila sc\u00e9n\u00e1\u0159e, kter\u00e9 k\u00a0takov\u00e9mu sn\u00ed\u017een\u00ed emis\u00ed mohou v\u00e9st, a \u010dlensk\u00e9 st\u00e1ty by m\u011bly reagovat zv\u00fd\u0161en\u00edm ambic\u00ed ide\u00e1ln\u011b ji\u017e v\u00a0p\u0159\u00ed\u0161t\u00edm roce.\u201d<\/em><\/p>\n<p><strong>Petr Kucka z Ekologick\u00e9ho institutu Veronica \u0159ekl:<br \/>\n<\/strong><em>\u201eAni nal\u00e9hav\u00e1 zpr\u00e1va IPCC k mo\u017enostem jak zabr\u00e1nit v\u011bt\u0161\u00edmu oteplen\u00ed ne\u017e 1,5\u00b0C neinspirovala politiky v Katovic\u00edch k ambici\u00f3zn\u00ed dohod\u011b na zp\u0159\u00edsn\u011bn\u00ed v\u0161ech klimatick\u00fdch z\u00e1vazk\u016f. Je na\u010dase aby se kone\u010dn\u011b \u010cesk\u00e1 repulika p\u0159estala schov\u00e1vat v uheln\u00e9m kou\u0159i, dala p\u0159ednost zdrav\u00ed a kvalit\u011b \u017eivota nejen sv\u00fdch ob\u010dan\u016f a vystoupila se siln\u00fdm klimatick\u00fdm z\u00e1vazkem, jeho\u017e spln\u011bn\u00edm dodr\u017e\u00ed Pa\u0159\u00ed\u017eskou dohodu.\u201c<\/em><\/p>\n<p><strong>Ji\u0159\u00ed Ko\u017eelouh z Hnut\u00ed DUHA \u0159ekl:<br \/>\n<\/strong><em>\u201cZ\u00e1stupci pacifick\u00fdch ostrov\u016f to na konferenci v Katovic\u00edch formulovali snad nejsrozumiteln\u011bji ze v\u0161ech: do roku 2030 mus\u00ed ve vysp\u011bl\u00fdch zem\u00edch skon\u010dit spalov\u00e1n\u00ed uhl\u00ed a u\u017e nyn\u00ed nen\u00ed mo\u017en\u00e9 ani roz\u0161i\u0159ovat st\u00e1vaj\u00edc\u00ed doly, nato\u017e otev\u00edrat nov\u00e9. \u010cR zat\u00edm nepln\u00ed ani \u00fakoly k \u00fatlumu fosiln\u00edch paliv dan\u00e9 celkem konzervativn\u00ed St\u00e1tn\u00ed energetickou koncepc\u00ed \u010cR. M\u00e1me tedy nyn\u00ed dva roky na z\u00e1sadn\u00ed zlep\u0161en\u00ed svoj\u00ed klimatick\u00e9 politiky. M\u011bla by za\u010d\u00edt odm\u00edtnut\u00edm roz\u0161\u00ed\u0159en\u00ed hn\u011bdouheln\u00e9ho velkolomu B\u00edlina, zak\u00e1zat ud\u011blov\u00e1n\u00ed v\u00fdjimek z nov\u00fdch evropsk\u00fdch limit\u016f na zne\u010di\u0161t\u011bn\u00ed z uheln\u00fdch elektr\u00e1ren, stanovit opravu efektivn\u00ed podporu pro rychl\u00fd rozvoj dom\u00e1c\u00edch \u010dist\u00fdch obnoviteln\u00fdch zdroj\u016f a zv\u00fd\u0161it energetickou da\u0148 i poplatky z t\u011b\u017eby hn\u011bd\u00e9ho uhl\u00ed.\u201d<\/em><\/p>\n<p><strong>Kontakt:<br \/>\n<\/strong>Kl\u00e1ra Sutlovi\u010dov\u00e1, <a href=\"mailto:sutlovicova@glopolis.org\">sutlovicova@glopolis.org<\/a>, 702 145 177<\/p>\n<p><strong>Pozn\u00e1mky:<br \/>\n<\/strong>[1] <a href=\"https:\/\/climateactiontracker.org\/publications\/warming-projections-global-update-dec-2018\/\">https:\/\/climateactiontracker.org\/publications\/warming-projections-global-update-dec-2018\/<\/a><\/p>\n<p>[2] <a href=\"https:\/\/twitter.com\/UofE_Research\/status\/1073168270067408897\">https:\/\/twitter.com\/UofE_Research\/status\/1073168270067408897<\/a><\/p>\n<p>[3] Zpr\u00e1va IPCC k otepen\u00ed o 1,5\u00b0C, <a href=\"http:\/\/www.ipcc.ch\/report\/sr15\/\">http:\/\/www.ipcc.ch\/report\/sr15\/<\/a><\/p>\n<p>[4] UNEP Emissions Gap Report 2018, <a href=\"https:\/\/www.unenvironment.org\/resources\/emissions-gap-report-2018\">https:\/\/www.unenvironment.org\/resources\/emissions-gap-report-2018<\/a><\/p>\n<p>[5] Pl\u00e1n pro uhl\u00edkov\u011b neutr\u00e1ln\u00ed Evropu v roce 2050, <a href=\"https:\/\/ec.europa.eu\/clima\/policies\/strategies\/2050_en\">https:\/\/ec.europa.eu\/clima\/policies\/strategies\/2050_en<\/a><\/p>\n<p>Infolist k pl\u00e1nu v \u010de\u0161tin\u011b: <a href=\"https:\/\/cde.ecn.cz\/uploads\/pct7-paper.pdf\">https:\/\/cde.ecn.cz\/uploads\/pct7-paper.pdf<\/a><\/p>\n","protected":false},"excerpt":{"rendered":"<p>Spole\u010dn\u00e1 tiskov\u00e1 zpr\u00e1va Klimatick\u00e9 koalice k\u00a0z\u00e1v\u011br\u016fm klimatick\u00e9 konference V polsk\u00fdch Katovic\u00edch skon\u010dil po dvou t\u00fddnech jedn\u00e1n\u00ed summit OSN o zm\u011bn\u011b klimatu. V\u00fdsledkem je n\u00e1vrh relativn\u011b \u00fa\u010dinn\u00fdch, by\u0165 ne\u00fapln\u00fdch pravidel pro&hellip;<\/p>\n","protected":false},"author":29,"featured_media":2231,"comment_status":"open","ping_status":"closed","sticky":false,"template":"","format":"standard","meta":{"ep_exclude_from_search":false,"p4_og_title":"","p4_og_description":"","p4_og_image":"","p4_og_image_id":"","p4_seo_canonical_url":"","p4_campaign_name":"","p4_local_project":"","p4_basket_name":"","p4_department":"","footnotes":""},"categories":[3],"tags":[20,25],"p4-page-type":[14],"class_list":["post-2228","post","type-post","status-publish","format-standard","has-post-thumbnail","hentry","category-nas-svet","tag-zmena-klimatu","tag-konec-doby-fosilni","p4-page-type-tiskova-zprava"],"_links":{"self":[{"href":"https:\/\/www.greenpeace.org\/czech\/wp-json\/wp\/v2\/posts\/2228","targetHints":{"allow":["GET"]}}],"collection":[{"href":"https:\/\/www.greenpeace.org\/czech\/wp-json\/wp\/v2\/posts"}],"about":[{"href":"https:\/\/www.greenpeace.org\/czech\/wp-json\/wp\/v2\/types\/post"}],"author":[{"embeddable":true,"href":"https:\/\/www.greenpeace.org\/czech\/wp-json\/wp\/v2\/users\/29"}],"replies":[{"embeddable":true,"href":"https:\/\/www.greenpeace.org\/czech\/wp-json\/wp\/v2\/comments?post=2228"}],"version-history":[{"count":4,"href":"https:\/\/www.greenpeace.org\/czech\/wp-json\/wp\/v2\/posts\/2228\/revisions"}],"predecessor-version":[{"id":2233,"href":"https:\/\/www.greenpeace.org\/czech\/wp-json\/wp\/v2\/posts\/2228\/revisions\/2233"}],"wp:featuredmedia":[{"embeddable":true,"href":"https:\/\/www.greenpeace.org\/czech\/wp-json\/wp\/v2\/media\/2231"}],"wp:attachment":[{"href":"https:\/\/www.greenpeace.org\/czech\/wp-json\/wp\/v2\/media?parent=2228"}],"wp:term":[{"taxonomy":"category","embeddable":true,"href":"https:\/\/www.greenpeace.org\/czech\/wp-json\/wp\/v2\/categories?post=2228"},{"taxonomy":"post_tag","embeddable":true,"href":"https:\/\/www.greenpeace.org\/czech\/wp-json\/wp\/v2\/tags?post=2228"},{"taxonomy":"p4-page-type","embeddable":true,"href":"https:\/\/www.greenpeace.org\/czech\/wp-json\/wp\/v2\/p4-page-type?post=2228"}],"curies":[{"name":"wp","href":"https:\/\/api.w.org\/{rel}","templated":true}]}}