{"id":22399,"date":"2025-07-04T10:39:41","date_gmt":"2025-07-04T09:39:41","guid":{"rendered":"https:\/\/www.greenpeace.org\/czech\/?p=22399"},"modified":"2025-07-04T12:34:01","modified_gmt":"2025-07-04T11:34:01","slug":"evropska-komise-konecne-predstavila-plan-na-ochranu-klimatu-do-roku-2040-bude-ale-stacit","status":"publish","type":"post","link":"https:\/\/www.greenpeace.org\/czech\/clanek\/22399\/evropska-komise-konecne-predstavila-plan-na-ochranu-klimatu-do-roku-2040-bude-ale-stacit\/","title":{"rendered":"Evropsk\u00e1 komise kone\u010dn\u011b p\u0159edstavila pl\u00e1n na ochranu klimatu do roku 2040. Bude ale sta\u010dit?"},"content":{"rendered":"\n<p>V \u010dase, kdy v\u011bt\u0161inu Evropy su\u017euj\u00ed extr\u00e9mn\u00ed teploty, Evropsk\u00e1 komise kone\u010dn\u011b, po dlouh\u00fdch m\u011bs\u00edc\u00edch odkl\u00e1d\u00e1n\u00ed, zve\u0159ejnila kompromisn\u00ed <a href=\"https:\/\/ec.europa.eu\/commission\/presscorner\/detail\/en\/ip_25_1687\">n\u00e1vrh na sn\u00ed\u017een\u00ed emis\u00ed sklen\u00edkov\u00fdch plyn\u016f do roku 2040 o 90 procent oproti roku 1990.<\/a> Obsahuje ale celou \u0159adu v\u00fdjimek, kter\u00e9 bud\u00ed obavy. Je tento c\u00edl dosta\u010duj\u00edc\u00ed pro spln\u011bn\u00ed evropsk\u00fdch klimatick\u00fdch c\u00edl\u016f a z\u00e1vazk\u016f?<\/p>\n\n<figure class=\"wp-block-image size-full\"><img loading=\"lazy\" decoding=\"async\" width=\"800\" height=\"533\" src=\"https:\/\/www.greenpeace.org\/static\/planet4-czech-republic-stateless\/2025\/07\/94492535-gp0stu0bs_low-res-800px.jpg\" alt=\"\" class=\"wp-image-22400\" srcset=\"https:\/\/www.greenpeace.org\/static\/planet4-czech-republic-stateless\/2025\/07\/94492535-gp0stu0bs_low-res-800px.jpg 800w, https:\/\/www.greenpeace.org\/static\/planet4-czech-republic-stateless\/2025\/07\/94492535-gp0stu0bs_low-res-800px-300x200.jpg 300w, https:\/\/www.greenpeace.org\/static\/planet4-czech-republic-stateless\/2025\/07\/94492535-gp0stu0bs_low-res-800px-768x512.jpg 768w, https:\/\/www.greenpeace.org\/static\/planet4-czech-republic-stateless\/2025\/07\/94492535-gp0stu0bs_low-res-800px-510x340.jpg 510w\" sizes=\"auto, (max-width: 800px) 100vw, 800px\" \/><figcaption class=\"wp-element-caption\">Kv\u016fli klimatick\u00e9 krizi jsou l\u00e9ta ve V\u00eddni rok od roku teplej\u0161\u00ed. M\u011bsto se st\u00e1v\u00e1 tepeln\u00fdm ostrovem. V noci se neochlazuje, proto\u017ee beton udr\u017euje teplo v pasti. Mnoho obyvatel s vedrem bojuje &#8211; ka\u017edoro\u010dn\u011b jim zp\u016fsobuje v\u00e1\u017en\u00e9 zdravotn\u00ed probl\u00e9my a probl\u00e9my se sp\u00e1nkem. V roce 2018 zem\u0159elo v Rakousku v d\u016fsledku vln veder 766 lid\u00ed.<\/figcaption><\/figure>\n\n<p><strong>Emisn\u00ed c\u00edl do roku 2040<\/strong><br>C\u00edl pro rok 2040 je mezikrokem mezi u\u017e schv\u00e1len\u00fdm c\u00edlem sn\u00ed\u017een\u00ed emis\u00ed o 55 % do roku 2030 a dosa\u017een\u00edm uhl\u00edkov\u00e9 neutrality do roku 2050. Samotn\u00e9 \u010d\u00edslo nen\u00ed nov\u00e9, o c\u00edli sn\u00ed\u017een\u00ed emis\u00ed o 90 % k roku 2040 se debatuje u\u017e v\u00edce ne\u017e rok a Komise ho ofici\u00e1ln\u011b avizovala u\u017e v n\u011bkolika dokumentech. M\u00e1 odborn\u00fd z\u00e1klad a je dosa\u017eiteln\u00fd v r\u00e1mci evropsk\u00fdch mo\u017enost\u00ed. A\u010dkoli je pozitivn\u00ed, \u017ee i navzdory politick\u00fdm tlak\u016fm Komise zachovala c\u00edl sn\u00ed\u017eit \u010dist\u00e9 emise o 90 % na pap\u00ed\u0159e, formulacemi o takzvan\u00fdch \u201eflexibilit\u00e1ch\u201c, kter\u00e9 v n\u00e1vrhu zavedla, hroz\u00ed, \u017ee klimatick\u00e1 opat\u0159en\u00ed EU fakticky oslab\u00ed. Nav\u00edc je c\u00edl -90 % <a href=\"https:\/\/climate-advisory-board.europa.eu\/news\/staying-the-course-on-climate-action-essential-to-eu-security-and-competitiveness\">podle doporu\u010den\u00ed evropsk\u00fdch v\u011bdc\u016f<\/a> naprost\u00fdm minimem, kter\u00e9 je nezbytn\u00e9 a provediteln\u00e9, aby EU splnila sv\u00e9 z\u00e1vazky vypl\u00fdvaj\u00edc\u00ed z Pa\u0159\u00ed\u017esk\u00e9 dohody. Pokud je prioritou EU omezit glob\u00e1ln\u00ed oteplov\u00e1n\u00ed co nejbl\u00ed\u017ee kritick\u00e9 hranici 1,5 \u00b0C, m\u011bla by usilovat o uhl\u00edkovou neutralitu u\u017e do roku 2040.<\/p>\n\n<p><strong>Kdy\u017e 90 % nen\u00ed 90 %<\/strong><br>N\u00e1vrh Komise tak\u00e9 mluv\u00ed o \u0159ad\u011b v\u00fdjimek, v\u010detn\u011b mo\u017enosti zapo\u010d\u00edtat a\u017e 3 % celkov\u00e9ho sn\u00ed\u017een\u00ed emis\u00ed skrze takzvan\u00e9 mezin\u00e1rodn\u00ed kredity od roku 2036. Tyto kredity funguj\u00ed jako forma klimatick\u00fdch \u201eodpustk\u016f\u201c \u2013 m\u00edsto skute\u010dn\u00e9ho sn\u00ed\u017een\u00ed emis\u00ed v EU by si st\u00e1ty mohly zapo\u010d\u00edtat investice do projekt\u016f na sni\u017eov\u00e1n\u00ed emis\u00ed v zem\u00edch mimo Unii. Na pap\u00ed\u0159e tak emise klesnou, ve skute\u010dnosti se ale \u010d\u00e1st klimatick\u00e9ho \u00fasil\u00ed p\u0159esouv\u00e1 jinam, mimo p\u0159\u00edmou kontrolu EU \u2013 a bez z\u00e1ruky, \u017ee tyto projekty budou m\u00edt skute\u010dn\u00fd a trval\u00fd dopad. To neodpov\u00edd\u00e1 <a href=\"https:\/\/climate-advisory-board.europa.eu\/news\/staying-the-course-on-climate-action-essential-to-eu-security-and-competitiveness\">d\u0159\u00edv\u011bj\u0161\u00edmu v\u011bdeck\u00e9mu doporu\u010den\u00ed,<\/a> podle kter\u00e9ho by sn\u00ed\u017een\u00ed m\u011blo p\u0159edstavovat 90\u201395 % v r\u00e1mci EU, nikoli mimo jej\u00ed \u00fazem\u00ed. Zapo\u010d\u00edt\u00e1n\u00ed a\u017e 3 % p\u0159es mezin\u00e1rodn\u00ed kredity se nemus\u00ed zd\u00e1t mnoho, ale pokud se bude uplat\u0148ovat od roku 2036, m\u016f\u017ee to do roku 2040 znamenat v\u00edce ne\u017e 750 milion\u016f tun CO\u2082. To odpov\u00edd\u00e1 t\u00e9m\u011b\u0159 ro\u010dn\u00edm emis\u00edm N\u011bmecka, nejv\u011bt\u0161\u00ed evropsk\u00e9 ekonomiky.<\/p>\n\n<p>Ustanoven\u00ed jsou v tomto ohledu v\u00e1gn\u00ed \u2013 chyb\u00ed v nich jasn\u00e9 limity, kolik emis\u00ed m\u016f\u017ee EU t\u00edmto zp\u016fsobem maxim\u00e1ln\u011b \u201ekompenzovat\u201c, i z\u00e1ruky, \u017ee tyto kredity budou kvalitn\u00ed a skute\u010dn\u011b p\u0159\u00ednosn\u00e9. To v ka\u017ed\u00e9m p\u0159\u00edpad\u011b znamen\u00e1, \u017ee se EU bude v roce 2040 z\u010d\u00e1sti vykupovat z emis\u00ed pen\u011bzi, m\u00edsto aby je re\u00e1ln\u011b sni\u017eovala doma \u2013 a bude tak utr\u00e1cet miliardy za uhl\u00edkov\u00e9 kredity v zahrani\u010d\u00ed v dob\u011b, kdy zoufale pot\u0159ebuje investovat do vlastn\u00ed zelen\u00e9 transformace. Takov\u00fd p\u0159\u00edstup nav\u00edc p\u0159en\u00e1\u0161\u00ed odpov\u011bdnost na glob\u00e1ln\u00ed Jih \u2013 tedy na zem\u011b, kter\u00e9 samy p\u0159isp\u011bly ke klimatick\u00e9 krizi nejm\u00e9n\u011b \u2013 a d\u00e1l prohlubuje glob\u00e1ln\u00ed nerovnost.<\/p>\n\n<figure class=\"wp-block-image size-large\"><img loading=\"lazy\" decoding=\"async\" width=\"1024\" height=\"512\" src=\"https:\/\/www.greenpeace.org\/static\/planet4-czech-republic-stateless\/2024\/06\/c8963531-shutterstock_2247168405-1024x512.jpg\" alt=\"\" class=\"wp-image-20502\" srcset=\"https:\/\/www.greenpeace.org\/static\/planet4-czech-republic-stateless\/2024\/06\/c8963531-shutterstock_2247168405-1024x512.jpg 1024w, https:\/\/www.greenpeace.org\/static\/planet4-czech-republic-stateless\/2024\/06\/c8963531-shutterstock_2247168405-300x150.jpg 300w, https:\/\/www.greenpeace.org\/static\/planet4-czech-republic-stateless\/2024\/06\/c8963531-shutterstock_2247168405-768x384.jpg 768w, https:\/\/www.greenpeace.org\/static\/planet4-czech-republic-stateless\/2024\/06\/c8963531-shutterstock_2247168405-1536x768.jpg 1536w, https:\/\/www.greenpeace.org\/static\/planet4-czech-republic-stateless\/2024\/06\/c8963531-shutterstock_2247168405-2048x1024.jpg 2048w, https:\/\/www.greenpeace.org\/static\/planet4-czech-republic-stateless\/2024\/06\/c8963531-shutterstock_2247168405-510x255.jpg 510w\" sizes=\"auto, (max-width: 1024px) 100vw, 1024px\" \/><\/figure>\n\n<p>N\u00e1vrh p\u0159edlo\u017een\u00fd Komis\u00ed pracuje vedle mezin\u00e1rodn\u00edch kredit\u016f nap\u0159\u00edklad i s mo\u017enost\u00ed zapo\u010d\u00edt\u00e1vat trval\u00e9 ukl\u00e1d\u00e1n\u00ed emis\u00ed uhl\u00edku nebo s takzvanou flexibilitou mezi sektory, kdy si jednotliv\u00e9 sektory v dekarbonizaci navz\u00e1jem \u201evypom\u00e1haj\u00ed\u201c. To ale v praxi znamen\u00e1, \u017ee n\u011bkter\u00e9 sektory nebudou muset sni\u017eovat emise, proto\u017ee se \u201evyk\u00e1\u017eou\u201c pokrokem jinde. Takov\u00fd syst\u00e9m oslabuje tlak na zm\u011bny tam, kde jsou nejv\u00edce pot\u0159eba \u2013 nap\u0159\u00edklad v doprav\u011b, stavebnictv\u00ed nebo zem\u011bd\u011blstv\u00ed \u2013 a t\u00edm podkop\u00e1v\u00e1 logiku dekarbonizace cel\u00e9 ekonomiky.<\/p>\n\n<p>Pro takov\u00e9 n\u00e1stroje zat\u00edm tak\u00e9 neexistuj\u00ed transparentn\u00ed pravidla ani hodnocen\u00ed, kter\u00e1 by ukazovala jejich konkr\u00e9tn\u00ed p\u0159\u00ednosy pro sni\u017eov\u00e1n\u00ed emis\u00ed sklen\u00edkov\u00fdch plyn\u016f. Nav\u00edc t\u00edm, \u017ee Komise ve sv\u00e9m n\u00e1vrhu slu\u010duje dohromady technick\u00e9 odstra\u0148ov\u00e1n\u00ed emis\u00ed (nap\u0159. technologiemi), p\u0159\u00edrodn\u00ed propady (nap\u0159. ukl\u00e1d\u00e1n\u00ed uhl\u00edku v p\u016fd\u011b a les\u00edch) a re\u00e1ln\u00e9 sni\u017eov\u00e1n\u00ed emis\u00ed v jednotliv\u00fdch sektorech, vznik\u00e1 zmatek. M\u00edsto aby se ka\u017ed\u00e1 z t\u011bchto oblast\u00ed hodnotila zvl\u00e1\u0161\u0165, m\u00edchaj\u00ed se \u201ejablka s hru\u0161kami\u201c. Komise tak promarnila jedine\u010dnou p\u0159\u00edle\u017eitost stanovit samostatn\u00e9 c\u00edle pro r\u016fzn\u00e9 druhy klimatick\u00fdch opat\u0159en\u00ed \u2013 co\u017e po\u017eaduj\u00ed jak v\u011bdci, tak vlastn\u00ed poradn\u00ed org\u00e1ny EU. Bez takov\u00e9ho rozli\u0161en\u00ed nen\u00ed mo\u017en\u00e9 m\u011b\u0159it pokrok f\u00e9rov\u011b ani efektivn\u011b.<\/p>\n\n<figure class=\"wp-block-image size-full\"><img loading=\"lazy\" decoding=\"async\" width=\"800\" height=\"533\" src=\"https:\/\/www.greenpeace.org\/static\/planet4-czech-republic-stateless\/2025\/07\/5c804791-gp1sxnuz_low-res-800px.jpg\" alt=\"\" class=\"wp-image-22401\" srcset=\"https:\/\/www.greenpeace.org\/static\/planet4-czech-republic-stateless\/2025\/07\/5c804791-gp1sxnuz_low-res-800px.jpg 800w, https:\/\/www.greenpeace.org\/static\/planet4-czech-republic-stateless\/2025\/07\/5c804791-gp1sxnuz_low-res-800px-300x200.jpg 300w, https:\/\/www.greenpeace.org\/static\/planet4-czech-republic-stateless\/2025\/07\/5c804791-gp1sxnuz_low-res-800px-768x512.jpg 768w, https:\/\/www.greenpeace.org\/static\/planet4-czech-republic-stateless\/2025\/07\/5c804791-gp1sxnuz_low-res-800px-510x340.jpg 510w\" sizes=\"auto, (max-width: 800px) 100vw, 800px\" \/><figcaption class=\"wp-element-caption\"><br><\/figcaption><\/figure>\n\n<p><strong>Klimatick\u00e1 krize zesiluje, vedra jsou jen za\u010d\u00e1tek<\/strong><br>O n\u00e1vrhu nov\u00fdch klimatick\u00fdch c\u00edl\u016f Komise jednala v obdob\u00ed, kdy v Evrop\u011b vrchol\u00ed <a href=\"https:\/\/www.politico.eu\/article\/lethal-heat-europe-climate-reality-temperature-heatwave-who-pollution-wildfires\/\">vlna nebezpe\u010dn\u00fdch veder, kter\u00e1 ohro\u017euje \u017eivot a zdrav\u00ed tis\u00edc\u016f Evropanek a Evropan\u016f. <\/a>Tato extr\u00e9mn\u00ed <a href=\"https:\/\/ct24.ceskatelevize.cz\/clanek\/veda\/pocet-lidi-osetrenych-kvuli-horku-roste-za-par-let-se-zdvojnasobil-ukazuji-data-362567\">vedra poci\u0165ujeme i v \u010cesku.<\/a><\/p>\n\n<p>P\u0159esto\u017ee byl emisn\u00ed c\u00edl pod tlakem politik\u016f a vyjedn\u00e1v\u00e1n\u00ed oslaben, obyvatel\u00e9 v EU stoj\u00ed za vy\u0161\u0161\u00edmi klimatick\u00fdmi ambicemi. Podle <a href=\"https:\/\/europa.eu\/eurobarometer\/surveys\/detail\/3472\">nejnov\u011bj\u0161\u00edho pr\u016fzkumu ve\u0159ejn\u00e9ho m\u00edn\u011bn\u00ed Eurobarometr<\/a> nejen\u017ee 85 % Evropan\u016f pova\u017euje zm\u011bnu klimatu za v\u00e1\u017enou hrozbu a 81 % podporuje c\u00edl EU dos\u00e1hnout klimatick\u00e9 neutrality do roku 2050, ale v\u011bt\u0161ina z nich se z\u00e1rove\u0148 domn\u00edv\u00e1, \u017ee jejich zem\u011b ned\u011blaj\u00ed dost \u2013 a cht\u011bj\u00ed, aby se zelen\u00e1 transformace urychlila.<\/p>\n\n<p><strong>A co na to \u010cesk\u00e1 republika?<\/strong><br>\u010cesk\u00e1 vl\u00e1da s n\u00e1vrhem EK nesouhlas\u00ed. Na summitu EU v Bruselu \u010desk\u00fd premi\u00e9r Petr Fiala uvedl, \u017ee nepova\u017euje za dobr\u00e9, aby si Unie v\u016fbec stanovovala dal\u0161\u00ed klimatick\u00e9 c\u00edle a p\u0159ij\u00edmala je do roku 2040. Odm\u00edtav\u00e9 stanovisko zopakoval i po jedn\u00e1n\u00ed vl\u00e1dy o t\u00fdden pozd\u011bji. Premi\u00e9r Fiala zd\u016fraz\u0148uje, \u017ee je pot\u0159eba m\u00edt na pam\u011bti prosperitu a ekonomick\u00e9 aspekty.<\/p>\n\n<p>Ano, sni\u017eov\u00e1n\u00ed emis\u00ed je \u010d\u00edm d\u00e1l n\u00e1ro\u010dn\u011bj\u0161\u00ed \u2013 ale ne\u010dinnost vyjde v\u00fdrazn\u011b dr\u00e1\u017e. N\u00e1klady na ne\u010dinnost jsou a\u017e sedmkr\u00e1t vy\u0161\u0161\u00ed ne\u017e n\u00e1klady na opat\u0159en\u00ed vedouc\u00ed ke sn\u00ed\u017een\u00ed emis\u00ed, a ka\u017ed\u00e1 desetina stupn\u011b oteplen\u00ed znamen\u00e1 v\u00edc pen\u011bz na zdravotnictv\u00ed, \u0159e\u0161en\u00ed dopad\u016f extr\u00e9mn\u00edho po\u010das\u00ed i z\u00e1sahy bezpe\u010dnostn\u00edch slo\u017eek.<\/p>\n\n<figure class=\"wp-block-image size-large\"><img loading=\"lazy\" decoding=\"async\" width=\"1024\" height=\"612\" src=\"https:\/\/www.greenpeace.org\/static\/planet4-czech-republic-stateless\/2024\/08\/b87eb5ce-gp0stuc3y-1024x612.jpg\" alt=\"\" class=\"wp-image-20856\" srcset=\"https:\/\/www.greenpeace.org\/static\/planet4-czech-republic-stateless\/2024\/08\/b87eb5ce-gp0stuc3y-1024x612.jpg 1024w, https:\/\/www.greenpeace.org\/static\/planet4-czech-republic-stateless\/2024\/08\/b87eb5ce-gp0stuc3y-300x179.jpg 300w, https:\/\/www.greenpeace.org\/static\/planet4-czech-republic-stateless\/2024\/08\/b87eb5ce-gp0stuc3y-768x459.jpg 768w, https:\/\/www.greenpeace.org\/static\/planet4-czech-republic-stateless\/2024\/08\/b87eb5ce-gp0stuc3y-1536x917.jpg 1536w, https:\/\/www.greenpeace.org\/static\/planet4-czech-republic-stateless\/2024\/08\/b87eb5ce-gp0stuc3y-2048x1223.jpg 2048w, https:\/\/www.greenpeace.org\/static\/planet4-czech-republic-stateless\/2024\/08\/b87eb5ce-gp0stuc3y-510x305.jpg 510w\" sizes=\"auto, (max-width: 1024px) 100vw, 1024px\" \/><\/figure>\n\n<p>Stoj\u00edme na rozcest\u00ed \u2013 a m\u00e1me jedine\u010dnou \u0161anci zelenou transformaci vyu\u017e\u00edt jako p\u0159\u00edle\u017eitost k pozitivn\u00ed zm\u011bn\u011b. Odejdeme-li od drah\u00fdch a nebezpe\u010dn\u00fdch fosiln\u00edch paliv sm\u011brem k obnoviteln\u00fdm zdroj\u016fm a \u00faspor\u00e1m energie, lidem se sn\u00ed\u017e\u00ed \u00fa\u010dty, zlep\u0161\u00ed se vyt\u00e1p\u011bn\u00ed i chlazen\u00ed dom\u00e1cnost\u00ed a pro\u010dist\u00ed se vzduch, kter\u00fd d\u00fdch\u00e1me. <a href=\"https:\/\/www.cde-org.cz\/cs\/blog\/investice-do-budoucnosti:-socioekonomicke-prinosy-rychleho-prechodu-na-zelenou-ekonomiku\/2378\">Podle dat se ka\u017ed\u00e1 investovan\u00e1 koruna do zelen\u00e9 transformace v \u010cesku vr\u00e1t\u00ed 3,6kr\u00e1t.<\/a><\/p>\n\n<p>Povinnost navrhnout nov\u00e9 klimatick\u00e9 z\u00e1vazky pro rok 2040 nav\u00edc plyne z evropsk\u00e9ho klimatick\u00e9ho z\u00e1kona. Pokud by Komise n\u00e1vrh nep\u0159edlo\u017eila \u2013 jak po\u017eaduj\u00ed n\u011bkte\u0159\u00ed \u010de\u0161t\u00ed politici \u2013 riskovala by \u017ealoby a soudn\u00ed spory. Dekarbonizace jde nav\u00edc v \u0159ad\u011b ohled\u016f ruku v ruce s posilov\u00e1n\u00edm evropsk\u00e9 bezpe\u010dnosti a sni\u017eov\u00e1n\u00edm z\u00e1vislosti na dovozu fosiln\u00edch paliv z Ruska \u010di dal\u0161\u00edch autorit\u00e1\u0159sk\u00fdch re\u017eim\u016f. I z tohoto pohledu jde o kl\u00ed\u010dov\u00fd n\u00e1stroj pro ochranu sou\u010dasn\u00fdch i budouc\u00edch z\u00e1jm\u016f a bezpe\u010dnostn\u00edch priorit.<\/p>\n\n<p><strong>Co se bude d\u00edt d\u00e1l?<\/strong><br>Sou\u010dasn\u00fd n\u00e1vrh Evropsk\u00e9 komise projde \u0159\u00e1dn\u00fdm legislativn\u00edm postupem, bude o n\u011bm jednat Evropsk\u00fd parlament a Rada. Teprve potom bude jasn\u00e1 jeho v\u00fdsledn\u00e1 podoba.<\/p>\n\n<p>Evropsk\u00e1 debata o emisn\u00edm c\u00edli pro rok 2040 je ale d\u016fle\u017eit\u00e1 i v mezin\u00e1rodn\u00edm kontextu, proto\u017ee souvis\u00ed s povinnost\u00ed EU p\u0159edlo\u017eit do z\u00e1\u0159\u00ed OSN nov\u00fd pl\u00e1n na sn\u00ed\u017een\u00ed emis\u00ed do roku 2035 \u2013 tzv. NDC. O t\u011bchto z\u00e1vazc\u00edch se bude jednat na glob\u00e1ln\u00ed klimatick\u00e9 konferenci COP 30 v brazilsk\u00e9m Bel\u00e9mu. Ta se bude konat symbolicky v dob\u011b des\u00e1t\u00e9ho v\u00fdro\u010d\u00ed p\u0159ijet\u00ed Pa\u0159\u00ed\u017esk\u00e9 klimatick\u00e9 dohody. Ve stejn\u00e9m \u010dase v\u011bdci varuj\u00ed, \u017ee <a href=\"https:\/\/www.bbc.com\/news\/articles\/cn4l927dj5zo\">p\u0159i sou\u010dasn\u00e9 \u00farovni emis\u00ed zb\u00fdv\u00e1 jen n\u011bkolik let, ne\u017e p\u0159ekro\u010d\u00edme bezpe\u010dnou hranici oteplen\u00ed o 1,5 \u00b0C. <\/a>Oslaben\u00fd c\u00edl EU do roku 2040 tak nejen oslabuje evropskou schopnost dekarbonizace, ale z\u00e1rove\u0148 podkop\u00e1v\u00e1 jej\u00ed d\u016fv\u011bryhodnost v mezin\u00e1rodn\u00edch jedn\u00e1n\u00edch \u2013 a vytv\u00e1\u0159\u00ed nebezpe\u010dn\u00fd precedens, kter\u00fd m\u016f\u017ee brzdit klimatick\u00e9 ambice i jinde ve sv\u011bt\u011b.<\/p>\n\n<p><\/p>\n","protected":false},"excerpt":{"rendered":"<p>V \u010dase, kdy v\u011bt\u0161inu Evropy su\u017euj\u00ed extr\u00e9mn\u00ed teploty, Evropsk\u00e1 komise kone\u010dn\u011b, po dlouh\u00fdch m\u011bs\u00edc\u00edch odkl\u00e1d\u00e1n\u00ed, zve\u0159ejnila kompromisn\u00ed n\u00e1vrh na sn\u00ed\u017een\u00ed emis\u00ed sklen\u00edkov\u00fdch plyn\u016f do roku 2040 o 90 procent oproti&hellip;<\/p>\n","protected":false},"author":72,"featured_media":22400,"comment_status":"closed","ping_status":"closed","sticky":false,"template":"","format":"standard","meta":{"ep_exclude_from_search":false,"p4_og_title":"","p4_og_description":"","p4_og_image":"","p4_og_image_id":"","p4_seo_canonical_url":"","p4_campaign_name":"","p4_local_project":"","p4_basket_name":"","p4_department":"","footnotes":""},"categories":[1],"tags":[20],"p4-page-type":[16],"class_list":["post-22399","post","type-post","status-publish","format-standard","has-post-thumbnail","hentry","category-nezarazeno","tag-zmena-klimatu","p4-page-type-clanek"],"_links":{"self":[{"href":"https:\/\/www.greenpeace.org\/czech\/wp-json\/wp\/v2\/posts\/22399","targetHints":{"allow":["GET"]}}],"collection":[{"href":"https:\/\/www.greenpeace.org\/czech\/wp-json\/wp\/v2\/posts"}],"about":[{"href":"https:\/\/www.greenpeace.org\/czech\/wp-json\/wp\/v2\/types\/post"}],"author":[{"embeddable":true,"href":"https:\/\/www.greenpeace.org\/czech\/wp-json\/wp\/v2\/users\/72"}],"replies":[{"embeddable":true,"href":"https:\/\/www.greenpeace.org\/czech\/wp-json\/wp\/v2\/comments?post=22399"}],"version-history":[{"count":2,"href":"https:\/\/www.greenpeace.org\/czech\/wp-json\/wp\/v2\/posts\/22399\/revisions"}],"predecessor-version":[{"id":22404,"href":"https:\/\/www.greenpeace.org\/czech\/wp-json\/wp\/v2\/posts\/22399\/revisions\/22404"}],"wp:featuredmedia":[{"embeddable":true,"href":"https:\/\/www.greenpeace.org\/czech\/wp-json\/wp\/v2\/media\/22400"}],"wp:attachment":[{"href":"https:\/\/www.greenpeace.org\/czech\/wp-json\/wp\/v2\/media?parent=22399"}],"wp:term":[{"taxonomy":"category","embeddable":true,"href":"https:\/\/www.greenpeace.org\/czech\/wp-json\/wp\/v2\/categories?post=22399"},{"taxonomy":"post_tag","embeddable":true,"href":"https:\/\/www.greenpeace.org\/czech\/wp-json\/wp\/v2\/tags?post=22399"},{"taxonomy":"p4-page-type","embeddable":true,"href":"https:\/\/www.greenpeace.org\/czech\/wp-json\/wp\/v2\/p4-page-type?post=22399"}],"curies":[{"name":"wp","href":"https:\/\/api.w.org\/{rel}","templated":true}]}}