{"id":2254,"date":"2018-12-17T17:24:35","date_gmt":"2018-12-17T15:24:35","guid":{"rendered":"https:\/\/master.k8s.p4.greenpeace.org\/czech\/?p=2254"},"modified":"2019-11-06T10:38:00","modified_gmt":"2019-11-06T08:38:00","slug":"nejcastejsi-myty-o-fotovoltaice","status":"publish","type":"post","link":"https:\/\/www.greenpeace.org\/czech\/clanek\/2254\/nejcastejsi-myty-o-fotovoltaice\/","title":{"rendered":"Nej\u010dast\u011bj\u0161\u00ed m\u00fdty o fotovoltaice"},"content":{"rendered":"<p><em>V\u00a0dal\u0161\u00edm d\u00edle na\u0161eho seri\u00e1lu pokra\u010dujeme ve vyvracen\u00ed m\u00fdt\u016f a omyl\u016f o obnoviteln\u00fdch zdroj\u00edch energie. N\u00e1sleduj\u00edc\u00ed text se v\u011bnuje obvykl\u00fdm v\u00fdmysl\u016fm o sol\u00e1rn\u00edch panelech. Tento text vy\u0161el v magaz\u00ednu Greenpeace.<\/em><\/p>\n<div id=\"attachment_2256\" style=\"width: 1210px\" class=\"wp-caption alignnone\"><img loading=\"lazy\" decoding=\"async\" aria-describedby=\"caption-attachment-2256\" class=\"size-full wp-image-2256\" src=\"https:\/\/www.greenpeace.org\/static\/planet4-czech-republic-stateless\/2018\/12\/0bcbde6d-gp01p3d.jpg\" alt=\"Greenpeace installs Solar Panel. \u00a9 Ben Deiman\" width=\"1200\" height=\"787\" srcset=\"https:\/\/www.greenpeace.org\/static\/planet4-czech-republic-stateless\/2018\/12\/0bcbde6d-gp01p3d.jpg 1200w, https:\/\/www.greenpeace.org\/static\/planet4-czech-republic-stateless\/2018\/12\/0bcbde6d-gp01p3d-300x197.jpg 300w, https:\/\/www.greenpeace.org\/static\/planet4-czech-republic-stateless\/2018\/12\/0bcbde6d-gp01p3d-768x504.jpg 768w, https:\/\/www.greenpeace.org\/static\/planet4-czech-republic-stateless\/2018\/12\/0bcbde6d-gp01p3d-1024x672.jpg 1024w, https:\/\/www.greenpeace.org\/static\/planet4-czech-republic-stateless\/2018\/12\/0bcbde6d-gp01p3d-510x334.jpg 510w\" sizes=\"auto, (max-width: 1200px) 100vw, 1200px\" \/><p id=\"caption-attachment-2256\" class=\"wp-caption-text\">Sol\u00e1rn\u00ed panely pat\u0159\u00ed na st\u0159echy.<\/p><\/div>\n<p>Fotovoltaick\u00e1 technologie vyu\u017e\u00edv\u00e1 nevy\u010derpateln\u00fd zdroj energie: slunce. P\u0159i provozu fotovoltaick\u00e9 elektr\u00e1rny nevznikaj\u00ed \u017e\u00e1dn\u00e9 emise nebo jin\u00e9 \u0161kodliv\u00e9 l\u00e1tky a materi\u00e1l FV panel\u016f je velmi dob\u0159e recyklovateln\u00fd. \u00da\u010dinnost a \u017eivotnost FV panel\u016f se ka\u017ed\u00fdm rokem zlep\u0161uje. Nicm\u00e9n\u011b osm let kampan\u011b proti sol\u00e1rn\u00ed energii, kampan\u011b veden\u00e9 Milo\u0161em Zemanem \u010di Alenou Vit\u00e1skovou v \u010desk\u00e9 spole\u010dnosti dr\u017e\u00ed p\u0159i \u017eivotu d\u00e1vno vyvr\u00e1cen\u00e9 m\u00fdty. Je proto nutn\u00e9 je opakovan\u011b uv\u00e1d\u011bt na pravou m\u00edru.<\/p>\n<p>&nbsp;<\/p>\n<ol>\n<li><strong>Fotovoltaika nefunguje bez vysok\u00fdch st\u00e1tn\u00edch dotac\u00ed<\/strong>.<br \/>\n\u017d\u00e1dn\u00e1 forma v\u00fdroby energie se neobejde bez st\u00e1tn\u00edch dotac\u00ed. Jen u n\u011bkter\u00fdch zdroj\u016f (jako u j\u00e1dra \u010di uhl\u00ed) tyto podpory nejsou tak transparentn\u011b publikovan\u00e9 jako n\u00e1klady na obnoviteln\u00e9 zdroje energie, a tedy i fotovoltaiku. D\u00edky neust\u00e1le klesaj\u00edc\u00edm investi\u010dn\u00edm n\u00e1klad\u016fm je sol\u00e1rn\u00ed energie st\u00e1le v\u00fdhodn\u011bj\u0161\u00ed.<\/li>\n<li><strong>Dod\u00e1vky energie ze sol\u00e1rn\u00edch elektr\u00e1ren jsou nestabiln\u00ed, instalovan\u00fd v\u00fdkon nem\u016f\u017ee kr\u00fdt na\u0161e energetick\u00e9 po\u017eadavky.<br \/>\n<\/strong>Sol\u00e1rn\u00ed elektr\u00e1rny nikdy nemohou pokr\u00fdt 100 procent spot\u0159eby elekt\u0159iny bez dal\u0161\u00edch zdroj\u016f. To ale nen\u00ed d\u016fvod vzd\u00e1vat se jejich v\u00fdhod a nevyu\u017e\u00edt jejich potenci\u00e1l v r\u00e1mci energetick\u00e9ho mixu. S technologick\u00fdm pokrokem se tak\u00e9 zlep\u0161uj\u00ed mo\u017enosti akumulace vyroben\u00e9 elekt\u0159iny. Podle studie Technick\u00e9 univerzity v Lappeenranta ve Finsku m\u016f\u017ee \u010cesk\u00e1 republika pokr\u00fdt svou spot\u0159ebu na 100 procent ze sol\u00e1rn\u00ed a v\u011btrn\u00e9 energie.<\/li>\n<li><strong>Energii lze vyr\u00e1b\u011bt pouze b\u011bhem letn\u00edch slune\u010dn\u00fdch dn\u016f. Pokud je pod mrakem nebo je zima, nelze energii vyr\u00e1b\u011bt.<\/strong><br \/>\nPanely vyr\u00e1b\u011bj\u00ed st\u00e1le, bez ohledu na teplotu, naopak vysok\u00e9 teploty m\u00edrn\u011b sni\u017euj\u00ed jejich \u00fa\u010dinnost. P\u0159i zata\u017een\u00e9 obloze je v\u00fdroba samoz\u0159ejm\u011b ni\u017e\u0161\u00ed, ale nezastavuje se.<\/li>\n<li><strong>Fotovoltaick\u00e9 panely maj\u00ed n\u00edzkou \u00fa\u010dinnost a nejsou schopny vyrobit tolik energie, kolik bylo spot\u0159ebov\u00e1no p\u0159i jejich v\u00fdrob\u011b.<br \/>\n<\/strong>Dnes se spot\u0159eba energie nutn\u00e1 k v\u00fdrob\u011b panelu vr\u00e1t\u00ed p\u0159ibli\u017en\u011b b\u011bhem jednoho a p\u016fl roku. Pokud by tvrzen\u00ed bylo spr\u00e1vn\u00e9, projevila by se cena spot\u0159ebovan\u00e9 energie p\u0159i v\u00fdrob\u011b samoz\u0159ejm\u011b i ve fin\u00e1ln\u00ed cen\u011b panelu, kter\u00e1 by v takov\u00e9m p\u0159\u00edpad\u011b musela b\u00fdt nesm\u00edrn\u011b vy\u0161\u0161\u00ed.<\/li>\n<li><strong>Fotovoltaick\u00e9 panely p\u0159edstavuj\u00ed ekologickou z\u00e1t\u011b\u017e.<br \/>\n<\/strong>Panely jsou vyrobeny z materi\u00e1l\u016f, kter\u00e9 jsou prakticky v\u0161echny recyklovateln\u00e9 a jejich recyklace se vyplat\u00ed i ekonomicky. Provozovatel\u00e9 FVE nav\u00edc p\u0159isp\u00edvaj\u00ed na budouc\u00ed recyklaci p\u0159edem prost\u0159ednictv\u00edm povinn\u00e9ho recykla\u010dn\u00edho poplatku.<\/li>\n<li><strong>Sol\u00e1rn\u00ed elektr\u00e1rny zab\u00edraj\u00ed kvalitn\u00ed zem\u011bd\u011blskou p\u016fdu.<br \/>\n<\/strong>Slune\u010dn\u00ed elektr\u00e1rny zab\u00edraj\u00ed jen opravdu mizivou \u010d\u00e1st zem\u011bd\u011blsk\u00e9 p\u016fdy, obzvl\u00e1\u0161\u0165 pak ve srovn\u00e1n\u00ed nap\u0159\u00edklad s \u0159epkou. Tuto p\u016fdu nijak neznehodnocuj\u00ed, po jejich odstran\u011bn\u00ed m\u016f\u017ee b\u00fdt bez probl\u00e9m\u016f vyu\u017e\u00edv\u00e1na op\u011bt k zem\u011bd\u011blsk\u00fdm \u00fa\u010del\u016fm. Krom\u011b toho z hlediska zm\u011bny klimatu a sucha panely vytv\u00e1\u0159ej\u00ed st\u00edn a pom\u00e1haj\u00ed p\u016fdu chladit. Ve sv\u011bt\u011b existuje mnoho p\u0159\u00edklad\u016f elektr\u00e1ren, kde jsou panely um\u00edst\u011bny na aktivn\u011b vyu\u017e\u00edvan\u00e9 zem\u011bd\u011blsk\u00e9 p\u016fd\u011b.<\/li>\n<li><strong>Obnoviteln\u00e9 zdroje energie, v\u010detn\u011b fotovoltaiky, ohro\u017euj\u00ed v\u00fdkyvy v\u00a0dod\u00e1vk\u00e1ch energie do s\u00edt\u011b p\u0159enosovou soustavou, co\u017e m\u016f\u017ee zp\u016fsobit blackout.<br \/>\n<\/strong>Jak uk\u00e1zalo zatm\u011bn\u00ed slunce nad Evropou, ani masivn\u00ed omezen\u00ed a n\u00e1sledn\u00e9 rychl\u00e9 obnoven\u00ed v\u00fdroby ve FVE na velk\u00e9m \u00fazem\u00ed \u017e\u00e1dn\u00e9 zvl\u00e1\u0161tn\u00ed pot\u00ed\u017ee v soustav\u011b (nato\u017e blackout)<\/li>\n<li><strong>V\u00a0na\u0161ich geografick\u00fdch podm\u00ednk\u00e1ch se nem\u016f\u017eeme spol\u00e9hat na slunce ani na v\u00edtr.<\/strong><strong><br \/>\n<\/strong>Sol\u00e1rn\u00ed energie se dnes v mnohem v\u011bt\u0161\u00edm m\u011b\u0159\u00edtku ne\u017e u n\u00e1s vyu\u017e\u00edv\u00e1 nap\u0159\u00edklad v N\u011bmecku \u010di ve Velk\u00e9 Brit\u00e1nii.<\/li>\n<\/ol>\n","protected":false},"excerpt":{"rendered":"<p>V\u00a0dal\u0161\u00edm d\u00edle na\u0161eho seri\u00e1lu pokra\u010dujeme ve vyvracen\u00ed m\u00fdt\u016f a omyl\u016f o obnoviteln\u00fdch zdroj\u00edch energie. N\u00e1sleduj\u00edc\u00ed text se v\u011bnuje obvykl\u00fdm v\u00fdmysl\u016fm o sol\u00e1rn\u00edch panelech. Tento text vy\u0161el v magaz\u00ednu Greenpeace. Fotovoltaick\u00e1&hellip;<\/p>\n","protected":false},"author":27,"featured_media":2256,"comment_status":"open","ping_status":"closed","sticky":false,"template":"","format":"standard","meta":{"ep_exclude_from_search":false,"p4_og_title":"","p4_og_description":"","p4_og_image":"","p4_og_image_id":"","p4_seo_canonical_url":"","p4_campaign_name":"","p4_local_project":"","p4_basket_name":"","p4_department":"","footnotes":""},"categories":[4],"tags":[26],"p4-page-type":[16],"class_list":["post-2254","post","type-post","status-publish","format-standard","has-post-thumbnail","hentry","category-energeticka-revoluce","tag-obnovitelne-zdroje","p4-page-type-clanek"],"_links":{"self":[{"href":"https:\/\/www.greenpeace.org\/czech\/wp-json\/wp\/v2\/posts\/2254","targetHints":{"allow":["GET"]}}],"collection":[{"href":"https:\/\/www.greenpeace.org\/czech\/wp-json\/wp\/v2\/posts"}],"about":[{"href":"https:\/\/www.greenpeace.org\/czech\/wp-json\/wp\/v2\/types\/post"}],"author":[{"embeddable":true,"href":"https:\/\/www.greenpeace.org\/czech\/wp-json\/wp\/v2\/users\/27"}],"replies":[{"embeddable":true,"href":"https:\/\/www.greenpeace.org\/czech\/wp-json\/wp\/v2\/comments?post=2254"}],"version-history":[{"count":3,"href":"https:\/\/www.greenpeace.org\/czech\/wp-json\/wp\/v2\/posts\/2254\/revisions"}],"predecessor-version":[{"id":6127,"href":"https:\/\/www.greenpeace.org\/czech\/wp-json\/wp\/v2\/posts\/2254\/revisions\/6127"}],"wp:featuredmedia":[{"embeddable":true,"href":"https:\/\/www.greenpeace.org\/czech\/wp-json\/wp\/v2\/media\/2256"}],"wp:attachment":[{"href":"https:\/\/www.greenpeace.org\/czech\/wp-json\/wp\/v2\/media?parent=2254"}],"wp:term":[{"taxonomy":"category","embeddable":true,"href":"https:\/\/www.greenpeace.org\/czech\/wp-json\/wp\/v2\/categories?post=2254"},{"taxonomy":"post_tag","embeddable":true,"href":"https:\/\/www.greenpeace.org\/czech\/wp-json\/wp\/v2\/tags?post=2254"},{"taxonomy":"p4-page-type","embeddable":true,"href":"https:\/\/www.greenpeace.org\/czech\/wp-json\/wp\/v2\/p4-page-type?post=2254"}],"curies":[{"name":"wp","href":"https:\/\/api.w.org\/{rel}","templated":true}]}}