{"id":22632,"date":"2025-08-15T12:03:45","date_gmt":"2025-08-15T11:03:45","guid":{"rendered":"https:\/\/www.greenpeace.org\/czech\/?p=22632"},"modified":"2025-11-11T16:12:09","modified_gmt":"2025-11-11T15:12:09","slug":"inc-5-2-neschopnost-dosahnout-dohody-v-zeneve-musi-byt-pro-svet-varovanim-uvadi-greenpeace","status":"publish","type":"post","link":"https:\/\/www.greenpeace.org\/czech\/tiskova-zprava\/22632\/inc-5-2-neschopnost-dosahnout-dohody-v-zeneve-musi-byt-pro-svet-varovanim-uvadi-greenpeace\/","title":{"rendered":"INC 5.2: \u201eNeschopnost dos\u00e1hnout dohody v \u017denev\u011b mus\u00ed b\u00fdt pro sv\u011bt varov\u00e1n\u00edm,\u201c uv\u00e1d\u00ed Greenpeace"},"content":{"rendered":"\n<p>Po dvou letech vyjedn\u00e1v\u00e1n\u00ed o Glob\u00e1ln\u00ed plastov\u00e9 dohod\u011b st\u00e1li minist\u0159i v \u017denev\u011b b\u011bhem z\u00e1v\u011bre\u010dn\u00fdch hodin toho, co m\u011blo b\u00fdt posledn\u00edm kolem jedn\u00e1n\u00ed, p\u0159ed historickou volbou: p\u0159ijmout dohodu, kter\u00e1 skute\u010dn\u011b \u0159e\u0161\u00ed zne\u010di\u0161t\u011bn\u00ed plasty, nebo ustoupit tlaku petrochemick\u00e9ho pr\u016fmyslu.\u00a0<\/p>\n\n<p><strong>Graham Forbes, vedouc\u00ed delegace Greenpeace na jedn\u00e1n\u00edch o Glob\u00e1ln\u00ed plastov\u00e9 \u00famluv\u011b a vedouc\u00ed glob\u00e1ln\u00ed kampan\u011b proti plast\u016fm v Greenpeace USA, uvedl: <\/strong>\u201eNeschopnost dos\u00e1hnout dohody v \u017denev\u011b mus\u00ed b\u00fdt pro sv\u011bt varov\u00e1n\u00edm: ukon\u010den\u00ed plastov\u00e9ho zne\u010di\u0161t\u011bn\u00ed znamen\u00e1 postavit se \u010delem z\u00e1jm\u016fm fosiln\u00edho pr\u016fmyslu. Drtiv\u00e1 v\u011bt\u0161ina vl\u00e1d chce silnou dohodu, ale hrstka \u0161k\u016fdc\u016f dok\u00e1zala vyu\u017e\u00edt procedur\u00e1ln\u00edch obstrukc\u00ed k potla\u010den\u00ed t\u00e9to ambice. Nem\u016f\u017eeme d\u00e1l d\u011blat tot\u00e9\u017e a \u010dekat jin\u00fd v\u00fdsledek. \u010cas v\u00e1h\u00e1n\u00ed skon\u010dil.<\/p>\n\n<p>Plastov\u00e1 krize se prohlubuje a petrochemick\u00fd pr\u016fmysl je odhodlan\u00fd n\u00e1s poh\u0159b\u00edt kv\u016fli kr\u00e1tkodob\u00fdm zisk\u016fm. Te\u010f nen\u00ed \u010das uhnout. Te\u010f je \u010das na odvahu, odhodl\u00e1n\u00ed a vytrvalost. Po\u017eadavek cel\u00e9 ob\u010dansk\u00e9 spole\u010dnosti je jasn\u00fd: pot\u0159ebujeme silnou, pr\u00e1vn\u011b z\u00e1vaznou dohodu, kter\u00e1 sn\u00ed\u017e\u00ed v\u00fdrobu plast\u016f, ochr\u00e1n\u00ed zdrav\u00ed lid\u00ed, zajist\u00ed robustn\u00ed a spravedliv\u00e9 financov\u00e1n\u00ed a ukon\u010d\u00ed plastov\u00e9 zne\u010di\u0161t\u011bn\u00ed od t\u011b\u017eby a\u017e po likvidaci. A sv\u011btov\u00ed l\u00edd\u0159i mus\u00ed konat. Budoucnost na\u0161eho zdrav\u00ed a planety na tom z\u00e1vis\u00ed.\u201c<\/p>\n","protected":false},"excerpt":{"rendered":"<p>Po dvou letech vyjedn\u00e1v\u00e1n\u00ed o Glob\u00e1ln\u00ed plastov\u00e9 dohod\u011b st\u00e1li minist\u0159i v \u017denev\u011b b\u011bhem z\u00e1v\u011bre\u010dn\u00fdch hodin toho, co m\u011blo b\u00fdt posledn\u00edm kolem jedn\u00e1n\u00ed, p\u0159ed historickou volbou:\u2026<\/p>\n","protected":false},"author":95,"featured_media":21157,"comment_status":"closed","ping_status":"closed","sticky":false,"template":"","format":"standard","meta":{"ep_exclude_from_search":false,"p4_og_title":"","p4_og_description":"","p4_og_image":"","p4_og_image_id":"","p4_seo_canonical_url":"","p4_campaign_name":"","p4_local_project":"","p4_basket_name":"","p4_department":"","footnotes":""},"categories":[1],"tags":[],"p4-page-type":[14],"class_list":["post-22632","post","type-post","status-publish","format-standard","has-post-thumbnail","hentry","category-nezarazeno","p4-page-type-tiskova-zprava"],"_links":{"self":[{"href":"https:\/\/www.greenpeace.org\/czech\/wp-json\/wp\/v2\/posts\/22632","targetHints":{"allow":["GET"]}}],"collection":[{"href":"https:\/\/www.greenpeace.org\/czech\/wp-json\/wp\/v2\/posts"}],"about":[{"href":"https:\/\/www.greenpeace.org\/czech\/wp-json\/wp\/v2\/types\/post"}],"author":[{"embeddable":true,"href":"https:\/\/www.greenpeace.org\/czech\/wp-json\/wp\/v2\/users\/95"}],"replies":[{"embeddable":true,"href":"https:\/\/www.greenpeace.org\/czech\/wp-json\/wp\/v2\/comments?post=22632"}],"version-history":[{"count":3,"href":"https:\/\/www.greenpeace.org\/czech\/wp-json\/wp\/v2\/posts\/22632\/revisions"}],"predecessor-version":[{"id":23107,"href":"https:\/\/www.greenpeace.org\/czech\/wp-json\/wp\/v2\/posts\/22632\/revisions\/23107"}],"wp:featuredmedia":[{"embeddable":true,"href":"https:\/\/www.greenpeace.org\/czech\/wp-json\/wp\/v2\/media\/21157"}],"wp:attachment":[{"href":"https:\/\/www.greenpeace.org\/czech\/wp-json\/wp\/v2\/media?parent=22632"}],"wp:term":[{"taxonomy":"category","embeddable":true,"href":"https:\/\/www.greenpeace.org\/czech\/wp-json\/wp\/v2\/categories?post=22632"},{"taxonomy":"post_tag","embeddable":true,"href":"https:\/\/www.greenpeace.org\/czech\/wp-json\/wp\/v2\/tags?post=22632"},{"taxonomy":"p4-page-type","embeddable":true,"href":"https:\/\/www.greenpeace.org\/czech\/wp-json\/wp\/v2\/p4-page-type?post=22632"}],"curies":[{"name":"wp","href":"https:\/\/api.w.org\/{rel}","templated":true}]}}