{"id":2270,"date":"2018-12-19T10:25:41","date_gmt":"2018-12-19T08:25:41","guid":{"rendered":"https:\/\/master.k8s.p4.greenpeace.org\/czech\/?p=2270"},"modified":"2021-12-01T13:32:42","modified_gmt":"2021-12-01T12:32:42","slug":"evropa-rekla-finalni-ne-znecisteni-jednorazovymi-plasty","status":"publish","type":"post","link":"https:\/\/www.greenpeace.org\/czech\/clanek\/2270\/evropa-rekla-finalni-ne-znecisteni-jednorazovymi-plasty\/","title":{"rendered":"Evropa \u0159ekla fin\u00e1ln\u00ed NE zne\u010di\u0161t\u011bn\u00ed jednor\u00e1zov\u00fdmi plasty"},"content":{"rendered":"<p><b>Z\u00e1stupci Evropsk\u00e9ho parlamentu, \u010dlensk\u00fdch st\u00e1t\u016f (Rada) a Evropsk\u00e9 komise se nad r\u00e1nem dohodli na fin\u00e1ln\u00ed podob\u011b sm\u011brnice omezuj\u00edc\u00ed zne\u010di\u0161t\u011bn\u00ed z jednor\u00e1zov\u00fdch plast\u016f. Od jara 2021 tak bude v cel\u00e9 Evrop\u011b zak\u00e1z\u00e1no nebo jinak omezeno 12 typ\u016f jednor\u00e1zov\u00fdch plast\u016f. Ty jsou zodpov\u011bdn\u00e9 za 85 % odpadu na evropsk\u00fdch pl\u00e1\u017e\u00edch a mo\u0159\u00edch. Ro\u010dn\u011b tam skon\u010d\u00ed a\u017e 500 tis tun plastov\u00e9ho odpadu (to je 66 tis\u00edc popel\u00e1\u0159sk\u00fdch voz\u016f). <\/b><span style=\"font-weight: 400;\">\u00a0\u00a0\u00a0\u00a0<\/span><\/p>\n<p><span style=\"font-weight: 400;\">Lid\u00e9 plastov\u00fdm odpadem zamo\u0159ili v\u0161echny kouty na\u0161\u00ed planety a nezb\u00fdv\u00e1, ne\u017e p\u0159ijmout z\u00e1sadn\u00ed opat\u0159en\u00ed, v\u010detn\u011b tolik nepopul\u00e1rn\u00edch z\u00e1kaz\u016f. Tato sm\u011brnice je vskutku historick\u00fdch po\u010dinem EU v boji s plastov\u00fdm odpadem, kter\u00fd bude bezesporu inspirac\u00ed pro cel\u00fd sv\u011bt.<\/span><\/p>\n<div id=\"attachment_2274\" style=\"width: 1210px\" class=\"wp-caption alignnone\"><img loading=\"lazy\" decoding=\"async\" aria-describedby=\"caption-attachment-2274\" class=\"size-full wp-image-2274\" src=\"https:\/\/www.greenpeace.org\/static\/planet4-czech-republic-stateless\/2018\/12\/5fba8377-gp0stsiyv.jpg\" alt=\"End the Age of Single Use Plastics in Budapest. \u00a9 Attila Pethe\" width=\"1200\" height=\"675\" srcset=\"https:\/\/www.greenpeace.org\/static\/planet4-czech-republic-stateless\/2018\/12\/5fba8377-gp0stsiyv.jpg 1200w, https:\/\/www.greenpeace.org\/static\/planet4-czech-republic-stateless\/2018\/12\/5fba8377-gp0stsiyv-300x169.jpg 300w, https:\/\/www.greenpeace.org\/static\/planet4-czech-republic-stateless\/2018\/12\/5fba8377-gp0stsiyv-768x432.jpg 768w, https:\/\/www.greenpeace.org\/static\/planet4-czech-republic-stateless\/2018\/12\/5fba8377-gp0stsiyv-1024x576.jpg 1024w, https:\/\/www.greenpeace.org\/static\/planet4-czech-republic-stateless\/2018\/12\/5fba8377-gp0stsiyv-510x287.jpg 510w\" sizes=\"auto, (max-width: 1200px) 100vw, 1200px\" \/><p id=\"caption-attachment-2274\" class=\"wp-caption-text\">Akce Greenpeace proti jednor\u00e1zov\u00e9mu plastu v Ma\u010farsku.<\/p><\/div>\n<p><span style=\"font-weight: 400;\">Zat\u00edmco v\u011bt\u0161ina bod\u016f sm\u011brnice, kterou Komise p\u0159edstavila letos v kv\u011btnu, byla odsouhlasena <\/span><a href=\"https:\/\/www.greenpeace.org\/czech\/tiskova-zprava\/1530\/evropsky-parlament-omezeni-znecisteni-plasty\/\"><span style=\"font-weight: 400;\">Evropsk\u00fdm parlamentem<\/span><\/a><span style=\"font-weight: 400;\"> a Radou ji\u017e letos na podzim, shodu na n\u011bkolika m\u00e1lo navr\u017een\u00fdch opat\u0159en\u00edch \u00a0nalezli vyjednava\u010di a\u017e dnes nad r\u00e1nem.\u00a0<\/span><span style=\"font-weight: 400;\">Rada oproti Parlamentu po\u017eadovala sn\u00ed\u017een\u00ed a odd\u00e1len\u00ed c\u00edl\u016f pro zp\u011btn\u00fd odb\u011br plastov\u00fdch n\u00e1dob do roku 2025 z 90 % na 75 %. Devades\u00e1tiprocentn\u00ed c\u00edl ve sv\u00e9 podstat\u011b znamen\u00e1 zaveden\u00ed z\u00e1lohov\u00e9ho syst\u00e9mu pro plastov\u00e9 l\u00e1hve. D\u00e1le Rada po\u017eadovala sn\u00ed\u017een\u00ed finan\u010dn\u00ed odpov\u011bdnosti v\u00fdrobc\u016f za sv\u00e9 v\u00fdrobky a \u00a0\u017e\u00e1dn\u00e9 z\u00e1vazn\u00e9 c\u00edle pro recyklaci ryb\u00e1\u0159sk\u00e9ho n\u00e1\u010din\u00ed, kel\u00edmk\u016f a n\u00e1dob na potraviny. <\/span><\/p>\n<p><span style=\"font-weight: 400;\">V\u00fdsledn\u00fd kompromis dohodli vyjednava\u010di a\u017e dnes v rann\u00edch hodin\u00e1ch a lze ho pova\u017eovat za velk\u00fd \u00fasp\u011bch v\u0161ech, kte\u0159\u00ed mysl\u00ed boj s plastov\u00fdm odpadem v\u00e1\u017en\u011b, v\u010detn\u011b v\u00edce ne\u017e 114 tis\u00edc \u010cech\u016f a \u010ce\u0161ek, kte\u0159\u00ed podpo\u0159ili silnou sm\u011brnici v r\u00e1mci kampan\u011b Plast je past. \u010clensk\u00fdm st\u00e1t\u016fm se nicm\u00e9n\u011b poda\u0159ilo prosadit odd\u00e1len\u00ed 90% c\u00edle pro zp\u011btn\u00fd sb\u011br plastov\u00fdch n\u00e1pojov\u00fdch obal\u016f z roku 2025 do roku 2029. C\u00edl pro rok 2025 je jen 77 %, co\u017e m\u016f\u017ee odd\u00e1lit zaveden\u00ed z\u00e1lohov\u00e9ho syst\u00e9mu.<\/span><\/p>\n<p><span style=\"font-weight: 400;\">Smutnou zku\u0161enost\u00ed je i nep\u0159\u00edli\u0161 ambici\u00f3zn\u00ed pozice \u010cesk\u00e9 republiky, kter\u00e9 podle intern\u00edch informac\u00ed z jedn\u00e1n\u00ed spolu s dal\u0161\u00edmi v\u00fdchodoevropsk\u00fdmi st\u00e1ty prosazovala zm\u00edrn\u011bn\u00ed sm\u011brnice prakticky ve v\u0161ech sporn\u00fdch bodech. <\/span><span style=\"font-weight: 400;\">Ministerstvo \u017eivotn\u00edho prost\u0159ed\u00ed asi b\u011bhem vyjedn\u00e1v\u00e1n\u00ed zcela zapomn\u011blo na svou vlastn\u00ed kampa\u0148 \u00a0\u201cDost bylo plastu\u201d, snad si na ni vzpomene p\u0159i implementaci sm\u011brnice, kter\u00e1 d\u00e1v\u00e1 \u010dlensk\u00fdm st\u00e1t\u016fm mo\u017enosti p\u0159ijmout \u0159adu dal\u0161\u00edch opat\u0159en\u00ed v boji s plastov\u00fdm odpadem.\u00a0<\/span><\/p>\n<p><span style=\"font-weight: 400;\">Sm\u011brnice by m\u011bla vstoupit v platnost na p\u0159elomu b\u0159ezna a dubna 2019 a posl\u00e9ze budou m\u00edt \u010dlensk\u00e9 st\u00e1ty dva roky na jej\u00ed implementaci. A pr\u00e1v\u011b v t\u00e9 dob\u011b bude d\u016fle\u017eit\u00e9, aby se sm\u011brnice prom\u00edtla i do z\u00e1kon\u016f v \u010cesk\u00e9 republice. Kampa\u0148 Plast je past proto nekon\u010d\u00ed a pokud chcete vid\u011bt pozitivn\u00ed zm\u011bny ve va\u0161em okol\u00ed, <a href=\"https:\/\/www.plastjepast.cz\/darujte-2019\/\">podpo\u0159te Plast je past 2019<\/a>.\u00a0<\/span><\/p>\n<div class=\"EmptyMessage\">Block content is empty. Check the block&#8217;s settings or remove it.<\/div>","protected":false},"excerpt":{"rendered":"<p>Z\u00e1stupci Evropsk\u00e9ho parlamentu, \u010dlensk\u00fdch st\u00e1t\u016f (Rada) a Evropsk\u00e9 komise se nad r\u00e1nem dohodli na fin\u00e1ln\u00ed podob\u011b sm\u011brnice omezuj\u00edc\u00ed zne\u010di\u0161t\u011bn\u00ed z jednor\u00e1zov\u00fdch plast\u016f. Od jara 2021 tak bude v cel\u00e9 Evrop\u011b&hellip;<\/p>\n","protected":false},"author":24,"featured_media":2274,"comment_status":"open","ping_status":"closed","sticky":false,"template":"","format":"standard","meta":{"ep_exclude_from_search":false,"p4_og_title":"","p4_og_description":"","p4_og_image":"","p4_og_image_id":"","p4_seo_canonical_url":"","p4_campaign_name":"","p4_local_project":"","p4_basket_name":"","p4_department":"","footnotes":""},"categories":[3],"tags":[21],"p4-page-type":[16],"class_list":["post-2270","post","type-post","status-publish","format-standard","has-post-thumbnail","hentry","category-nas-svet","tag-plast-je-past","p4-page-type-clanek"],"_links":{"self":[{"href":"https:\/\/www.greenpeace.org\/czech\/wp-json\/wp\/v2\/posts\/2270","targetHints":{"allow":["GET"]}}],"collection":[{"href":"https:\/\/www.greenpeace.org\/czech\/wp-json\/wp\/v2\/posts"}],"about":[{"href":"https:\/\/www.greenpeace.org\/czech\/wp-json\/wp\/v2\/types\/post"}],"author":[{"embeddable":true,"href":"https:\/\/www.greenpeace.org\/czech\/wp-json\/wp\/v2\/users\/24"}],"replies":[{"embeddable":true,"href":"https:\/\/www.greenpeace.org\/czech\/wp-json\/wp\/v2\/comments?post=2270"}],"version-history":[{"count":6,"href":"https:\/\/www.greenpeace.org\/czech\/wp-json\/wp\/v2\/posts\/2270\/revisions"}],"predecessor-version":[{"id":15746,"href":"https:\/\/www.greenpeace.org\/czech\/wp-json\/wp\/v2\/posts\/2270\/revisions\/15746"}],"wp:featuredmedia":[{"embeddable":true,"href":"https:\/\/www.greenpeace.org\/czech\/wp-json\/wp\/v2\/media\/2274"}],"wp:attachment":[{"href":"https:\/\/www.greenpeace.org\/czech\/wp-json\/wp\/v2\/media?parent=2270"}],"wp:term":[{"taxonomy":"category","embeddable":true,"href":"https:\/\/www.greenpeace.org\/czech\/wp-json\/wp\/v2\/categories?post=2270"},{"taxonomy":"post_tag","embeddable":true,"href":"https:\/\/www.greenpeace.org\/czech\/wp-json\/wp\/v2\/tags?post=2270"},{"taxonomy":"p4-page-type","embeddable":true,"href":"https:\/\/www.greenpeace.org\/czech\/wp-json\/wp\/v2\/p4-page-type?post=2270"}],"curies":[{"name":"wp","href":"https:\/\/api.w.org\/{rel}","templated":true}]}}