{"id":22814,"date":"2025-09-30T14:50:06","date_gmt":"2025-09-30T13:50:06","guid":{"rendered":"https:\/\/www.greenpeace.org\/czech\/?p=22814"},"modified":"2025-09-30T14:50:12","modified_gmt":"2025-09-30T13:50:12","slug":"kdo-bude-po-volbach-platit-dopady-klimaticke-krize-my-nebo-znecistovatele","status":"publish","type":"post","link":"https:\/\/www.greenpeace.org\/czech\/clanek\/22814\/kdo-bude-po-volbach-platit-dopady-klimaticke-krize-my-nebo-znecistovatele\/","title":{"rendered":"Kdo bude po volb\u00e1ch platit dopady klimatick\u00e9 krize: my nebo zne\u010di\u0161\u0165ovatel\u00e9?"},"content":{"rendered":"\n<p><strong>A pro\u010d je d\u016fle\u017eit\u00e9 kl\u00e1st tuto ot\u00e1zku kandid\u00e1t\u016fm a kandid\u00e1tk\u00e1m, kter\u00e9 chceme volit?<\/strong><\/p>\n\n<p>Volby do Poslaneck\u00e9 sn\u011bmovny jsou za rohem a p\u0159i v\u00fdb\u011bru z\u00e1stupky\u0148 a z\u00e1stupc\u016f, kte\u0159\u00ed n\u00e1s budou reprezentovat, je t\u0159eba zohlednit hodn\u011b v\u011bc\u00ed. Jednou z nich by m\u011blo b\u00fdt, jak se stav\u00ed k ochran\u011b klimatu. Nechaj\u00ed ochranu na\u0161eho \u017eivotn\u00edho prost\u0159ed\u00ed platit lidi, nebo k tomu p\u0159im\u011bj\u00ed zne\u010di\u0161\u0165ovatele? Anebo se na ochranu prost\u0159ed\u00ed vyka\u0161lou \u00fapln\u011b, co\u017e by znamenalo je\u0161t\u011b v\u00fdrazn\u011bj\u0161\u00ed a \u010dast\u011bj\u0161\u00ed dopady klimatick\u00e9 krize, jako jsou povodn\u011b, sucha a vlny veder, kter\u00e9 u\u017e dnes ni\u010d\u00ed \u017eivoty, zdrav\u00ed i majetek oby\u010dejn\u00fdch lid\u00ed.<\/p>\n\n<figure class=\"wp-block-image size-large\"><img loading=\"lazy\" decoding=\"async\" width=\"1024\" height=\"683\" src=\"https:\/\/www.greenpeace.org\/static\/planet4-czech-republic-stateless\/2025\/09\/131b5faf-20240918104301-4e90aeea-xl-1024x683.jpg\" alt=\"\" class=\"wp-image-22815\" srcset=\"https:\/\/www.greenpeace.org\/static\/planet4-czech-republic-stateless\/2025\/09\/131b5faf-20240918104301-4e90aeea-xl-1024x683.jpg 1024w, https:\/\/www.greenpeace.org\/static\/planet4-czech-republic-stateless\/2025\/09\/131b5faf-20240918104301-4e90aeea-xl-300x200.jpg 300w, https:\/\/www.greenpeace.org\/static\/planet4-czech-republic-stateless\/2025\/09\/131b5faf-20240918104301-4e90aeea-xl-768x512.jpg 768w, https:\/\/www.greenpeace.org\/static\/planet4-czech-republic-stateless\/2025\/09\/131b5faf-20240918104301-4e90aeea-xl-510x340.jpg 510w, https:\/\/www.greenpeace.org\/static\/planet4-czech-republic-stateless\/2025\/09\/131b5faf-20240918104301-4e90aeea-xl.jpg 1224w\" sizes=\"auto, (max-width: 1024px) 100vw, 1024px\" \/><\/figure>\n\n<p>Fosiln\u00ed korporace se na ni\u010den\u00ed planety pod\u00edlej\u00ed nejv\u011bt\u0161\u00ed m\u011brou. Nejv\u00fdznamn\u011bj\u0161\u00ed pod\u00edl na celkov\u00fdch emis\u00edch CO\u2082 (d\u016fvodu oteplov\u00e1n\u00ed planety) m\u00e1 pr\u00e1v\u011b energetick\u00fd sektor. <a href=\"https:\/\/ember-energy.org\/app\/uploads\/2023\/05\/Repeat-Offenders_-EU-ETS-2022-report-1.pdf\">V roce 2022 poch\u00e1zelo p\u0159es 80 % emis\u00ed evropsk\u00e9 energetiky pr\u00e1v\u011b z fosiln\u00edch paliv.<\/a> V glob\u00e1ln\u00edm m\u011b\u0159\u00edtku poch\u00e1z\u00ed<a href=\"https:\/\/influencemap.org\/briefing\/The-Carbon-Majors-Database-2023-Update-31397\"> v\u00edce ne\u017e 80 % emis\u00ed CO\u2082 z fosiln\u00edch paliv a cementu od 169 spole\u010dnost\u00ed, p\u0159i\u010dem\u017e 36 z nich m\u00e1 na sv\u011bdom\u00ed v\u00edce ne\u017e polovinu t\u011bchto emis\u00ed.<\/a> Fosiln\u00ed korporace na tomto ni\u010den\u00ed planety a \u017eivotn\u00edho prost\u0159ed\u00ed vyd\u011bl\u00e1vaj\u00ed miliardy, ale na n\u00e1prav\u011b \u0161kod nebo p\u0159echodu k obnoviteln\u00fdm zdroj\u016fm se pod\u00edlej\u00ed jen minim\u00e1ln\u011b.&nbsp;<\/p>\n\n<p>Podobn\u011b tomu bylo i b\u011bhem ned\u00e1vn\u00e9 energetick\u00e9 krize, kdy m\u011bly fosiln\u00ed a energetick\u00e9 spole\u010dnosti v \u010cesku obrovsk\u00e9 zisky, zat\u00edmco <a href=\"https:\/\/socialnibydleni.mpsv.cz\/download\/dokumenty\/124-ech_2023_dpi250-2.pdf\">statis\u00edce lid\u00ed padaly do energetick\u00e9 chudoby.<\/a> Vl\u00e1da sice zavedla do\u010dasnou da\u0148 z neo\u010dek\u00e1van\u00fdch zisk\u016f, jen\u017ee fosiln\u00ed korporace na ni a\u017e na v\u00fdjimky odvedly minimum. Polost\u00e1tn\u00ed \u010cEZ pos\u00edlal st\u00e1tu des\u00edtky miliard korun ro\u010dn\u011b, ale jin\u00e9 firmy se dani sp\u00ed\u0161e vyhnuly, <a href=\"https:\/\/ct24.ceskatelevize.cz\/clanek\/domaci\/kretinsky-presune-firmu-do-zahranici-stezuje-si-na-mimoradnou-dan-14191\">nap\u0159\u00edklad EP Commodities ze skupiny EPH p\u0159esunula \u010d\u00e1st obchod\u016f do \u0160v\u00fdcarska.<\/a> Firmy jako EPH nebo Sev.en Pavla Tyka\u010de tak zaplatily mnohem m\u00e9n\u011b, ne\u017e odpov\u00edd\u00e1 jejich zisk\u016fm. Tato da\u0148 nav\u00edc letos kon\u010d\u00ed, tak\u017ee st\u00e1t p\u0159ijde i o tento zdroj p\u0159\u00edjm\u016f.<\/p>\n\n<p><strong>Kandid\u00e1t\u016f a kandid\u00e1tek v nadch\u00e1zej\u00edc\u00edch volb\u00e1ch jsme se proto ptali:<\/strong><\/p>\n\n<p><em>Jak\u00fd m\u00e1te postoj k zaveden\u00ed nov\u00e9 dan\u011b \u010di poplatku, kter\u00fd by nav\u00e1zal na kon\u010d\u00edc\u00ed windfall tax a p\u0159isp\u011bl k zabezpe\u010den\u00ed dostatku financ\u00ed pro klimatick\u00e1 opat\u0159en\u00ed a pomohl zraniteln\u00fdm dom\u00e1cnostem vypo\u0159\u00e1dat se s dopady klimatick\u00e9 krize? Budete takovou da\u0148 \u010di poplatek prosazovat v Poslaneck\u00e9 sn\u011bmovn\u011b po volb\u00e1ch, pokud v nich usp\u011bjete?<\/em><\/p>\n\n<p>L\u00eddry politick\u00fdch stran jsme kontaktovali e-mailem, p\u0159\u00edpadn\u011b telefonicky. Tak\u00e9 prost\u0159ednictv\u00edm ankety Zelen\u00e9ho kruhu jsme se ptali na ot\u00e1zku, zda strany navrhnou zaveden\u00ed nov\u00e9 dan\u011b, kter\u00e1 by nahradila kon\u010d\u00edc\u00ed windfall tax a kterou by platily fosiln\u00ed korporace za nadm\u011brn\u00e9 zisky. A v neposledn\u00ed \u0159ad\u011b tuto ot\u00e1zka kladli i na\u0161i podporovatel\u00e9 b\u011bhem p\u0159edvolebn\u00edch debat a m\u00edtink\u016f po cel\u00e9 republice.<\/p>\n\n<figure class=\"wp-block-image size-large\"><img loading=\"lazy\" decoding=\"async\" width=\"1024\" height=\"855\" src=\"https:\/\/www.greenpeace.org\/static\/planet4-czech-republic-stateless\/2024\/04\/9d6d1164-shutterstock_1267342168-1024x855.jpg\" alt=\"\" class=\"wp-image-20166\" srcset=\"https:\/\/www.greenpeace.org\/static\/planet4-czech-republic-stateless\/2024\/04\/9d6d1164-shutterstock_1267342168-1024x855.jpg 1024w, https:\/\/www.greenpeace.org\/static\/planet4-czech-republic-stateless\/2024\/04\/9d6d1164-shutterstock_1267342168-300x251.jpg 300w, https:\/\/www.greenpeace.org\/static\/planet4-czech-republic-stateless\/2024\/04\/9d6d1164-shutterstock_1267342168-768x641.jpg 768w, https:\/\/www.greenpeace.org\/static\/planet4-czech-republic-stateless\/2024\/04\/9d6d1164-shutterstock_1267342168-1536x1283.jpg 1536w, https:\/\/www.greenpeace.org\/static\/planet4-czech-republic-stateless\/2024\/04\/9d6d1164-shutterstock_1267342168-2048x1711.jpg 2048w, https:\/\/www.greenpeace.org\/static\/planet4-czech-republic-stateless\/2024\/04\/9d6d1164-shutterstock_1267342168-1635x1366.jpg 1635w, https:\/\/www.greenpeace.org\/static\/planet4-czech-republic-stateless\/2024\/04\/9d6d1164-shutterstock_1267342168-407x340.jpg 407w\" sizes=\"auto, (max-width: 1024px) 100vw, 1024px\" \/><\/figure>\n\n<p><strong>Da\u0148 z neo\u010dek\u00e1van\u00fdch zisk\u016f bez n\u00e1hrady skon\u010d\u00ed&nbsp;<\/strong><\/p>\n\n<p><a href=\"https:\/\/zelenykruh.cz\/volebni-programy-vime-ktere-strany-chteji-ochranu-prirody-a-ktere-mlci\/\">Z ankety Zelen\u00e9ho kruhu vyplynula<\/a> vz\u00e1cn\u00e1 shoda mezi trojic\u00ed uskupen\u00ed: Pir\u00e1ti, STAN i SPOLU, kter\u00e9 na danou ot\u00e1zku odpov\u011bd\u011bly a kter\u00e9 novou da\u0148 pro fosiln\u00ed korporace explicitn\u011b odm\u00edtly (ostatn\u00ed strany a hnut\u00ed na ot\u00e1zku neodpov\u011bd\u011bly). To by ale znamenalo v\u00fdpadek des\u00edtek miliard korun ze st\u00e1tn\u00edho rozpo\u010dtu, tedy pen\u011bz, kter\u00e9 by mohly pomoci lidem v energetick\u00e9 chudob\u011b i s financov\u00e1n\u00edm klimatick\u00fdch opat\u0159en\u00ed. Z\u00e1stupci t\u011bchto stran tvrd\u00ed, \u017ee windfall tax byla jen mimo\u0159\u00e1dn\u00fdm opat\u0159en\u00edm pro specifickou situaci. Stejn\u00fd postoj potvrdilo i Ministerstvo financ\u00ed a Kabinet p\u0159edsedy vl\u00e1dy, podle nich\u017e se s pokra\u010dov\u00e1n\u00edm t\u00e9to dan\u011b u\u017e nepo\u010d\u00edt\u00e1. Celkov\u011b lze \u0159\u00edci, \u017ee ohledn\u011b windfall tax se politick\u00e9 strany shoduj\u00ed a \u017e\u00e1dn\u00e1 nepl\u00e1nuje navrhnout jej\u00ed prodlou\u017een\u00ed.<\/p>\n\n<p>Je pravda, \u017ee energetick\u00e1 krize, kv\u016fli kter\u00e9 byla windfall tax zavedena, pominula. Nem\u016f\u017eeme ale ignorovat klimatickou krizi, kter\u00e1 stoj\u00ed st\u00e1le v\u00edc pen\u011bz. Je d\u016fle\u017eit\u00e9, aby tyto pen\u00edze ne\u0161ly z kapes ob\u010dan\u016f. Jak toho pl\u00e1nuj\u00ed politi\u010dky a politici dos\u00e1hnout?&nbsp;<\/p>\n\n<p>Podle Pir\u00e1t\u016f byla windfall tax nastavena tak, \u017ee se j\u00ed velk\u00e9 firmy mohly snadno vyhnout, a proto jej\u00ed pokra\u010dov\u00e1n\u00ed nepodporuj\u00ed.&nbsp; M\u00edsto toho by m\u011bl pomoci Soci\u00e1ln\u011b-klimatick\u00fd fond, kter\u00fd by m\u011bl lidem vyrovn\u00e1vat dopady nov\u00e9ho syst\u00e9mu emisn\u00edch povolenek (tzv. ETS2). Ten se m\u00e1 za\u010d\u00edt uplat\u0148ovat v roce 2027 a podle pir\u00e1tsk\u00e9 poslankyn\u011b Kl\u00e1ry Kocmanov\u00e9 je nutn\u00e9 nastavit pojistky, aby n\u00e1r\u016fst cen energi\u00ed nedopadal na dom\u00e1cnosti.<\/p>\n\n<p><strong><em>\u201e<\/em><\/strong><em>Ohledn\u011b energetick\u00e9 chudoby, v \u017e\u00e1dn\u00e9m p\u0159\u00edpad\u011b nechceme, aby na lidi dopadala (ostatn\u011b proto jsem ji\u017e na za\u010d\u00e1tku tohoto volebn\u00edho obdob\u00ed uspo\u0159\u00e1dala s odborn\u00edky kulat\u00fd st\u016fl na toto t\u00e9ma v Poslaneck\u00e9 sn\u011bmovn\u011b). D\u016fle\u017eit\u00e9 bude spr\u00e1vn\u00e9 nastaven\u00ed a vyu\u017eit\u00ed Soci\u00e1ln\u011b-klimatick\u00e9ho fondu, kter\u00fd je za t\u00edmto \u00fa\u010delem z\u0159\u00edzen spolu se zaveden\u00edm syst\u00e9mu ETS 2. Nadto jsme ale tak\u00e9 jedin\u00e1 strana p\u0159edstavili konkr\u00e9tn\u00ed pl\u00e1n \u00fa\u010dinn\u00fdch pojistek proti negativn\u00edm dopad\u016fm emisn\u00edch povolenek, kter\u00e9 budou zavedeny v roce 2027,\u201d vysv\u011btluje Kocmanov\u00e1.&nbsp;<\/em><\/p>\n\n<p><strong>Energetick\u00e9 spole\u010dnosti plat\u00ed za \u0161kody, kter\u00e9 zp\u016fsobuj\u00ed&nbsp; m\u00e9n\u011b, ne\u017e by m\u011bly&nbsp;<\/strong><\/p>\n\n<p>Trochu jako chytr\u00e1 hor\u00e1kyn\u011b si po\u010d\u00edn\u00e1 hnut\u00ed SPD, kter\u00e9 sice zd\u016fraz\u0148uje, \u017ee fosiln\u00ed spole\u010dnosti mus\u00ed n\u00e9st spole\u010denskou odpov\u011bdnost a nejen energetick\u00e9 spole\u010dnosti plat\u00ed m\u00e9n\u011b, ne\u017e by m\u011bly za negativn\u00ed externality, kter\u00e9 dopadaj\u00ed na st\u00e1t a ob\u010dany. Z\u00e1rove\u0148 ale SPD zpochyb\u0148uje vliv CO\u2082 na zm\u011bnu klimatu a \u0159e\u0161en\u00ed vid\u00ed p\u0159edev\u0161\u00edm v zest\u00e1tn\u011bn\u00ed hlavn\u00edch energetick\u00fdch podnik\u016f.&nbsp;<\/p>\n\n<p><em>\u201eHnut\u00ed SPD dlouhodob\u011b zast\u00e1v\u00e1 n\u00e1zor, \u017ee n\u00e1klady na tzv. klimatick\u00e1 opat\u0159en\u00ed nesm\u00ed b\u00fdt p\u0159en\u00e1\u0161eny na oby\u010dejn\u00e9 ob\u010dany, kte\u0159\u00ed u\u017e dnes nesou t\u011b\u017ek\u00e9 d\u016fsledky vl\u00e1dn\u00ed politiky v oblasti energetiky v\u010detn\u011b extr\u00e9mn\u00edch cen elekt\u0159iny, plynu a pohonn\u00fdch hmot. Lid\u00e9 nesm\u00ed dopl\u00e1cet na ideologii Green Dealu, kter\u00fd pova\u017eujeme za nefunk\u010dn\u00ed, ekonomicky \u0161kodliv\u00fd a soci\u00e1ln\u011b likvida\u010dn\u00ed projekt. Souhlas\u00edme v\u0161ak s t\u00edm, \u017ee energetick\u00e9 a fosiln\u00ed monopoly nemohou b\u00fdt mimo jakoukoliv spole\u010denskou odpov\u011bdnost. Pokud v dob\u011b krize inkasuj\u00ed miliardov\u00e9 zisky, zat\u00edmco statis\u00edce dom\u00e1cnost\u00ed padaj\u00ed do energetick\u00e9 chudoby, je nutn\u00e9 zajistit spravedlnost a f\u00e9rov\u00e9 podm\u00ednky pro ob\u010dany t\u00e9to zem\u011b. A to v\u010detn\u011b da\u0148ov\u00e9 odpov\u011bdnosti t\u011bchto spole\u010dnost\u00ed,\u201d<\/em> napsala n\u00e1m poslankyn\u011b za SPD Karla Ma\u0159\u00edkov\u00e1.&nbsp;&nbsp;<\/p>\n\n<figure class=\"wp-block-image size-large\"><img loading=\"lazy\" decoding=\"async\" width=\"1024\" height=\"682\" src=\"https:\/\/www.greenpeace.org\/static\/planet4-czech-republic-stateless\/2025\/09\/0b88eec6-20240918143117-572456dd-xl-2-1024x682.jpg\" alt=\"\" class=\"wp-image-22818\" srcset=\"https:\/\/www.greenpeace.org\/static\/planet4-czech-republic-stateless\/2025\/09\/0b88eec6-20240918143117-572456dd-xl-2-1024x682.jpg 1024w, https:\/\/www.greenpeace.org\/static\/planet4-czech-republic-stateless\/2025\/09\/0b88eec6-20240918143117-572456dd-xl-2-300x200.jpg 300w, https:\/\/www.greenpeace.org\/static\/planet4-czech-republic-stateless\/2025\/09\/0b88eec6-20240918143117-572456dd-xl-2-768x511.jpg 768w, https:\/\/www.greenpeace.org\/static\/planet4-czech-republic-stateless\/2025\/09\/0b88eec6-20240918143117-572456dd-xl-2-510x340.jpg 510w, https:\/\/www.greenpeace.org\/static\/planet4-czech-republic-stateless\/2025\/09\/0b88eec6-20240918143117-572456dd-xl-2.jpg 1224w\" sizes=\"auto, (max-width: 1024px) 100vw, 1024px\" \/><\/figure>\n\n<p><strong>Bez v\u011bt\u0161\u00edho pod\u00edlu fosiln\u00edch korporac\u00ed nakonec celkov\u00fd \u00fa\u010det zaplat\u00ed b\u011b\u017en\u00ed lid\u00e9<\/strong><\/p>\n\n<p>I dal\u0161\u00ed strany se ve sv\u00fdch odpov\u011bd\u00edch zam\u011b\u0159ily na emisn\u00ed povolenky. Favorit p\u0159edvolebn\u00edch pr\u016fzkum\u016f, Hnut\u00ed ANO se k na\u0161im ot\u00e1zk\u00e1m ofici\u00e1ln\u011b nevyj\u00e1d\u0159ilo. Andrej Babi\u0161 nereagoval ani po urgenc\u00edch, v p\u0159edvolebn\u00edch debat\u00e1ch ale jeho spolustran\u00edci Alena Schillerov\u00e1 a Karel Havl\u00ed\u010dek argumentovali, \u017ee zne\u010di\u0161\u0165ovatel\u00e9 u\u017e plat\u00ed prost\u0159ednictv\u00edm emisn\u00edch povolenek a \u017ee dal\u0161\u00ed dan\u011b by po\u0161kodily \u010desk\u00e9 podniky. Hnut\u00ed ANO a jeho p\u0159edseda celkov\u011b broj\u00ed proti Green Dealu, kter\u00fd cht\u011bj\u00ed zru\u0161it, a zelen\u00fdm dan\u00edm, kter\u00fdmi mysl\u00ed, pr\u00e1v\u011b zm\u00edn\u011bn\u00e9 emisn\u00ed povolenky.&nbsp;&nbsp;<\/p>\n\n<p>Tak\u00e9 premi\u00e9r Petr Fiala na p\u0159edvolebn\u00edch m\u00edtinc\u00edch zmi\u0148oval, \u017ee emisn\u00ed povolenky, kter\u00e9 by zv\u00fd\u0161ily ceny lidem, nejsou dobr\u00fdm \u0159e\u0161en\u00edm, z\u00e1rove\u0148 v\u0161ak podle n\u011bj u velk\u00fdch zne\u010di\u0161\u0165ovatel\u016f emisn\u00ed povolenky prvn\u00edho typu dlouhodob\u011b v Evrop\u011b n\u011bjak\u00fdm zp\u016fsobem funguj\u00ed.&nbsp; To ve sv\u00e9 odpov\u011bdi na na\u0161e ot\u00e1zky uvedl i \u0159editel Odboru strategie a anal\u00fdz Jakub Kajzler, kter\u00fd n\u00e1m napsal z pov\u011b\u0159en\u00ed Kabinetu p\u0159edsedy vl\u00e1dy:<em> \u201cEnergie z\u00edsk\u00e1van\u00e9 z fosiln\u00edch zdroj\u016f zne\u010di\u0161\u0165uj\u00edc\u00ed \u017eivotn\u00ed prost\u0159ed\u00ed jsou ji\u017e zat\u00ed\u017een\u00e9 emisn\u00edmi povolenkami. Motivuj\u00ed tak spole\u010dnosti vyu\u017e\u00edvaj\u00edc\u00ed fosiln\u00ed zdroje, aby sn\u00ed\u017eily emise sklen\u00edkov\u00fdch plyn\u016f v\u011bt\u0161\u00edm vyu\u017e\u00edv\u00e1n\u00edm bezemisn\u00edch zdroj\u016f. Z\u00e1rove\u0148 tak\u00e9 p\u0159ipom\u00edn\u00e1m, \u017ee elekt\u0159ina je z\u00e1kladn\u00ed komoditou pro fungov\u00e1n\u00ed ekonomiky a spole\u010dnosti. Bez jej\u00edho dostatku by spole\u010dnost, a tedy ani ochrana \u017eivotn\u00edho prost\u0159ed\u00ed, nemohla fungovat. K dekarbonizaci a p\u0159echodu k bezemisn\u00edmu hospod\u00e1\u0159stv\u00ed v \u010cR doch\u00e1z\u00ed, ale d\u011bje se tak postupn\u011b, aby byl tento proces soci\u00e1ln\u011b i ekonomicky udr\u017eiteln\u00fd.\u201d <\/em>&nbsp;&nbsp;<\/p>\n\n<p>Zaj\u00edmav\u00e9 je, \u017ee hnut\u00ed STAN se sice tv\u00e1\u0159\u00ed odm\u00edtav\u011b na zaveden\u00ed n\u011bjak\u00e9 nov\u00e9 dan\u011b, kter\u00e9 by dopadla na fosiln\u00ed korporace, ale jeho p\u0159edseda, V\u00edt Raku\u0161an, na p\u0159edvolebn\u00edch debat\u00e1ch \u0159\u00edk\u00e1&nbsp; \u017ee si mus\u00edme um\u011bt p\u0159iznat, \u017ee i p\u0159\u00edjmov\u00e1 str\u00e1nka rozpo\u010dtu se mus\u00ed \u0159e\u0161it a \u017ee i da\u0148ov\u00e1 progrese mus\u00ed b\u00fdt t\u00e9ma. Podle Raku\u0161ana velk\u00e9 korporace a opravdu bohat\u00ed lid\u00e9 jsou schopni p\u0159istoupit na n\u011bjakou formu vy\u0161\u0161\u00edho korpor\u00e1tn\u00edho zdan\u011bn\u00ed ve chv\u00edli, kdy se jim \u0159ekne, kam ty pen\u00edze p\u016fjdou. Poslankyn\u011b za hnut\u00ed STAN Hana Naiclerov\u00e1 souhlas\u00ed s t\u00edm, \u017ee by m\u011bli platit ti, co \u0161kod\u00ed. Na tomto syst\u00e9mu podle n\u00ed u\u017e i funguj\u00ed emisn\u00ed povolenky, tak\u017ee ti, co nejv\u00edce zne\u010di\u0161\u0165uj\u00ed \u017eivotn\u00ed prost\u0159ed\u00ed, by m\u011bli b\u00fdt t\u00edmto zp\u016fsobem zpoplatn\u011bni. A za tyto pen\u00edze bychom podle n\u00ed m\u011bli budovat pr\u00e1v\u011b v\u011bci, kter\u00e9 zne\u010di\u0161t\u011bn\u00ed omezuj\u00ed. Na ot\u00e1zku, jestli j\u00ed napad\u00e1 n\u011bjak\u00fd konkr\u00e9tn\u00ed finan\u010dn\u00ed mechanismus, kter\u00fd by to \u0159e\u0161il, na p\u0159edvolebn\u00edm m\u00edtinku odpov\u011bd\u011bla, \u017ee o tom debatovali i na poslaneck\u00e9m klubu. Probl\u00e9m povolenek podle n\u00ed spo\u010d\u00edv\u00e1 v tom, \u017ee se s nimi obchoduje, a t\u00edm se zvy\u0161uj\u00ed ceny pro spot\u0159ebitele. Proto by podle n\u00ed d\u00e1valo smysl n\u011bco, co ceny pro spot\u0159ebitele nezvy\u0161uje, nap\u0159\u00edklad uhl\u00edkov\u00e1 da\u0148.&nbsp;<\/p>\n\n<p>Sta\u010dilo stejn\u011b jako Motoristi pat\u0159\u00ed mezi subjekty, od kter\u00fdch jsme se ofici\u00e1ln\u00ed odpov\u011bdi na na\u0161e ot\u00e1zky nedo\u010dkali. Podle kandid\u00e1tky Sta\u010dilo do Poslaneck\u00e9 sn\u011bmovny Jany Turo\u0148ov\u00e9 je v\u0161ak t\u00edm hlavn\u00edm, co je pot\u0159eba ud\u011blat, dostat \u010cEZ pod st\u00e1tn\u00ed kontrolu.&nbsp;&nbsp;&nbsp;<\/p>\n\n<p>Kdy\u017e to shrneme, z vyj\u00e1d\u0159en\u00ed stran, kter\u00e9 na na\u0161e dotazy odpov\u011bd\u011bly, vypl\u00fdv\u00e1, \u017ee po volb\u00e1ch nepl\u00e1nuj\u00ed zav\u00e9st \u017e\u00e1dn\u00e9 nov\u00e9 zdan\u011bn\u00ed fosiln\u00edch spole\u010dnost\u00ed ani pokra\u010dov\u00e1n\u00ed doposud funguj\u00edc\u00ed windfall tax. To ale bude znamenat zna\u010dn\u00fd v\u00fdpadek finan\u010dn\u00edch prost\u0159edk\u016f, kter\u00e9 by mohly b\u00fdt vyu\u017eity na podporu dom\u00e1cnost\u00ed i financov\u00e1n\u00ed klimatick\u00fdch opat\u0159en\u00ed. <a href=\"https:\/\/denikn.cz\/1688481\/regiony-se-na-zmenu-klimatu-nepripravuji-chybi-penize-i-zajem-rika-ministerska-analyza\/\">N\u00e1klady spojen\u00e9 s klimatickou kriz\u00ed, kter\u00e9 jsou u\u017e v t\u00e9to chv\u00edli vysok\u00e9, budou bez \u00fa\u010dinn\u00fdch opat\u0159en\u00ed do budoucna je\u0161t\u011b vy\u0161\u0161\u00ed.<\/a>&nbsp;<\/p>\n\n<p>Politick\u00e9 strany v t\u00e9to chv\u00edli tr\u00e1p\u00ed pouze \u010d\u00e1st cel\u00e9ho probl\u00e9mu. Soust\u0159ed\u00ed se jen na drah\u00e9 energie a paliva a nebezpe\u010d\u00ed zdra\u017eov\u00e1n\u00ed spojen\u00e9ho s emisn\u00edmi povolenkami, respektive zaveden\u00edm syst\u00e9mu ETS 2, kter\u00fd cht\u011bj\u00ed bu\u010f rovnou zru\u0161it nebo alespo\u0148 upravit. Jen\u017ee bez v\u011bt\u0161\u00edho pod\u00edlu fosiln\u00edch spole\u010dnost\u00ed na n\u00e1kladech klimatick\u00e9 zm\u011bny stejn\u011b nakonec celkov\u00fd \u00fa\u010det zaplat\u00ed oby\u010dejn\u00e9 lid\u00e9, a u\u017e je jedno, zda to bude v podob\u011b nejr\u016fzn\u011bj\u0161\u00edch dan\u00ed, zni\u010den\u00e9ho majetku povodn\u011bmi, vysok\u00e9ho poji\u0161t\u011bn\u00ed nemovitost\u00ed \u010di emisn\u00edch povolenek. Greenpeace \u010cR proto vyz\u00fdv\u00e1 politiky a politi\u010dky, aby zajistili, \u017ee tyto n\u00e1klady neponesou pouze ob\u010dan\u00e9 a ob\u010danky.<strong> <\/strong>Co bude opravdu kl\u00ed\u010dov\u00e9 \u0159e\u0161it u emisn\u00edch povolenek pak nen\u00ed jejich zru\u0161en\u00ed ale to, aby jejich dopad na ob\u010dany, p\u0159edev\u0161\u00edm na ty nejchud\u0161\u00ed, byl co nejm\u00edrn\u011bj\u0161\u00ed.&nbsp;&nbsp;<\/p>\n\n<p>A\u0165 u\u017e si ve volb\u00e1ch vybereme kohokoliv, nesm\u00edme po nich polevit. Nov\u00e1 vl\u00e1da mus\u00ed h\u00e1jit skute\u010dn\u00e9 z\u00e1jmy lid\u00ed, nikoli zisky zne\u010di\u0161\u0165ovatel\u016f. Klimatick\u00e1 krize dopad\u00e1 na ka\u017ed\u00e9ho, na na\u0161e zdrav\u00ed, domovy i pen\u011b\u017eenky. N\u00e1klady na jej\u00ed \u0159e\u0161en\u00ed nemohou n\u00e9st jen ob\u010dan\u00e9. Je pot\u0159eba, aby se na nich spravedliv\u011b pod\u00edlely i fosiln\u00ed korporace, kter\u00e9 za ni nesou nejv\u011bt\u0161\u00ed odpov\u011bdnost.<\/p>\n\n<p><\/p>\n","protected":false},"excerpt":{"rendered":"<p>A pro\u010d je d\u016fle\u017eit\u00e9 kl\u00e1st tuto ot\u00e1zku kandid\u00e1t\u016fm a kandid\u00e1tk\u00e1m, kter\u00e9 chceme volit?<\/p>\n","protected":false},"author":77,"featured_media":22817,"comment_status":"closed","ping_status":"closed","sticky":false,"template":"","format":"standard","meta":{"ep_exclude_from_search":false,"p4_og_title":"","p4_og_description":"","p4_og_image":"","p4_og_image_id":"","p4_seo_canonical_url":"","p4_campaign_name":"","p4_local_project":"","p4_basket_name":"","p4_department":"","footnotes":""},"categories":[30],"tags":[20,24,25],"p4-page-type":[16],"class_list":["post-22814","post","type-post","status-publish","format-standard","has-post-thumbnail","hentry","category-greenpeace","tag-zmena-klimatu","tag-aktivni-spolecnost","tag-konec-doby-fosilni","p4-page-type-clanek"],"_links":{"self":[{"href":"https:\/\/www.greenpeace.org\/czech\/wp-json\/wp\/v2\/posts\/22814","targetHints":{"allow":["GET"]}}],"collection":[{"href":"https:\/\/www.greenpeace.org\/czech\/wp-json\/wp\/v2\/posts"}],"about":[{"href":"https:\/\/www.greenpeace.org\/czech\/wp-json\/wp\/v2\/types\/post"}],"author":[{"embeddable":true,"href":"https:\/\/www.greenpeace.org\/czech\/wp-json\/wp\/v2\/users\/77"}],"replies":[{"embeddable":true,"href":"https:\/\/www.greenpeace.org\/czech\/wp-json\/wp\/v2\/comments?post=22814"}],"version-history":[{"count":1,"href":"https:\/\/www.greenpeace.org\/czech\/wp-json\/wp\/v2\/posts\/22814\/revisions"}],"predecessor-version":[{"id":22819,"href":"https:\/\/www.greenpeace.org\/czech\/wp-json\/wp\/v2\/posts\/22814\/revisions\/22819"}],"wp:featuredmedia":[{"embeddable":true,"href":"https:\/\/www.greenpeace.org\/czech\/wp-json\/wp\/v2\/media\/22817"}],"wp:attachment":[{"href":"https:\/\/www.greenpeace.org\/czech\/wp-json\/wp\/v2\/media?parent=22814"}],"wp:term":[{"taxonomy":"category","embeddable":true,"href":"https:\/\/www.greenpeace.org\/czech\/wp-json\/wp\/v2\/categories?post=22814"},{"taxonomy":"post_tag","embeddable":true,"href":"https:\/\/www.greenpeace.org\/czech\/wp-json\/wp\/v2\/tags?post=22814"},{"taxonomy":"p4-page-type","embeddable":true,"href":"https:\/\/www.greenpeace.org\/czech\/wp-json\/wp\/v2\/p4-page-type?post=22814"}],"curies":[{"name":"wp","href":"https:\/\/api.w.org\/{rel}","templated":true}]}}