{"id":22899,"date":"2025-10-09T15:10:25","date_gmt":"2025-10-09T14:10:25","guid":{"rendered":"https:\/\/www.greenpeace.org\/czech\/?p=22899"},"modified":"2025-10-09T15:10:33","modified_gmt":"2025-10-09T14:10:33","slug":"vyzva-ekologickych-organizaci-predsedovi-ano","status":"publish","type":"post","link":"https:\/\/www.greenpeace.org\/czech\/tiskova-zprava\/22899\/vyzva-ekologickych-organizaci-predsedovi-ano\/","title":{"rendered":"V\u00fdzva ekologick\u00fdch organizac\u00ed p\u0159edsedovi ANO"},"content":{"rendered":"\n<p>V\u00e1\u017een\u00fd pane p\u0159edsedo Babi\u0161i,<\/p>\n\n<p>obrac\u00edme se na V\u00e1s v souvislosti s ve\u0159ejn\u011b dostupnou informac\u00ed, \u017ee kandid\u00e1tem na pozici ministra \u017eivotn\u00edho prost\u0159ed\u00ed ve Va\u0161\u00ed vl\u00e1d\u011b by mohl b\u00fdt p\u0159edstavitel strany <em>Motorist\u00e9 sob\u011b<\/em>.<\/p>\n\n<p>R\u00e1di bychom V\u00e1s upozornili, \u017ee postoje t\u00e9to strany v oblasti \u017eivotn\u00edho prost\u0159ed\u00ed jsou v rozporu s programem hnut\u00ed ANO i z\u00e1jmy \u010cesk\u00e9 republiky:<\/p>\n\n<p>\u00b7 &nbsp; &nbsp; &nbsp; Motorist\u00e9 sob\u011b cht\u011bj\u00ed opustit princip tzv. bezz\u00e1sahovosti, na kter\u00e9m b\u00fdval\u00fd ministr \u017eivotn\u00edho prost\u0159ed\u00ed za ANO Richard Brabec postavil novelu z\u00e1kona o ochran\u011b p\u0159\u00edrody a&nbsp; je\u017e v roce 2017 zachr\u00e1nila nejcenn\u011bj\u0161\u00ed \u010d\u00e1sti \u010desk\u00fdch n\u00e1rodn\u00edch park\u016f.<\/p>\n\n<p>\u00b7 &nbsp; &nbsp; &nbsp; Program ANO slibuje vytvo\u0159it podm\u00ednky pro rozvoj sol\u00e1rn\u00edch, v\u011btrn\u00fdch nebo vodn\u00edch elektr\u00e1ren jako d\u016fle\u017eit\u00e9 sou\u010d\u00e1sti n\u00edzkoemisn\u00edho energetick\u00e9ho mixu, zat\u00edmco Motorist\u00e9 pl\u00e1nuj\u00ed obnoviteln\u00fdm zdroj\u016fm ukon\u010dit podporu.<\/p>\n\n<p>\u00b7 &nbsp; &nbsp; &nbsp; ANO chce pokra\u010dovat v \u00fasp\u011b\u0161n\u00fdch programech Nov\u00e1 zelen\u00e1 \u00faspor\u00e1m a kotl\u00edkov\u00fdch dotac\u00ed, kter\u00e9 pom\u00e1haj\u00ed dom\u00e1cnostem sni\u017eovat n\u00e1klady na energie a zlep\u0161ovat kvalitu ovzdu\u0161\u00ed, zat\u00edmco Motorist\u00e9 prosazuj\u00ed jejich zru\u0161en\u00ed.<\/p>\n\n<p>\u00b7 &nbsp; &nbsp; &nbsp; Motorist\u00e9 po\u017eaduj\u00ed vyu\u017e\u00edv\u00e1n\u00ed uhl\u00ed v energetice a\u017e do doby jeho p\u0159\u00edm\u00e9ho nahrazen\u00ed jadernou energetikou, bez vyu\u017e\u00edv\u00e1n\u00ed obnoviteln\u00fdch zdroj\u016f. To je nejen v rozporu s programem ANO, ale jedn\u00e1 se o zcela nere\u00e1ln\u00fd pl\u00e1n, nav\u00edc udr\u017eov\u00e1n\u00ed uheln\u00fdch elektr\u00e1ren by zdra\u017eilo elekt\u0159inu v\u0161em spot\u0159ebitel\u016fm.<\/p>\n\n<p>Z pr\u016fzkum\u016f vypl\u00fdv\u00e1, \u017ee velk\u00e1 v\u011bt\u0161ina ob\u010dan\u016f si p\u0159eje zdrav\u00e9 prost\u0159ed\u00ed, pestrou krajinu, slu\u0161n\u00e9 zach\u00e1zen\u00ed se zv\u00ed\u0159aty a rozvoj modern\u00ed dom\u00e1c\u00ed energetiky \u2013 tedy c\u00edle, kter\u00e9 odr\u00e1\u017e\u00ed program hnut\u00ed ANO i konkr\u00e9tn\u00ed z\u00e1vazky \u010cesk\u00e9 republiky. Veden\u00ed resortu \u017eivotn\u00edho prost\u0159ed\u00ed by proto m\u011blo b\u00fdt sv\u011b\u0159eno \u010dlov\u011bku, kter\u00fd:<\/p>\n\n<ul class=\"wp-block-list\">\n<li>rozum\u00ed t\u011bmto z\u00e1vazk\u016fm i jejich ekonomick\u00fdm souvislostem,<\/li>\n\n\n\n<li>dok\u00e1\u017ee propojit ochranu prost\u0159ed\u00ed s rozvojem modern\u00edho pr\u016fmyslu, energetiky a zem\u011bd\u011blstv\u00ed,<\/li>\n\n\n\n<li>op\u00edr\u00e1 se o v\u011bdeck\u00e9 poznatky a dialog s odborn\u00edky,\u00a0\u00a0<\/li>\n\n\n\n<li>um\u00ed komunikovat nap\u0159\u00ed\u010d sektory a hledat praktick\u00e1 \u0159e\u0161en\u00ed v z\u00e1jmu dlouhodob\u00e9 prosperity zem\u011b.<\/li>\n<\/ul>\n\n<p>V\u011b\u0159\u00edme, \u017ee i pro V\u00e1s je d\u016fle\u017eit\u00e9, aby \u010cesk\u00e1 republika byla modern\u00ed, prosperuj\u00edc\u00ed a zdrav\u00e1 zem\u011b, a \u017ee post ministra \u017eivotn\u00edho prost\u0159ed\u00ed sv\u011b\u0159\u00edte kandid\u00e1tovi, kter\u00fd tuto vizi bude kompetentn\u011b napl\u0148ovat.<\/p>\n\n<p><strong>Tento dopis v\u00fdslovn\u011b podporuj\u00ed:<\/strong><\/p>\n\n<ul class=\"wp-block-list\">\n<li>Arnika\u00a0\u00a0\u00a0\u00a0\u00a0\u00a0\u00a0\u00a0\u00a0\u00a0\u00a0\u00a0\u00a0\u00a0\u00a0\u00a0\u00a0\u00a0\u00a0\u00a0\u00a0\u00a0\u00a0\u00a0\u00a0\u00a0\u00a0\u00a0\u00a0\u00a0\u00a0\u00a0\u00a0\u00a0\u00a0\u00a0\u00a0\u00a0\u00a0\u00a0\u00a0\u00a0\u00a0\u00a0\u00a0\u00a0\u00a0\u00a0\u00a0\u00a0\u00a0\u00a0\u00a0\u00a0\u00a0\u00a0\u00a0\u00a0\u00a0\u00a0\u00a0\u00a0\u00a0\u00a0\u00a0\u00a0\u00a0\u00a0\u00a0\u00a0\u00a0\u00a0\u00a0\u00a0\u00a0\u00a0\u00a0\u00a0\u00a0\u00a0\u00a0\u00a0\u00a0\u00a0\u00a0\u00a0\u00a0\u00a0\u00a0\u00a0\u00a0\u00a0\u00a0\u00a0\u00a0\u00a0\u00a0\u00a0\u00a0\u00a0<\/li>\n\n\n\n<li>Beleco, z.s.<\/li>\n\n\n\n<li>Calla \u2013 Sdru\u017een\u00ed pro z\u00e1chranu prost\u0159ed\u00ed, z.s.<\/li>\n\n\n\n<li>Centrum pro dopravu a\u00a0energetiku, z.s.<\/li>\n\n\n\n<li>\u010cesk\u00e1 spole\u010dnost ornitologick\u00e1<\/li>\n\n\n\n<li>\u010cist\u00e9 nebe o.p.s.<\/li>\n\n\n\n<li>\u010clov\u011bk v\u00a0t\u00edsni<\/li>\n\n\n\n<li>D\u011bti Zem\u011b<\/li>\n\n\n\n<li>Greenpeace \u010cR<\/li>\n\n\n\n<li>Hnut\u00ed Brontosaurus<\/li>\n\n\n\n<li>Hnut\u00ed DUHA<\/li>\n\n\n\n<li>Klimatick\u00e1 koalice<\/li>\n\n\n\n<li>Limity jsme my<\/li>\n\n\n\n<li>Na mysli<\/li>\n\n\n\n<li>Nadace na ochranu zv\u00ed\u0159at<\/li>\n\n\n\n<li>NESEHNUT\u00cd<\/li>\n\n\n\n<li>OBRAZ<\/li>\n\n\n\n<li>P\u011b\u0161ky m\u011bstem, z. s.<\/li>\n\n\n\n<li>S\u00ed\u0165 st\u0159edisek ekologick\u00e9 v\u00fdchovy Pavu\u010dina<\/li>\n\n\n\n<li>Spole\u010dnost pro trvale udr\u017eiteln\u00fd \u017eivot \u2013 STU\u017d<\/li>\n\n\n\n<li>Spole\u010dnost pro zv\u00ed\u0159ata<\/li>\n\n\n\n<li>St\u0159edisko ekologick\u00e9 v\u00fdchovy SEVER<\/li>\n\n\n\n<li>Svoboda zv\u00ed\u0159at<\/li>\n\n\n\n<li>Zelen\u00fd kruh<\/li>\n<\/ul>\n\n<p><\/p>\n","protected":false},"excerpt":{"rendered":"<p>V\u00e1\u017een\u00fd pane p\u0159edsedo Babi\u0161i,<\/p>\n","protected":false},"author":95,"featured_media":22852,"comment_status":"closed","ping_status":"closed","sticky":false,"template":"","format":"standard","meta":{"ep_exclude_from_search":false,"p4_og_title":"","p4_og_description":"","p4_og_image":"","p4_og_image_id":"","p4_seo_canonical_url":"","p4_campaign_name":"","p4_local_project":"","p4_basket_name":"","p4_department":"","footnotes":""},"categories":[1],"tags":[20,19,17,24],"p4-page-type":[14],"class_list":["post-22899","post","type-post","status-publish","format-standard","has-post-thumbnail","hentry","category-nezarazeno","tag-zmena-klimatu","tag-ovzdusi","tag-lesy-pralesy","tag-aktivni-spolecnost","p4-page-type-tiskova-zprava"],"_links":{"self":[{"href":"https:\/\/www.greenpeace.org\/czech\/wp-json\/wp\/v2\/posts\/22899","targetHints":{"allow":["GET"]}}],"collection":[{"href":"https:\/\/www.greenpeace.org\/czech\/wp-json\/wp\/v2\/posts"}],"about":[{"href":"https:\/\/www.greenpeace.org\/czech\/wp-json\/wp\/v2\/types\/post"}],"author":[{"embeddable":true,"href":"https:\/\/www.greenpeace.org\/czech\/wp-json\/wp\/v2\/users\/95"}],"replies":[{"embeddable":true,"href":"https:\/\/www.greenpeace.org\/czech\/wp-json\/wp\/v2\/comments?post=22899"}],"version-history":[{"count":1,"href":"https:\/\/www.greenpeace.org\/czech\/wp-json\/wp\/v2\/posts\/22899\/revisions"}],"predecessor-version":[{"id":22907,"href":"https:\/\/www.greenpeace.org\/czech\/wp-json\/wp\/v2\/posts\/22899\/revisions\/22907"}],"wp:featuredmedia":[{"embeddable":true,"href":"https:\/\/www.greenpeace.org\/czech\/wp-json\/wp\/v2\/media\/22852"}],"wp:attachment":[{"href":"https:\/\/www.greenpeace.org\/czech\/wp-json\/wp\/v2\/media?parent=22899"}],"wp:term":[{"taxonomy":"category","embeddable":true,"href":"https:\/\/www.greenpeace.org\/czech\/wp-json\/wp\/v2\/categories?post=22899"},{"taxonomy":"post_tag","embeddable":true,"href":"https:\/\/www.greenpeace.org\/czech\/wp-json\/wp\/v2\/tags?post=22899"},{"taxonomy":"p4-page-type","embeddable":true,"href":"https:\/\/www.greenpeace.org\/czech\/wp-json\/wp\/v2\/p4-page-type?post=22899"}],"curies":[{"name":"wp","href":"https:\/\/api.w.org\/{rel}","templated":true}]}}