{"id":22998,"date":"2025-10-15T12:00:00","date_gmt":"2025-10-15T11:00:00","guid":{"rendered":"https:\/\/www.greenpeace.org\/czech\/?p=22998"},"modified":"2025-11-11T15:42:39","modified_gmt":"2025-11-11T14:42:39","slug":"zajmy-motoristu-jsou-v-primem-rozporu-se-zajmy-prirody","status":"publish","type":"post","link":"https:\/\/www.greenpeace.org\/czech\/tiskova-zprava\/22998\/zajmy-motoristu-jsou-v-primem-rozporu-se-zajmy-prirody\/","title":{"rendered":"Z\u00e1jmy Motorist\u016f jsou v p\u0159\u00edm\u00e9m rozporu se z\u00e1jmy p\u0159\u00edrody"},"content":{"rendered":"\n<p>V t\u011bchto dnech Andrej Babi\u0161, pravd\u011bpodobn\u00fd budouc\u00ed premi\u00e9r, rozhoduje o rozd\u011blen\u00ed ministerstev ve sv\u00e9 nov\u00e9 vl\u00e1d\u011b. <a href=\"https:\/\/ct24.ceskatelevize.cz\/clanek\/domaci\/babis-necekejte-ze-v-patek-oznamim-vladu-365929?utm\">Podle posledn\u00edch informac\u00ed m\u00e1 Ministerstvo \u017eivotn\u00edho prost\u0159ed\u00ed p\u0159ipadnout Motorist\u016fm<\/a>, p\u0159i\u010dem\u017e hlavn\u00edm kandid\u00e1tem na jeho veden\u00ed je p\u0159edseda hnut\u00ed Petr Macinka. Objevuj\u00ed se v\u0161ak <a href=\"https:\/\/www.seznamzpravy.cz\/clanek\/volby-do-poslanecke-snemovny-slibuji-zelenou-krev-motoriste-dostali-milionovy-dar-od-odpurcu-chko-288788?utm\">dal\u0161\u00ed d\u016fkazy, \u017ee z\u00e1jmy Motorist\u016f jsou v p\u0159\u00edm\u00e9m rozporu s ochranou p\u0159\u00edrody<\/a>, kterou m\u00e1 tento resort h\u00e1jit.\u00a0<\/p>\n\n<p>P\u0159edseda Motorist\u016f Petr Macinka prohla\u0161uje, \u017ee <a href=\"https:\/\/motoristesobe.cz\/mf-dnes-predseda-a-krajsky-lidr-motoristu-sobe-petr-macinka-chce-vyresit-drahe-bydleni-radary-merici-rychlost-i-chko-soutok-7094?utm\">chce zru\u0161it nov\u011b z\u0159\u00edzenou chr\u00e1n\u011bnou krajinnou oblast Soutok na jihu Moravy<\/a>. Ofici\u00e1ln\u011b to sice Macinka neuv\u00e1d\u00ed jako d\u016fvod, je ale p\u0159inejmen\u0161\u00edm podez\u0159el\u00e9, \u017ee <a href=\"https:\/\/denikn.cz\/1866370\/chko-komplikuje-zivot-sponzorovi-motoristu-chci-to-zrusit-avizuje-macinka\/?fbclid=IwdGRjcANaNktleHRuA2FlbQIxMQABHiEYEVypa3MZLJ9Zh4BR5THcghXfAEtUfDg7dKmwkg2DSWKRVhTYjwjgm-8Q_aem_XvuJ-8tt6XZym6pmRdKlgQ\">proti ochran\u011b \u00fazem\u00ed dlouhodob\u011b vystupuje i podnikatel a sponzor Motorist\u016f Franti\u0161ek Fabi\u010dovic. Ochrana t\u00e9to oblasti mu \u00fadajn\u011b komplikuje hospoda\u0159en\u00ed.&nbsp;<\/a><\/p>\n\n<p><strong>Marek Pytl\u00edk, vedouc\u00ed biodiverzitn\u00ed kampan\u011b Greenpeace \u010cR, \u0159\u00edk\u00e1:<\/strong> <em>\u201eCHKO Soutok je v r\u00e1mci \u010cesk\u00e9 republiky zoologicky mimo\u0159\u00e1dn\u011b hodnotnou lokalitou s v\u00fdskytem kriticky a siln\u011b ohro\u017een\u00e9 fauny mezi jej\u00ed\u017e z\u00e1stupce pat\u0159\u00ed mimo jin\u00e9 Orel kr\u00e1lovsk\u00fd, \u010colek dunajsk\u00fd, U\u017eovka stromov\u00e1, Krasec dubov\u00fd, Ko\u017eojed moravsk\u00fd a Kl\u00ednatka rohat\u00e1. Tato oblast pat\u0159\u00ed mezi m\u00edsta s nejvy\u0161\u0161\u00ed biodiverzitou v \u010cesk\u00e9 republice a sou\u010dasn\u011b jde o nejv\u011bt\u0161\u00ed komplex lu\u017en\u00edch les\u016f ve st\u0159edn\u00ed Evrop\u011b. D\u00edky sou\u010dasn\u00e9 \u00farovni ochrany je mo\u017en\u00e9 napravit \u0161kody na krajin\u011b z minulosti a p\u0159isp\u011bt k v\u011bt\u0161\u00ed stabilit\u011b ekosyst\u00e9mu, co\u017e se pozitivn\u011b projev\u00ed na cel\u00e9 faun\u011b i fl\u00f3\u0159e.\u201c<\/em><\/p>\n\n<p><a href=\"https:\/\/www.zakonyprolidi.cz\/cs\/2005-132\">O plo\u0161n\u011bj\u0161\u00ed ochran\u011b tohoto \u00fazem\u00ed se intenzivn\u011b jednalo posledn\u00edch dvacet let,<\/a> p\u0159i\u010dem\u017e konkr\u00e9tn\u00ed n\u00e1vrhy byly p\u0159edkl\u00e1d\u00e1ny ji\u017e v 90. letech a ty \u00fapln\u011b p\u016fvodn\u00ed sahaj\u00ed do doby po druh\u00e9 sv\u011btov\u00e9 v\u00e1lce. Zru\u0161en\u00ed CHKO Soutok by znamenalo zma\u0159en\u00ed mnohalet\u00e9ho \u00fasil\u00ed expert\u016f i m\u00edstn\u00edch spolk\u016f a de facto o<a href=\"https:\/\/soutok.aopk.gov.cz\/-\/chko-soutok-klicove-je-vratit-krajine-vodu\">pu\u0161t\u011bn\u00ed z\u00e1vazku \u010delit akutn\u00ed hrozb\u011b kolapsu unik\u00e1tn\u00edch lu\u017en\u00edch ekosyst\u00e9m\u016f, ohro\u017een\u00fdch chronick\u00fdm suchem a nevhodn\u00fdm hospoda\u0159en\u00edm.<\/a> Zastaven\u00ed <a href=\"https:\/\/soutok.aopk.gov.cz\/documents\/10036280\/11275489\/A_CHKO+Soutok+Vodohospod%C3%A1%C5%99sk%C3%A1+studie.pdf\/8860eb2b-9294-fb06-9e3e-ced1b5376ad6?t=1750840974073\">prac\u00ed na obnov\u011b vodn\u00edho re\u017eimu a zavod\u0148ovac\u00edch projektech<\/a> by vedlo k poklesu hladiny spodn\u00ed vody v cel\u00e9 niv\u011b a z dlouhodob\u011bj\u0161\u00edho horizontu i ke zhor\u0161en\u00ed mikroklimatu.<\/p>\n\n<p>Petr Macinka, kter\u00fd m\u00e1 podle n\u00e1vrhu v\u00e9st resort odpov\u011bdn\u00fd za ochranu p\u0159\u00edrody, ozna\u010dil <a href=\"https:\/\/motoristesobe.cz\/mf-dnes-predseda-a-krajsky-lidr-motoristu-sobe-petr-macinka-chce-vyresit-drahe-bydleni-radary-merici-rychlost-i-chko-soutok-7094?utm\">CHKO Soutok za \u201ep\u0159\u00edklad zelen\u00e9ho extremismu\u201c.<\/a> V minulosti uvedl, \u017ee <a href=\"https:\/\/brnenska.drbna.cz\/zpravy\/politika\/34636-macinka-broji-proti-chko-soutok-milionovy-sponzor-motoristu-ma-v-oblasti-pozemky.html?utm_source=chatgpt.com\">proti jej\u00edmu vzniku bude bojovat.<\/a> Takov\u00fd postoj od \u010dlov\u011bka, kter\u00fd m\u00e1 st\u00e1t v \u010dele ministerstva \u017eivotn\u00edho prost\u0159ed\u00ed, je alarmuj\u00edc\u00ed. Pokud se opravdu ujme funkce, vyvst\u00e1v\u00e1 ot\u00e1zka, zda bude chr\u00e1nit ve\u0159ejn\u00fd z\u00e1jem a p\u0159\u00edrodu, nebo podnikatele, kte\u0159\u00ed jeho hnut\u00ed financuj\u00ed. Jeho v\u00fdroky nav\u00edc ukazuj\u00ed nepochopen\u00ed samotn\u00e9ho smyslu ministerstva, kter\u00e9 m\u00e1 p\u0159\u00edrodu br\u00e1nit p\u0159ed tlakem byznysu, ne ho naopak zastupovat.<\/p>\n\n<p>Pokud by resort skute\u010dn\u011b vedl, lze o\u010dek\u00e1vat rozhodnut\u00ed, kter\u00e1 by oslabila ochranu p\u0159\u00edrody a spole\u010dn\u00e9ho z\u00e1jmu ob\u010dan\u016f a pos\u00edlila vliv t\u011bch, kdo t\u011b\u017e\u00ed z jej\u00edho zneu\u017e\u00edv\u00e1n\u00ed.<\/p>\n","protected":false},"excerpt":{"rendered":"<p>V t\u011bchto dnech Andrej Babi\u0161, pravd\u011bpodobn\u00fd budouc\u00ed premi\u00e9r, rozhoduje o rozd\u011blen\u00ed ministerstev ve sv\u00e9 nov\u00e9 vl\u00e1d\u011b. Podle posledn\u00edch informac\u00ed m\u00e1 Ministerstvo \u017eivotn\u00edho prost\u0159ed\u00ed p\u0159ipadnout Motorist\u016fm, p\u0159i\u010dem\u017e\u2026<\/p>\n","protected":false},"author":95,"featured_media":22999,"comment_status":"closed","ping_status":"closed","sticky":false,"template":"","format":"standard","meta":{"ep_exclude_from_search":false,"p4_og_title":"","p4_og_description":"","p4_og_image":"","p4_og_image_id":"","p4_seo_canonical_url":"","p4_campaign_name":"","p4_local_project":"","p4_basket_name":"","p4_department":"","footnotes":""},"categories":[1],"tags":[17,20],"p4-page-type":[14],"class_list":["post-22998","post","type-post","status-publish","format-standard","has-post-thumbnail","hentry","category-nezarazeno","tag-lesy-pralesy","tag-zmena-klimatu","p4-page-type-tiskova-zprava"],"_links":{"self":[{"href":"https:\/\/www.greenpeace.org\/czech\/wp-json\/wp\/v2\/posts\/22998","targetHints":{"allow":["GET"]}}],"collection":[{"href":"https:\/\/www.greenpeace.org\/czech\/wp-json\/wp\/v2\/posts"}],"about":[{"href":"https:\/\/www.greenpeace.org\/czech\/wp-json\/wp\/v2\/types\/post"}],"author":[{"embeddable":true,"href":"https:\/\/www.greenpeace.org\/czech\/wp-json\/wp\/v2\/users\/95"}],"replies":[{"embeddable":true,"href":"https:\/\/www.greenpeace.org\/czech\/wp-json\/wp\/v2\/comments?post=22998"}],"version-history":[{"count":2,"href":"https:\/\/www.greenpeace.org\/czech\/wp-json\/wp\/v2\/posts\/22998\/revisions"}],"predecessor-version":[{"id":23091,"href":"https:\/\/www.greenpeace.org\/czech\/wp-json\/wp\/v2\/posts\/22998\/revisions\/23091"}],"wp:featuredmedia":[{"embeddable":true,"href":"https:\/\/www.greenpeace.org\/czech\/wp-json\/wp\/v2\/media\/22999"}],"wp:attachment":[{"href":"https:\/\/www.greenpeace.org\/czech\/wp-json\/wp\/v2\/media?parent=22998"}],"wp:term":[{"taxonomy":"category","embeddable":true,"href":"https:\/\/www.greenpeace.org\/czech\/wp-json\/wp\/v2\/categories?post=22998"},{"taxonomy":"post_tag","embeddable":true,"href":"https:\/\/www.greenpeace.org\/czech\/wp-json\/wp\/v2\/tags?post=22998"},{"taxonomy":"p4-page-type","embeddable":true,"href":"https:\/\/www.greenpeace.org\/czech\/wp-json\/wp\/v2\/p4-page-type?post=22998"}],"curies":[{"name":"wp","href":"https:\/\/api.w.org\/{rel}","templated":true}]}}