{"id":23013,"date":"2025-10-19T12:48:15","date_gmt":"2025-10-19T11:48:15","guid":{"rendered":"https:\/\/www.greenpeace.org\/czech\/?p=23013"},"modified":"2025-11-11T15:40:53","modified_gmt":"2025-11-11T14:40:53","slug":"tisice-lidi-se-postavily-za-zachranu-ministerstva-zivotniho-prostredi-prezidenta-vyzvali-k-odmitnuti-kandidatu-motoristu","status":"publish","type":"post","link":"https:\/\/www.greenpeace.org\/czech\/tiskova-zprava\/23013\/tisice-lidi-se-postavily-za-zachranu-ministerstva-zivotniho-prostredi-prezidenta-vyzvali-k-odmitnuti-kandidatu-motoristu\/","title":{"rendered":"Tis\u00edce lid\u00ed se postavily za z\u00e1chranu Ministerstva \u017eivotn\u00edho prost\u0159ed\u00ed. Prezidenta vyzvali k odm\u00edtnut\u00ed kandid\u00e1t\u016f Motorist\u016f"},"content":{"rendered":"\n<figure class=\"wp-block-image size-large\"><img loading=\"lazy\" decoding=\"async\" width=\"1024\" height=\"552\" src=\"https:\/\/www.greenpeace.org\/static\/planet4-czech-republic-stateless\/2025\/10\/df4b90cd-demo_19.10.-47-1024x552.jpg\" alt=\"\" class=\"wp-image-23016\" srcset=\"https:\/\/www.greenpeace.org\/static\/planet4-czech-republic-stateless\/2025\/10\/df4b90cd-demo_19.10.-47-1024x552.jpg 1024w, https:\/\/www.greenpeace.org\/static\/planet4-czech-republic-stateless\/2025\/10\/df4b90cd-demo_19.10.-47-300x162.jpg 300w, https:\/\/www.greenpeace.org\/static\/planet4-czech-republic-stateless\/2025\/10\/df4b90cd-demo_19.10.-47-768x414.jpg 768w, https:\/\/www.greenpeace.org\/static\/planet4-czech-republic-stateless\/2025\/10\/df4b90cd-demo_19.10.-47-1536x828.jpg 1536w, https:\/\/www.greenpeace.org\/static\/planet4-czech-republic-stateless\/2025\/10\/df4b90cd-demo_19.10.-47-2048x1104.jpg 2048w, https:\/\/www.greenpeace.org\/static\/planet4-czech-republic-stateless\/2025\/10\/df4b90cd-demo_19.10.-47-510x275.jpg 510w\" sizes=\"auto, (max-width: 1024px) 100vw, 1024px\" \/><\/figure>\n\n<p>P\u011bt tis\u00edc lid\u00ed v ned\u011bli zaplnilo Hrad\u010dansk\u00e9 n\u00e1m\u011bst\u00ed, aby br\u00e1nilo Ministerstvo \u017eivotn\u00edho prost\u0159ed\u00ed p\u0159ed pop\u00edra\u010di klimatick\u00e9 krize a v\u011bdeck\u00fdch fakt\u016f. Protest, kter\u00fd po\u0159\u00e1daly ekologick\u00e9 a ob\u010dansk\u00e9 iniciativy, upozornil na v\u00e1\u017en\u00e9 ohro\u017een\u00ed nez\u00e1vislosti a odbornosti Ministerstva \u017eivotn\u00edho prost\u0159ed\u00ed, pokud jeho veden\u00ed skute\u010dn\u011b p\u0159ipadne z\u00e1stupci strany <strong>Motorist\u00e9<\/strong> <strong>sob\u011b. <\/strong>Tato strana se netaj\u00ed t\u00edm, \u017ee chce ministerstvo a ochranu \u017eivotn\u00edho prost\u0159ed\u00ed oslabit a odstranit z cesty byznysov\u00fdm z\u00e1jm\u016fm.\u00a0<\/p>\n\n<p>Krom\u011b z\u00e1stupc\u016f organiz\u00e1tor\u016f vystoupily tak\u00e9 nap\u0159\u00edklad zakladatelka hnut\u00ed Pra\u017esk\u00e9 matky Anna Hrad\u00edlkov\u00e1, Lucia Szabov\u00e1 ze slovensk\u00e9 Klimatick\u00e9 koalice \u010di greenfluencerka Roz\u00e1rie Ha\u0161kovcov\u00e1. V\u0161ichni spole\u010dn\u011b upozornili, \u017ee <strong>kandid\u00e1ti strany Motorist\u00e9 sob\u011b nemaj\u00ed zp\u016fsobilost<\/strong> \u0159\u00eddit ministerstvo, jeho\u017e hlavn\u00edm \u00fa\u010delem je ochrana \u017eivotn\u00edho prost\u0159ed\u00ed, klimatu a zdrav\u00ed lid\u00ed. Motorist\u00e9 sob\u011b nenab\u00eddli \u017e\u00e1dn\u00e9ho kandid\u00e1ta s odbornou kvalifikac\u00ed pot\u0159ebn\u00fdmi k \u0159\u00edzen\u00ed tohoto kl\u00ed\u010dov\u00e9ho \u00fa\u0159adu. Nav\u00edc p\u0159edn\u00ed z\u00e1stupci Motorist\u016f dlouhodob\u011b pop\u00edraj\u00ed v\u011bdeck\u00e1 fakta o klimatu a z\u00e1rove\u0148 p\u0159\u00edmo zastupuj\u00ed z\u00e1jmy zne\u010di\u0161\u0165ovatel\u016f. To je v naprost\u00e9m rozporu s posl\u00e1n\u00edm ministerstva.<\/p>\n\n<p>\u201e<em>Kandid\u00e1t Motorist\u016f na post ministra <\/em><strong><em>Petr Macinka<\/em><\/strong><em> je doslova sluhou oligarch\u016f. Nap\u0159\u00edklad dlouhodob\u011b p\u016fsobil v <\/em><strong><em>Institutu V\u00e1clava Klause<\/em><\/strong><em> \u2013 think-tanku zn\u00e1m\u00e9m sv\u00fdm odm\u00edt\u00e1n\u00edm v\u011bdeck\u00e9ho konsenzu o klimatick\u00e9 krizi. Institut sponzoruje<\/em><strong><em> Pavel Tyka\u010d<\/em><\/strong><em>, majitel uheln\u00e9 korporace Sev.en. V p\u0159\u00edm\u00e9m p\u0159enosu sledujeme, jak se tuzemsk\u00e1 oligarchie sna\u017e\u00ed ovl\u00e1dnout kl\u00ed\u010dov\u00e9 slo\u017eky st\u00e1tu za \u00fa\u010delem maximalizace sv\u00e9ho zisku. Motorist\u00e9 jsou jen nejviditeln\u011bj\u0161\u00ed \u0161pi\u010dkou ledovce v procesu oligarchizace, kter\u00fd v \u010cesk\u00e9 republice prob\u00edh\u00e1 dlouhodob\u011b. P\u0159i\u0161el \u010das sluhy oligarch\u016f ve ve\u0159ejn\u00fdch funkc\u00edch odm\u00edtat,<\/em>\u201d <strong>\u0159ekl Radek Kubala, v\u00fdzkumn\u00edk z organizace Re-set: platforma pro soci\u00e1ln\u011b ekologickou transformaci.<\/strong><\/p>\n\n<p>Organiz\u00e1to\u0159i d\u00e1le upozor\u0148uj\u00ed, \u017ee Macinka je nav\u00edc v n\u011bkolika <strong>st\u0159etech z\u00e1jm\u016f.&nbsp; <\/strong><strong>\u201e<\/strong><em>Motorist\u00e9 slibuj\u00ed zru\u0161en\u00ed CHKO Soutok, kter\u00e1 na B\u0159eclavsku chr\u00e1n\u00ed p\u0159\u00edrodu t\u0159eba i p\u0159ed podnikatelsk\u00fdmi z\u00e1jmy Franti\u0161ka Fabi\u010dovice. Ten je z\u00e1rove\u0148 jedn\u00edm z jejich nejv\u011bt\u0161\u00edch sponzor\u016f. Nen\u00ed mo\u017en\u00e9, aby na ministerstvu \u017eivotn\u00edho prost\u0159ed\u00ed sed\u011bl \u010dlov\u011bk, kter\u00fd chce rozprodat sv\u011bt okolo n\u00e1s kmotr\u016fm, kte\u0159\u00ed mu zaplatili kampa\u0148.\u201d<\/em><strong> \u0159ekl Jan Voves z Greenpeace \u010cesk\u00e1 republika.&nbsp;&nbsp;<\/strong><\/p>\n\n<p>Tyka\u010d\u016fv Se.ven zase navrhuje Ministerstvu \u017eivotn\u00edho prost\u0159ed\u00ed <strong>sn\u00ed\u017eit od\u0161kodn\u00e9 pro obce, posti\u017een\u00e9 t\u011b\u017ebou uhl\u00ed, <\/strong>z pen\u011bz, kter\u00e9 u\u0161et\u0159\u00ed na rekultivac\u00edch dolu \u010cSA. \u00da\u010dastn\u00edci demonstrace vyzvali prezidenta <strong>Petra Pavla<\/strong>, aby v p\u0159\u00edpad\u011b, \u017ee by mu byl p\u0159edlo\u017een n\u00e1vrh na jmenov\u00e1n\u00ed jak\u00e9hokoli kandid\u00e1ta hnut\u00ed Motorist\u00e9 sob\u011b \u010di jin\u00e9ho \u010dlov\u011bka, jeho\u017e c\u00edlem by bylo ochranu \u017eivotn\u00edho prost\u0159ed\u00ed paralyzovat, <strong>takov\u00e9ho kandid\u00e1ta odm\u00edtl<\/strong>. Sou\u010dasn\u011b vyzvali tak\u00e9 p\u0159edsedu ANO <strong>Andreje Babi\u0161e<\/strong>, kter\u00fd nyn\u00ed sestavuje vl\u00e1du, aby nenavrhoval nikoho, kdo by ve funkci ministra \u017eivotn\u00edho prost\u0159ed\u00ed \u0161kodil ochran\u011b p\u0159\u00edrody. Op\u00edraj\u00ed se o rozhodnut\u00ed slovensk\u00e9 prezidentky Zuzany \u010caputov\u00e9 z roku 2023, kter\u00e1 rovn\u011b\u017e odm\u00edtla jmenovat kandid\u00e1ta SNS Rudolfa Huliaka, kter\u00fd je pop\u00edra\u010dem v\u011bdeck\u00fdch fakt\u016f o klimatu.<\/p>\n\n<p><em>\u201eDokud bude klimatick\u00e1 politika nastavov\u00e1na nespravedliv\u011b, nebude ani \u00fasp\u011b\u0161n\u00e1 a ve\u0159ejn\u011b p\u0159ij\u00edman\u00e1. Lid\u00e9 vol\u00ed strany jako jsou Motorist\u00e9, proto\u017ee maj\u00ed strach. Strach, jestli budou m\u00edt \u010d\u00edm se dostat do pr\u00e1ce, strach, jestli budou m\u00edt na energie. Pokud chceme proti lidem jako je Macinka \u00fa\u010dinn\u011b bojovat, pot\u0159ebujeme takovou zelenou politiku, kter\u00e1 zastav\u00ed rostouc\u00edch moc oligarch\u016f, a kter\u00e1 spravedliv\u011b zdan\u00ed bohat\u00e9 a ty, kte\u0159\u00ed na prohlubov\u00e1n\u00ed klimatick\u00e9 krize profituj\u00ed\u201d,<\/em> <strong>\u0159ekla Eli\u0161ka Ondr\u00e1\u010dkov\u00e1 z hnut\u00ed Fridays for Future.<\/strong><\/p>\n\n<p><em>\u201eMotorist\u00e9 v \u010dele resortu \u017eivotn\u00edho prost\u0159ed\u00ed p\u0159edstavuj\u00ed hrozbu i pro&nbsp; zv\u00ed\u0159ata.&nbsp; Ve sv\u00e9m programu toti\u017e prosazuj\u00ed opu\u0161t\u011bn\u00ed tzv. <\/em><strong><em>principu bezz\u00e1sahovosti.<\/em><\/strong><em> To v praxi znamen\u00e1, \u017ee dojde ke skute\u010dn\u011b v\u00fdrazn\u00e9mu oslaben\u00ed ochrany n\u00e1rodn\u00edch park\u016f a divo\u010diny a tato \u00fazem\u00ed se z\u00e1hy prom\u011bn\u00ed v oblasti v\u00fdstavby. P\u0159itom tato m\u00edsta jsou domovem t\u011bch nejohro\u017een\u011bj\u0161\u00edch a nejzraniteln\u011bj\u0161\u00edch \u017eivo\u010dich\u016f u n\u00e1s. Z\u00e1sahy do p\u0159\u00edrody mohou v\u00e9st k t\u00e9m\u011b\u0159 \u00fapln\u00e9mu vyhynut\u00ed tet\u0159eva hlu\u0161ce, destrukci populace je\u0159\u00e1bka lesn\u00edho, nemo\u017enosti dlouhodob\u00e9ho p\u0159e\u017eit\u00ed rysa ostrovida a \u00fapln\u00e9mu vyhynut\u00ed n\u011bkter\u00fdch hmyz\u00edch druh\u016f,\u201d<\/em> <strong>upozornila Karol\u00edna Zapotilov\u00e1, advoka\u010dn\u00ed pracovnice Svobody zv\u00ed\u0159at.<\/strong><\/p>\n\n<p><em>\u201e<\/em><em>Respektujeme v\u00fdsledky demokratick\u00fdch voleb. Z\u00e1rove\u0148 ale upozor\u0148uje na mimo\u0159\u00e1dn\u011b agresivn\u00ed r\u00e9toriku Motorist\u016f, kter\u00e1 p\u0159ekra\u010duje hranice slu\u0161n\u00e9 ve\u0159ejn\u00e9 debaty i o\u010dek\u00e1van\u00e9 chov\u00e1n\u00ed budouc\u00edho ministra. Jmenov\u00e1n\u00ed Petra Macinky ministrem \u017eivotn\u00edho prost\u0159ed\u00ed by podle programu hnut\u00ed Motorist\u00e9 sob\u011b znamenalo zhor\u0161en\u00ed kvality \u017eivota lid\u00ed a v\u00e1\u017en\u00e9 po\u0161kozen\u00ed p\u0159\u00edrody. Takov\u00fd p\u0159\u00edstup je neslu\u010diteln\u00fd s v\u00fdkonem funkce ministra, kter\u00e1 vy\u017eaduje v\u011bcnost, odbornost a odpov\u011bdnost,\u201c <\/em><strong>uvedla Zuzana Lenhartov\u00e1, \u0159editelka Hnut\u00ed DUHA.&nbsp;<\/strong><\/p>\n\n<p>K demonstrac\u00edm za d\u016fv\u011bryhodn\u00e9ho a kompetentn\u00edho ministra \u017eivotn\u00edho prost\u0159ed\u00ed se p\u0159id\u00e1v\u00e1 tak\u00e9 Brno, kde <a href=\"https:\/\/fb.me\/e\/5XphSh5vu\">se protest uskute\u010dn\u00ed ve st\u0159edu 22. \u0159\u00edjna od 17:00 na N\u00e1m\u011bst\u00ed Svobody.<\/a> Lid\u00e9 zde cht\u011bj\u00ed d\u00e1t jasn\u011b najevo, \u017ee rozklad ministerstva a pop\u00edr\u00e1n\u00ed klimatick\u00e9 v\u011bdy nedovol\u00ed.<\/p>\n\n<p>Demonstraci organizovaly organizace a iniciativy AutoMat, Fridays for Future, Greenpeace \u010cesk\u00e1 republika, Hnut\u00ed DUHA, Iniciativa Nest\u0159\u00edlej, Klimatick\u00e1 koalice, Limity jsme my, Re-set: platforma pro soci\u00e1ln\u011b-ekologickou transformaci, Spole\u010dnost pro trvale udr\u017eiteln\u00fd \u017eivot, Svoboda zv\u00ed\u0159at a Univerzity za klima. Organizace z\u00e1rove\u0148 zaslaly prezidentovi sv\u00e9 po\u017eadavky, kter\u00e9 p\u0159ikl\u00e1d\u00e1me v p\u0159\u00edloze, a pozvaly ho, aby si je p\u0159i\u0161el na demonstraci osobn\u011b vyzvednout a vyslechnout obavy ob\u010dan\u016f.&nbsp;<\/p>\n\n<p><strong>Kontakty:<\/strong><\/p>\n\n<p><strong>Marta Janko<\/strong>, medi\u00e1ln\u00ed koordin\u00e1torka Greenpeace \u010cR, 608 961 686, <a href=\"mailto:marta.janko@greenpeace.org\">marta.janko@greenpeace.org<\/a><\/p>\n\n<p><strong>Eva Pernicov\u00e1<\/strong>, tiskov\u00e1 mluv\u010d\u00ed Hnut\u00ed DUHA<br>eva.pernicova@hnutiduha.cz, 734 770 020<\/p>\n\n<p><strong>Karol\u00edna Zapotilov\u00e1, <\/strong>advoka\u010dn\u00ed pracovnice organizace Svoboda zv\u00ed\u0159at, <a href=\"mailto:karolina.zapotilova@svobodazvirat.cz\">karolina.zapotilova@svobodazvirat.cz<\/a>, 604 608 522<\/p>\n\n<p><strong>Tade\u00e1\u0161 Posp\u00ed\u0161il,<\/strong> tiskov\u00fd mluv\u010d\u00ed Fridays for Future, 602 749 700, tadeas.pospisil@fridaysforfuture.cz<\/p>\n\n<p><\/p>\n","protected":false},"excerpt":{"rendered":"<p>P\u011bt tis\u00edc lid\u00ed v ned\u011bli zaplnilo Hrad\u010dansk\u00e9 n\u00e1m\u011bst\u00ed, aby br\u00e1nilo Ministerstvo \u017eivotn\u00edho prost\u0159ed\u00ed p\u0159ed pop\u00edra\u010di klimatick\u00e9 krize a v\u011bdeck\u00fdch fakt\u016f. Protest, kter\u00fd po\u0159\u00e1daly ekologick\u00e9 a ob\u010dansk\u00e9 iniciativy,\u2026<\/p>\n","protected":false},"author":95,"featured_media":23014,"comment_status":"closed","ping_status":"closed","sticky":false,"template":"","format":"standard","meta":{"ep_exclude_from_search":false,"p4_og_title":"","p4_og_description":"","p4_og_image":"","p4_og_image_id":"","p4_seo_canonical_url":"","p4_campaign_name":"","p4_local_project":"","p4_basket_name":"","p4_department":"","footnotes":""},"categories":[30],"tags":[20,19,17,24,25],"p4-page-type":[14],"class_list":["post-23013","post","type-post","status-publish","format-standard","has-post-thumbnail","hentry","category-greenpeace","tag-zmena-klimatu","tag-ovzdusi","tag-lesy-pralesy","tag-aktivni-spolecnost","tag-konec-doby-fosilni","p4-page-type-tiskova-zprava"],"_links":{"self":[{"href":"https:\/\/www.greenpeace.org\/czech\/wp-json\/wp\/v2\/posts\/23013","targetHints":{"allow":["GET"]}}],"collection":[{"href":"https:\/\/www.greenpeace.org\/czech\/wp-json\/wp\/v2\/posts"}],"about":[{"href":"https:\/\/www.greenpeace.org\/czech\/wp-json\/wp\/v2\/types\/post"}],"author":[{"embeddable":true,"href":"https:\/\/www.greenpeace.org\/czech\/wp-json\/wp\/v2\/users\/95"}],"replies":[{"embeddable":true,"href":"https:\/\/www.greenpeace.org\/czech\/wp-json\/wp\/v2\/comments?post=23013"}],"version-history":[{"count":3,"href":"https:\/\/www.greenpeace.org\/czech\/wp-json\/wp\/v2\/posts\/23013\/revisions"}],"predecessor-version":[{"id":23090,"href":"https:\/\/www.greenpeace.org\/czech\/wp-json\/wp\/v2\/posts\/23013\/revisions\/23090"}],"wp:featuredmedia":[{"embeddable":true,"href":"https:\/\/www.greenpeace.org\/czech\/wp-json\/wp\/v2\/media\/23014"}],"wp:attachment":[{"href":"https:\/\/www.greenpeace.org\/czech\/wp-json\/wp\/v2\/media?parent=23013"}],"wp:term":[{"taxonomy":"category","embeddable":true,"href":"https:\/\/www.greenpeace.org\/czech\/wp-json\/wp\/v2\/categories?post=23013"},{"taxonomy":"post_tag","embeddable":true,"href":"https:\/\/www.greenpeace.org\/czech\/wp-json\/wp\/v2\/tags?post=23013"},{"taxonomy":"p4-page-type","embeddable":true,"href":"https:\/\/www.greenpeace.org\/czech\/wp-json\/wp\/v2\/p4-page-type?post=23013"}],"curies":[{"name":"wp","href":"https:\/\/api.w.org\/{rel}","templated":true}]}}