{"id":23022,"date":"2025-10-21T14:52:14","date_gmt":"2025-10-21T13:52:14","guid":{"rendered":"https:\/\/www.greenpeace.org\/czech\/?p=23022"},"modified":"2025-10-21T14:54:57","modified_gmt":"2025-10-21T13:54:57","slug":"jedna-z-nejvetsich-ekologickych-demonstraci-v-historii-ceska-ukazala-ze-lidem-na-ochrane-prirody-skutecne-zalezi","status":"publish","type":"post","link":"https:\/\/www.greenpeace.org\/czech\/clanek\/23022\/jedna-z-nejvetsich-ekologickych-demonstraci-v-historii-ceska-ukazala-ze-lidem-na-ochrane-prirody-skutecne-zalezi\/","title":{"rendered":"Jedna z nejv\u011bt\u0161\u00edch ekologick\u00fdch demonstrac\u00ed v historii \u010ceska uk\u00e1zala, \u017ee lidem na ochran\u011b p\u0159\u00edrody skute\u010dn\u011b z\u00e1le\u017e\u00ed"},"content":{"rendered":"\n<p>P\u0159es p\u011bt tis\u00edc lid\u00ed zaplnilo v ned\u011bli Hrad\u010dansk\u00e9 n\u00e1m\u011bst\u00ed. P\u0159i\u0161li br\u00e1nit Ministerstvo \u017eivotn\u00edho prost\u0159ed\u00ed p\u0159ed t\u011bmi, kte\u0159\u00ed pop\u00edraj\u00ed klimatickou krizi a&nbsp; cht\u011bj\u00ed na\u0161i p\u0159\u00edrodu a \u017eivotn\u00ed prost\u0159ed\u00ed ob\u011btovat z\u00e1jm\u016fm zne\u010di\u0161\u0165ovatel\u016f. Demonstrace Zachra\u0148me Ministerstvo \u017eivotn\u00edho prost\u0159ed\u00ed pat\u0159ila k nejv\u011bt\u0161\u00edm ekologick\u00fdm akc\u00edm, jak\u00e9 \u010cesko za\u017eilo, a uk\u00e1zala, \u017ee ve\u0159ejnost stoj\u00ed pevn\u011b za ochranou p\u0159\u00edrody a odm\u00edt\u00e1, aby resort, kter\u00fd ji m\u00e1 chr\u00e1nit, padl do rukou pop\u00edra\u010d\u016f v\u011bdeck\u00fdch fakt\u016f.&nbsp;<\/p>\n<div data-hydrate=\"planet4-blocks\/gallery\" data-attributes=\"{&quot;attributes&quot;:{&quot;multiple_image&quot;:&quot;23048,23047,23045,23046,23043,23030,23025,23024,23029,23038,23034,23036,23023,23028,23032&quot;,&quot;image_data&quot;:[{&quot;url&quot;:&quot;https:\\\/\\\/www.greenpeace.org\\\/static\\\/planet4-czech-republic-stateless\\\/2025\\\/10\\\/377b400c-demo_19.10.-64-scaled.jpg&quot;,&quot;focalPoint&quot;:{&quot;x&quot;:0.5,&quot;y&quot;:0.5},&quot;id&quot;:23048},{&quot;url&quot;:&quot;https:\\\/\\\/www.greenpeace.org\\\/static\\\/planet4-czech-republic-stateless\\\/2025\\\/10\\\/377b400c-demo_19.10.-47-scaled.jpg&quot;,&quot;focalPoint&quot;:{&quot;x&quot;:0.5,&quot;y&quot;:0.5},&quot;id&quot;:23047},{&quot;url&quot;:&quot;https:\\\/\\\/www.greenpeace.org\\\/static\\\/planet4-czech-republic-stateless\\\/2025\\\/10\\\/377b400c-2025_10_19_mzp_macinka_hradcanske_nam_2400px_zwl-0795.jpg&quot;,&quot;focalPoint&quot;:{&quot;x&quot;:0.5,&quot;y&quot;:0.5},&quot;id&quot;:23045},{&quot;url&quot;:&quot;https:\\\/\\\/www.greenpeace.org\\\/static\\\/planet4-czech-republic-stateless\\\/2025\\\/10\\\/377b400c-2025_10_19_mzp_macinka_hradcanske_nam_2400px_zwl-0802.jpg&quot;,&quot;focalPoint&quot;:{&quot;x&quot;:0.5,&quot;y&quot;:0.5},&quot;id&quot;:23046},{&quot;url&quot;:&quot;https:\\\/\\\/www.greenpeace.org\\\/static\\\/planet4-czech-republic-stateless\\\/2025\\\/10\\\/22b85a6d-2025_10_19_mzp_macinka_hradcanske_nam_2400px_zwl-0889.jpg&quot;,&quot;focalPoint&quot;:{&quot;x&quot;:0.5,&quot;y&quot;:0.5},&quot;id&quot;:23043},{&quot;url&quot;:&quot;https:\\\/\\\/www.greenpeace.org\\\/static\\\/planet4-czech-republic-stateless\\\/2025\\\/10\\\/53eb2c6a-demo_19.10.-14-scaled.jpg&quot;,&quot;focalPoint&quot;:{&quot;x&quot;:0.5,&quot;y&quot;:0.5},&quot;id&quot;:23030},{&quot;url&quot;:&quot;https:\\\/\\\/www.greenpeace.org\\\/static\\\/planet4-czech-republic-stateless\\\/2025\\\/10\\\/c0b3c091-demo_19.10.-40.jpg&quot;,&quot;focalPoint&quot;:{&quot;x&quot;:0.5,&quot;y&quot;:0.5},&quot;id&quot;:23025},{&quot;url&quot;:&quot;https:\\\/\\\/www.greenpeace.org\\\/static\\\/planet4-czech-republic-stateless\\\/2025\\\/10\\\/c0b3c091-demo_19.10.-38.jpg&quot;,&quot;focalPoint&quot;:{&quot;x&quot;:0.5,&quot;y&quot;:0.5},&quot;id&quot;:23024},{&quot;url&quot;:&quot;https:\\\/\\\/www.greenpeace.org\\\/static\\\/planet4-czech-republic-stateless\\\/2025\\\/10\\\/99a78970-demo_19.10.-46-scaled.jpg&quot;,&quot;focalPoint&quot;:{&quot;x&quot;:0.5,&quot;y&quot;:0.5},&quot;id&quot;:23029},{&quot;url&quot;:&quot;https:\\\/\\\/www.greenpeace.org\\\/static\\\/planet4-czech-republic-stateless\\\/2025\\\/10\\\/ed8301a3-2025_10_19_mzp_macinka_hradcanske_nam_2400px_zwl-0854.jpg&quot;,&quot;focalPoint&quot;:{&quot;x&quot;:0.5,&quot;y&quot;:0.5},&quot;id&quot;:23038},{&quot;url&quot;:&quot;https:\\\/\\\/www.greenpeace.org\\\/static\\\/planet4-czech-republic-stateless\\\/2025\\\/10\\\/ed8301a3-2025_10_19_mzp_macinka_hradcanske_nam_2400px_zwl-0814.jpg&quot;,&quot;focalPoint&quot;:{&quot;x&quot;:0.5,&quot;y&quot;:0.5},&quot;id&quot;:23034},{&quot;url&quot;:&quot;https:\\\/\\\/www.greenpeace.org\\\/static\\\/planet4-czech-republic-stateless\\\/2025\\\/10\\\/fb60cbdd-2025_10_19_mzp_macinka_hradcanske_nam_2400px_zwl-0868.jpg&quot;,&quot;focalPoint&quot;:{&quot;x&quot;:0.5,&quot;y&quot;:0.5},&quot;id&quot;:23036},{&quot;url&quot;:&quot;https:\\\/\\\/www.greenpeace.org\\\/static\\\/planet4-czech-republic-stateless\\\/2025\\\/10\\\/c0b3c091-demo_19.10.-09.jpg&quot;,&quot;focalPoint&quot;:{&quot;x&quot;:0.5,&quot;y&quot;:0.5},&quot;id&quot;:23023},{&quot;url&quot;:&quot;https:\\\/\\\/www.greenpeace.org\\\/static\\\/planet4-czech-republic-stateless\\\/2025\\\/10\\\/53eb2c6a-demo_19.10.-34-scaled.jpg&quot;,&quot;focalPoint&quot;:{&quot;x&quot;:0.5,&quot;y&quot;:0.5},&quot;id&quot;:23028},{&quot;url&quot;:&quot;https:\\\/\\\/www.greenpeace.org\\\/static\\\/planet4-czech-republic-stateless\\\/2025\\\/10\\\/53eb2c6a-demo_19.10.-71-scaled.jpg&quot;,&quot;focalPoint&quot;:{&quot;x&quot;:0.5,&quot;y&quot;:0.5},&quot;id&quot;:23032}],&quot;gallery_block_style&quot;:0,&quot;gallery_block_title&quot;:&quot;&quot;,&quot;gallery_block_description&quot;:&quot;&quot;,&quot;gallery_block_focus_points&quot;:&quot;&quot;,&quot;images&quot;:[{&quot;image_src&quot;:&quot;https:\\\/\\\/www.greenpeace.org\\\/static\\\/planet4-czech-republic-stateless\\\/2025\\\/10\\\/377b400c-demo_19.10.-64-scaled.jpg&quot;,&quot;image_srcset&quot;:&quot;https:\\\/\\\/www.greenpeace.org\\\/static\\\/planet4-czech-republic-stateless\\\/2025\\\/10\\\/377b400c-demo_19.10.-64-scaled.jpg 2560w, https:\\\/\\\/www.greenpeace.org\\\/static\\\/planet4-czech-republic-stateless\\\/2025\\\/10\\\/377b400c-demo_19.10.-64-300x200.jpg 300w, https:\\\/\\\/www.greenpeace.org\\\/static\\\/planet4-czech-republic-stateless\\\/2025\\\/10\\\/377b400c-demo_19.10.-64-1024x683.jpg 1024w, https:\\\/\\\/www.greenpeace.org\\\/static\\\/planet4-czech-republic-stateless\\\/2025\\\/10\\\/377b400c-demo_19.10.-64-768x512.jpg 768w, https:\\\/\\\/www.greenpeace.org\\\/static\\\/planet4-czech-republic-stateless\\\/2025\\\/10\\\/377b400c-demo_19.10.-64-1536x1024.jpg 1536w, https:\\\/\\\/www.greenpeace.org\\\/static\\\/planet4-czech-republic-stateless\\\/2025\\\/10\\\/377b400c-demo_19.10.-64-2048x1366.jpg 2048w, https:\\\/\\\/www.greenpeace.org\\\/static\\\/planet4-czech-republic-stateless\\\/2025\\\/10\\\/377b400c-demo_19.10.-64-510x340.jpg 510w&quot;,&quot;image_sizes&quot;:false,&quot;alt_text&quot;:&quot;&quot;,&quot;caption&quot;:&quot;&quot;,&quot;focus_image&quot;:&quot;&quot;,&quot;credits&quot;:&quot;\\u00a9 Barbora Sommers&quot;},{&quot;image_src&quot;:&quot;https:\\\/\\\/www.greenpeace.org\\\/static\\\/planet4-czech-republic-stateless\\\/2025\\\/10\\\/377b400c-demo_19.10.-47-scaled.jpg&quot;,&quot;image_srcset&quot;:&quot;https:\\\/\\\/www.greenpeace.org\\\/static\\\/planet4-czech-republic-stateless\\\/2025\\\/10\\\/377b400c-demo_19.10.-47-scaled.jpg 2560w, https:\\\/\\\/www.greenpeace.org\\\/static\\\/planet4-czech-republic-stateless\\\/2025\\\/10\\\/377b400c-demo_19.10.-47-300x162.jpg 300w, https:\\\/\\\/www.greenpeace.org\\\/static\\\/planet4-czech-republic-stateless\\\/2025\\\/10\\\/377b400c-demo_19.10.-47-1024x552.jpg 1024w, https:\\\/\\\/www.greenpeace.org\\\/static\\\/planet4-czech-republic-stateless\\\/2025\\\/10\\\/377b400c-demo_19.10.-47-768x414.jpg 768w, https:\\\/\\\/www.greenpeace.org\\\/static\\\/planet4-czech-republic-stateless\\\/2025\\\/10\\\/377b400c-demo_19.10.-47-1536x828.jpg 1536w, https:\\\/\\\/www.greenpeace.org\\\/static\\\/planet4-czech-republic-stateless\\\/2025\\\/10\\\/377b400c-demo_19.10.-47-2048x1104.jpg 2048w, https:\\\/\\\/www.greenpeace.org\\\/static\\\/planet4-czech-republic-stateless\\\/2025\\\/10\\\/377b400c-demo_19.10.-47-510x275.jpg 510w&quot;,&quot;image_sizes&quot;:false,&quot;alt_text&quot;:&quot;&quot;,&quot;caption&quot;:&quot;&quot;,&quot;focus_image&quot;:&quot;&quot;,&quot;credits&quot;:&quot;\\u00a9 Barbora Sommers&quot;},{&quot;image_src&quot;:&quot;https:\\\/\\\/www.greenpeace.org\\\/static\\\/planet4-czech-republic-stateless\\\/2025\\\/10\\\/377b400c-2025_10_19_mzp_macinka_hradcanske_nam_2400px_zwl-0795.jpg&quot;,&quot;image_srcset&quot;:&quot;https:\\\/\\\/www.greenpeace.org\\\/static\\\/planet4-czech-republic-stateless\\\/2025\\\/10\\\/377b400c-2025_10_19_mzp_macinka_hradcanske_nam_2400px_zwl-0795.jpg 2400w, https:\\\/\\\/www.greenpeace.org\\\/static\\\/planet4-czech-republic-stateless\\\/2025\\\/10\\\/377b400c-2025_10_19_mzp_macinka_hradcanske_nam_2400px_zwl-0795-300x200.jpg 300w, https:\\\/\\\/www.greenpeace.org\\\/static\\\/planet4-czech-republic-stateless\\\/2025\\\/10\\\/377b400c-2025_10_19_mzp_macinka_hradcanske_nam_2400px_zwl-0795-1024x681.jpg 1024w, https:\\\/\\\/www.greenpeace.org\\\/static\\\/planet4-czech-republic-stateless\\\/2025\\\/10\\\/377b400c-2025_10_19_mzp_macinka_hradcanske_nam_2400px_zwl-0795-768x511.jpg 768w, https:\\\/\\\/www.greenpeace.org\\\/static\\\/planet4-czech-republic-stateless\\\/2025\\\/10\\\/377b400c-2025_10_19_mzp_macinka_hradcanske_nam_2400px_zwl-0795-1536x1022.jpg 1536w, https:\\\/\\\/www.greenpeace.org\\\/static\\\/planet4-czech-republic-stateless\\\/2025\\\/10\\\/377b400c-2025_10_19_mzp_macinka_hradcanske_nam_2400px_zwl-0795-2048x1363.jpg 2048w, https:\\\/\\\/www.greenpeace.org\\\/static\\\/planet4-czech-republic-stateless\\\/2025\\\/10\\\/377b400c-2025_10_19_mzp_macinka_hradcanske_nam_2400px_zwl-0795-510x340.jpg 510w&quot;,&quot;image_sizes&quot;:false,&quot;alt_text&quot;:&quot;&quot;,&quot;caption&quot;:&quot;&quot;,&quot;focus_image&quot;:&quot;&quot;,&quot;credits&quot;:&quot;\\u00a9 Petr Zewlakk Vrabec&quot;},{&quot;image_src&quot;:&quot;https:\\\/\\\/www.greenpeace.org\\\/static\\\/planet4-czech-republic-stateless\\\/2025\\\/10\\\/377b400c-2025_10_19_mzp_macinka_hradcanske_nam_2400px_zwl-0802.jpg&quot;,&quot;image_srcset&quot;:&quot;https:\\\/\\\/www.greenpeace.org\\\/static\\\/planet4-czech-republic-stateless\\\/2025\\\/10\\\/377b400c-2025_10_19_mzp_macinka_hradcanske_nam_2400px_zwl-0802.jpg 2400w, https:\\\/\\\/www.greenpeace.org\\\/static\\\/planet4-czech-republic-stateless\\\/2025\\\/10\\\/377b400c-2025_10_19_mzp_macinka_hradcanske_nam_2400px_zwl-0802-300x200.jpg 300w, https:\\\/\\\/www.greenpeace.org\\\/static\\\/planet4-czech-republic-stateless\\\/2025\\\/10\\\/377b400c-2025_10_19_mzp_macinka_hradcanske_nam_2400px_zwl-0802-1024x681.jpg 1024w, https:\\\/\\\/www.greenpeace.org\\\/static\\\/planet4-czech-republic-stateless\\\/2025\\\/10\\\/377b400c-2025_10_19_mzp_macinka_hradcanske_nam_2400px_zwl-0802-768x511.jpg 768w, https:\\\/\\\/www.greenpeace.org\\\/static\\\/planet4-czech-republic-stateless\\\/2025\\\/10\\\/377b400c-2025_10_19_mzp_macinka_hradcanske_nam_2400px_zwl-0802-1536x1022.jpg 1536w, https:\\\/\\\/www.greenpeace.org\\\/static\\\/planet4-czech-republic-stateless\\\/2025\\\/10\\\/377b400c-2025_10_19_mzp_macinka_hradcanske_nam_2400px_zwl-0802-2048x1363.jpg 2048w, https:\\\/\\\/www.greenpeace.org\\\/static\\\/planet4-czech-republic-stateless\\\/2025\\\/10\\\/377b400c-2025_10_19_mzp_macinka_hradcanske_nam_2400px_zwl-0802-510x340.jpg 510w&quot;,&quot;image_sizes&quot;:false,&quot;alt_text&quot;:&quot;&quot;,&quot;caption&quot;:&quot;&quot;,&quot;focus_image&quot;:&quot;&quot;,&quot;credits&quot;:&quot;\\u00a9 Petr Zewlakk Vrabec&quot;},{&quot;image_src&quot;:&quot;https:\\\/\\\/www.greenpeace.org\\\/static\\\/planet4-czech-republic-stateless\\\/2025\\\/10\\\/22b85a6d-2025_10_19_mzp_macinka_hradcanske_nam_2400px_zwl-0889.jpg&quot;,&quot;image_srcset&quot;:&quot;https:\\\/\\\/www.greenpeace.org\\\/static\\\/planet4-czech-republic-stateless\\\/2025\\\/10\\\/22b85a6d-2025_10_19_mzp_macinka_hradcanske_nam_2400px_zwl-0889.jpg 2400w, https:\\\/\\\/www.greenpeace.org\\\/static\\\/planet4-czech-republic-stateless\\\/2025\\\/10\\\/22b85a6d-2025_10_19_mzp_macinka_hradcanske_nam_2400px_zwl-0889-300x200.jpg 300w, https:\\\/\\\/www.greenpeace.org\\\/static\\\/planet4-czech-republic-stateless\\\/2025\\\/10\\\/22b85a6d-2025_10_19_mzp_macinka_hradcanske_nam_2400px_zwl-0889-1024x681.jpg 1024w, https:\\\/\\\/www.greenpeace.org\\\/static\\\/planet4-czech-republic-stateless\\\/2025\\\/10\\\/22b85a6d-2025_10_19_mzp_macinka_hradcanske_nam_2400px_zwl-0889-768x511.jpg 768w, https:\\\/\\\/www.greenpeace.org\\\/static\\\/planet4-czech-republic-stateless\\\/2025\\\/10\\\/22b85a6d-2025_10_19_mzp_macinka_hradcanske_nam_2400px_zwl-0889-1536x1022.jpg 1536w, https:\\\/\\\/www.greenpeace.org\\\/static\\\/planet4-czech-republic-stateless\\\/2025\\\/10\\\/22b85a6d-2025_10_19_mzp_macinka_hradcanske_nam_2400px_zwl-0889-2048x1363.jpg 2048w, https:\\\/\\\/www.greenpeace.org\\\/static\\\/planet4-czech-republic-stateless\\\/2025\\\/10\\\/22b85a6d-2025_10_19_mzp_macinka_hradcanske_nam_2400px_zwl-0889-510x340.jpg 510w&quot;,&quot;image_sizes&quot;:false,&quot;alt_text&quot;:&quot;&quot;,&quot;caption&quot;:&quot;&quot;,&quot;focus_image&quot;:&quot;&quot;,&quot;credits&quot;:&quot;\\u00a9 Petr Zewlakk Vrabec&quot;},{&quot;image_src&quot;:&quot;https:\\\/\\\/www.greenpeace.org\\\/static\\\/planet4-czech-republic-stateless\\\/2025\\\/10\\\/53eb2c6a-demo_19.10.-14-scaled.jpg&quot;,&quot;image_srcset&quot;:&quot;https:\\\/\\\/www.greenpeace.org\\\/static\\\/planet4-czech-republic-stateless\\\/2025\\\/10\\\/53eb2c6a-demo_19.10.-14-scaled.jpg 2560w, https:\\\/\\\/www.greenpeace.org\\\/static\\\/planet4-czech-republic-stateless\\\/2025\\\/10\\\/53eb2c6a-demo_19.10.-14-300x200.jpg 300w, https:\\\/\\\/www.greenpeace.org\\\/static\\\/planet4-czech-republic-stateless\\\/2025\\\/10\\\/53eb2c6a-demo_19.10.-14-1024x683.jpg 1024w, https:\\\/\\\/www.greenpeace.org\\\/static\\\/planet4-czech-republic-stateless\\\/2025\\\/10\\\/53eb2c6a-demo_19.10.-14-768x512.jpg 768w, https:\\\/\\\/www.greenpeace.org\\\/static\\\/planet4-czech-republic-stateless\\\/2025\\\/10\\\/53eb2c6a-demo_19.10.-14-1536x1024.jpg 1536w, https:\\\/\\\/www.greenpeace.org\\\/static\\\/planet4-czech-republic-stateless\\\/2025\\\/10\\\/53eb2c6a-demo_19.10.-14-2048x1366.jpg 2048w, https:\\\/\\\/www.greenpeace.org\\\/static\\\/planet4-czech-republic-stateless\\\/2025\\\/10\\\/53eb2c6a-demo_19.10.-14-510x340.jpg 510w&quot;,&quot;image_sizes&quot;:false,&quot;alt_text&quot;:&quot;&quot;,&quot;caption&quot;:&quot;&quot;,&quot;focus_image&quot;:&quot;&quot;,&quot;credits&quot;:&quot;\\u00a9 Barbora Sommers&quot;},{&quot;image_src&quot;:&quot;https:\\\/\\\/www.greenpeace.org\\\/static\\\/planet4-czech-republic-stateless\\\/2025\\\/10\\\/c0b3c091-demo_19.10.-40.jpg&quot;,&quot;image_srcset&quot;:&quot;https:\\\/\\\/www.greenpeace.org\\\/static\\\/planet4-czech-republic-stateless\\\/2025\\\/10\\\/c0b3c091-demo_19.10.-40.jpg 2473w, https:\\\/\\\/www.greenpeace.org\\\/static\\\/planet4-czech-republic-stateless\\\/2025\\\/10\\\/c0b3c091-demo_19.10.-40-300x200.jpg 300w, https:\\\/\\\/www.greenpeace.org\\\/static\\\/planet4-czech-republic-stateless\\\/2025\\\/10\\\/c0b3c091-demo_19.10.-40-1024x683.jpg 1024w, https:\\\/\\\/www.greenpeace.org\\\/static\\\/planet4-czech-republic-stateless\\\/2025\\\/10\\\/c0b3c091-demo_19.10.-40-768x512.jpg 768w, https:\\\/\\\/www.greenpeace.org\\\/static\\\/planet4-czech-republic-stateless\\\/2025\\\/10\\\/c0b3c091-demo_19.10.-40-1536x1024.jpg 1536w, https:\\\/\\\/www.greenpeace.org\\\/static\\\/planet4-czech-republic-stateless\\\/2025\\\/10\\\/c0b3c091-demo_19.10.-40-2048x1366.jpg 2048w, https:\\\/\\\/www.greenpeace.org\\\/static\\\/planet4-czech-republic-stateless\\\/2025\\\/10\\\/c0b3c091-demo_19.10.-40-510x340.jpg 510w&quot;,&quot;image_sizes&quot;:false,&quot;alt_text&quot;:&quot;&quot;,&quot;caption&quot;:&quot;&quot;,&quot;focus_image&quot;:&quot;&quot;,&quot;credits&quot;:&quot;\\u00a9 Barbora Sommers&quot;},{&quot;image_src&quot;:&quot;https:\\\/\\\/www.greenpeace.org\\\/static\\\/planet4-czech-republic-stateless\\\/2025\\\/10\\\/c0b3c091-demo_19.10.-38.jpg&quot;,&quot;image_srcset&quot;:&quot;https:\\\/\\\/www.greenpeace.org\\\/static\\\/planet4-czech-republic-stateless\\\/2025\\\/10\\\/c0b3c091-demo_19.10.-38.jpg 1955w, https:\\\/\\\/www.greenpeace.org\\\/static\\\/planet4-czech-republic-stateless\\\/2025\\\/10\\\/c0b3c091-demo_19.10.-38-300x200.jpg 300w, https:\\\/\\\/www.greenpeace.org\\\/static\\\/planet4-czech-republic-stateless\\\/2025\\\/10\\\/c0b3c091-demo_19.10.-38-1024x682.jpg 1024w, https:\\\/\\\/www.greenpeace.org\\\/static\\\/planet4-czech-republic-stateless\\\/2025\\\/10\\\/c0b3c091-demo_19.10.-38-768x512.jpg 768w, https:\\\/\\\/www.greenpeace.org\\\/static\\\/planet4-czech-republic-stateless\\\/2025\\\/10\\\/c0b3c091-demo_19.10.-38-1536x1024.jpg 1536w, https:\\\/\\\/www.greenpeace.org\\\/static\\\/planet4-czech-republic-stateless\\\/2025\\\/10\\\/c0b3c091-demo_19.10.-38-510x340.jpg 510w&quot;,&quot;image_sizes&quot;:false,&quot;alt_text&quot;:&quot;&quot;,&quot;caption&quot;:&quot;&quot;,&quot;focus_image&quot;:&quot;&quot;,&quot;credits&quot;:&quot;\\u00a9 Barbora Sommers&quot;},{&quot;image_src&quot;:&quot;https:\\\/\\\/www.greenpeace.org\\\/static\\\/planet4-czech-republic-stateless\\\/2025\\\/10\\\/99a78970-demo_19.10.-46-scaled.jpg&quot;,&quot;image_srcset&quot;:&quot;https:\\\/\\\/www.greenpeace.org\\\/static\\\/planet4-czech-republic-stateless\\\/2025\\\/10\\\/99a78970-demo_19.10.-46-scaled.jpg 2560w, https:\\\/\\\/www.greenpeace.org\\\/static\\\/planet4-czech-republic-stateless\\\/2025\\\/10\\\/99a78970-demo_19.10.-46-300x166.jpg 300w, https:\\\/\\\/www.greenpeace.org\\\/static\\\/planet4-czech-republic-stateless\\\/2025\\\/10\\\/99a78970-demo_19.10.-46-1024x567.jpg 1024w, https:\\\/\\\/www.greenpeace.org\\\/static\\\/planet4-czech-republic-stateless\\\/2025\\\/10\\\/99a78970-demo_19.10.-46-768x425.jpg 768w, https:\\\/\\\/www.greenpeace.org\\\/static\\\/planet4-czech-republic-stateless\\\/2025\\\/10\\\/99a78970-demo_19.10.-46-1536x850.jpg 1536w, https:\\\/\\\/www.greenpeace.org\\\/static\\\/planet4-czech-republic-stateless\\\/2025\\\/10\\\/99a78970-demo_19.10.-46-2048x1133.jpg 2048w, https:\\\/\\\/www.greenpeace.org\\\/static\\\/planet4-czech-republic-stateless\\\/2025\\\/10\\\/99a78970-demo_19.10.-46-510x282.jpg 510w&quot;,&quot;image_sizes&quot;:false,&quot;alt_text&quot;:&quot;&quot;,&quot;caption&quot;:&quot;&quot;,&quot;focus_image&quot;:&quot;&quot;,&quot;credits&quot;:&quot;\\u00a9 Barbora Sommers&quot;},{&quot;image_src&quot;:&quot;https:\\\/\\\/www.greenpeace.org\\\/static\\\/planet4-czech-republic-stateless\\\/2025\\\/10\\\/ed8301a3-2025_10_19_mzp_macinka_hradcanske_nam_2400px_zwl-0854.jpg&quot;,&quot;image_srcset&quot;:&quot;https:\\\/\\\/www.greenpeace.org\\\/static\\\/planet4-czech-republic-stateless\\\/2025\\\/10\\\/ed8301a3-2025_10_19_mzp_macinka_hradcanske_nam_2400px_zwl-0854.jpg 2400w, https:\\\/\\\/www.greenpeace.org\\\/static\\\/planet4-czech-republic-stateless\\\/2025\\\/10\\\/ed8301a3-2025_10_19_mzp_macinka_hradcanske_nam_2400px_zwl-0854-300x200.jpg 300w, https:\\\/\\\/www.greenpeace.org\\\/static\\\/planet4-czech-republic-stateless\\\/2025\\\/10\\\/ed8301a3-2025_10_19_mzp_macinka_hradcanske_nam_2400px_zwl-0854-1024x681.jpg 1024w, https:\\\/\\\/www.greenpeace.org\\\/static\\\/planet4-czech-republic-stateless\\\/2025\\\/10\\\/ed8301a3-2025_10_19_mzp_macinka_hradcanske_nam_2400px_zwl-0854-768x511.jpg 768w, https:\\\/\\\/www.greenpeace.org\\\/static\\\/planet4-czech-republic-stateless\\\/2025\\\/10\\\/ed8301a3-2025_10_19_mzp_macinka_hradcanske_nam_2400px_zwl-0854-1536x1022.jpg 1536w, https:\\\/\\\/www.greenpeace.org\\\/static\\\/planet4-czech-republic-stateless\\\/2025\\\/10\\\/ed8301a3-2025_10_19_mzp_macinka_hradcanske_nam_2400px_zwl-0854-2048x1363.jpg 2048w, https:\\\/\\\/www.greenpeace.org\\\/static\\\/planet4-czech-republic-stateless\\\/2025\\\/10\\\/ed8301a3-2025_10_19_mzp_macinka_hradcanske_nam_2400px_zwl-0854-510x340.jpg 510w&quot;,&quot;image_sizes&quot;:false,&quot;alt_text&quot;:&quot;&quot;,&quot;caption&quot;:&quot;&quot;,&quot;focus_image&quot;:&quot;&quot;,&quot;credits&quot;:&quot;\\u00a9 Petr Zewlakk Vrabec&quot;},{&quot;image_src&quot;:&quot;https:\\\/\\\/www.greenpeace.org\\\/static\\\/planet4-czech-republic-stateless\\\/2025\\\/10\\\/ed8301a3-2025_10_19_mzp_macinka_hradcanske_nam_2400px_zwl-0814.jpg&quot;,&quot;image_srcset&quot;:&quot;https:\\\/\\\/www.greenpeace.org\\\/static\\\/planet4-czech-republic-stateless\\\/2025\\\/10\\\/ed8301a3-2025_10_19_mzp_macinka_hradcanske_nam_2400px_zwl-0814.jpg 2400w, https:\\\/\\\/www.greenpeace.org\\\/static\\\/planet4-czech-republic-stateless\\\/2025\\\/10\\\/ed8301a3-2025_10_19_mzp_macinka_hradcanske_nam_2400px_zwl-0814-300x200.jpg 300w, https:\\\/\\\/www.greenpeace.org\\\/static\\\/planet4-czech-republic-stateless\\\/2025\\\/10\\\/ed8301a3-2025_10_19_mzp_macinka_hradcanske_nam_2400px_zwl-0814-1024x681.jpg 1024w, https:\\\/\\\/www.greenpeace.org\\\/static\\\/planet4-czech-republic-stateless\\\/2025\\\/10\\\/ed8301a3-2025_10_19_mzp_macinka_hradcanske_nam_2400px_zwl-0814-768x511.jpg 768w, https:\\\/\\\/www.greenpeace.org\\\/static\\\/planet4-czech-republic-stateless\\\/2025\\\/10\\\/ed8301a3-2025_10_19_mzp_macinka_hradcanske_nam_2400px_zwl-0814-1536x1022.jpg 1536w, https:\\\/\\\/www.greenpeace.org\\\/static\\\/planet4-czech-republic-stateless\\\/2025\\\/10\\\/ed8301a3-2025_10_19_mzp_macinka_hradcanske_nam_2400px_zwl-0814-2048x1363.jpg 2048w, https:\\\/\\\/www.greenpeace.org\\\/static\\\/planet4-czech-republic-stateless\\\/2025\\\/10\\\/ed8301a3-2025_10_19_mzp_macinka_hradcanske_nam_2400px_zwl-0814-510x340.jpg 510w&quot;,&quot;image_sizes&quot;:false,&quot;alt_text&quot;:&quot;&quot;,&quot;caption&quot;:&quot;&quot;,&quot;focus_image&quot;:&quot;&quot;,&quot;credits&quot;:&quot;\\u00a9 Petr Zewlakk Vrabec&quot;},{&quot;image_src&quot;:&quot;https:\\\/\\\/www.greenpeace.org\\\/static\\\/planet4-czech-republic-stateless\\\/2025\\\/10\\\/fb60cbdd-2025_10_19_mzp_macinka_hradcanske_nam_2400px_zwl-0868.jpg&quot;,&quot;image_srcset&quot;:&quot;https:\\\/\\\/www.greenpeace.org\\\/static\\\/planet4-czech-republic-stateless\\\/2025\\\/10\\\/fb60cbdd-2025_10_19_mzp_macinka_hradcanske_nam_2400px_zwl-0868.jpg 2400w, https:\\\/\\\/www.greenpeace.org\\\/static\\\/planet4-czech-republic-stateless\\\/2025\\\/10\\\/fb60cbdd-2025_10_19_mzp_macinka_hradcanske_nam_2400px_zwl-0868-300x200.jpg 300w, https:\\\/\\\/www.greenpeace.org\\\/static\\\/planet4-czech-republic-stateless\\\/2025\\\/10\\\/fb60cbdd-2025_10_19_mzp_macinka_hradcanske_nam_2400px_zwl-0868-1024x681.jpg 1024w, https:\\\/\\\/www.greenpeace.org\\\/static\\\/planet4-czech-republic-stateless\\\/2025\\\/10\\\/fb60cbdd-2025_10_19_mzp_macinka_hradcanske_nam_2400px_zwl-0868-768x511.jpg 768w, https:\\\/\\\/www.greenpeace.org\\\/static\\\/planet4-czech-republic-stateless\\\/2025\\\/10\\\/fb60cbdd-2025_10_19_mzp_macinka_hradcanske_nam_2400px_zwl-0868-1536x1022.jpg 1536w, https:\\\/\\\/www.greenpeace.org\\\/static\\\/planet4-czech-republic-stateless\\\/2025\\\/10\\\/fb60cbdd-2025_10_19_mzp_macinka_hradcanske_nam_2400px_zwl-0868-2048x1363.jpg 2048w, https:\\\/\\\/www.greenpeace.org\\\/static\\\/planet4-czech-republic-stateless\\\/2025\\\/10\\\/fb60cbdd-2025_10_19_mzp_macinka_hradcanske_nam_2400px_zwl-0868-510x340.jpg 510w&quot;,&quot;image_sizes&quot;:false,&quot;alt_text&quot;:&quot;&quot;,&quot;caption&quot;:&quot;&quot;,&quot;focus_image&quot;:&quot;&quot;,&quot;credits&quot;:&quot;\\u00a9 Petr Zewlakk Vrabec&quot;},{&quot;image_src&quot;:&quot;&quot;,&quot;image_srcset&quot;:false,&quot;image_sizes&quot;:false,&quot;alt_text&quot;:&quot;&quot;,&quot;caption&quot;:false,&quot;focus_image&quot;:&quot;&quot;,&quot;credits&quot;:&quot;&quot;},{&quot;image_src&quot;:&quot;&quot;,&quot;image_srcset&quot;:false,&quot;image_sizes&quot;:false,&quot;alt_text&quot;:&quot;&quot;,&quot;caption&quot;:false,&quot;focus_image&quot;:&quot;&quot;,&quot;credits&quot;:&quot;&quot;},{&quot;image_src&quot;:&quot;&quot;,&quot;image_srcset&quot;:false,&quot;image_sizes&quot;:false,&quot;alt_text&quot;:&quot;&quot;,&quot;caption&quot;:false,&quot;focus_image&quot;:&quot;&quot;,&quot;credits&quot;:&quot;&quot;}]}}\"><section class=\"block carousel-wrap \"><\/section><\/div>\n<p>Na Hrad\u010dansk\u00e9 n\u00e1m\u011bst\u00ed dorazili lid\u00e9 z cel\u00e9 republiky, aby dali najevo, \u017ee ochrana p\u0159\u00edrody je pro n\u011b samoz\u0159ejmost\u00ed, ne politickou hrou. P\u0159\u00edroda je pro \u010ce\u0161ky a \u010cechy d\u016fle\u017eit\u00e1,&nbsp; je zako\u0159en\u011bn\u00e1 v n\u00e1rodn\u00ed hymn\u011b, v krajin\u011b i v tom, jak vn\u00edm\u00e1me domov. Kdy\u017e se n\u011bkdo pokus\u00ed z n\u00ed ud\u011blat rukojm\u00ed byznysu, lid\u00e9 se ozvou. A tentokr\u00e1t jich p\u0159i\u0161ly tis\u00edce.<\/p>\n\n<p>Na p\u00f3diu vystoupily krom\u011b organiz\u00e1tor\u016f zakladatelka hnut\u00ed Pra\u017esk\u00e9 matky Anna Hradilkov\u00e1, Lucia Szabov\u00e1 ze slovensk\u00e9 Klimatick\u00e9 koalice, greenfluencerka Roz\u00e1rie Ha\u0161kovcov\u00e1, pr\u00e1vni\u010dka Martina Frankov\u00e1, novin\u00e1\u0159ka a v\u00fdzkumnice Kl\u00e1ra Votavov\u00e1 a biolo\u017eka Zuzana Veverkov\u00e1, kter\u00e1 se v\u011bnuje ochran\u011b p\u0159\u00edrody na ji\u017en\u00ed Morav\u011b.<\/p>\n\n<p>Jejich spole\u010dn\u00fdm poselstv\u00edm bylo, \u017ee \u0159\u00edzen\u00ed ministerstva nem\u016f\u017ee p\u0159evz\u00edt \u010dlov\u011bk, kter\u00fd pop\u00edr\u00e1 v\u011bdeck\u00fd konsenzus o klimatick\u00e9 krizi, je spojen s uheln\u00fdmi oligarchy a ve\u0159ejn\u011b prosazuje ru\u0161en\u00ed chr\u00e1n\u011bn\u00fdch \u00fazem\u00ed.<\/p>\n\n<p>Podle Radka Kubaly z Re-setu sledujeme, jak se <em>\u201eoligarchov\u00e9 sna\u017e\u00ed ovl\u00e1dnout kl\u00ed\u010dov\u00e9 slo\u017eky st\u00e1tu\u201c<\/em>. Jan Voves z Greenpeace p\u0159ipomn\u011bl, \u017ee <em>\u201ena ministerstvu nem\u00e1 co d\u011blat \u010dlov\u011bk, kter\u00fd chce rozprodat sv\u011bt okolo n\u00e1s kmotr\u016fm, kte\u0159\u00ed mu zaplatili kampa\u0148\u201c<\/em>. Eli\u0161ka Ondr\u00e1\u010dkov\u00e1 z Fridays for Future mluvila o pot\u0159eb\u011b spravedliv\u00e9 zelen\u00e9 politiky, kter\u00e1 chr\u00e1n\u00ed p\u0159\u00edrodu i lidi, ne z\u00e1jmy t\u011bch nejbohat\u0161\u00edch.<\/p>\n\n<p>Demonstrace, kterou spolupo\u0159\u00e1daly organizace AutoMat, Fridays for Future, Greenpeace \u010cesk\u00e1 republika, Hnut\u00ed DUHA, Iniciativa Nest\u0159\u00edlej, Klimatick\u00e1 koalice, Limity jsme my, Re-set, Spole\u010dnost pro trvale udr\u017eiteln\u00fd \u017eivot, Svoboda zv\u00ed\u0159at a Univerzity za klima, pat\u0159ila mezi nejv\u00fdrazn\u011bj\u0161\u00ed ekologick\u00e9 ud\u00e1losti posledn\u00edch let.<\/p>\n\n<p><strong>Ob\u010dan\u00e9 p\u0159i\u0161li poprosit prezidenta, aby na ochranu p\u0159\u00edrody a \u017eivotn\u00edho prost\u0159ed\u00ed nezapom\u011bl<\/strong><\/p>\n\n<p>\u00da\u010dastn\u00edci vyzvali prezidenta Petra Pavla, aby odm\u00edtl jmenovat kandid\u00e1ta, jeho\u017e c\u00edlem by bylo paralyzovat ochranu \u017eivotn\u00edho prost\u0159ed\u00ed, a z\u00e1rove\u0148 apelovali na v\u00edt\u011bze voleb Andreje Babi\u0161e, aby do \u010dela resortu nenavrhoval z\u00e1stupce hnut\u00ed Motorist\u00e9 sob\u011b.<\/p>\n\n<p>K t\u00e9to v\u00fdzv\u011b se p\u0159idalo p\u0159es 18 000 lid\u00ed z cel\u00e9ho \u010ceska.&nbsp;<\/p>\n\n<div class=\"wp-block-buttons is-layout-flex wp-block-buttons-is-layout-flex\">\n<div class=\"wp-block-button is-style-cta\"><a class=\"wp-block-button__link wp-element-button\" href=\"https:\/\/podpora.greenpeace.cz\/obrana-mzp\/\">P\u0159idejte se tak\u00e9 <\/a><\/div>\n<\/div>\n\n<p>Demonstrace nebyla nam\u00ed\u0159en\u00e1 proti v\u00fdsledku voleb, ty organiz\u00e1to\u0159i i ve\u0159ejnost respektuj\u00ed. C\u00edlem bylo p\u0159ipomenout, \u017ee v \u010dele Ministerstva \u017eivotn\u00edho prost\u0159ed\u00ed m\u00e1 st\u00e1t \u010dlov\u011bk s odbornost\u00ed a respektem k jeho posl\u00e1n\u00ed. V dob\u011b, kdy se \u0159e\u0161\u00ed problemati\u010dt\u00ed kandid\u00e1ti i na jin\u00fdch resortech, zazn\u011bla jasn\u00e1 v\u00fdzva, aby prezident nezapomn\u011bl na ochranu p\u0159\u00edrody a \u017eivotn\u00edho prost\u0159ed\u00ed.<\/p>\n\n<p>Atmosf\u00e9ra na Hrad\u010dansk\u00e9m n\u00e1m\u011bst\u00ed se nesla v duchu nad\u011bje a solidarity. Shrom\u00e1\u017ed\u011bn\u00ed dalo jasn\u011b najevo, \u017ee ve veden\u00ed ministerstva m\u00e1 b\u00fdt odborn\u00edk, kter\u00fd bude p\u0159\u00edrodu chr\u00e1nit, ne prod\u00e1vat t\u011bm, kte\u0159\u00ed nab\u00edzej\u00ed nejv\u00edc pen\u011bz.<\/p>\n\n<p>Boj o Ministerstvo \u017eivotn\u00edho prost\u0159ed\u00ed ale zdaleka nekon\u010d\u00ed. Ve st\u0159edu 22. \u0159\u00edjna se p\u0159id\u00e1 i Brno, kde se chyst\u00e1 dal\u0161\u00ed protest na N\u00e1m\u011bst\u00ed Svobody. Ekologick\u00e9 hnut\u00ed u\u017e te\u010f uk\u00e1zalo, \u017ee je siln\u00e9 a p\u0159ipraven\u00e9 br\u00e1nit p\u0159\u00edrodu i demokracii. A bude to pot\u0159eba.&nbsp;<\/p>\n\n<p><\/p>\n","protected":false},"excerpt":{"rendered":"<p>P\u0159es p\u011bt tis\u00edc lid\u00ed zaplnilo v ned\u011bli Hrad\u010dansk\u00e9 n\u00e1m\u011bst\u00ed. P\u0159i\u0161li br\u00e1nit Ministerstvo \u017eivotn\u00edho prost\u0159ed\u00ed p\u0159ed t\u011bmi, kte\u0159\u00ed pop\u00edraj\u00ed klimatickou krizi a&nbsp; cht\u011bj\u00ed na\u0161i p\u0159\u00edrodu a \u017eivotn\u00ed prost\u0159ed\u00ed ob\u011btovat z\u00e1jm\u016fm zne\u010di\u0161\u0165ovatel\u016f.&hellip;<\/p>\n","protected":false},"author":95,"featured_media":23030,"comment_status":"closed","ping_status":"closed","sticky":false,"template":"","format":"standard","meta":{"ep_exclude_from_search":false,"p4_og_title":"","p4_og_description":"","p4_og_image":"","p4_og_image_id":"","p4_seo_canonical_url":"","p4_campaign_name":"","p4_local_project":"","p4_basket_name":"","p4_department":"","footnotes":""},"categories":[30],"tags":[17,19,20,24,28],"p4-page-type":[16],"class_list":["post-23022","post","type-post","status-publish","format-standard","has-post-thumbnail","hentry","category-greenpeace","tag-lesy-pralesy","tag-ovzdusi","tag-zmena-klimatu","tag-aktivni-spolecnost","tag-uspechy","p4-page-type-clanek"],"_links":{"self":[{"href":"https:\/\/www.greenpeace.org\/czech\/wp-json\/wp\/v2\/posts\/23022","targetHints":{"allow":["GET"]}}],"collection":[{"href":"https:\/\/www.greenpeace.org\/czech\/wp-json\/wp\/v2\/posts"}],"about":[{"href":"https:\/\/www.greenpeace.org\/czech\/wp-json\/wp\/v2\/types\/post"}],"author":[{"embeddable":true,"href":"https:\/\/www.greenpeace.org\/czech\/wp-json\/wp\/v2\/users\/95"}],"replies":[{"embeddable":true,"href":"https:\/\/www.greenpeace.org\/czech\/wp-json\/wp\/v2\/comments?post=23022"}],"version-history":[{"count":2,"href":"https:\/\/www.greenpeace.org\/czech\/wp-json\/wp\/v2\/posts\/23022\/revisions"}],"predecessor-version":[{"id":23050,"href":"https:\/\/www.greenpeace.org\/czech\/wp-json\/wp\/v2\/posts\/23022\/revisions\/23050"}],"wp:featuredmedia":[{"embeddable":true,"href":"https:\/\/www.greenpeace.org\/czech\/wp-json\/wp\/v2\/media\/23030"}],"wp:attachment":[{"href":"https:\/\/www.greenpeace.org\/czech\/wp-json\/wp\/v2\/media?parent=23022"}],"wp:term":[{"taxonomy":"category","embeddable":true,"href":"https:\/\/www.greenpeace.org\/czech\/wp-json\/wp\/v2\/categories?post=23022"},{"taxonomy":"post_tag","embeddable":true,"href":"https:\/\/www.greenpeace.org\/czech\/wp-json\/wp\/v2\/tags?post=23022"},{"taxonomy":"p4-page-type","embeddable":true,"href":"https:\/\/www.greenpeace.org\/czech\/wp-json\/wp\/v2\/p4-page-type?post=23022"}],"curies":[{"name":"wp","href":"https:\/\/api.w.org\/{rel}","templated":true}]}}