{"id":23061,"date":"2025-11-04T10:53:48","date_gmt":"2025-11-04T09:53:48","guid":{"rendered":"https:\/\/www.greenpeace.org\/czech\/?p=23061"},"modified":"2025-11-07T10:59:47","modified_gmt":"2025-11-07T09:59:47","slug":"navrh-vladniho-prohlaseni-planuje-sikanovat-nevladni-organizace-po-vzoru-autoritarskych-rezimu","status":"publish","type":"post","link":"https:\/\/www.greenpeace.org\/czech\/tiskova-zprava\/23061\/navrh-vladniho-prohlaseni-planuje-sikanovat-nevladni-organizace-po-vzoru-autoritarskych-rezimu\/","title":{"rendered":"N\u00e1vrh vl\u00e1dn\u00edho prohl\u00e1\u0161en\u00ed pl\u00e1nuje \u0161ikanovat nevl\u00e1dn\u00ed organizace po vzoru autorit\u00e1\u0159sk\u00fdch re\u017eim\u016f"},"content":{"rendered":"\n<p><strong>N\u00e1vrh programov\u00e9ho prohl\u00e1\u0161en\u00ed obsahuje \u0161ikan\u00f3zn\u00ed n\u00e1vrhy na omezen\u00ed \u010dinnosti nevl\u00e1dn\u00edch organizac\u00ed, jejich financov\u00e1n\u00ed a \u00fa\u010dasti ve spr\u00e1vn\u00edch \u0159\u00edzen\u00edch. Tyto n\u00e1vrhy budouc\u00ed vl\u00e1da prezentuje jako pos\u00edlen\u00ed transparentnosti, ve skute\u010dnosti v\u0161ak kop\u00edruj\u00ed postupy zn\u00e1m\u00e9 z Ma\u010farska, Ruska a Slovenska a sm\u011b\u0159uj\u00ed k oslaben\u00ed ob\u010dansk\u00e9 spole\u010dnosti.&nbsp;&nbsp;<\/strong><\/p>\n\n<p>Asociace ekologick\u00fdch organizac\u00ed<a href=\"https:\/\/zelenykruh.cz\/\"> Zelen\u00fd kruh<\/a> varuje, \u017ee auto\u0159i n\u00e1vrhu vl\u00e1dn\u00edho prohl\u00e1\u0161en\u00ed neusiluj\u00ed o transparentnost, ale o uml\u010den\u00ed t\u011bch, kdo ji kontroluj\u00ed a p\u0159ipom\u00ednkuj\u00ed jej\u00ed z\u00e1m\u011bry a n\u00e1vrhy. Po\u017eadovan\u00e1 pravidla pro zve\u0159ej\u0148ov\u00e1n\u00ed financov\u00e1n\u00ed u\u017e p\u0159itom v \u010desk\u00e9m pr\u00e1vn\u00edm syst\u00e9mu d\u00e1vno existuj\u00ed \u2013 informace o financov\u00e1n\u00ed projekt\u016f jsou ve\u0159ejn\u011b dostupn\u00e9 ve v\u00fdro\u010dn\u00edch zpr\u00e1v\u00e1ch, ve <a href=\"https:\/\/or.justice.cz\/ias\/ui\/rejstrik\">spolkov\u00e9m rejst\u0159\u00edku<\/a> \u010di registru smluv.&nbsp;<\/p>\n\n<p>N\u00e1vrh vznikaj\u00edc\u00ed vl\u00e1dy tak vych\u00e1z\u00ed bu\u010f z neznalosti nebo ze snahy zt\u00ed\u017eit \u010dinnost organizac\u00edm, kter\u00e9 h\u00e1j\u00ed ve\u0159ejn\u00fd z\u00e1jem. Pos\u00edlen\u00ed transparentnosti v nakl\u00e1d\u00e1n\u00ed s ve\u0159ejn\u00fdmi prost\u0159edky v\u00edt\u00e1me, mus\u00ed v\u0161ak b\u00fdt aplikov\u00e1no v\u016f\u010di v\u0161em p\u0159\u00edjemc\u016fm ve\u0159ejn\u00fdch prost\u0159edk\u016f stejn\u011b. Nap\u0159\u00edklad u hlavn\u00edch p\u0159\u00edjemc\u016f dotac\u00ed \u2013 fosiln\u00edch korporac\u00ed a velk\u00fdch podnik\u016f je v sou\u010dasnosti kontrola nakl\u00e1d\u00e1n\u00ed s ve\u0159ejn\u00fdmi prost\u0159edky zcela nedostate\u010dn\u00e1.<\/p>\n\n<p>Pl\u00e1ny vznikaj\u00edc\u00ed vl\u00e1dy, popsan\u00e9 v n\u00e1vrhu programov\u00e9ho prohl\u00e1\u0161en\u00ed, p\u0159edstavuj\u00ed p\u0159\u00edm\u00fd \u00fatok na pr\u00e1va ob\u010dan\u016f a ob\u010danskou spole\u010dnost. Ohro\u017euj\u00ed p\u0159\u00edstup ke spravedlnosti, zdrav\u00e9mu \u017eivotn\u00edmu prost\u0159ed\u00ed a svobod\u011b vzd\u011bl\u00e1v\u00e1n\u00ed, kter\u00e9 podporuje kritick\u00e9 my\u0161len\u00ed. N\u00e1vrh programov\u00e9ho prohl\u00e1\u0161en\u00ed toti\u017e ve skute\u010dnosti:<\/p>\n\n<ul class=\"wp-block-list\">\n<li>Vytv\u00e1\u0159\u00ed novou byrokratickou z\u00e1t\u011b\u017e, kter\u00e1 bude paralyzovat \u010dinnost organizac\u00ed a povede ke zv\u00fd\u0161en\u00fdm n\u00e1klad\u016fm na st\u00e1tn\u00ed spr\u00e1vu.<\/li>\n\n\n\n<li>Znesnad\u0148uje ob\u010dan\u016fm pod\u00edlet se na spr\u00e1v\u011b v\u011bc\u00ed ve\u0159ejn\u00fdch.<\/li>\n\n\n\n<li>Omezuje financov\u00e1n\u00ed t\u011bch, kte\u0159\u00ed dohl\u00ed\u017eej\u00ed na dodr\u017eov\u00e1n\u00ed z\u00e1kon\u016f a br\u00e1n\u00ed ob\u011bti bezpr\u00e1v\u00ed.<\/li>\n\n\n\n<li>Odn\u00edm\u00e1 \u0161kol\u00e1m expertn\u00ed programy a omezuje rozvoj kritick\u00e9ho my\u0161len\u00ed.<\/li>\n\n\n\n<li>Zav\u00e1d\u00ed ostrakizaci ve stylu rusk\u00e9ho z\u00e1kona o zahrani\u010dn\u00edch agentech.<\/li>\n<\/ul>\n\n<p><strong>Poru\u0161en\u00ed mezin\u00e1rodn\u00edch z\u00e1vazk\u016f<\/strong><\/p>\n\n<p>\u010cesk\u00e1 republika se na mezin\u00e1rodn\u00ed \u00farovni zav\u00e1zala k ochran\u011b pr\u00e1v ob\u010dan\u016f a jejich \u00fa\u010dasti na ve\u0159ejn\u00e9m \u017eivot\u011b.<a href=\"https:\/\/arnika.org\/zahranici\/arnika-ve-svete\/mezinarodni-umluvy\/aarhuska-umluva\"> Aarhusk\u00e1 \u00famluva<\/a>, kter\u00e1 je sou\u010d\u00e1st\u00ed \u010desk\u00e9ho pr\u00e1vn\u00edho \u0159\u00e1du, garantuje v oblasti \u017eivotn\u00edho prost\u0159ed\u00ed ob\u010dan\u016fm pr\u00e1vo na informace, \u00fa\u010dast na rozhodov\u00e1n\u00ed o \u017eivotn\u00edm prost\u0159ed\u00ed a pr\u00e1vo obr\u00e1tit se na soud, pokud maj\u00ed podez\u0159en\u00ed na poru\u0161en\u00ed z\u00e1kona.<\/p>\n\n<p>Pokusy o zvl\u00e1\u0161tn\u00ed ozna\u010dov\u00e1n\u00ed nevl\u00e1dn\u00edch organizac\u00ed na z\u00e1klad\u011b jejich financov\u00e1n\u00ed (\u201efinancovan\u00e9 ze zahrani\u010d\u00ed&#8220;) jsou v p\u0159\u00edm\u00e9m rozporu s evropsk\u00fdm pr\u00e1vem a byly opakovan\u011b kritizov\u00e1ny Soudn\u00edm dvorem EU, zejm\u00e9na v p\u0159\u00edpadech proti Ma\u010farsku.&nbsp; Jde o poru\u0161en\u00ed voln\u00e9ho pohybu kapit\u00e1lu, kter\u00fdm jsou i dary. Ma\u010farsk\u00fd \u2013 a nov\u011b i \u010desk\u00fd \u2013 p\u0159\u00edklad je zjevn\u011b inspirov\u00e1n rusk\u00fdm z\u00e1konem o zahrani\u010dn\u00edch agentech. Za ne\u017e\u00e1douc\u00ed byly rusk\u00fdm re\u017eimem ozna\u010deny stovky subjekt\u016f \u2013 mimo jin\u00e9 organizace \u010clov\u011bk v t\u00edsni, WWF, Greenpeace, Transparency International, nebo \u0159ada nez\u00e1visl\u00fdch m\u00e9di\u00ed, v\u010detn\u011b Report\u00e9r\u016f bez hranic \u010di R\u00e1dia Svobodn\u00e1 Evropa.<\/p>\n\n<p><em>\u201eAarhusk\u00e1 \u00famluva nen\u00ed nez\u00e1vazn\u00e1 deklarace, naopak je z\u00e1vaznou mezin\u00e1rodn\u00ed smlouvou. Pokud nov\u00e1 vl\u00e1da omez\u00ed nevl\u00e1dn\u00edm organizac\u00edm p\u0159\u00edstup do \u0159\u00edzen\u00ed, kde se rozhoduje o projektech s v\u00fdznamn\u00fdm dopadem na \u017eivotn\u00ed prost\u0159ed\u00ed, poru\u0161\u00ed t\u00edm z\u00e1vazky, kter\u00e9 na sebe \u010cesk\u00e1 republika vzala. Sou\u010d\u00e1st\u00ed \u00famluvy je tak\u00e9 povinnost st\u00e1tu chr\u00e1nit obr\u00e1nce \u017eivotn\u00edho prost\u0159ed\u00ed p\u0159ed pron\u00e1sledov\u00e1n\u00edm. Ve\u0159ejn\u00e1 dehonestace a povinnost ozna\u010dovat se za zahrani\u010dn\u00ed agenty pat\u0159\u00ed mezi metody perzekuc\u00ed. Jde o prvn\u00ed kroky systematick\u00e9 snahy o omezov\u00e1n\u00ed pr\u00e1va ob\u010dan\u016f h\u00e1jit sv\u00e9 \u017eivotn\u00ed prost\u0159ed\u00ed a zdrav\u00ed,&#8220;<\/em> \u0159\u00edk\u00e1 Martin Skalsk\u00fd z Arniky.<\/p>\n\n<p><strong>Oso\u010dov\u00e1n\u00ed ob\u010dan\u016f a ob\u010danek usiluj\u00edc\u00edch o zlep\u0161en\u00ed sv\u00e9ho okol\u00ed<\/strong><\/p>\n\n<p><em>\u201eTerm\u00edn \u201epolitick\u00fd aktivismus&#8220; je pou\u017e\u00edv\u00e1n pejorativn\u011b ve snaze o\u010dernit ob\u010dany a ob\u010danky, kte\u0159\u00ed nejsou lhostejn\u00ed k d\u011bn\u00ed ve spole\u010dnosti. \u00dalohou nevl\u00e1dn\u00edch a ob\u010dansk\u00fdch organizac\u00ed je mimo jin\u00e9 navrhovat zlep\u0161en\u00ed v z\u00e1konech, upozor\u0148ovat na syst\u00e9mov\u00e9 chyby a p\u0159in\u00e1\u0161et do ve\u0159ejn\u00e9 diskuse nov\u00e1 t\u00e9mata. Aktu\u00e1ln\u00ed n\u00e1vrh\u00a0 m\u00e1 za c\u00edl redukovat ve\u0159ejnou anga\u017eovanost na pouhou \u00fa\u010dast ve volb\u00e1ch,<\/em>\u201d uvedla \u0159editelka Zelen\u00e9ho kruhu Petra Kol\u00ednsk\u00e1.<\/p>\n\n<p>Environment\u00e1ln\u00ed organizace sleduj\u00ed mimo jin\u00e9 dodr\u017eov\u00e1n\u00ed z\u00e1kon\u016f na ochranu p\u0159\u00edrody, krajiny a zdrav\u00ed. N\u00e1vrh vl\u00e1dn\u00edho prohl\u00e1\u0161en\u00ed ale nepokryt\u011b usiluje o eliminaci ve\u0159ejn\u00e9 kontroly nad velk\u00fdmi zne\u010di\u0161\u0165ovateli, t\u011b\u017ea\u0159i, v\u00fdrobci potravin a dodr\u017eov\u00e1n\u00edm opat\u0159en\u00ed proti t\u00fdr\u00e1n\u00ed zv\u00ed\u0159at. B\u011b\u017en\u00ed ob\u010dan\u00e9 nebo mal\u00e9 obce si \u010dasto nemohou dovolit investovat sv\u016fj \u010das a finan\u010dn\u00ed prost\u0159edky, aby p\u0159ed soudem br\u00e1nili sv\u00e1 pr\u00e1va v\u016f\u010di velk\u00fdm korporac\u00edm nebo br\u00e1nili sv\u00e9 pr\u00e1vo na p\u0159\u00edzniv\u00e9 \u017eivotn\u00ed prost\u0159ed\u00ed v povolovac\u00edch \u0159\u00edzen\u00edch. Ekologick\u00e9 nevl\u00e1dn\u00ed organizace poskytuj\u00ed lidem, kte\u0159\u00ed chr\u00e1n\u00ed sv\u016fj domov, \u010distou vodu a zdrav\u00e9 prost\u0159ed\u00ed, pr\u00e1vn\u00ed pomoc a odborn\u00e9 zast\u00e1n\u00ed.&nbsp;<\/p>\n\n<p><em><em>\u201e<\/em>Jsou to pr\u00e1v\u011b nevl\u00e1dn\u00ed organizace, kter\u00e9 v praxi testuj\u00ed a realizuj\u00ed projekty na zadr\u017eov\u00e1n\u00ed vody v krajin\u011b, zaji\u0161\u0165uj\u00ed v\u00fdsadbu alej\u00ed nebo n\u00e1vrat \u017eivota do \u0159ek. Pokud je budouc\u00ed vl\u00e1da za\u010dne dehonestovat, vzd\u00e1v\u00e1 se spolupr\u00e1ce s mno\u017estv\u00edm odborn\u00edk\u016f, kte\u0159\u00ed st\u00e1tn\u00ed spr\u00e1v\u011b efektivn\u011b pom\u00e1haj\u00ed \u0159e\u0161it praktick\u00e9 ekologick\u00e9 probl\u00e9my,\u201d<\/em> uvedla Zuzana Lenhartov\u00e1, \u0159editelka Hnut\u00ed DUHA.<\/p>\n\n<p><strong>Kontakty:<\/strong><\/p>\n\n<p>Petra Kol\u00ednsk\u00e1, \u0159editelka Zelen\u00e9ho kruhu;<a href=\"mailto:petra.kolinska@zelenykruh.cz\"> petra.kolinska@zelenykruh.cz<\/a><\/p>\n\n<p>Zuzana Lenhartov\u00e1, \u0159editelka Hnut\u00ed DUHA, <a href=\"mailto:zuzana.lenhartova@hnutiduha.cz\">zuzana.lenhartova@hnutiduha.cz<\/a>&nbsp;<\/p>\n\n<p>Zden\u011bk Vermouzek, \u0159editel \u010cesk\u00e9 spole\u010dnosti ornitologick\u00e9,<a href=\"mailto:verm@birdlife.cz\"> verm@birdlife.cz<\/a><\/p>\n\n<p>Karol\u00edna Brabcov\u00e1, \u010dlenka v\u00fdkonn\u00e9 rady Arniky, <a href=\"mailto:karolina.brabcova@arnika.org\">karolina.brabcova@arnika.org<\/a><\/p>\n\n<p>Eva Pernicov\u00e1, tiskov\u00e1 mluv\u010d\u00ed Hnut\u00ed DUHA, <a href=\"mailto:eva.pernicova@hnutiduha.cz\">eva.pernicova@hnutiduha.cz<\/a><\/p>\n\n<p>Lubo\u0161 Pavlovi\u010d, tiskov\u00fd mluv\u010d\u00ed Arniky, <a href=\"mailto:lubos.pavlovic@arnika.org\">lubos.pavlovic@arnika.org<\/a>, 606 727 942<\/p>\n\n<p>Ond\u0159ej Mirovsk\u00fd, \u0159editel Centra pro dopravu a energetiku,&nbsp; <a href=\"mailto:ondrej.mirovsky@cde-org.cz\">ondrej.mirovsky@cde-org.cz<\/a><\/p>\n\n<p>Ji\u0159\u00ed Dlouh\u00fd, p\u0159edseda Spole\u010dnosti pro trvale udr\u017eiteln\u00fd \u017eivot, <a href=\"mailto:predseda@stuz.cz\">predseda@stuz.cz&nbsp;<\/a><\/p>\n\n<p>Krist\u00fdna Fey Dob\u0161\u00ednsk\u00e1, koordin\u00e1torka medi\u00e1ln\u00ed komunikace NESEHNUT\u00cd, <a href=\"mailto:kristynad@nesehnuti.cz\">kristynad@nesehnuti.cz<\/a>, 605 239 579<\/p>\n\n<p>Petr Winkler, programov\u00fd \u0159editel Greenpeace \u010cR, <a href=\"mailto:petr.winkler@greenpeace.org\">petr.winkler@greenpeace.org<\/a>, 734 620 841<\/p>\n\n<p>&#8212;&#8212;&#8212;&#8212;&#8212;&#8212;&#8212;&#8212;&#8212;&#8212;&#8212;&#8212;&#8211;<\/p>\n\n<p>Zelen\u00fd kruh je asociace ob\u010dansk\u00fdch organizac\u00ed\/ spolk\u016f v \u010cesk\u00e9 republice, kter\u00e1 se od roku 1989 zasazuje o ochranu a zlep\u0161en\u00ed kvality \u017eivotn\u00edho prost\u0159ed\u00ed. \u0158ada \u010dlensk\u00fdch organizac\u00ed p\u016fsob\u00ed na mezin\u00e1rodn\u00ed \u00farovni, jin\u00e9 se zam\u011b\u0159uj\u00ed na \u00farove\u0148 n\u00e1rodn\u00ed a mnoh\u00e9 organizace jsou aktivn\u00ed zejm\u00e9na v region\u00e1ln\u00edch \u010di lok\u00e1ln\u00edch projektech.<\/p>\n\n<p>Zelen\u00fd kruh pr\u016fb\u011b\u017en\u011b sleduje a ovliv\u0148ujeme p\u0159\u00edpravu legislativy a politik v oblasti \u017eivotn\u00edho prost\u0159ed\u00ed, a to s d\u016frazem na mezioborov\u00fd p\u0159\u00edstup. P\u0159i prosazov\u00e1n\u00ed princip\u016f udr\u017eitelnosti a spole\u010densk\u00e9 odpov\u011bdnosti spolupracujeme s ve\u0159ejnou spr\u00e1vou, vysok\u00fdmi \u0161kolami i soukrom\u00fdm sektorem<\/p>\n\n<p>Zelen\u00fd kruh se dlouhodob\u011b zab\u00fdv\u00e1 osv\u011btou t\u00fdkaj\u00edc\u00ed se zapojov\u00e1n\u00ed ve\u0159ejnosti do rozhodov\u00e1n\u00ed o strategi\u00edch, z\u00e1m\u011brech a projektech s dopadem na \u017eivotn\u00ed prost\u0159ed\u00ed.<\/p>\n\n<p>V\u00edce na <a href=\"http:\/\/www.zelenykruh.cz\">www.zelenykruh.cz<\/a><\/p>\n","protected":false},"excerpt":{"rendered":"<p>N\u00e1vrh programov\u00e9ho prohl\u00e1\u0161en\u00ed obsahuje \u0161ikan\u00f3zn\u00ed n\u00e1vrhy na omezen\u00ed \u010dinnosti nevl\u00e1dn\u00edch organizac\u00ed, jejich financov\u00e1n\u00ed a \u00fa\u010dasti ve spr\u00e1vn\u00edch \u0159\u00edzen\u00edch. Tyto n\u00e1vrhy budouc\u00ed vl\u00e1da prezentuje jako pos\u00edlen\u00ed transparentnosti, ve skute\u010dnosti v\u0161ak kop\u00edruj\u00ed&hellip;<\/p>\n","protected":false},"author":95,"featured_media":23006,"comment_status":"closed","ping_status":"closed","sticky":false,"template":"","format":"standard","meta":{"ep_exclude_from_search":false,"p4_og_title":"","p4_og_description":"","p4_og_image":"","p4_og_image_id":"","p4_seo_canonical_url":"","p4_campaign_name":"","p4_local_project":"","p4_basket_name":"","p4_department":"","footnotes":""},"categories":[1],"tags":[24],"p4-page-type":[14],"class_list":["post-23061","post","type-post","status-publish","format-standard","has-post-thumbnail","hentry","category-nezarazeno","tag-aktivni-spolecnost","p4-page-type-tiskova-zprava"],"_links":{"self":[{"href":"https:\/\/www.greenpeace.org\/czech\/wp-json\/wp\/v2\/posts\/23061","targetHints":{"allow":["GET"]}}],"collection":[{"href":"https:\/\/www.greenpeace.org\/czech\/wp-json\/wp\/v2\/posts"}],"about":[{"href":"https:\/\/www.greenpeace.org\/czech\/wp-json\/wp\/v2\/types\/post"}],"author":[{"embeddable":true,"href":"https:\/\/www.greenpeace.org\/czech\/wp-json\/wp\/v2\/users\/95"}],"replies":[{"embeddable":true,"href":"https:\/\/www.greenpeace.org\/czech\/wp-json\/wp\/v2\/comments?post=23061"}],"version-history":[{"count":1,"href":"https:\/\/www.greenpeace.org\/czech\/wp-json\/wp\/v2\/posts\/23061\/revisions"}],"predecessor-version":[{"id":23062,"href":"https:\/\/www.greenpeace.org\/czech\/wp-json\/wp\/v2\/posts\/23061\/revisions\/23062"}],"wp:featuredmedia":[{"embeddable":true,"href":"https:\/\/www.greenpeace.org\/czech\/wp-json\/wp\/v2\/media\/23006"}],"wp:attachment":[{"href":"https:\/\/www.greenpeace.org\/czech\/wp-json\/wp\/v2\/media?parent=23061"}],"wp:term":[{"taxonomy":"category","embeddable":true,"href":"https:\/\/www.greenpeace.org\/czech\/wp-json\/wp\/v2\/categories?post=23061"},{"taxonomy":"post_tag","embeddable":true,"href":"https:\/\/www.greenpeace.org\/czech\/wp-json\/wp\/v2\/tags?post=23061"},{"taxonomy":"p4-page-type","embeddable":true,"href":"https:\/\/www.greenpeace.org\/czech\/wp-json\/wp\/v2\/p4-page-type?post=23061"}],"curies":[{"name":"wp","href":"https:\/\/api.w.org\/{rel}","templated":true}]}}