{"id":23166,"date":"2025-11-27T12:46:20","date_gmt":"2025-11-27T11:46:20","guid":{"rendered":"https:\/\/www.greenpeace.org\/czech\/?p=23166"},"modified":"2025-11-27T12:46:24","modified_gmt":"2025-11-27T11:46:24","slug":"nominaci-filipa-turka-vznikajici-vlada-naznacuje-ze-ji-na-ochrane-prirody-a-zivotniho-prostredi-nezalezi","status":"publish","type":"post","link":"https:\/\/www.greenpeace.org\/czech\/tiskova-zprava\/23166\/nominaci-filipa-turka-vznikajici-vlada-naznacuje-ze-ji-na-ochrane-prirody-a-zivotniho-prostredi-nezalezi\/","title":{"rendered":"Nominac\u00ed Filipa Turka vznikaj\u00edc\u00ed vl\u00e1da nazna\u010duje, \u017ee j\u00ed na ochran\u011b p\u0159\u00edrody a \u017eivotn\u00edho prost\u0159ed\u00ed nez\u00e1le\u017e\u00ed"},"content":{"rendered":"\n<p><a href=\"https:\/\/www.reflex.cz\/clanek\/zpravy\/133092\/babis-predstavil-nominanty-na-ministry-stale-je-mezi-nimi-turek.html\">Andrej Babi\u0161 dnes p\u0159edal prezidentu Petru Pavlovi seznam nominant\u016f na ministersk\u00e1 k\u0159esla. <\/a>Nov\u011b m\u00e1 Ministerstvo \u017eivotn\u00edho prost\u0159ed\u00ed p\u0159ipadnout Filipu Turkovi m\u00edsto p\u016fvodn\u011b navrhovan\u00e9ho Petra Macinky. V \u017e\u00e1dn\u00e9m p\u0159\u00edpad\u011b ale nejde o lep\u0161\u00ed \u0159e\u0161en\u00ed pro ochranu p\u0159\u00edrody ani lid\u00ed. Vznikaj\u00edc\u00ed vl\u00e1da t\u00edm vytv\u00e1\u0159\u00ed dojem, \u017ee pouze p\u0159esouv\u00e1 <a href=\"https:\/\/www.idnes.cz\/zpravy\/domaci\/vlada-rosada-ministerstva-filip-turek-petr-macinka.A251126_123521_domaci_chtl\">nepohodln\u00e9ho politika na post, kter\u00fd sama pova\u017euje za m\u00e9n\u011b d\u016fle\u017eit\u00fd.<\/a><\/p>\n\n<p>Greenpeace \u010cesk\u00e1 republika dlouhodob\u011b poukazuje na to, \u017ee Motorist\u00e9 p\u0159edstavuj\u00ed pro veden\u00ed tohoto resortu z\u00e1sadn\u00ed riziko: jejich program i z\u00e1jmy jsou v p\u0159\u00edm\u00e9m rozporu s ochranou p\u0159\u00edrody, klimatu a ve\u0159ejn\u00e9ho zdrav\u00ed. Nominace jak\u00e9hokoli z\u00e1stupce t\u00e9to strany ohro\u017euje schopnost ministerstva plnit sv\u00e9 z\u00e1kladn\u00ed posl\u00e1n\u00ed.<\/p>\n\n<p><em>\u201eTo, \u017ee se ministrem \u017eivotn\u00edho prost\u0159ed\u00ed m\u00e1 st\u00e1t z\u00e1stupce Motorist\u016f \u2013 a\u0165 u\u017e Petr Macinka nebo Filip Turek \u2013 znamen\u00e1 p\u0159\u00edm\u00e9 ohro\u017een\u00ed ochrany p\u0159\u00edrody v \u010cesk\u00e9 republice. V tomto ohledu se nic nem\u011bn\u00ed. Strana, kter\u00e1 odm\u00edt\u00e1 obnoviteln\u00e9 zdroje, chce ru\u0161it ekologick\u00e9 dotace a oslabovat pravidla chr\u00e1n\u00edc\u00ed klima a krajinu, nem\u016f\u017ee v\u00e9st resort, jeho\u017e \u00fakolem je h\u00e1jit zdrav\u00e9 prost\u0159ed\u00ed pro lidi a p\u0159\u00edrodu. Ministerstvo \u017eivotn\u00edho prost\u0159ed\u00ed mus\u00ed \u0159\u00eddit n\u011bkdo, kdo ch\u00e1pe jeho posl\u00e1n\u00ed a stav\u00ed se za ochranu klimatu, vody, krajiny a zdrav\u00ed lid\u00ed, ne n\u011bkdo, kdo v ochran\u011b \u017eivotn\u00edho prost\u0159ed\u00ed vid\u00ed nep\u0159\u00edtele. Pokud je nep\u0159ijateln\u00e9, aby byl Filip Turek ministrem zahrani\u010d\u00ed, nem\u016f\u017ee st\u00e1t ani v \u010dele Ministerstva \u017eivotn\u00edho prost\u0159ed\u00ed,\u201c <\/em><strong>\u0159\u00edk\u00e1 vedouc\u00ed energetick\u00e9 kampan\u011b Greenpeace \u010cR Jaroslav Bican.<\/strong>&nbsp;<\/p>\n\n<p>Krom\u011b problematick\u00fdch postoj\u016f k v\u011bdeck\u00fdm fakt\u016fm maj\u00ed Motorist\u00e9 tak\u00e9 <a href=\"https:\/\/www.irozhlas.cz\/zpravy-domov\/s-motoristy-na-zivotnim-prostredi-hrozi-lobbisticke-vazby-uhli-a-vekslacke_2511201100_jgr\">vazby na uheln\u00fd byznys<\/a> a sporn\u00e9 sponzory. Pat\u0159\u00ed mezi n\u011b nap\u0159\u00edklad <a href=\"https:\/\/www.greenpeace.org\/czech\/tiskova-zprava\/22998\/zajmy-motoristu-jsou-v-primem-rozporu-se-zajmy-prirody\/?_gl=1*6i1kqj*_up*MQ..*_ga*MzczNDc0MDIyLjE3NjQxNjYwNTU.*_ga_N2S28V079G*czE3NjQxNjYwNTUkbzEkZzAkdDE3NjQxNjYwNjAkajU1JGwwJGgxMzM3NDE4MTIz*_ga_PDBCKE9F4G*czE3NjQxNjYwNTgkbzEkZzEkdDE3NjQxNjYwNjAkajU4JGwwJGgw*_ga_0CCB1GTVV6*czE3NjQxNjYwNTgkbzEkZzEkdDE3NjQxNjYwNjEkajU3JGwwJGgw\">Franti\u0161ek Fabi\u010dovic, kter\u00fd usiluje o zru\u0161en\u00ed CHKO Soutok, jednoho z nejcenn\u011bj\u0161\u00edch \u00fazem\u00ed \u010desk\u00e9 p\u0159\u00edrody, je\u017e m\u00e1 Ministerstvo \u017eivotn\u00edho prost\u0159ed\u00ed naopak chr\u00e1nit.<\/a> Jde o z\u00e1va\u017en\u00fd st\u0159et z\u00e1jm\u016f, vystupov\u00e1n\u00ed Motorist\u016f a jejich program toti\u017e m\u00ed\u0159\u00ed proti samotn\u00e9mu posl\u00e1n\u00ed resortu.<\/p>\n\n<p>Nominace Filipa Turka na funkci ministra \u017eivotn\u00edho prost\u0159ed\u00ed i p\u0159es to, \u017ee <a href=\"https:\/\/www.respekt.cz\/politika\/prezident-pro-respekt-pokud-jsou-turkovy-posty-autenticke-podle-me-ho-to-diskvalifikuje-z-jakekoli-ministerske-pozice?srsltid=AfmBOorr0LZePOtCY8CKaq3g_6aCRLcZ1PkQv7D1fDP7K9G0h5SST2n9\">prezident ozna\u010dil jeho postoje za neslu\u010diteln\u00e9 s v\u00fdkonem funkce ministra,<\/a> ukazuje, \u017ee Motorist\u00e9 a \u010d\u00e1st vznikaj\u00edc\u00ed vl\u00e1dy pova\u017euj\u00ed resort za m\u00e9n\u011b v\u00fdznamn\u00fd. Ministerstvo \u017eivotn\u00edho prost\u0159ed\u00ed je ale kl\u00ed\u010dov\u00e9 pro budoucnost zem\u011b. <a href=\"https:\/\/www.greenpeace.org\/czech\/tiskova-zprava\/23013\/tisice-lidi-se-postavily-za-zachranu-ministerstva-zivotniho-prostredi-prezidenta-vyzvali-k-odmitnuti-kandidatu-motoristu\/?_gl=1*yxnqkx*_up*MQ..*_ga*MzczNDc0MDIyLjE3NjQxNjYwNTU.*_ga_N2S28V079G*czE3NjQxNjkxMDUkbzIkZzAkdDE3NjQxNjkxMTEkajU0JGwwJGgxNzE4ODA1OTM.*_ga_PDBCKE9F4G*czE3NjQxNjkxMDUkbzIkZzEkdDE3NjQxNjkxMTEkajU0JGwwJGgw*_ga_0CCB1GTVV6*czE3NjQxNjkxMDUkbzIkZzEkdDE3NjQxNjkxMTEkajU0JGwwJGgw\">Tis\u00edce lid\u00ed to jasn\u011b vyj\u00e1d\u0159ily b\u011bhem demonstrac\u00ed<\/a>, <a href=\"https:\/\/podpora.greenpeace.cz\/obrana-mzp\/\">podeps\u00e1n\u00edm petice <\/a>i pos\u00edl\u00e1n\u00edm dopis\u016f prezidentovi. P\u0159\u00edroda, \u017eivotn\u00ed prost\u0159ed\u00ed a na\u0161e budoucnost nejsou na prodej a nejsou okrajovou z\u00e1le\u017eitost\u00ed. Budouc\u00ed vl\u00e1da podle toho mus\u00ed jednat.&nbsp;<\/p>\n\n<p>Greenpeace \u010cesk\u00e1 republika proto vyz\u00fdv\u00e1 prezidenta Petra Pavla, aby Filipa Turka do \u010dela Ministerstva \u017eivotn\u00edho prost\u0159ed\u00ed nejmenoval a d\u016fsledn\u011b trval na sv\u00e9m stanovisku, \u017ee pro v\u00fdkon jak\u00e9koli ministersk\u00e9 funkce nen\u00ed vhodn\u00fd.<\/p>\n","protected":false},"excerpt":{"rendered":"<p>Andrej Babi\u0161 dnes p\u0159edal prezidentu Petru Pavlovi seznam nominant\u016f na ministersk\u00e1 k\u0159esla. Nov\u011b m\u00e1 Ministerstvo \u017eivotn\u00edho prost\u0159ed\u00ed p\u0159ipadnout Filipu Turkovi m\u00edsto p\u016fvodn\u011b navrhovan\u00e9ho Petra Macinky. V \u017e\u00e1dn\u00e9m p\u0159\u00edpad\u011b ale nejde&hellip;<\/p>\n","protected":false},"author":95,"featured_media":23045,"comment_status":"closed","ping_status":"closed","sticky":false,"template":"","format":"standard","meta":{"ep_exclude_from_search":false,"p4_og_title":"","p4_og_description":"","p4_og_image":"","p4_og_image_id":"","p4_seo_canonical_url":"","p4_campaign_name":"","p4_local_project":"","p4_basket_name":"","p4_department":"","footnotes":""},"categories":[30],"tags":[20,24,25],"p4-page-type":[14],"class_list":["post-23166","post","type-post","status-publish","format-standard","has-post-thumbnail","hentry","category-greenpeace","tag-zmena-klimatu","tag-aktivni-spolecnost","tag-konec-doby-fosilni","p4-page-type-tiskova-zprava"],"_links":{"self":[{"href":"https:\/\/www.greenpeace.org\/czech\/wp-json\/wp\/v2\/posts\/23166","targetHints":{"allow":["GET"]}}],"collection":[{"href":"https:\/\/www.greenpeace.org\/czech\/wp-json\/wp\/v2\/posts"}],"about":[{"href":"https:\/\/www.greenpeace.org\/czech\/wp-json\/wp\/v2\/types\/post"}],"author":[{"embeddable":true,"href":"https:\/\/www.greenpeace.org\/czech\/wp-json\/wp\/v2\/users\/95"}],"replies":[{"embeddable":true,"href":"https:\/\/www.greenpeace.org\/czech\/wp-json\/wp\/v2\/comments?post=23166"}],"version-history":[{"count":1,"href":"https:\/\/www.greenpeace.org\/czech\/wp-json\/wp\/v2\/posts\/23166\/revisions"}],"predecessor-version":[{"id":23167,"href":"https:\/\/www.greenpeace.org\/czech\/wp-json\/wp\/v2\/posts\/23166\/revisions\/23167"}],"wp:featuredmedia":[{"embeddable":true,"href":"https:\/\/www.greenpeace.org\/czech\/wp-json\/wp\/v2\/media\/23045"}],"wp:attachment":[{"href":"https:\/\/www.greenpeace.org\/czech\/wp-json\/wp\/v2\/media?parent=23166"}],"wp:term":[{"taxonomy":"category","embeddable":true,"href":"https:\/\/www.greenpeace.org\/czech\/wp-json\/wp\/v2\/categories?post=23166"},{"taxonomy":"post_tag","embeddable":true,"href":"https:\/\/www.greenpeace.org\/czech\/wp-json\/wp\/v2\/tags?post=23166"},{"taxonomy":"p4-page-type","embeddable":true,"href":"https:\/\/www.greenpeace.org\/czech\/wp-json\/wp\/v2\/p4-page-type?post=23166"}],"curies":[{"name":"wp","href":"https:\/\/api.w.org\/{rel}","templated":true}]}}