{"id":23319,"date":"2025-12-29T14:26:15","date_gmt":"2025-12-29T13:26:15","guid":{"rendered":"https:\/\/www.greenpeace.org\/czech\/?p=23319"},"modified":"2025-12-29T14:27:59","modified_gmt":"2025-12-29T13:27:59","slug":"pomahali-jste-menit-budoucnost-planety-i-v-roce-2025-dekujeme","status":"publish","type":"post","link":"https:\/\/www.greenpeace.org\/czech\/clanek\/23319\/pomahali-jste-menit-budoucnost-planety-i-v-roce-2025-dekujeme\/","title":{"rendered":"Pom\u00e1hali jste m\u011bnit budoucnost planety i v roce 2025. D\u011bkujeme!"},"content":{"rendered":"\n<p><strong>Rok 2025 byl pln\u00fd ud\u00e1lost\u00ed, kter\u00e9 uk\u00e1zaly, \u017ee p\u00e9\u010de o p\u0159\u00edrodu p\u0159in\u00e1\u0161\u00ed konkr\u00e9tn\u00ed v\u00fdsledky. Spole\u010dn\u011b s v\u00e1mi jsme dok\u00e1zali ovlivnit rozhodov\u00e1n\u00ed \u00fa\u0159ad\u016f i firem a upozornit na v\u011bci, kter\u00e9 se n\u00e1s v\u0161ech dot\u00fdkaj\u00ed \u2013 ovzdu\u0161\u00ed, lesy i \u017eivotn\u00ed prost\u0159ed\u00ed kolem n\u00e1s. D\u011bkujeme ka\u017ed\u00e9mu, kdo se jakkoli zapojil. Bez v\u00e1s bychom n\u00e1sleduj\u00edc\u00edch \u00fasp\u011bch\u016f nedos\u00e1hli.<\/strong><\/p>\n\n<p><\/p>\n\n<p>Na konci roku, kdy do veden\u00ed Ministerstva \u017eivotn\u00edho prost\u0159ed\u00ed usedl Petr Macinka ze strany Motorist\u00e9 sob\u011b, jsme spolu s v\u00e1mi  p\u0159ipomn\u011bli, \u017ee ochrana p\u0159\u00edrody se t\u00fdk\u00e1 ka\u017ed\u00e9ho z n\u00e1s. V\u00edce ne\u017e 35 tis\u00edc lid\u00ed podepsalo na\u0161i v\u00fdzvu, dal\u0161\u00ed tis\u00edce p\u0159i\u0161ly na demonstrace a p\u0159\u00edm\u00e1 akce, kdy aktivistky a aktivist\u00e9 vyv\u011bsili na budovu M\u017dP transparent \u201eBra\u0148me p\u0159\u00edrodu\u201c si mimo jin\u00e9 z\u00edskala velkou medi\u00e1ln\u00ed pozornost.\u00a0<\/p>\n\n<figure class=\"wp-block-image size-large\"><img loading=\"lazy\" decoding=\"async\" width=\"1024\" height=\"682\" src=\"https:\/\/www.greenpeace.org\/static\/planet4-czech-republic-stateless\/2025\/12\/af87b11b-obraza-mzp-1024x682.jpeg\" alt=\"\" class=\"wp-image-23222\" srcset=\"https:\/\/www.greenpeace.org\/static\/planet4-czech-republic-stateless\/2025\/12\/af87b11b-obraza-mzp-1024x682.jpeg 1024w, https:\/\/www.greenpeace.org\/static\/planet4-czech-republic-stateless\/2025\/12\/af87b11b-obraza-mzp-300x200.jpeg 300w, https:\/\/www.greenpeace.org\/static\/planet4-czech-republic-stateless\/2025\/12\/af87b11b-obraza-mzp-768x512.jpeg 768w, https:\/\/www.greenpeace.org\/static\/planet4-czech-republic-stateless\/2025\/12\/af87b11b-obraza-mzp-1536x1023.jpeg 1536w, https:\/\/www.greenpeace.org\/static\/planet4-czech-republic-stateless\/2025\/12\/af87b11b-obraza-mzp-510x340.jpeg 510w, https:\/\/www.greenpeace.org\/static\/planet4-czech-republic-stateless\/2025\/12\/af87b11b-obraza-mzp.jpeg 1600w\" sizes=\"auto, (max-width: 1024px) 100vw, 1024px\" \/><\/figure>\n\n<hr class=\"wp-block-separator has-alpha-channel-opacity\"\/>\n\n<p>Velk\u00fd posun p\u0159i\u0161el i v oblasti ochrany ovzdu\u0161\u00ed. Greenpeace spolu s organizacemi Frank Bold a Hnut\u00ed DUHA dlouhodb\u011b upozor\u0148ovala na elektr\u00e1rnu Po\u010derady, kter\u00e1 byla jedn\u00edm z nejv\u011bt\u0161\u00edch producent\u016f rtuti v \u010cesku. Ombudsman potvrdil, \u017ee \u00fa\u0159ady nedostate\u010dn\u011b dohl\u00ed\u017eely na dodr\u017eov\u00e1n\u00ed emisn\u00edch limit\u016f.<\/p>\n\n<figure class=\"wp-block-image size-large\"><img loading=\"lazy\" decoding=\"async\" width=\"1024\" height=\"682\" src=\"https:\/\/www.greenpeace.org\/static\/planet4-czech-republic-stateless\/2019\/10\/2ab0a5d7-75362156_1295871360592237_5229616234751852544_n-1024x682.jpg\" alt=\"\" class=\"wp-image-4712\" srcset=\"https:\/\/www.greenpeace.org\/static\/planet4-czech-republic-stateless\/2019\/10\/2ab0a5d7-75362156_1295871360592237_5229616234751852544_n-1024x682.jpg 1024w, https:\/\/www.greenpeace.org\/static\/planet4-czech-republic-stateless\/2019\/10\/2ab0a5d7-75362156_1295871360592237_5229616234751852544_n-300x200.jpg 300w, https:\/\/www.greenpeace.org\/static\/planet4-czech-republic-stateless\/2019\/10\/2ab0a5d7-75362156_1295871360592237_5229616234751852544_n-768x511.jpg 768w, https:\/\/www.greenpeace.org\/static\/planet4-czech-republic-stateless\/2019\/10\/2ab0a5d7-75362156_1295871360592237_5229616234751852544_n-510x340.jpg 510w, https:\/\/www.greenpeace.org\/static\/planet4-czech-republic-stateless\/2019\/10\/2ab0a5d7-75362156_1295871360592237_5229616234751852544_n.jpg 1920w\" sizes=\"auto, (max-width: 1024px) 100vw, 1024px\" \/><figcaption><div class=\"credit icon-left\"> \u00a9 (c) Greenpeace &#8211; Petr Zewlakk Vrabec<\/div><\/figcaption><\/figure>\n\n<hr class=\"wp-block-separator has-alpha-channel-opacity\"\/>\n\n<p>Z\u00e1sadn\u00ed krok se poda\u0159il tak\u00e9 v ochran\u011b les\u016f. Greenpeace spolu s firmou Royal Pine, m\u011bstem Horn\u00ed Ji\u0159et\u00edn a Lesnickou fakultou \u010cZU uzav\u0159ela memorandum o udr\u017eiteln\u00e9m hospoda\u0159en\u00ed v bukov\u00fdch les\u00edch v Kru\u0161n\u00fdch hor\u00e1ch. Dohoda chr\u00e1n\u00ed star\u00e9 porosty, podporuje biodiverzitu a ukazuje, \u017ee i zd\u00e1nliv\u011b konfliktn\u00ed z\u00e1jmy mohou spolupracovat ve prosp\u011bch p\u0159\u00edrody.<\/p>\n\n<figure class=\"wp-block-image size-large\"><img loading=\"lazy\" decoding=\"async\" width=\"1024\" height=\"681\" src=\"https:\/\/www.greenpeace.org\/static\/planet4-czech-republic-stateless\/2022\/12\/c88ea83f-202_10_25_buciny_tykac_2400px_zewlakk-4619-1024x681.jpg\" alt=\"\" class=\"wp-image-17993\" srcset=\"https:\/\/www.greenpeace.org\/static\/planet4-czech-republic-stateless\/2022\/12\/c88ea83f-202_10_25_buciny_tykac_2400px_zewlakk-4619-1024x681.jpg 1024w, https:\/\/www.greenpeace.org\/static\/planet4-czech-republic-stateless\/2022\/12\/c88ea83f-202_10_25_buciny_tykac_2400px_zewlakk-4619-300x200.jpg 300w, https:\/\/www.greenpeace.org\/static\/planet4-czech-republic-stateless\/2022\/12\/c88ea83f-202_10_25_buciny_tykac_2400px_zewlakk-4619-768x511.jpg 768w, https:\/\/www.greenpeace.org\/static\/planet4-czech-republic-stateless\/2022\/12\/c88ea83f-202_10_25_buciny_tykac_2400px_zewlakk-4619-1536x1022.jpg 1536w, https:\/\/www.greenpeace.org\/static\/planet4-czech-republic-stateless\/2022\/12\/c88ea83f-202_10_25_buciny_tykac_2400px_zewlakk-4619-2048x1363.jpg 2048w, https:\/\/www.greenpeace.org\/static\/planet4-czech-republic-stateless\/2022\/12\/c88ea83f-202_10_25_buciny_tykac_2400px_zewlakk-4619-510x340.jpg 510w\" sizes=\"auto, (max-width: 1024px) 100vw, 1024px\" \/><\/figure>\n\n<hr class=\"wp-block-separator has-alpha-channel-opacity\"\/>\n\n<p><strong>Glob\u00e1ln\u00ed \u00fasp\u011bchy Greenpeace<\/strong><\/p>\n\n<p>Greenpeace ale \u00fasp\u011b\u0161n\u011b p\u016fsobila tak\u00e9 na mezin\u00e1rodn\u00ed \u00farovni. Nov\u00e1 norsk\u00e1 vl\u00e1da zastavila t\u011b\u017ebu nerost\u016f v hlubok\u00e9m mo\u0159i v Arktid\u011b minim\u00e1ln\u011b do konce roku 2029 a ukon\u010dila ve\u0159ejn\u00e9 financov\u00e1n\u00ed pr\u016fzkumu nerostn\u00fdch surovin. Up\u0159ednostnila tak ochranu citliv\u00fdch arktick\u00fdch ekosyst\u00e9m\u016f p\u0159ed rizikovou t\u011b\u017ebou.<\/p>\n\n<figure class=\"wp-block-image size-large\"><img loading=\"lazy\" decoding=\"async\" width=\"1024\" height=\"683\" src=\"https:\/\/www.greenpeace.org\/static\/planet4-czech-republic-stateless\/2025\/09\/1bf4b667-gp1suz66-1024x683.jpg\" title=\"Sperm Whale Fluke in the Indian Ocean. \u00a9 Tommy Trenchard \/ Greenpeace\" alt=\"Sperm Whale Fluke in the Indian Ocean. \u00a9 Tommy Trenchard \/ Greenpeace\" class=\"wp-image-22786\" srcset=\"https:\/\/www.greenpeace.org\/static\/planet4-czech-republic-stateless\/2025\/09\/1bf4b667-gp1suz66-1024x683.jpg 1024w, https:\/\/www.greenpeace.org\/static\/planet4-czech-republic-stateless\/2025\/09\/1bf4b667-gp1suz66-300x200.jpg 300w, https:\/\/www.greenpeace.org\/static\/planet4-czech-republic-stateless\/2025\/09\/1bf4b667-gp1suz66-768x512.jpg 768w, https:\/\/www.greenpeace.org\/static\/planet4-czech-republic-stateless\/2025\/09\/1bf4b667-gp1suz66-510x340.jpg 510w, https:\/\/www.greenpeace.org\/static\/planet4-czech-republic-stateless\/2025\/09\/1bf4b667-gp1suz66.jpg 1200w\" sizes=\"auto, (max-width: 1024px) 100vw, 1024px\" \/><figcaption><div class=\"credit icon-left\"> \u00a9 Tommy Trenchard \/ Greenpeace<\/div><\/figcaption><\/figure>\n\n<hr class=\"wp-block-separator has-alpha-channel-opacity\"\/>\n\n<p>Dal\u0161\u00edm miln\u00edkem je Glob\u00e1ln\u00ed smlouva o oce\u00e1nech, kter\u00e1 z\u00edskala pot\u0159ebn\u00fd po\u010det ratifikac\u00ed a vstoup\u00ed v platnost v lednu 2026. Poprv\u00e9 bude mo\u017en\u00e9 skute\u010dn\u011b chr\u00e1nit voln\u00e9 mo\u0159e mimo n\u00e1rodn\u00ed jurisdikce. Tak by se mohlo pov\u00e9st naplnit c\u00edl chr\u00e1nit do roku 2030 alespo\u0148 30 % oce\u00e1n\u016f.<\/p>\n\n<figure class=\"wp-block-image size-full\"><img loading=\"lazy\" decoding=\"async\" width=\"800\" height=\"503\" src=\"https:\/\/www.greenpeace.org\/static\/planet4-czech-republic-stateless\/2023\/01\/8602b20a-zelva-ryby.jpg\" alt=\"\" class=\"wp-image-18227\" srcset=\"https:\/\/www.greenpeace.org\/static\/planet4-czech-republic-stateless\/2023\/01\/8602b20a-zelva-ryby.jpg 800w, https:\/\/www.greenpeace.org\/static\/planet4-czech-republic-stateless\/2023\/01\/8602b20a-zelva-ryby-300x189.jpg 300w, https:\/\/www.greenpeace.org\/static\/planet4-czech-republic-stateless\/2023\/01\/8602b20a-zelva-ryby-768x483.jpg 768w, https:\/\/www.greenpeace.org\/static\/planet4-czech-republic-stateless\/2023\/01\/8602b20a-zelva-ryby-510x321.jpg 510w\" sizes=\"auto, (max-width: 800px) 100vw, 800px\" \/><\/figure>\n\n<hr class=\"wp-block-separator has-alpha-channel-opacity\"\/>\n\n<p>Greenpeace International tak\u00e9 upozornila na plastovou krizi jako ot\u00e1zku ve\u0159ejn\u00e9ho zdrav\u00ed. Zpr\u00e1va uk\u00e1zala, \u017ee v\u00edce ne\u017e 50 milion\u016f lid\u00ed \u017eije v oblastech ohro\u017een\u00fdch zne\u010di\u0161t\u011bn\u00edm ovzdu\u0161\u00ed z petrochemick\u00e9 v\u00fdroby plast\u016f. T\u00e9ma se tak dostalo do centra mezin\u00e1rodn\u00ed pozornosti a pos\u00edlilo tlak na omezen\u00ed samotn\u00e9 v\u00fdroby plast\u016f.<\/p>\n\n<figure class=\"wp-block-image size-large\"><img loading=\"lazy\" decoding=\"async\" width=\"1024\" height=\"683\" src=\"https:\/\/www.greenpeace.org\/static\/planet4-czech-republic-stateless\/2024\/11\/50621741-gp0stwy0n_medium-res-with-credit-line-1200px-1024x683.jpg\" alt=\"\" class=\"wp-image-21238\" srcset=\"https:\/\/www.greenpeace.org\/static\/planet4-czech-republic-stateless\/2024\/11\/50621741-gp0stwy0n_medium-res-with-credit-line-1200px-1024x683.jpg 1024w, https:\/\/www.greenpeace.org\/static\/planet4-czech-republic-stateless\/2024\/11\/50621741-gp0stwy0n_medium-res-with-credit-line-1200px-300x200.jpg 300w, https:\/\/www.greenpeace.org\/static\/planet4-czech-republic-stateless\/2024\/11\/50621741-gp0stwy0n_medium-res-with-credit-line-1200px-768x512.jpg 768w, https:\/\/www.greenpeace.org\/static\/planet4-czech-republic-stateless\/2024\/11\/50621741-gp0stwy0n_medium-res-with-credit-line-1200px-510x340.jpg 510w, https:\/\/www.greenpeace.org\/static\/planet4-czech-republic-stateless\/2024\/11\/50621741-gp0stwy0n_medium-res-with-credit-line-1200px.jpg 1200w\" sizes=\"auto, (max-width: 1024px) 100vw, 1024px\" \/><\/figure>\n\n<p><\/p>\n","protected":false},"excerpt":{"rendered":"<p>Rok 2025 byl pln\u00fd ud\u00e1lost\u00ed, kter\u00e9 uk\u00e1zaly, \u017ee p\u00e9\u010de o p\u0159\u00edrodu p\u0159in\u00e1\u0161\u00ed konkr\u00e9tn\u00ed v\u00fdsledky. Spole\u010dn\u011b s v\u00e1mi jsme dok\u00e1zali ovlivnit rozhodov\u00e1n\u00ed \u00fa\u0159ad\u016f i firem a upozornit na v\u011bci, kter\u00e9 se n\u00e1s v\u0161ech dot\u00fdkaj\u00ed \u2013 ovzdu\u0161\u00ed, lesy i \u017eivotn\u00ed prost\u0159ed\u00ed kolem n\u00e1s. D\u011bkujeme ka\u017ed\u00e9mu, kdo se jakkoli zapojil. Bez v\u00e1s bychom n\u00e1sleduj\u00edc\u00edch \u00fasp\u011bch\u016f nedos\u00e1hli.<\/p>\n","protected":false},"author":105,"featured_media":15928,"comment_status":"closed","ping_status":"closed","sticky":false,"template":"","format":"standard","meta":{"ep_exclude_from_search":false,"p4_og_title":"","p4_og_description":"","p4_og_image":"","p4_og_image_id":"","p4_seo_canonical_url":"","p4_campaign_name":"","p4_local_project":"","p4_basket_name":"","p4_department":"","footnotes":""},"categories":[3],"tags":[13,17,18,19,20,21,24,28],"p4-page-type":[16],"class_list":["post-23319","post","type-post","status-publish","format-standard","has-post-thumbnail","hentry","category-nas-svet","tag-o-greenpeace","tag-lesy-pralesy","tag-oceany","tag-ovzdusi","tag-zmena-klimatu","tag-plast-je-past","tag-aktivni-spolecnost","tag-uspechy","p4-page-type-clanek"],"_links":{"self":[{"href":"https:\/\/www.greenpeace.org\/czech\/wp-json\/wp\/v2\/posts\/23319","targetHints":{"allow":["GET"]}}],"collection":[{"href":"https:\/\/www.greenpeace.org\/czech\/wp-json\/wp\/v2\/posts"}],"about":[{"href":"https:\/\/www.greenpeace.org\/czech\/wp-json\/wp\/v2\/types\/post"}],"author":[{"embeddable":true,"href":"https:\/\/www.greenpeace.org\/czech\/wp-json\/wp\/v2\/users\/105"}],"replies":[{"embeddable":true,"href":"https:\/\/www.greenpeace.org\/czech\/wp-json\/wp\/v2\/comments?post=23319"}],"version-history":[{"count":1,"href":"https:\/\/www.greenpeace.org\/czech\/wp-json\/wp\/v2\/posts\/23319\/revisions"}],"predecessor-version":[{"id":23320,"href":"https:\/\/www.greenpeace.org\/czech\/wp-json\/wp\/v2\/posts\/23319\/revisions\/23320"}],"wp:featuredmedia":[{"embeddable":true,"href":"https:\/\/www.greenpeace.org\/czech\/wp-json\/wp\/v2\/media\/15928"}],"wp:attachment":[{"href":"https:\/\/www.greenpeace.org\/czech\/wp-json\/wp\/v2\/media?parent=23319"}],"wp:term":[{"taxonomy":"category","embeddable":true,"href":"https:\/\/www.greenpeace.org\/czech\/wp-json\/wp\/v2\/categories?post=23319"},{"taxonomy":"post_tag","embeddable":true,"href":"https:\/\/www.greenpeace.org\/czech\/wp-json\/wp\/v2\/tags?post=23319"},{"taxonomy":"p4-page-type","embeddable":true,"href":"https:\/\/www.greenpeace.org\/czech\/wp-json\/wp\/v2\/p4-page-type?post=23319"}],"curies":[{"name":"wp","href":"https:\/\/api.w.org\/{rel}","templated":true}]}}