{"id":23357,"date":"2026-02-02T07:01:00","date_gmt":"2026-02-02T06:01:00","guid":{"rendered":"https:\/\/www.greenpeace.org\/czech\/?p=23357"},"modified":"2026-01-31T15:47:48","modified_gmt":"2026-01-31T14:47:48","slug":"__trashed","status":"publish","type":"post","link":"https:\/\/www.greenpeace.org\/czech\/tiskova-zprava\/23357\/__trashed\/","title":{"rendered":"Greenpeace \u010cesk\u00e1 republika m\u00e1 nov\u00e9ho \u0159editele"},"content":{"rendered":"\n<figure class=\"wp-block-image size-full\"><img loading=\"lazy\" decoding=\"async\" width=\"750\" height=\"622\" src=\"https:\/\/www.greenpeace.org\/static\/planet4-czech-republic-stateless\/2026\/01\/e4f55661-img_pg.jpg\" title=\"Pavel Gruber, \u0159editel Greenpeace \u010cR\" alt=\"Pavel Gruber, \u0159editel Greenpeace \u010cR\" class=\"wp-image-23359\" srcset=\"https:\/\/www.greenpeace.org\/static\/planet4-czech-republic-stateless\/2026\/01\/e4f55661-img_pg.jpg 750w, https:\/\/www.greenpeace.org\/static\/planet4-czech-republic-stateless\/2026\/01\/e4f55661-img_pg-300x249.jpg 300w, https:\/\/www.greenpeace.org\/static\/planet4-czech-republic-stateless\/2026\/01\/e4f55661-img_pg-410x340.jpg 410w\" sizes=\"auto, (max-width: 750px) 100vw, 750px\" \/><figcaption class=\"wp-element-caption\">Pavel Gruber, \u0159editel Greenpeace \u010cR<\/figcaption><\/figure>\n\n<p><strong>Nov\u00fdm \u0159editelem Greenpeace \u010cesk\u00e1 republika je od za\u010d\u00e1tku \u00fanora 2026 Pavel Gruber. Do veden\u00ed organizace p\u0159in\u00e1\u0161\u00ed v\u00edce ne\u017e dvacet let zku\u0161enost\u00ed s \u0159\u00edzen\u00edm mezin\u00e1rodn\u00edch neziskov\u00fdch organizac\u00ed, ve\u0159ejnou advokaci\u00ed a politick\u00fdmi kampan\u011bmi.<\/strong><\/p>\n\n<p>Pavel Gruber v minulosti vedl \u010desk\u00e9 pobo\u010dky L\u00e9ka\u0159\u016f bez hranic (MSF) a Amnesty International (AI). V \u010dele L\u00e9ka\u0159\u016f bez hranic st\u00e1l u p\u0159erodu \u010desk\u00e9 kancel\u00e1\u0159e v samostatnou a finan\u010dn\u011b stabiln\u00ed organizaci s v\u00fdrazn\u011b nav\u00fd\u0161en\u00fdm rozpo\u010dtem a silnou pozic\u00ed v r\u00e1mci mezin\u00e1rodn\u00edho hnut\u00ed.<\/p>\n\n<p>V Amnesty International \u010cR se zam\u011b\u0159il na pos\u00edlen\u00ed \u0159\u00edzen\u00ed organizace, jej\u00ed finan\u010dn\u00ed stabilitu a rozvoj programov\u00e9 i kampan\u00ed pr\u00e1ce. V\u00fdsledkem bylo upevn\u011bn\u00ed postaven\u00ed AI jako respektovan\u00e9ho akt\u00e9ra v oblasti lidsk\u00fdch pr\u00e1v a ve\u0159ejn\u00e9 advokacie v \u010cesk\u00e9 republice.<\/p>\n\n<p>M\u00e1 tak\u00e9 zku\u0161enosti s veden\u00edm volebn\u00edch kampan\u00ed, v roce 2022 pak z pozice \u0159editele zodpov\u00eddal za zalo\u017een\u00ed a rozjezd prvn\u00edho \u010desk\u00e9ho think tanku v oblasti ve\u0159ejn\u00e9ho zdrav\u00ed \u2013 Ministr Zdrav\u00ed.<\/p>\n\n<p>\u201eGreenpeace pro m\u011b v\u017edy p\u0159edstavovala nez\u00e1vislou a hodnotov\u011b pevnou organizaci. T\u00e9mata, kter\u00fdm se v\u011bnuje \u2013 klimatick\u00e1 zm\u011bna, \u00fabytek biodiverzity, ochrana les\u016f a oce\u00e1n\u016f \u2013 pat\u0159\u00ed k nejv\u011bt\u0161\u00edm v\u00fdzv\u00e1m dne\u0161ka. \u010cesk\u00e1 pobo\u010dka m\u00e1 za sebou t\u0159icet let odv\u00e1\u017en\u00e9 a profesion\u00e1ln\u00ed pr\u00e1ce a r\u00e1d bych p\u0159isp\u011bl k tomu, aby d\u00e1l rozv\u00edjela svou roli siln\u00e9 a respektovan\u00e9 sou\u010d\u00e1sti mezin\u00e1rodn\u00edho hnut\u00ed,\u201c vysv\u011btluje Pavel Gruber.<\/p>\n\n<p>Pavel Gruber vystudoval mezin\u00e1rodn\u00ed vztahy a politologii na Univerzit\u011b Karlov\u011b v Praze. Ve voln\u00e9m \u010dase se r\u00e1d v\u011bnuje mimo jin\u00e9 \u010dten\u00ed, turistice, b\u011b\u017eeck\u00e9mu ly\u017eov\u00e1n\u00ed nebo sj\u00ed\u017ed\u011bn\u00ed \u0159ek.<\/p>\n","protected":false},"excerpt":{"rendered":"<p>Nov\u00fdm \u0159editelem Greenpeace \u010cesk\u00e1 republika je od za\u010d\u00e1tku \u00fanora 2026 Pavel Gruber. Do veden\u00ed organizace p\u0159in\u00e1\u0161\u00ed v\u00edce ne\u017e dvacet let zku\u0161enost\u00ed s \u0159\u00edzen\u00edm mezin\u00e1rodn\u00edch neziskov\u00fdch organizac\u00ed, ve\u0159ejnou advokaci\u00ed a politick\u00fdmi&hellip;<\/p>\n","protected":false},"author":29,"featured_media":23359,"comment_status":"closed","ping_status":"closed","sticky":false,"template":"","format":"standard","meta":{"ep_exclude_from_search":false,"p4_og_title":"","p4_og_description":"","p4_og_image":"","p4_og_image_id":"","p4_seo_canonical_url":"","p4_campaign_name":"","p4_local_project":"","p4_basket_name":"","p4_department":"","footnotes":""},"categories":[30],"tags":[31,13],"p4-page-type":[14],"class_list":["post-23357","post","type-post","status-publish","format-standard","has-post-thumbnail","hentry","category-greenpeace","tag-o-nas","tag-o-greenpeace","p4-page-type-tiskova-zprava"],"_links":{"self":[{"href":"https:\/\/www.greenpeace.org\/czech\/wp-json\/wp\/v2\/posts\/23357","targetHints":{"allow":["GET"]}}],"collection":[{"href":"https:\/\/www.greenpeace.org\/czech\/wp-json\/wp\/v2\/posts"}],"about":[{"href":"https:\/\/www.greenpeace.org\/czech\/wp-json\/wp\/v2\/types\/post"}],"author":[{"embeddable":true,"href":"https:\/\/www.greenpeace.org\/czech\/wp-json\/wp\/v2\/users\/29"}],"replies":[{"embeddable":true,"href":"https:\/\/www.greenpeace.org\/czech\/wp-json\/wp\/v2\/comments?post=23357"}],"version-history":[{"count":2,"href":"https:\/\/www.greenpeace.org\/czech\/wp-json\/wp\/v2\/posts\/23357\/revisions"}],"predecessor-version":[{"id":23361,"href":"https:\/\/www.greenpeace.org\/czech\/wp-json\/wp\/v2\/posts\/23357\/revisions\/23361"}],"wp:featuredmedia":[{"embeddable":true,"href":"https:\/\/www.greenpeace.org\/czech\/wp-json\/wp\/v2\/media\/23359"}],"wp:attachment":[{"href":"https:\/\/www.greenpeace.org\/czech\/wp-json\/wp\/v2\/media?parent=23357"}],"wp:term":[{"taxonomy":"category","embeddable":true,"href":"https:\/\/www.greenpeace.org\/czech\/wp-json\/wp\/v2\/categories?post=23357"},{"taxonomy":"post_tag","embeddable":true,"href":"https:\/\/www.greenpeace.org\/czech\/wp-json\/wp\/v2\/tags?post=23357"},{"taxonomy":"p4-page-type","embeddable":true,"href":"https:\/\/www.greenpeace.org\/czech\/wp-json\/wp\/v2\/p4-page-type?post=23357"}],"curies":[{"name":"wp","href":"https:\/\/api.w.org\/{rel}","templated":true}]}}