{"id":23395,"date":"2026-02-23T11:13:56","date_gmt":"2026-02-23T10:13:56","guid":{"rendered":"https:\/\/www.greenpeace.org\/czech\/?p=23395"},"modified":"2026-02-23T11:15:38","modified_gmt":"2026-02-23T10:15:38","slug":"zeleny-kruh-vita-konec-provizoria-je-spravne-ze-mzp-bude-mit-plnohodnotneho-ministra","status":"publish","type":"post","link":"https:\/\/www.greenpeace.org\/czech\/tiskova-zprava\/23395\/zeleny-kruh-vita-konec-provizoria-je-spravne-ze-mzp-bude-mit-plnohodnotneho-ministra\/","title":{"rendered":"Zelen\u00fd kruh v\u00edt\u00e1 konec provizoria. Je spr\u00e1vn\u00e9, \u017ee M\u017dP bude m\u00edt plnohodnotn\u00e9ho ministra"},"content":{"rendered":"\n<p><strong>Nov\u00fd ministr Igor \u010cerven\u00fd p\u0159eb\u00edr\u00e1 resort v historicky nejt\u011b\u017e\u0161\u00ed situaci \u2013 s rozpo\u010dtem sn\u00ed\u017een\u00fdm o t\u0159etinu, druhou vlnou propou\u0161t\u011bn\u00ed a programov\u00fdm prohl\u00e1\u0161en\u00edm vl\u00e1dy, kter\u00e9 ochranu p\u0159\u00edrody a \u017eivotn\u00edho prost\u0159ed\u00ed v\u00fdrazn\u011b oslabuje. Zelen\u00fd kruh douf\u00e1, \u017ee Igor \u010cerven\u00fd p\u0159istoup\u00ed k veden\u00ed ministerstva s odbornost\u00ed a ponese plnou odpov\u011bdnost za rozhodnut\u00ed, kter\u00e1 u\u010din\u00ed, s v\u011bdom\u00edm z\u00e1va\u017enosti v\u00fdzev, kter\u00e9 resort \u010dekaj\u00ed.<\/strong><\/p>\n\n<p>Igor \u010cerven\u00fd je vysoko\u0161kolsk\u00fd pedagog a specialista na digitalizaci. V\u00edt\u00e1me, \u017ee se v r\u00e1mci pr\u00e1ce na Univerzit\u011b Karlov\u011b v\u011bnoval i projekt\u016fm k prosazov\u00e1n\u00ed udr\u017eitelnosti. Do \u010dela resortu p\u0159ich\u00e1z\u00ed jako n\u00e1hradn\u00ed kandid\u00e1t Motorist\u016f pot\u00e9, co prezident odm\u00edtl jmenovat Filipa Turka. Podle vyj\u00e1d\u0159en\u00ed obou politik\u016f v\u0161ak hodl\u00e1 Turek z pozice vl\u00e1dn\u00edho zmocn\u011bnce pro klimatickou politiku sm\u011b\u0159ov\u00e1n\u00ed ministerstva fakticky ovliv\u0148ovat. \u010cerven\u00fd bude proto muset prok\u00e1zat, \u017ee je schopen jednat nez\u00e1visle a v z\u00e1jmu ochrany \u017eivotn\u00edho prost\u0159ed\u00ed, nikoli podle stranick\u00e9 objedn\u00e1vky. Bude to on, kter\u00fd ponese plnou odpov\u011bdnost za rozhodnut\u00ed, kter\u00e1 u\u010din\u00ed.<\/p>\n\n<p>Za znepokojiv\u00e9 naopak pova\u017eujeme vyj\u00e1d\u0159en\u00ed Igora \u010cerven\u00e9ho, \u017ee se soust\u0159ed\u00ed t\u00e9m\u011b\u0159 v\u00fdhradn\u011b na kritiku \u201ezelen\u00e9 ideologie&#8220; a ochranu pr\u016fmyslu, zat\u00edmco o konkr\u00e9tn\u00edch opat\u0159en\u00edch pro ochranu p\u0159\u00edrody, ovzdu\u0161\u00ed \u010di vod zat\u00edm nepadlo t\u00e9m\u011b\u0159 nic. Ministerstvo \u017eivotn\u00edho prost\u0159ed\u00ed p\u0159itom existuje pr\u00e1v\u011b proto, aby tyto ve\u0159ejn\u00e9 z\u00e1jmy h\u00e1jilo.<\/p>\n\n<h3 class=\"wp-block-heading\"><strong>Ministerstvo \u017eivotn\u00edho prost\u0159ed\u00ed \u010del\u00ed bezprecedentn\u00edm \u0161krt\u016fm<\/strong><\/h3>\n\n<p>Rozpo\u010det resortu je stanoven na 20,4 miliardy korun, co\u017e je o 531 milion\u016f korun m\u00e9n\u011b ne\u017e pl\u00e1novala p\u0159edchoz\u00ed vl\u00e1da. Z\u00e1kladn\u00ed rozpo\u010det na b\u011b\u017enou agendu je tak o v\u00edce ne\u017e p\u016fl miliardy korun ni\u017e\u0161\u00ed ne\u017e v minul\u00fdch letech, co\u017e znamen\u00e1 p\u0159\u00edm\u00e9 \u0161krty v provozu \u00fa\u0159adu i j\u00edm z\u0159izovan\u00fdch organizac\u00ed. \u00da\u0159ad nav\u00edc zru\u0161\u00ed 38 pracovn\u00edch m\u00edst.<\/p>\n\n<p>\u0160krty nav\u00edc tvrd\u011b dopadaj\u00ed tak\u00e9 na p\u00e9\u010di o b\u011b\u017enou krajinu i n\u00e1rodn\u00ed parky. Krkono\u0161sk\u00fd n\u00e1rodn\u00ed park z\u00edsk\u00e1 jen 111 milion\u016f korun oproti 145 milion\u016fm v minul\u00e9m roce a bude nucen vy\u010derpat cel\u00fd sv\u016fj rezervn\u00ed fond o objemu zhruba 150 milion\u016f korun, budovan\u00fd 15 let pro p\u0159\u00edpad kalamit. Tyto prost\u0159edky p\u0159itom nejsou ur\u010deny na b\u011b\u017en\u00fd provoz, ale na kryt\u00ed neo\u010dek\u00e1van\u00fdch n\u00e1klad\u016f, jako jsou v\u011btrn\u00e9, sn\u011bhov\u00e9 \u010di k\u016frovcov\u00e9 kalamity. N\u00e1rodn\u00edmu parku \u0160umava kles\u00e1 rozpo\u010det ze 182 milion\u016f na pouh\u00fdch 107 milion\u016f korun, tedy o 41 procent. Spr\u00e1vy park\u016f mohou b\u00fdt tla\u010deny ke zv\u00fd\u0161en\u00e9 t\u011b\u017eb\u011b d\u0159eva, \u010d\u00edm\u017e by samy ni\u010dily to, co maj\u00ed ze z\u00e1kona chr\u00e1nit. Igor \u010cerven\u00fd v\u0161ak tvrd\u00ed, \u017ee parky maj\u00ed pen\u011bz dost v rezervn\u00edch fondech a p\u0159id\u00e1vat jim by bylo zbyte\u010dn\u00e9. Vytv\u00e1\u0159et rezervn\u00ed fondy je p\u0159itom podstata odpov\u011bdn\u00e9ho hospoda\u0159en\u00ed, d\u00edky kter\u00e9mu jsou n\u00e1rodn\u00ed parky p\u0159ipraven\u00e9 na nenad\u00e1l\u00e9 situace nebo kalamity<\/p>\n\n<p>Sou\u010dasn\u011b prob\u00edh\u00e1 na Ministerstvu \u017eivotn\u00edho prost\u0159ed\u00ed druh\u00e1 vlna propou\u0161t\u011bn\u00ed \u2013 z ka\u017ed\u00e9ho odboru maj\u00ed odej\u00edt 3 a\u017e 5 lid\u00ed, co\u017e pro odbory s 14\u201318 zam\u011bstnanci znamen\u00e1 ztr\u00e1tu a\u017e t\u0159etiny kapacity. To ohro\u017euje \u010dinnosti, kter\u00e9 p\u0159\u00edmo ovliv\u0148uj\u00ed \u017eivot b\u011b\u017en\u00fdch lid\u00ed \u2013 od ochrany \u010distoty ovzdu\u0161\u00ed a pitn\u00e9 vody p\u0159es podporu \u00faspor energi\u00ed a\u017e po ochranu krajiny p\u0159ed suchem a povodn\u011bmi.<\/p>\n\n<h3 class=\"wp-block-heading\"><strong>Programov\u00e9 prohl\u00e1\u0161en\u00ed vl\u00e1dy nab\u00edz\u00ed m\u00e1lo z\u00e1ruk pro ochranu \u017eivotn\u00edho prost\u0159ed\u00ed<\/strong><\/h3>\n\n<p>Situaci zt\u011b\u017euje i programov\u00e9 prohl\u00e1\u0161en\u00ed vl\u00e1dy, kter\u00e9 neobsahuje \u017e\u00e1dn\u00e9 c\u00edle pro ochranu p\u0159\u00edrody \u010di zastaven\u00ed \u00fabytku biodiverzity. Dokument nezaru\u010duje pokra\u010dov\u00e1n\u00ed program\u016f Nov\u00e1 zelen\u00e1 \u00faspor\u00e1m a Kotl\u00edkov\u00e9 dotace, kter\u00e9 dosud pomohly stovk\u00e1m tis\u00edc\u016fm dom\u00e1cnost\u00ed. Otev\u00edr\u00e1 prostor pro z\u00e1sahy do n\u00e1rodn\u00edch park\u016f, ru\u0161\u00ed ochranu p\u016fdy p\u0159ed eroz\u00ed a up\u0159ednost\u0148uje spalov\u00e1n\u00ed odpadu p\u0159ed recyklac\u00ed. Chyb\u00ed rovn\u011b\u017e podpora komunitn\u00ed energetiky a ekologick\u00e9 dopravy.<\/p>\n\n<h3 class=\"wp-block-heading\"><strong>Co Zelen\u00fd kruh o\u010dek\u00e1v\u00e1 od nov\u00e9ho ministra<\/strong><\/h3>\n\n<p>Zelen\u00fd kruh vyz\u00fdv\u00e1 Igora \u010cerven\u00e9ho jako nov\u00e9ho ministra \u017eivotn\u00edho prost\u0159ed\u00ed, aby se zam\u011b\u0159il na n\u00e1sleduj\u00edc\u00ed kl\u00ed\u010dov\u00e9 priority:<\/p>\n\n<ol class=\"wp-block-list\">\n<li>Prosazovat nav\u00fd\u0161en\u00ed rozpo\u010dtu M\u017dP na \u00farove\u0148, kter\u00e1 umo\u017en\u00ed plnit z\u00e1konn\u00e9 povinnosti v\u010detn\u011b ochrany p\u0159\u00edrody, ovzdu\u0161\u00ed a vod, zajistit fungov\u00e1n\u00ed n\u00e1rodn\u00edch park\u016f a zachovat podporu dom\u00e1cnost\u00ed v \u00faspor\u00e1ch energi\u00ed.<\/li>\n\n\n\n<li>Rozhodovat na z\u00e1klad\u011b odborn\u00fdch podklad\u016f a v\u011bdeck\u00fdch poznatk\u016f, nikoli na z\u00e1klad\u011b politick\u00e9 objedn\u00e1vky.<\/li>\n\n\n\n<li>Zastavit propou\u0161t\u011bn\u00ed odborn\u00fdch pracovn\u00edk\u016f ministerstva a dal\u0161\u00edch organizac\u00ed, kter\u00e9 ohro\u017euje schopnost resortu chr\u00e1nit ovzdu\u0161\u00ed, vodu i krajinu a plnit mezin\u00e1rodn\u00ed z\u00e1vazky \u010cesk\u00e9 republiky.<\/li>\n\n\n\n<li>Zajistit pokra\u010dov\u00e1n\u00ed program\u016f Nov\u00e1 zelen\u00e1 \u00faspor\u00e1m a Kotl\u00edkov\u00e9 dotace, kter\u00e9 pom\u00e1haj\u00ed dom\u00e1cnostem sni\u017eovat spot\u0159ebu energi\u00ed.<\/li>\n\n\n\n<li>Neblokovat rozvoj obnoviteln\u00fdch zdroj\u016f energie a zastavit l\u017eiv\u00e9 \u00fatoky na v\u011btrnou energetiku, kter\u00e9 se sna\u017e\u00ed zdiskreditovat \u010desk\u00fd posun k energetick\u00e9 sob\u011bsta\u010dnosti a k ni\u017e\u0161\u00edm cen\u00e1m za elekt\u0159inu.<\/li>\n\n\n\n<li>Zajistit pokra\u010dov\u00e1n\u00ed financov\u00e1n\u00ed program\u016f environment\u00e1ln\u00ed v\u00fdchovy, proto\u017ee jak\u00e9koli p\u0159eru\u0161en\u00ed kontinuity se okam\u017eit\u011b projev\u00ed ve ztr\u00e1t\u011b p\u0159\u00edle\u017eitost\u00ed mlad\u00fdch lid\u00ed tr\u00e1vit smyslupln\u011b sv\u016fj voln\u00fd \u010das a v dlouhodob\u00e9m v\u00fdhledu p\u0159in\u00e1\u0161\u00ed zv\u00fd\u0161en\u00e9 investice do technick\u00fdch opat\u0159en\u00ed ochrany prost\u0159ed\u00ed \u010di n\u00e1pravy \u0161kod.<\/li>\n\n\n\n<li>Zajistit lep\u0161\u00ed ochranu p\u0159\u00edrody a vodn\u00edch tok\u016f. Vytvo\u0159it stabiln\u00ed a p\u0159edv\u00eddateln\u00e9 podm\u00ednky pro dlouhodobou p\u00e9\u010di o krajinu, kter\u00e1 dr\u017e\u00ed vodu v p\u016fd\u011b, chr\u00e1n\u00ed \u00farodu p\u0159ed suchem i p\u0159\u00edvalov\u00fdmi de\u0161ti a vytv\u00e1\u0159\u00ed podm\u00ednky pro opylova\u010de a pro zdrav\u00e9 zem\u011bd\u011blstv\u00ed, aby obce a kraje nebyly nuceny p\u0159eb\u00edrat odpov\u011bdnost za stav krajiny bez odpov\u00eddaj\u00edc\u00edch zdroj\u016f.<\/li>\n<\/ol>\n\n<p><em><em>\u201e<\/em>Nov\u011b jmenovan\u00fd ministr Igor \u010cerven\u00fd \u0159\u00edk\u00e1, \u017ee s cel\u00fdm ministerstvem bude pracovat svat\u00e1 trojice &#8211; on, \u00a0zmocn\u011bnec pro Green Deal Filip Turek a n\u00e1m\u011bstek Jarom\u00edr Wasserbauer. Takov\u00e9 vyj\u00e1d\u0159en\u00ed bohu\u017eel vzbuzuje obavy, \u017ee ministerstvo ve skute\u010dn\u011b bude \u0159\u00eddit pan Turek a pan Wasserbauer a nikoli nov\u011b jmenovan\u00fd ministr. Igorovi \u010cerven\u00e9mu p\u0159ejeme dostatek odvahy na to, aby tento resort skute\u010dn\u011b vedl on a ne n\u011bkdo jin\u00fd. A aby se choval podle toho, co si s\u00e1m opravdu mysl\u00ed. V\u011b\u0159\u00edme, \u017ee pan ministr m\u00e1 na to neb\u00fdt pouhou loutkou Filipa Turka,\u201d <\/em><strong> <\/strong><strong>\u0159\u00edk\u00e1 Jaroslav Bican, vedouc\u00ed energetick\u00e9 kampan\u011b Greenpeace \u010cR. <\/strong><em>\u00a0<\/em><\/p>\n\n<p><em>\u201eRespektujeme nominaci Igora \u010cerven\u00e9ho a v\u011b\u0159\u00edme, \u017ee k veden\u00ed ministerstva \u017eivotn\u00edho prost\u0159ed\u00ed p\u0159istoup\u00ed zodpov\u011bdn\u011b a\u00a0nez\u00e1visle. Nov\u00fd ministr v\u0161ak p\u0159eb\u00edr\u00e1 resort v historicky nejhor\u0161\u00ed kondici \u2013 s rozpo\u010dtem sn\u00ed\u017een\u00fdm o t\u0159etinu, s propou\u0161t\u011bn\u00edm kl\u00ed\u010dov\u00fdch odborn\u00edk\u016f a s programov\u00fdm prohl\u00e1\u0161en\u00edm, kter\u00e9 ochranu \u017eivotn\u00edho prost\u0159ed\u00ed odsouv\u00e1 na vedlej\u0161\u00ed kolej. Zdrav\u00e9 \u017eivotn\u00ed prost\u0159ed\u00ed je p\u0159itom nezbytn\u00e9 pro \u017eivot ka\u017ed\u00e9ho z\u00a0n\u00e1s. O\u010dek\u00e1v\u00e1me, \u017ee nov\u00fd ministr tento trend zm\u011bn\u00ed a bude h\u00e1jit z\u00e1jmy ob\u010dan\u016f na \u010dist\u00e9m ovzdu\u0161\u00ed, pitn\u00e9 vod\u011b a funk\u010dn\u00ed krajin\u011b,\u201d <\/em> <strong>\u0159\u00edk\u00e1 zastupuj\u00edc\u00ed \u0159editelka Zelen\u00e9ho kruhu Nikol Krej\u010dov\u00e1<\/strong>.<\/p>\n\n<p><em>\u201eApelujeme na nov\u00e9ho ministra, aby se p\u0159i v\u00fdkonu sv\u00e9 funkce op\u00edral o principy evidence-based policy. O\u010dek\u00e1v\u00e1me, \u017ee z\u00e1kladn\u00edm pil\u00ed\u0159em jeho rozhodov\u00e1n\u00ed bude aktu\u00e1ln\u00ed v\u011bdeck\u00fd konsenzus a \u00fazk\u00e1 spolupr\u00e1ce s odborn\u00fdmi kapacitami &#8211; tak, aby Ministerstvo bylo schopno napl\u0148ovat princip p\u0159edb\u011b\u017en\u00e9 opatrnosti v mnoha sv\u00fdch rizikov\u00fdch agend\u00e1ch. Na tom toti\u017e v mnoha ohledech z\u00e1vis\u00ed i dlouhodob\u00e1 bezpe\u010dnost na\u0161ich ob\u010dan\u016f.\u201d<\/em>&nbsp; <strong>\u0159\u00edk\u00e1 Ji\u0159\u00ed Dlouh\u00fd ze Spole\u010dnosti pro trvale udr\u017eiteln\u00fd \u017eivot.&nbsp;<\/strong><\/p>\n\n<p><em>\u201ePan ministr vedl projekty, kter\u00e9 se t\u00fdkaly udr\u017eitelnosti. Nyn\u00ed dostal na starosti cel\u00e9 \u017eivotn\u00ed prost\u0159ed\u00ed. Od premi\u00e9ra m\u00e1 zad\u00e1n\u00ed, aby se prioritn\u011b v\u011bnoval Nov\u00e9 zelen\u00e9 \u00faspor\u00e1m, kter\u00e9 Motorsit\u00e9 za M\u017dP zat\u00edm nedok\u00e1zali vyjednat pen\u00edze na pokra\u010dov\u00e1n\u00ed. Je t\u0159eba jednat rychle, \u017eadatel\u00e9 s p\u0159ipraven\u00fdmi projekty pot\u0159ebuj\u00ed stihnout leto\u0161n\u00ed stavebn\u00ed sez\u00f3nu. Stejn\u011b tak by se m\u011bl nov\u00fd ministr v\u011bnovat zaji\u0161t\u011bn\u00ed financ\u00ed pro n\u00e1rodn\u00ed parky a ochranu p\u0159\u00edrody celkov\u011b. Nakolik je zdatn\u00fd mana\u017eer a vyjednava\u010d, m\u016f\u017eeme hodnotit mimo jin\u00e9 podle toho, s jak\u00fdm rozpo\u010dtem bude nakonec operovat,\u201d<\/em>  <strong>\u0159\u00edk\u00e1 Eli\u0161ka Vozn\u00edkov\u00e1, vedouc\u00ed programu Krajina Hnut\u00ed DUHA.<\/strong>\u00a0<\/p>\n\n<p>Zelen\u00fd kruh je p\u0159ipraven s nov\u00fdm ministrem konstruktivn\u011b spolupracovat a nab\u00eddnout odbornou expertizu sv\u00fdch 95 \u010dlensk\u00fdch organizac\u00ed. P\u0159\u00edroda a zdrav\u00e9 \u017eivotn\u00ed prost\u0159ed\u00ed jsou spole\u010dn\u00fdm z\u00e1jmem v\u0161ech ob\u010dan\u016f.<\/p>\n\n<p><\/p>\n","protected":false},"excerpt":{"rendered":"<p>Nov\u00fd ministr Igor \u010cerven\u00fd p\u0159eb\u00edr\u00e1 resort v historicky nejt\u011b\u017e\u0161\u00ed situaci \u2013 s rozpo\u010dtem sn\u00ed\u017een\u00fdm o t\u0159etinu, druhou vlnou propou\u0161t\u011bn\u00ed a programov\u00fdm prohl\u00e1\u0161en\u00edm vl\u00e1dy, kter\u00e9 ochranu p\u0159\u00edrody a \u017eivotn\u00edho prost\u0159ed\u00ed v\u00fdrazn\u011b&hellip;<\/p>\n","protected":false},"author":95,"featured_media":23349,"comment_status":"closed","ping_status":"closed","sticky":false,"template":"","format":"standard","meta":{"ep_exclude_from_search":false,"p4_og_title":"","p4_og_description":"","p4_og_image":"","p4_og_image_id":"","p4_seo_canonical_url":"","p4_campaign_name":"","p4_local_project":"","p4_basket_name":"","p4_department":"","footnotes":""},"categories":[30],"tags":[20,25],"p4-page-type":[14],"class_list":["post-23395","post","type-post","status-publish","format-standard","has-post-thumbnail","hentry","category-greenpeace","tag-zmena-klimatu","tag-konec-doby-fosilni","p4-page-type-tiskova-zprava"],"_links":{"self":[{"href":"https:\/\/www.greenpeace.org\/czech\/wp-json\/wp\/v2\/posts\/23395","targetHints":{"allow":["GET"]}}],"collection":[{"href":"https:\/\/www.greenpeace.org\/czech\/wp-json\/wp\/v2\/posts"}],"about":[{"href":"https:\/\/www.greenpeace.org\/czech\/wp-json\/wp\/v2\/types\/post"}],"author":[{"embeddable":true,"href":"https:\/\/www.greenpeace.org\/czech\/wp-json\/wp\/v2\/users\/95"}],"replies":[{"embeddable":true,"href":"https:\/\/www.greenpeace.org\/czech\/wp-json\/wp\/v2\/comments?post=23395"}],"version-history":[{"count":2,"href":"https:\/\/www.greenpeace.org\/czech\/wp-json\/wp\/v2\/posts\/23395\/revisions"}],"predecessor-version":[{"id":23397,"href":"https:\/\/www.greenpeace.org\/czech\/wp-json\/wp\/v2\/posts\/23395\/revisions\/23397"}],"wp:featuredmedia":[{"embeddable":true,"href":"https:\/\/www.greenpeace.org\/czech\/wp-json\/wp\/v2\/media\/23349"}],"wp:attachment":[{"href":"https:\/\/www.greenpeace.org\/czech\/wp-json\/wp\/v2\/media?parent=23395"}],"wp:term":[{"taxonomy":"category","embeddable":true,"href":"https:\/\/www.greenpeace.org\/czech\/wp-json\/wp\/v2\/categories?post=23395"},{"taxonomy":"post_tag","embeddable":true,"href":"https:\/\/www.greenpeace.org\/czech\/wp-json\/wp\/v2\/tags?post=23395"},{"taxonomy":"p4-page-type","embeddable":true,"href":"https:\/\/www.greenpeace.org\/czech\/wp-json\/wp\/v2\/p4-page-type?post=23395"}],"curies":[{"name":"wp","href":"https:\/\/api.w.org\/{rel}","templated":true}]}}