{"id":23486,"date":"2026-03-24T13:08:25","date_gmt":"2026-03-24T12:08:25","guid":{"rendered":"https:\/\/www.greenpeace.org\/czech\/?p=23486"},"modified":"2026-03-25T13:13:39","modified_gmt":"2026-03-25T12:13:39","slug":"fosilni-firmy-vydelavaji-na-klimaticke-krizi-staty-jejich-nadmerne-zisky-nedovedou-efektivne-zdanit","status":"publish","type":"post","link":"https:\/\/www.greenpeace.org\/czech\/tiskova-zprava\/23486\/fosilni-firmy-vydelavaji-na-klimaticke-krizi-staty-jejich-nadmerne-zisky-nedovedou-efektivne-zdanit\/","title":{"rendered":"Fosiln\u00ed firmy vyd\u011bl\u00e1vaj\u00ed na klimatick\u00e9 krizi, st\u00e1ty jejich nadm\u011brn\u00e9 zisky nedovedou efektivn\u011b zdanit"},"content":{"rendered":"\n<p>Greenpeace \u010cesk\u00e1 republika dnes p\u0159edstavilo novou ekonomickou studii \u201e<a href=\"https:\/\/www.greenpeace.org\/static\/planet4-czech-republic-stateless\/2026\/03\/15d7f76e-gpstudie_web.pdf\">Da\u0148 z nadm\u011brn\u00fdch zisk\u016f zne\u010di\u0161\u0165ovatel\u016f: nevyu\u017eit\u00fd potenci\u00e1l<\/a>\u201c. Studie ukazuje, \u017ee pokud by energetick\u00e9 firmy a fosiln\u00ed spole\u010dnosti dlouhodob\u011b profituj\u00edc\u00ed z prohlubov\u00e1n\u00ed klimatick\u00e9 krize odv\u00e1d\u011bly da\u0148 z nadm\u011brn\u00fdch zisk\u016f nad b\u011b\u017enou \u00farove\u0148, mohla by \u010cesk\u00e1 republika z\u00edsk\u00e1vat stabiln\u00ed p\u0159\u00edjmy v \u0159\u00e1du des\u00edtek miliard korun ro\u010dn\u011b, a p\u0159i plo\u0161n\u00e9m uplatn\u011bn\u00ed nap\u0159\u00ed\u010d ekonomikou dokonce v\u00edce ne\u017e 200 miliard korun ro\u010dn\u011b.<\/p>\n\n<p><strong>Jaroslav Bican, vedouc\u00ed energetick\u00e9 kampan\u011b Greenpeace \u010cR:<\/strong> \u201e<em>V dob\u011b, kdy ve\u0159ejn\u00e9 rozpo\u010dty \u010del\u00ed tlaku a znovu rostou nejistoty spojen\u00e9 s cenami energi\u00ed a v\u00fdvojem ve sv\u011bt\u011b, je kl\u00ed\u010dov\u00e9 hledat stabiln\u00ed zdroje financov\u00e1n\u00ed. Tato studie ukazuje, \u017ee nadm\u011brn\u00e9 zisky v energetice jsou jednou z cest, jak tyto prost\u0159edky z\u00edskat a vr\u00e1tit je zp\u011bt spole\u010dnosti.<\/em> <em>Aktu\u00e1ln\u00ed je to zvl\u00e1\u0161\u0165 nyn\u00ed, kdy v souvislosti s \u00fatokem USA a Izraele na \u00cdr\u00e1n v\u00fdrazn\u00fdm zp\u016fsobem rostou ceny ropy a plynu, co\u017e op\u011bt odnesou p\u0159edev\u0161\u00edm dom\u00e1cnosti, kde\u017eto energetick\u00e9 a fosiln\u00ed spole\u010dnosti na tom vyd\u011blaj\u00ed<\/em>\u201c \u0159\u00edk\u00e1 Jaroslav Bican z Greenpeace \u010cesk\u00e1 republika.\u201d<\/p>\n\n<p><strong>Miroslav Palansk\u00fd, spoluautor studie: <\/strong>\u201e<em>Ve studii analyzujeme windfall da\u0148 zavedenou b\u011bhem energetick\u00e9 krize v letech 2022\u20132023 a ukazujeme, \u017ee velk\u00e1 \u010d\u00e1st potenci\u00e1ln\u00edch p\u0159\u00edjm\u016f z\u016fstala nevybran\u00e1. Firmy reagovaly zejm\u00e9na p\u0159esouv\u00e1n\u00edm zisk\u016f do zem\u00ed, kde da\u0148 zavedena nebyla, co\u017e v\u00fdrazn\u011b sn\u00ed\u017eilo efektivitu tohoto n\u00e1stroje.<\/em>\u201c<\/p>\n\n<p>Studie uv\u00e1d\u00ed, \u017ee energetick\u00e9 firmy v EU dos\u00e1hly v letech 2022\u20132023 nadm\u011brn\u00fdch zisk\u016f p\u0159es 223 mld. eur, st\u00e1ty ale vybraly jen zhruba t\u0159etinu mo\u017en\u00fdch p\u0159\u00edjm\u016f. Celkov\u011b se m\u011blo p\u0159i minim\u00e1ln\u00ed sazb\u011b 33 % vybrat p\u0159ibli\u017en\u011b 73,8 mld. eur, ve skute\u010dnosti se v\u0161ak vybralo jen asi 26,1 mld. eur. Studie z\u00e1rove\u0148 ukazuje, \u017ee n\u011bkter\u00e9 zem\u011b dok\u00e1zaly o\u010dek\u00e1v\u00e1n\u00ed naplnit l\u00e9pe, ne\u017e jin\u00e9. Nap\u0159\u00edklad It\u00e1lie a Rumunsko pat\u0159\u00ed mezi st\u00e1ty, kde skute\u010dn\u011b vybran\u00fd v\u00fdnos odpov\u00eddal v\u011bt\u0161\u00ed \u010d\u00e1sti odhadovan\u00e9ho potenci\u00e1lu, zat\u00edmco velk\u00e9 ekonomiky jako N\u011bmecko, Francie nebo \u0160pan\u011blsko vybraly jen malou \u010d\u00e1st toho, co bylo mo\u017en\u00e9. To ukazuje, \u017ee n\u00edzk\u00fd v\u00fdnos nen\u00ed nevyhnuteln\u00fd, ale z\u00e1vis\u00ed na nastaven\u00ed pravidel a schopnosti omezit da\u0148ov\u00e9 \u00faniky.<\/p>\n\n<p>V \u010cesk\u00e9 republice studie odhaduje potenci\u00e1ln\u00ed v\u00fdnos windfall dan\u011b v \u0159\u00e1du n\u011bkolika miliard eur, p\u0159i\u010dem\u017e skute\u010dn\u011b vybran\u00fd v\u00fdnos byl o n\u011bco ni\u017e\u0161\u00ed ne\u017e tento potenci\u00e1l. Studie uv\u00e1d\u00ed nap\u0159\u00edklad skupinu EPH Daniela K\u0159et\u00ednsk\u00e9ho, kter\u00e1 v reakci na \u010deskou windfall da\u0148 p\u0159esunula \u010d\u00e1st aktivit a zisk\u016f do \u0160v\u00fdcarska, tak\u017ee velk\u00e1 \u010d\u00e1st v\u00fdb\u011bru z\u016fstala na bedrech st\u00e1tn\u00ed skupiny \u010cEZ, zat\u00edmco soukrom\u00e9 skupiny p\u0159isp\u011bly m\u00e9n\u011b.&nbsp;<\/p>\n\n<p>Auto\u0159i doprovodn\u00fdch text\u016f z\u00e1rove\u0148 upozor\u0148uj\u00ed na \u0161ir\u0161\u00ed dopady sou\u010dasn\u00e9ho nastaven\u00ed.<\/p>\n\n<p><strong>Tom\u00e1\u0161 Protiv\u00ednsk\u00fd, ekonom, IDEA p\u0159i CERGE-EI:<\/strong> \u201e<em>Energetick\u00e1 transformace k n\u00edzkoemisn\u00edm zdroj\u016fm a k \u00faspor\u00e1m je kl\u00ed\u010dov\u00e1 pro \u0159e\u0161en\u00ed klimatick\u00e9 zm\u011bny i pro energetickou sob\u011bsta\u010dnost. Uplatn\u011bn\u00ed principu &#8222;zne\u010di\u0161\u0165ovatel plat\u00ed&#8220; je nejefektivn\u011bj\u0161\u00ed cesta, jak tuto transformaci podpo\u0159it, a ji\u017e dnes ho napl\u0148uj\u00ed funguj\u00edc\u00ed evropsk\u00e9 emisn\u00ed povolenky. Vyh\u00fdb\u00e1n\u00ed se placen\u00ed dan\u00ed nadn\u00e1rodn\u00edch firem p\u0159ipravuje ve\u0159ejn\u00e9 rozpo\u010dty o 4-10 % potenci\u00e1ln\u00edch p\u0159\u00edjm\u016f. Lep\u0161\u00ed mezin\u00e1rodn\u00ed koordinace zav\u00e1d\u011bn\u00fdch dan\u00ed a transparentn\u011bj\u0161\u00ed vykazov\u00e1n\u00ed jsou nezbytn\u00e9 nejen v dob\u011b energetick\u00e9 krize.<\/em>\u201d<\/p>\n\n<p>Jedn\u00edm z hlavn\u00edch z\u00e1v\u011br\u016f kulat\u00e9ho stolu bylo, \u017ee kl\u00ed\u010dovou bari\u00e9rou pro napln\u011bn\u00ed potenci\u00e1lu windfall tax, ale i tvorbu dal\u0161\u00edch \u00fasp\u011b\u0161n\u00fdch da\u0148ov\u00fdch n\u00e1stroj\u016f je nedostate\u010dn\u00e1 transparentnost da\u0148ov\u00e9ho chov\u00e1n\u00ed velk\u00fdch korporac\u00ed jako tomu bylo v p\u0159\u00edpad\u011b ned\u00e1vn\u00e9 energetick\u00e9 krize. Shoda panovala i na tom, \u017ee syst\u00e9m emisn\u00edch povolenek z\u016fst\u00e1v\u00e1 hlavn\u00edm n\u00e1strojem pro napl\u0148ov\u00e1n\u00ed principu zne\u010di\u0161\u0165ovatel plat\u00ed.&nbsp;<\/p>\n\n<p><strong>Materi\u00e1ly ke sta\u017een\u00ed:&nbsp;<\/strong><\/p>\n\n<p><a href=\"https:\/\/photos.grpe.cz\/index.php?\/category\/608\">Fotografie z kulat\u00e9ho stolu<\/a><br><a href=\"https:\/\/photos.grpe.cz\/index.php?\/category\/607\">Graficky zpracovan\u00e9 hlavn\u00ed zji\u0161t\u011bn\u00ed studie<\/a><\/p>\n","protected":false},"excerpt":{"rendered":"<p>Greenpeace \u010cesk\u00e1 republika dnes p\u0159edstavilo novou ekonomickou studii \u201eDa\u0148 z nadm\u011brn\u00fdch zisk\u016f zne\u010di\u0161\u0165ovatel\u016f: nevyu\u017eit\u00fd potenci\u00e1l\u201c. Studie ukazuje, \u017ee pokud by energetick\u00e9 firmy a fosiln\u00ed spole\u010dnosti dlouhodob\u011b profituj\u00edc\u00ed z prohlubov\u00e1n\u00ed klimatick\u00e9&hellip;<\/p>\n","protected":false},"author":95,"featured_media":23487,"comment_status":"closed","ping_status":"closed","sticky":false,"template":"","format":"standard","meta":{"ep_exclude_from_search":false,"p4_og_title":"","p4_og_description":"","p4_og_image":"","p4_og_image_id":"","p4_seo_canonical_url":"","p4_campaign_name":"","p4_local_project":"","p4_basket_name":"","p4_department":"","footnotes":""},"categories":[30,5],"tags":[20,25],"p4-page-type":[14],"class_list":["post-23486","post","type-post","status-publish","format-standard","has-post-thumbnail","hentry","category-greenpeace","category-issues","tag-zmena-klimatu","tag-konec-doby-fosilni","p4-page-type-tiskova-zprava"],"_links":{"self":[{"href":"https:\/\/www.greenpeace.org\/czech\/wp-json\/wp\/v2\/posts\/23486","targetHints":{"allow":["GET"]}}],"collection":[{"href":"https:\/\/www.greenpeace.org\/czech\/wp-json\/wp\/v2\/posts"}],"about":[{"href":"https:\/\/www.greenpeace.org\/czech\/wp-json\/wp\/v2\/types\/post"}],"author":[{"embeddable":true,"href":"https:\/\/www.greenpeace.org\/czech\/wp-json\/wp\/v2\/users\/95"}],"replies":[{"embeddable":true,"href":"https:\/\/www.greenpeace.org\/czech\/wp-json\/wp\/v2\/comments?post=23486"}],"version-history":[{"count":1,"href":"https:\/\/www.greenpeace.org\/czech\/wp-json\/wp\/v2\/posts\/23486\/revisions"}],"predecessor-version":[{"id":23488,"href":"https:\/\/www.greenpeace.org\/czech\/wp-json\/wp\/v2\/posts\/23486\/revisions\/23488"}],"wp:featuredmedia":[{"embeddable":true,"href":"https:\/\/www.greenpeace.org\/czech\/wp-json\/wp\/v2\/media\/23487"}],"wp:attachment":[{"href":"https:\/\/www.greenpeace.org\/czech\/wp-json\/wp\/v2\/media?parent=23486"}],"wp:term":[{"taxonomy":"category","embeddable":true,"href":"https:\/\/www.greenpeace.org\/czech\/wp-json\/wp\/v2\/categories?post=23486"},{"taxonomy":"post_tag","embeddable":true,"href":"https:\/\/www.greenpeace.org\/czech\/wp-json\/wp\/v2\/tags?post=23486"},{"taxonomy":"p4-page-type","embeddable":true,"href":"https:\/\/www.greenpeace.org\/czech\/wp-json\/wp\/v2\/p4-page-type?post=23486"}],"curies":[{"name":"wp","href":"https:\/\/api.w.org\/{rel}","templated":true}]}}