{"id":2350,"date":"2019-01-03T18:26:11","date_gmt":"2019-01-03T16:26:11","guid":{"rendered":"https:\/\/master.k8s.p4.greenpeace.org\/czech\/?p=2350"},"modified":"2021-12-01T13:32:41","modified_gmt":"2021-12-01T12:32:41","slug":"plasty-palmovy-olej-i-solary-na-strese-skoly-rok-2018-byl-plny-uspechu","status":"publish","type":"post","link":"https:\/\/www.greenpeace.org\/czech\/clanek\/2350\/plasty-palmovy-olej-i-solary-na-strese-skoly-rok-2018-byl-plny-uspechu\/","title":{"rendered":"Plasty, palmov\u00fd olej i sol\u00e1ry na st\u0159e\u0161e \u0161koly. Rok 2018 byl pln\u00fd \u00fasp\u011bch\u016f"},"content":{"rendered":"<p><strong>Uplynul\u00fd rok 2018 byl nesm\u00edrn\u011b n\u00e1ro\u010dn\u00fd, ale nakonec p\u0159inesl \u010desk\u00e9 pobo\u010dce mezin\u00e1rodn\u00ed ekologick\u00e9 organizace Greenpeace spoustu \u00fasp\u011bch\u016f a v\u00fdrazn\u00fdch ud\u00e1lost\u00ed. Jak p\u0159\u00edmo na dom\u00e1c\u00ed sc\u00e9n\u011b, tak v evropsk\u00fdch a mezin\u00e1rodn\u00edch kampan\u00edch, do nich\u017e jsme se zapojili. P\u0159ipome\u0148 si je s n\u00e1mi.<\/strong><\/p>\n<div id=\"attachment_2352\" style=\"width: 1210px\" class=\"wp-caption alignnone\"><img loading=\"lazy\" decoding=\"async\" aria-describedby=\"caption-attachment-2352\" class=\"size-full wp-image-2352\" src=\"https:\/\/www.greenpeace.org\/static\/planet4-czech-republic-stateless\/2019\/01\/e18727ac-gp0strh1v.jpg\" alt=\"Ministerstvo uhl\u00ed a smogu\" width=\"1200\" height=\"800\" srcset=\"https:\/\/www.greenpeace.org\/static\/planet4-czech-republic-stateless\/2019\/01\/e18727ac-gp0strh1v.jpg 1200w, https:\/\/www.greenpeace.org\/static\/planet4-czech-republic-stateless\/2019\/01\/e18727ac-gp0strh1v-300x200.jpg 300w, https:\/\/www.greenpeace.org\/static\/planet4-czech-republic-stateless\/2019\/01\/e18727ac-gp0strh1v-768x512.jpg 768w, https:\/\/www.greenpeace.org\/static\/planet4-czech-republic-stateless\/2019\/01\/e18727ac-gp0strh1v-1024x683.jpg 1024w, https:\/\/www.greenpeace.org\/static\/planet4-czech-republic-stateless\/2019\/01\/e18727ac-gp0strh1v-510x340.jpg 510w\" sizes=\"auto, (max-width: 1200px) 100vw, 1200px\" \/><p id=\"caption-attachment-2352\" class=\"wp-caption-text\">Ministerstvo uhl\u00ed a smogu<\/p><\/div>\n<p><span style=\"font-weight: 400;\">V lednu jsme zjistili, \u017ee ministr pr\u016fmyslu a obchodu Tom\u00e1\u0161 H\u00fcner chce na jedn\u00e1n\u00ed vl\u00e1dy v tichosti a bez jak\u00e9koli ve\u0159ejn\u00e9 debaty navrhnout, aby se \u010cesk\u00e1 republika p\u0159ipojila ke kontroverzn\u00ed \u017ealob\u011b Polska na nov\u00e9 evropsk\u00e9 limity pro zne\u010di\u0161t\u011bn\u00ed ovzdu\u0161\u00ed. Informaci se poda\u0159ilo dostat do m\u00e9di\u00ed i d\u00edky tomu, \u017ee se je\u0161t\u011b ten den na balk\u00f3n\u011b ministestva pr\u016fmyslu a obchodu objevil transparent, kter\u00fd ho p\u0159ejmenoval na ministerstvo uhl\u00ed a smogu. \u00a0Vl\u00e1da se nakonec rozhodla se k \u017ealob\u011b nep\u0159ipojit.<\/span><\/p>\n<lite-youtube style=\"background-image: url('https:\/\/i.ytimg.com\/vi\/xIo1SP9oQqA\/hqdefault.jpg');\" videoid=\"xIo1SP9oQqA\" params=\"rel=0\"><\/lite-youtube>\n<p><span style=\"font-weight: 400;\">V\u00edtejte v budoucnosti \u2013 tento vzkaz zdravil na konci dubna \u017e\u00e1ky a \u017e\u00e1kyn\u011b \u0161koly v Horn\u00edm Ji\u0159et\u00edn\u011b, m\u011bste\u010dku na hran\u011b uheln\u00e9ho dolu, kter\u00e9mu doned\u00e1vna hrozil z\u00e1nik kv\u016fli snah\u00e1m roz\u0161\u00ed\u0159it t\u011b\u017ebu uhl\u00ed. Ji\u0159et\u00edn\u0161t\u00ed spolu s n\u00e1mi a mnoha d\u00e1rci z cel\u00e9 republiky toti\u017e zvl\u00e1dli \u201cV\u00fdzvu pro Ji\u0159et\u00edn\u201d a vybrali pen\u00edze na fotovoltaick\u00e9 panely, kter\u00e9 byly slavnostn\u011b odhaleny a p\u0159ed\u00e1ny \u0161kole. Panely tak doplnily tepeln\u00e9 \u010derpadlo, kter\u00e9 nahradilo kotel na uhl\u00ed. \u0160kola se tak jako jedna z prvn\u00edch obecn\u00edch budov zbavuje z\u00e1vislosti na fosiln\u00edch palivech.<\/span><\/p>\n<div id=\"attachment_2358\" style=\"width: 1210px\" class=\"wp-caption alignnone\"><img loading=\"lazy\" decoding=\"async\" aria-describedby=\"caption-attachment-2358\" class=\"size-full wp-image-2358\" src=\"https:\/\/www.greenpeace.org\/static\/planet4-czech-republic-stateless\/2019\/01\/be797cc5-gp0stquqd.jpg\" alt=\"Blok\u00e1da k\u00e1cen\u00ed v B\u011blov\u011b\u017esk\u00e9m pralese\" width=\"1200\" height=\"800\" srcset=\"https:\/\/www.greenpeace.org\/static\/planet4-czech-republic-stateless\/2019\/01\/be797cc5-gp0stquqd.jpg 1200w, https:\/\/www.greenpeace.org\/static\/planet4-czech-republic-stateless\/2019\/01\/be797cc5-gp0stquqd-300x200.jpg 300w, https:\/\/www.greenpeace.org\/static\/planet4-czech-republic-stateless\/2019\/01\/be797cc5-gp0stquqd-768x512.jpg 768w, https:\/\/www.greenpeace.org\/static\/planet4-czech-republic-stateless\/2019\/01\/be797cc5-gp0stquqd-1024x683.jpg 1024w, https:\/\/www.greenpeace.org\/static\/planet4-czech-republic-stateless\/2019\/01\/be797cc5-gp0stquqd-510x340.jpg 510w\" sizes=\"auto, (max-width: 1200px) 100vw, 1200px\" \/><p id=\"caption-attachment-2358\" class=\"wp-caption-text\">Blok\u00e1da k\u00e1cen\u00ed v B\u011blov\u011b\u017esk\u00e9m pralese<\/p><\/div>\n<p><span style=\"font-weight: 400;\">Evropsk\u00fd soudn\u00ed dv\u016fr v kv\u011btnu rozhodl, \u017ee zv\u00fd\u0161en\u00e1 t\u011b\u017eba d\u0159eva v B\u011blov\u011b\u017esk\u00e9m pralese byla v rozporu s pr\u00e1vem EU. Znamen\u00e1 to, \u017ee t\u011b\u017eebn\u00ed pr\u00e1ce nesm\u011bj\u00ed pokra\u010dovat. Toto rozhodnut\u00ed p\u0159i\u0161lo po mezin\u00e1rodn\u00edch nen\u00e1siln\u00fdch protestech proti postoji polsk\u00e9ho ministerstva \u017eivotn\u00edho prost\u0159ed\u00ed a po roce nep\u0159etr\u017eit\u00e9 ochrany B\u011blov\u011b\u017esk\u00e9ho pralesa v\u011bdci, ekologick\u00fdmi organizacemi a polskou ob\u010danskou spole\u010dnost\u00ed. Blok\u00e1d se \u00fa\u010dastnily des\u00edtky lid\u00ed z \u010cesk\u00e9 republiky, v\u010detn\u011b dobrovoln\u00edk\u016f Greenpeace. Ekologick\u00e9 organizace poslali polsk\u00fdm politik\u016fm otev\u0159en\u00fd dopis a u polsk\u00e9 ambas\u00e1dy se uskute\u010dnila spole\u010dn\u00e1 demonstrace.<\/span><\/p>\n<div id=\"attachment_2375\" style=\"width: 1810px\" class=\"wp-caption alignnone\"><img loading=\"lazy\" decoding=\"async\" aria-describedby=\"caption-attachment-2375\" class=\"size-full wp-image-2375\" src=\"https:\/\/www.greenpeace.org\/static\/planet4-czech-republic-stateless\/2019\/01\/16461952-ekovyzva.jpg\" alt=\"EKOv\u00fdzva\" width=\"1800\" height=\"800\" srcset=\"https:\/\/www.greenpeace.org\/static\/planet4-czech-republic-stateless\/2019\/01\/16461952-ekovyzva.jpg 1800w, https:\/\/www.greenpeace.org\/static\/planet4-czech-republic-stateless\/2019\/01\/16461952-ekovyzva-300x133.jpg 300w, https:\/\/www.greenpeace.org\/static\/planet4-czech-republic-stateless\/2019\/01\/16461952-ekovyzva-768x341.jpg 768w, https:\/\/www.greenpeace.org\/static\/planet4-czech-republic-stateless\/2019\/01\/16461952-ekovyzva-1024x455.jpg 1024w, https:\/\/www.greenpeace.org\/static\/planet4-czech-republic-stateless\/2019\/01\/16461952-ekovyzva-510x227.jpg 510w\" sizes=\"auto, (max-width: 1800px) 100vw, 1800px\" \/><p id=\"caption-attachment-2375\" class=\"wp-caption-text\">Design leto\u0161n\u00ed EKOv\u00fdzvy<\/p><\/div>\n<p>Mimo\u0159\u00e1dn\u011b \u00fasp\u011b\u0161n\u00fd byl leto\u0161n\u00ed &#8211; ji\u017e \u010dtvrt\u00fd &#8211; ro\u010dn\u00edk projektu EKOv\u00fdzva, kter\u00fd vymysleli dobrovoln\u00edci a dobrovolnice Greenpeace.\u00a0Zapojilo se neuv\u011b\u0159iteln\u00fdch 3333 lid\u00ed, co\u017e je asi desetkr\u00e1t v\u00edc ne\u017e v p\u0159edchoz\u00edch ro\u010dn\u00edc\u00edch. Ka\u017ed\u00fd \u00fa\u010dastn\u00edk si zvolil vlastn\u00ed v\u00fdzvu a cel\u00fd duben se j\u00ed v\u011bnoval. Mnoz\u00ed z nich o sv\u00e9 v\u00fdzv\u011b tak\u00e9 psali blogy na webu\u00a0<a class=\"zoom\" href=\"http:\/\/www.ekovyzva.cz\/\" target=\"_blank\" rel=\"noopener noreferrer\">www.ekovyzva.cz<\/a>. Celkem se na str\u00e1nk\u00e1ch objevilo 504 blog\u016f, fotek a vide\u00ed. Tedy v\u00edc ne\u017e 10 p\u0159\u00edsp\u011bvk\u016f denn\u011b.<\/p>\n<div id=\"attachment_2360\" style=\"width: 1210px\" class=\"wp-caption alignnone\"><img loading=\"lazy\" decoding=\"async\" aria-describedby=\"caption-attachment-2360\" class=\"size-full wp-image-2360\" src=\"https:\/\/www.greenpeace.org\/static\/planet4-czech-republic-stateless\/2019\/01\/c21b845e-gp0stqvtf.jpg\" alt=\"Slunce na kruhov\u00e9m objezdu v Barcelon\u011b.\" width=\"1200\" height=\"800\" srcset=\"https:\/\/www.greenpeace.org\/static\/planet4-czech-republic-stateless\/2019\/01\/c21b845e-gp0stqvtf.jpg 1200w, https:\/\/www.greenpeace.org\/static\/planet4-czech-republic-stateless\/2019\/01\/c21b845e-gp0stqvtf-300x200.jpg 300w, https:\/\/www.greenpeace.org\/static\/planet4-czech-republic-stateless\/2019\/01\/c21b845e-gp0stqvtf-768x512.jpg 768w, https:\/\/www.greenpeace.org\/static\/planet4-czech-republic-stateless\/2019\/01\/c21b845e-gp0stqvtf-1024x683.jpg 1024w, https:\/\/www.greenpeace.org\/static\/planet4-czech-republic-stateless\/2019\/01\/c21b845e-gp0stqvtf-510x340.jpg 510w\" sizes=\"auto, (max-width: 1200px) 100vw, 1200px\" \/><p id=\"caption-attachment-2360\" class=\"wp-caption-text\">Slunce na kruhov\u00e9m objezdu v Barcelon\u011b.<\/p><\/div>\n<p><span style=\"font-weight: 400;\">Evropsk\u00e1 unie se dohodla na nov\u00fdch pravidlech pro obnoviteln\u00e9 zdroje energie. Nov\u00e1 legislativa \u00a0poprv\u00e9 v historii uzn\u00e1v\u00e1 pr\u00e1va oby\u010dejn\u00fdch lid\u00ed pod\u00edlet se na evropsk\u00e9 energetick\u00e9 revoluci a p\u0159ekon\u00e1v\u00e1 n\u011bkter\u00e9 velk\u00e9 bari\u00e9ry pro odvr\u00e1cen\u00ed zm\u011bn klimatu. D\u00e1v\u00e1 lidem a komunit\u00e1m v\u011bt\u0161\u00ed kontrolu nad vyu\u017e\u00edv\u00e1n\u00edm energie a podporuje je v instalaci vlastn\u00edch \u010dist\u00fdch zdroj\u016f energie. Z\u00e1rove\u0148 stanovuje celoevropsk\u00fd c\u00edl pod\u00edlu na 32 % energie z obnoviteln\u00fdch zdroj\u016f do roku 2030, co\u017e pro \u010cesko znamen\u00e1 m\u00edt nejm\u00e9n\u011b 24% pod\u00edl do roku 2030.<\/span><\/p>\n<div id=\"attachment_2362\" style=\"width: 1210px\" class=\"wp-caption alignnone\"><img loading=\"lazy\" decoding=\"async\" aria-describedby=\"caption-attachment-2362\" class=\"size-full wp-image-2362\" src=\"https:\/\/www.greenpeace.org\/static\/planet4-czech-republic-stateless\/2019\/01\/46b3a0ad-gp0strnw4.jpg\" alt=\"Tu\u010d\u0148\u00e1k v Antarktid\u011b\" width=\"1200\" height=\"868\" srcset=\"https:\/\/www.greenpeace.org\/static\/planet4-czech-republic-stateless\/2019\/01\/46b3a0ad-gp0strnw4.jpg 1200w, https:\/\/www.greenpeace.org\/static\/planet4-czech-republic-stateless\/2019\/01\/46b3a0ad-gp0strnw4-300x217.jpg 300w, https:\/\/www.greenpeace.org\/static\/planet4-czech-republic-stateless\/2019\/01\/46b3a0ad-gp0strnw4-768x556.jpg 768w, https:\/\/www.greenpeace.org\/static\/planet4-czech-republic-stateless\/2019\/01\/46b3a0ad-gp0strnw4-1024x741.jpg 1024w, https:\/\/www.greenpeace.org\/static\/planet4-czech-republic-stateless\/2019\/01\/46b3a0ad-gp0strnw4-470x340.jpg 470w\" sizes=\"auto, (max-width: 1200px) 100vw, 1200px\" \/><p id=\"caption-attachment-2362\" class=\"wp-caption-text\">Tu\u010d\u0148\u00e1k v Antarktid\u011b<\/p><\/div>\n<p><span style=\"font-weight: 400;\">Letos jsme usilovali i o vytvo\u0159en\u00ed nejv\u011bt\u0161\u00ed oce\u00e1nsk\u00e9 rezervace na sv\u011bt\u011b ve Weddelov\u011b mo\u0159i u pob\u0159e\u017e\u00ed Antarktidy. Kv\u016fli obstrukc\u00edm n\u011bkter\u00fdch st\u00e1t\u016f se to nakonec nepoda\u0159ilo, p\u0159esto m\u00e1 antarktick\u00e1 kampa\u0148 n\u011bkolik re\u00e1ln\u00fdch \u00fasp\u011bch\u016f:<\/span><\/p>\n<ul>\n<li style=\"font-weight: 400;\"><span style=\"font-weight: 400;\">Po v\u00fdzkumu mo\u0159sk\u00e9ho dna, kter\u00fd prov\u00e1d\u011bli v\u011bdci v mal\u00e9 dvoum\u00edstn\u00e9 ponorce, byly \u010dty\u0159i konkr\u00e9tn\u00ed lokality prohl\u00e1\u0161eny za chr\u00e1n\u011bn\u00e1 \u00fazem\u00ed.<\/span><\/li>\n<li style=\"font-weight: 400;\"><span style=\"font-weight: 400;\">Velk\u00e1 potravin\u00e1\u0159sk\u00e1 firma Holland &amp; Barrett ozn\u00e1mila, \u017ee nebude vyr\u00e1b\u011bt tablety s omega-3-mastn\u00fdmi kyselinami z krilu &#8211; mal\u00fdch kor\u00fd\u0161\u016f, kte\u0159\u00ed slou\u017e\u00ed jako potrava tu\u010d\u0148\u00e1k\u016fm a velryb\u00e1m. <\/span><\/li>\n<li style=\"font-weight: 400;\"><span style=\"font-weight: 400;\">Ryb\u00e1\u0159sk\u00e9 firmy, kter\u00e9 reprezentuj\u00ed 85 procent cel\u00e9ho pr\u016fmyslu lovu krilu, se na n\u00e1tlak kampan\u011b Greenpeace zav\u00e1zaly, \u017ee nebudou operovat v m\u00edstech, kde jsou kolonie tu\u010d\u0148\u00e1k\u016f, a podpo\u0159ily po\u017eadavek na vytvo\u0159en\u00ed oce\u00e1nsk\u00e9 rezervace.<\/span><\/li>\n<\/ul>\n<lite-youtube style=\"background-image: url('https:\/\/i.ytimg.com\/vi\/bRy1Dn38QbY\/hqdefault.jpg');\" videoid=\"bRy1Dn38QbY\" params=\"rel=0\"><\/lite-youtube>\n<p><span style=\"font-weight: 400;\">I letos jsme pokra\u010dovali ve velk\u00e9 kampani Plast je past. Jej\u00ed sou\u010d\u00e1st\u00ed byly \u00faklidy p\u0159\u00edrody a pl\u00e1\u017e\u00ed, po kter\u00fdch se d\u011blal audit zna\u010dek, kter\u00e9 nejv\u00edce zne\u010di\u0161\u0165uj\u00ed \u017eivotn\u00ed prost\u0159ed\u00ed, tlak na supermarkety a v\u00fdrobce plastov\u00e9ho oble\u010den\u00ed, prom\u00edt\u00e1n\u00ed filmu A Plastic Ocean \u010di testov\u00e1n\u00ed \u010desk\u00fdch \u0159ek na p\u0159\u00edtomnost mikroplast\u016f. Neuv\u011b\u0159iteln\u00fdch 114 tis\u00edc \u010desk\u00fdch podpis\u016f pod petic\u00ed Plast je past pak pomohlo k tomu, aby se Evropa dohodla na omezen\u00ed zbyte\u010dn\u00fdch jednor\u00e1zov\u00fdch plast\u016f, kter\u00e9 nejv\u00edce zamo\u0159uj\u00ed evropsk\u00e1 mo\u0159e a pl\u00e1\u017ee. Ro\u010dn\u011b tam skon\u010d\u00ed a\u017e 500 tis\u00edc tun plastov\u00e9ho odpadu (to je 66 tis\u00edc popel\u00e1\u0159sk\u00fdch voz\u016f).<\/span><\/p>\n<div id=\"attachment_2364\" style=\"width: 1210px\" class=\"wp-caption alignnone\"><img loading=\"lazy\" decoding=\"async\" aria-describedby=\"caption-attachment-2364\" class=\"size-full wp-image-2364\" src=\"https:\/\/www.greenpeace.org\/static\/planet4-czech-republic-stateless\/2019\/01\/866f70bf-gp0stsjg9.jpg\" alt=\"Ob\u0159\u00ed demonstrace proti k\u00e1cen\u00ed\" width=\"1200\" height=\"800\" srcset=\"https:\/\/www.greenpeace.org\/static\/planet4-czech-republic-stateless\/2019\/01\/866f70bf-gp0stsjg9.jpg 1200w, https:\/\/www.greenpeace.org\/static\/planet4-czech-republic-stateless\/2019\/01\/866f70bf-gp0stsjg9-300x200.jpg 300w, https:\/\/www.greenpeace.org\/static\/planet4-czech-republic-stateless\/2019\/01\/866f70bf-gp0stsjg9-768x512.jpg 768w, https:\/\/www.greenpeace.org\/static\/planet4-czech-republic-stateless\/2019\/01\/866f70bf-gp0stsjg9-1024x683.jpg 1024w, https:\/\/www.greenpeace.org\/static\/planet4-czech-republic-stateless\/2019\/01\/866f70bf-gp0stsjg9-510x340.jpg 510w\" sizes=\"auto, (max-width: 1200px) 100vw, 1200px\" \/><p id=\"caption-attachment-2364\" class=\"wp-caption-text\">Ob\u0159\u00ed demonstrace proti k\u00e1cen\u00ed<\/p><\/div>\n<p><span style=\"font-weight: 400;\">Klimatick\u00e9 hnut\u00ed slav\u00ed \u00fasp\u011bch. Po m\u011bs\u00edci policejn\u00edch man\u00e9vr\u016f a odporu tis\u00edc\u016f lid\u00ed v Hamba\u0161sk\u00e9m lese i p\u0159ed n\u011bmeck\u00fdmi ambas\u00e1dami po cel\u00e9 Evrop\u011b vydal na podzim soud v M\u00fcnsteru ve zrychlen\u00e9m \u0159\u00edzen\u00ed p\u0159edb\u011b\u017en\u00e9 rozhodnut\u00ed, podle kter\u00e9ho energetick\u00fd koncern RWE v lese nesm\u00ed k\u00e1cet. 12 tis\u00edc let star\u00fd les je tak v bezpe\u010d\u00ed minim\u00e1ln\u011b do konce p\u0159\u00ed\u0161t\u00edho roku. Do aktivit za z\u00e1chranu lesa se zapojili i jednotlivci a spolky z \u010cesk\u00e9 republiky v\u010detn\u011b n\u00e1s. P\u0159ed n\u011bmeckou ambas\u00e1dou se uskute\u010dnily dv\u011b demonstrace a velvyslanec p\u0159evzal od \u0159editele \u010desk\u00e9 pobo\u010dky Greenpeace petici,\u00a0 kterou b\u011bhem necel\u00fdch dvou t\u00fddn\u016f podepsalo bezm\u00e1la 14 tis\u00edc lid\u00ed.<\/span><\/p>\n<div id=\"attachment_2366\" style=\"width: 1580px\" class=\"wp-caption alignnone\"><img loading=\"lazy\" decoding=\"async\" aria-describedby=\"caption-attachment-2366\" class=\"size-full wp-image-2366\" src=\"https:\/\/www.greenpeace.org\/static\/planet4-czech-republic-stateless\/2019\/01\/a7d2b031-webisek.png\" alt=\"Greenpeace m\u00e1 nov\u00fd web\" width=\"1570\" height=\"672\" srcset=\"https:\/\/www.greenpeace.org\/static\/planet4-czech-republic-stateless\/2019\/01\/a7d2b031-webisek.png 1570w, https:\/\/www.greenpeace.org\/static\/planet4-czech-republic-stateless\/2019\/01\/a7d2b031-webisek-300x128.png 300w, https:\/\/www.greenpeace.org\/static\/planet4-czech-republic-stateless\/2019\/01\/a7d2b031-webisek-768x329.png 768w, https:\/\/www.greenpeace.org\/static\/planet4-czech-republic-stateless\/2019\/01\/a7d2b031-webisek-1024x438.png 1024w, https:\/\/www.greenpeace.org\/static\/planet4-czech-republic-stateless\/2019\/01\/a7d2b031-webisek-510x218.png 510w\" sizes=\"auto, (max-width: 1570px) 100vw, 1570px\" \/><p id=\"caption-attachment-2366\" class=\"wp-caption-text\">Greenpeace m\u00e1 nov\u00fd web<\/p><\/div>\n<p><span style=\"font-weight: 400;\">Na za\u010d\u00e1tku listopadu jsme spustili nov\u00fd web, a p\u0159ipojili se tak k mnoha dal\u0161\u00edm pobo\u010dk\u00e1m, kter\u00e9 ji\u017e p\u0159e\u0161ly na nov\u00fd syst\u00e9m Planeta 4. Hlavn\u00edm smyslem nov\u00e9ho webu je umo\u017enit jeho n\u00e1v\u0161t\u011bvn\u00edk\u016fm \u0161irokou \u0161k\u00e1lu mo\u017enost\u00ed k zapojen\u00ed. Nov\u00fd naviga\u010dn\u00ed syst\u00e9m vyu\u017e\u00edvaj\u00edc\u00ed takzvan\u00e9 tagy usnad\u0148uje pohyb na str\u00e1nce a nav\u00e1d\u00ed v\u017edy k relevantn\u00edm informac\u00edm. V\u011b\u0159\u00edme, \u017ee si lid\u00e9 na nov\u00fd web brzy zvyknou a ocen\u00ed jeho modern\u00ed vzhled, jednoduchou navigaci a spolehlivost.<\/span><\/p>\n<div id=\"attachment_2345\" style=\"width: 1210px\" class=\"wp-caption alignnone\"><img loading=\"lazy\" decoding=\"async\" aria-describedby=\"caption-attachment-2345\" class=\"wp-image-2345 size-full\" src=\"https:\/\/www.greenpeace.org\/static\/planet4-czech-republic-stateless\/2019\/01\/68fa330f-gp0strxsi.jpg\" alt=\"Akce p\u0159ed KBC\" width=\"1200\" height=\"800\" srcset=\"https:\/\/www.greenpeace.org\/static\/planet4-czech-republic-stateless\/2019\/01\/68fa330f-gp0strxsi.jpg 1200w, https:\/\/www.greenpeace.org\/static\/planet4-czech-republic-stateless\/2019\/01\/68fa330f-gp0strxsi-300x200.jpg 300w, https:\/\/www.greenpeace.org\/static\/planet4-czech-republic-stateless\/2019\/01\/68fa330f-gp0strxsi-768x512.jpg 768w, https:\/\/www.greenpeace.org\/static\/planet4-czech-republic-stateless\/2019\/01\/68fa330f-gp0strxsi-1024x683.jpg 1024w, https:\/\/www.greenpeace.org\/static\/planet4-czech-republic-stateless\/2019\/01\/68fa330f-gp0strxsi-510x340.jpg 510w\" sizes=\"auto, (max-width: 1200px) 100vw, 1200px\" \/><p id=\"caption-attachment-2345\" class=\"wp-caption-text\">Protest v Bruselu. Je\u0161t\u011b t\u00fd\u017e den rozhodla banka, pod kterou spad\u00e1 i \u010desk\u00e1 \u010cSOB, \u017ee nebude d\u00e1le investovat do uhl\u00ed.<\/p><\/div>\n<p><span style=\"font-weight: 400;\">Klimatickou zm\u011bnu za\u010d\u00ednaj\u00ed \u0159e\u0161it i \u010desk\u00e9 banky a poji\u0161\u0165ovny. Po protestu Greenpeace ozn\u00e1mila belgick\u00e1 banka KBC, pod kterou spad\u00e1 i \u010desk\u00e1 dce\u0159inka \u010cSOB, \u017ee kon\u010d\u00ed s investicemi do uhl\u00ed. Poji\u0161\u0165ovna Generali o n\u011bkolik m\u011bs\u00edc\u016f pozd\u011bji vysly\u0161ela na\u0161e po\u017eadavky a ozn\u00e1mila, \u017ee ji\u017e nebude poji\u0161\u0165ovat nov\u00e9 elektr\u00e1rny a doly a bude odm\u00edtat klienty, jejich\u017e portfolio \u010di tr\u017eby tvo\u0159\u00ed z v\u00edce ne\u017e 30 % uheln\u00fd pr\u016fmysl. Pod spole\u010dnost Generali spad\u00e1 i \u010cesk\u00e1 poji\u0161\u0165ovna. V obou kampan\u00edch jsme belgick\u00fdm a italsk\u00fdm koleg\u016fm aktivn\u011b pom\u00edhali.<\/span><\/p>\n<lite-youtube style=\"background-image: url('https:\/\/i.ytimg.com\/vi\/KyC1S0AMm5Q\/hqdefault.jpg');\" videoid=\"KyC1S0AMm5Q\" params=\"rel=0\"><\/lite-youtube>\n<p><span style=\"font-weight: 400;\">Spolupod\u00edleli jsme se na 1500 km dlouh\u00e9 cest\u011b \u201cklimatick\u00fdch poutn\u00edk\u016f\u201d, kte\u0159\u00ed pro\u0161li i na\u0161\u00ed republikou. Kolektiv lid\u00ed z\u00a0<\/span><span style=\"font-weight: 400;\">Filip\u00edn, Pacifick\u00fdch ostrov\u016f a z cel\u00e9 Evropy \u0161el p\u011b\u0161ky z Vatik\u00e1nu do polsk\u00fdch Katovic na mezin\u00e1rodn\u00ed konferenci o klimatu a nesl sem encyklika pape\u017ee Franti\u0161ka o klimatick\u00e9 zm\u011bn\u011b a ekologii Laudato Si.\u00a0 Po cest\u011b se zastavili nap\u0159\u00edklad v Brn\u011b \u010di v Ostrav\u011b.<\/span><\/p>\n<lite-youtube style=\"background-image: url('https:\/\/i.ytimg.com\/vi\/r4-4QJXyUZY\/hqdefault.jpg');\" videoid=\"r4-4QJXyUZY\" params=\"rel=0\"><\/lite-youtube>\n<p><span style=\"font-weight: 400;\">Vydali jsme \u010deskou verzi studie <\/span><span style=\"font-weight: 400;\">Posledn\u00ed n\u00e1dech<\/span><span style=\"font-weight: 400;\">, z kter\u00e9 vypl\u00fdv\u00e1, \u017ee \u010desk\u00e9 firmy dominuj\u00ed \u017eeb\u0159\u00ed\u010dku nejv\u011bt\u0161\u00edch zne\u010di\u0161\u0165ovatel\u016f ovzdu\u0161\u00ed v Evrop\u011b. Na druh\u00e9m m\u00edst\u011b se nach\u00e1z\u00ed EPH a na \u010dtvrt\u00e9m \u010cEZ. Studie byla zve\u0159ejn\u011bna ve stejn\u00fd den, kdy se konala mimo\u0159\u00e1dn\u00e1 valn\u00e1 hromada firmy \u010cEZ. Akcion\u00e1\u0159\u016fm jsme p\u0159ed za\u010d\u00e1tkem akce rozd\u00e1vali informa\u010dn\u00ed let\u00e1\u010dky. Polost\u00e1tn\u00ed gigant nepln\u00ed st\u00e1tn\u00ed energetickou koncepci, o \u00fatlumu uheln\u00e9 energetiky m\u00e1 jen mlhavou p\u0159edstavu a svoji nejhor\u0161\u00ed elektr\u00e1rnu z hlediska zne\u010di\u0161t\u011bn\u00ed pl\u00e1nuje prodat uhlobaronovi Pavlu Tyka\u010dovi.<\/span><\/p>\n<lite-youtube style=\"background-image: url('https:\/\/i.ytimg.com\/vi\/BEhR6y3EgTY\/hqdefault.jpg');\" videoid=\"BEhR6y3EgTY\" params=\"rel=0\"><\/lite-youtube>\n<p><span style=\"font-weight: 400;\">Proti pl\u00e1novan\u00e9mu roz\u0161\u00ed\u0159en\u00ed velkolomu B\u00edlina za p\u016fvodn\u00ed \u00fazemn\u00ed ekologick\u00e9 limity t\u011b\u017eby v severn\u00edch \u010cech\u00e1ch se vymezilo 4 451 lid\u00ed. Pr\u00e1v\u011b tolik p\u0159ipom\u00ednek k dokumentaci vliv\u016f, kter\u00e9 by na \u017eivotn\u00ed prost\u0159ed\u00ed m\u011blo roz\u0161\u00ed\u0159en\u00ed t\u011b\u017eby, obdr\u017eelo ministerstvo \u017eivotn\u00edho prost\u0159ed\u00ed p\u0159es na\u0161i webovou platformu <\/span><a href=\"http:\/\/www.spoluprotiuhli.cz\"><span style=\"font-weight: 400;\">www.spoluprotiuhli.cz<\/span><\/a><span style=\"font-weight: 400;\">. Jde tak nepochybn\u011b o nejv\u011bt\u0161\u00ed p\u0159\u00edpad zapojen\u00ed ve\u0159ejnosti do procesu vyhodnocen\u00ed vliv\u016f na \u017eivotn\u00ed prost\u0159ed\u00ed EIA v souvislosti s t\u011b\u017ebou nerost\u016f. Des\u00edtky lid\u00ed se pak spolu s n\u00e1mi vyjad\u0159ovaly proti roz\u0161i\u0159ov\u00e1n\u00ed t\u011b\u017eby uhl\u00ed i na ve\u0159ejn\u00e9m projedn\u00e1n\u00ed v Most\u011b.<\/span><\/p>\n<lite-youtube style=\"background-image: url('https:\/\/i.ytimg.com\/vi\/phiueSib80Q\/hqdefault.jpg');\" videoid=\"phiueSib80Q\" params=\"rel=0\"><\/lite-youtube>\n<p><span style=\"font-weight: 400;\">Lid\u00e9, kte\u0159\u00ed pouk\u00e1zali na po\u0161kozov\u00e1n\u00ed \u017eivotn\u00edho prost\u0159ed\u00ed na Slovensku a skon\u010dili kv\u016fli tomu za m\u0159\u00ed\u017eemi, jsou na svobod\u011b. Slovensk\u00e1 gener\u00e1ln\u00ed prokuratura na\u0159\u00eddila propustit v\u0161ech 12 aktivist\u016f a aktivistek Greenpeace z vazby, kterou na n\u011b uvalil slovensk\u00fd soud. Pro vazbu neexistovaly podle gener\u00e1ln\u00edho prokur\u00e1tora z\u00e1konn\u00e9 d\u016fvody. Mezi st\u00edhan\u00fdmi jsou i dva lid\u00e9 z \u010ceska.<\/span><\/p>\n<lite-youtube style=\"background-image: url('https:\/\/i.ytimg.com\/vi\/9OcHOyxULlM\/hqdefault.jpg');\" videoid=\"9OcHOyxULlM\" params=\"rel=0\"><\/lite-youtube>\n<p><span style=\"font-weight: 400;\">Nejv\u011bt\u0161\u00ed sv\u011btov\u00fd obchodn\u00edk s palmov\u00fdm olejem Wilmar zve\u0159ejnil po na\u0161\u00ed intenzivn\u00ed mezin\u00e1rodn\u00ed kampani\u00a0<\/span><span style=\"font-weight: 400;\">detailn\u00ed ak\u010dn\u00ed pl\u00e1n<\/span><span style=\"font-weight: 400;\">, jak bude mapovat a monitorovat v\u0161echny sv\u00e9 dodavatele. Jedn\u00e1 se o velice d\u016fle\u017eit\u00fd miln\u00edk v kampani za zastaven\u00ed k\u00e1cen\u00ed prales\u016f v Indon\u00e9sii. Sou\u010d\u00e1st\u00ed kampan\u011b byla vedle celosv\u011btov\u00e9 petice i cel\u00e1 \u0159ada aktivit, z nich\u017e n\u011bkter\u00e9 prob\u011bhly v \u010cesk\u00e9 republice. Na zdi u pra\u017esk\u00e9ho parku Paruk\u00e1\u0159ka vznikl streetart upozor\u0148uj\u00edc\u00ed na destrukci prales\u016f. Animovan\u00fd klip Rang-tan mohli lid\u00e9 vid\u011bt jako p\u0159edfilm ve vybran\u00fdch \u010desk\u00fdch kinech.<\/span><\/p>\n<lite-youtube style=\"background-image: url('https:\/\/i.ytimg.com\/vi\/8l3MQfTP2XU\/hqdefault.jpg');\" videoid=\"8l3MQfTP2XU\" params=\"rel=0\"><\/lite-youtube>\n<div style=\"text-align: center;\"><a href=\"https:\/\/podpora.greenpeace.cz\/2019\/?utm_source=social_media&amp;utm_campaign=18ENG50&amp;utm_term=video_endyear\"><strong>Bude rok 2019 stejn\u011b \u00fasp\u011b\u0161n\u00fd?<br \/>\nBez tebe to nezvl\u00e1dneme, podpo\u0159 Greenpeace!<\/strong><\/a><\/div>\n<div class=\"EmptyMessage\">Block content is empty. Check the block&#8217;s settings or remove it.<\/div>","protected":false},"excerpt":{"rendered":"<p>Uplynul\u00fd rok 2018 byl n\u00e1ro\u010dn\u00fd, ale p\u0159inesl pro \u010deskou pobo\u010dku Greenpeace spoustu \u00fasp\u011bch\u016f a v\u00fdrazn\u00fdch ud\u00e1lost\u00ed. Jak p\u0159\u00edmo na dom\u00e1c\u00ed sc\u00e9n\u011b, tak v evropsk\u00fdch a mezin\u00e1rodn\u00edch kampan\u00edch, do nich\u017e jsme&hellip;<\/p>\n","protected":false},"author":29,"featured_media":2354,"comment_status":"open","ping_status":"closed","sticky":false,"template":"","format":"standard","meta":{"ep_exclude_from_search":false,"p4_og_title":"","p4_og_description":"","p4_og_image":"","p4_og_image_id":"","p4_seo_canonical_url":"","p4_campaign_name":"","p4_local_project":"","p4_basket_name":"","p4_department":"","footnotes":""},"categories":[3],"tags":[24,27,28,29],"p4-page-type":[16],"class_list":["post-2350","post","type-post","status-publish","format-standard","has-post-thumbnail","hentry","category-nas-svet","tag-aktivni-spolecnost","tag-podporuji-greenpeace","tag-uspechy","tag-nenasilne-protesty","p4-page-type-clanek"],"_links":{"self":[{"href":"https:\/\/www.greenpeace.org\/czech\/wp-json\/wp\/v2\/posts\/2350","targetHints":{"allow":["GET"]}}],"collection":[{"href":"https:\/\/www.greenpeace.org\/czech\/wp-json\/wp\/v2\/posts"}],"about":[{"href":"https:\/\/www.greenpeace.org\/czech\/wp-json\/wp\/v2\/types\/post"}],"author":[{"embeddable":true,"href":"https:\/\/www.greenpeace.org\/czech\/wp-json\/wp\/v2\/users\/29"}],"replies":[{"embeddable":true,"href":"https:\/\/www.greenpeace.org\/czech\/wp-json\/wp\/v2\/comments?post=2350"}],"version-history":[{"count":10,"href":"https:\/\/www.greenpeace.org\/czech\/wp-json\/wp\/v2\/posts\/2350\/revisions"}],"predecessor-version":[{"id":15744,"href":"https:\/\/www.greenpeace.org\/czech\/wp-json\/wp\/v2\/posts\/2350\/revisions\/15744"}],"wp:featuredmedia":[{"embeddable":true,"href":"https:\/\/www.greenpeace.org\/czech\/wp-json\/wp\/v2\/media\/2354"}],"wp:attachment":[{"href":"https:\/\/www.greenpeace.org\/czech\/wp-json\/wp\/v2\/media?parent=2350"}],"wp:term":[{"taxonomy":"category","embeddable":true,"href":"https:\/\/www.greenpeace.org\/czech\/wp-json\/wp\/v2\/categories?post=2350"},{"taxonomy":"post_tag","embeddable":true,"href":"https:\/\/www.greenpeace.org\/czech\/wp-json\/wp\/v2\/tags?post=2350"},{"taxonomy":"p4-page-type","embeddable":true,"href":"https:\/\/www.greenpeace.org\/czech\/wp-json\/wp\/v2\/p4-page-type?post=2350"}],"curies":[{"name":"wp","href":"https:\/\/api.w.org\/{rel}","templated":true}]}}