{"id":2432,"date":"2019-01-18T13:31:02","date_gmt":"2019-01-18T11:31:02","guid":{"rendered":"https:\/\/master.k8s.p4.greenpeace.org\/czech\/?p=2432"},"modified":"2019-11-06T10:37:58","modified_gmt":"2019-11-06T08:37:58","slug":"mame-moznost-skoncovat-s-palenim-biopaliv-z-palmoveho-oleje","status":"publish","type":"post","link":"https:\/\/www.greenpeace.org\/czech\/clanek\/2432\/mame-moznost-skoncovat-s-palenim-biopaliv-z-palmoveho-oleje\/","title":{"rendered":"M\u00e1me mo\u017enost skoncovat s p\u00e1len\u00edm biopaliv z palmov\u00e9ho oleje"},"content":{"rendered":"<p><strong>Ji\u017e brzy se v Evropsk\u00e9 unii m\u016f\u017eeme zbavit jednoho ostudn\u00e9ho a nesmysln\u00e9ho fenom\u00e9nu &#8211; pou\u017e\u00edv\u00e1n\u00ed palmov\u00e9ho oleje jako paliva pro automobilovou dopravu. K\u00e1cet pralesy v jihov\u00fdchodn\u00ed Asii kv\u016fli &#8222;biopaliv\u016fm&#8220; pou\u017e\u00edvan\u00fdm v Evrop\u011b je naprost\u00fd nesmysl. St\u00e1ty Evropy se nyn\u00ed mohou rozhodnout, \u017ee m\u00edsto p\u00e1len\u00ed ji\u017e tak dost omezen\u00fdch p\u0159\u00edrodn\u00edch zdroj\u016f v n\u00e1dr\u017e\u00edch aut preferuj\u00ed zem\u011bd\u011blstv\u00ed, kter\u00e9 produkuje potravu.\u00a0<\/strong><\/p>\n<p>P\u0159esto\u017ee nejv\u011bt\u0161\u00edm sv\u011btov\u00fdm odbyti\u0161t\u011bm palmov\u00e9ho oleje z\u016fst\u00e1v\u00e1 i nad\u00e1le potravin\u00e1\u0159stv\u00ed, v Evropsk\u00e9 unii vzrostlo kv\u016fli povinn\u00e9mu p\u0159im\u00edch\u00e1v\u00e1n\u00ed bioslo\u017eky do pohonn\u00fdch hmot mno\u017estv\u00ed palmov\u00e9ho oleje pou\u017e\u00edvan\u00e9ho pro v\u00fdrobu biopaliv \u0161estin\u00e1sobn\u011b a podle nejnov\u011bj\u0161\u00edch \u00fadaj\u016f ji\u017e tvo\u0159\u00ed p\u0159es 50 procent ve\u0161ker\u00e9ho palmov\u00e9ho oleje pou\u017e\u00edvan\u00e9ho v EU. Automobilov\u00fd pr\u016fmysl nav\u00edc narozd\u00edl od potravin\u00e1\u0159stv\u00ed nezaj\u00edm\u00e1, zda je palmov\u00fd olej p\u011bstov\u00e1n udr\u017eiteln\u011b nebo zda jsou kv\u016fli jeho produkci k\u00e1ceny a vypalov\u00e1ny pralesy.<\/p>\n<div id=\"attachment_2434\" style=\"width: 1209px\" class=\"wp-caption alignnone\"><img loading=\"lazy\" decoding=\"async\" aria-describedby=\"caption-attachment-2434\" class=\"size-full wp-image-2434\" src=\"https:\/\/www.greenpeace.org\/static\/planet4-czech-republic-stateless\/2019\/01\/c1cb3ad7-gp038es.jpg\" alt=\"Protest proti palmov\u00e9mu oleji\" width=\"1199\" height=\"914\" srcset=\"https:\/\/www.greenpeace.org\/static\/planet4-czech-republic-stateless\/2019\/01\/c1cb3ad7-gp038es.jpg 1199w, https:\/\/www.greenpeace.org\/static\/planet4-czech-republic-stateless\/2019\/01\/c1cb3ad7-gp038es-300x229.jpg 300w, https:\/\/www.greenpeace.org\/static\/planet4-czech-republic-stateless\/2019\/01\/c1cb3ad7-gp038es-768x585.jpg 768w, https:\/\/www.greenpeace.org\/static\/planet4-czech-republic-stateless\/2019\/01\/c1cb3ad7-gp038es-1024x781.jpg 1024w, https:\/\/www.greenpeace.org\/static\/planet4-czech-republic-stateless\/2019\/01\/c1cb3ad7-gp038es-446x340.jpg 446w\" sizes=\"auto, (max-width: 1199px) 100vw, 1199px\" \/><p id=\"caption-attachment-2434\" class=\"wp-caption-text\">Protest Greenpeace proti p\u0159im\u00edch\u00e1v\u00e1n\u00ed palmov\u00e9ho oleje do biopaliv v N\u011bmecku, rok 2010.<\/p><\/div>\n<p>Evropsk\u00fd parlament u\u017e z\u00e1kaz biopaliv z palmov\u00e9ho oleje podpo\u0159il v minul\u00e9m roce. Evropskou komisi za\u00fakoloval, aby v prvn\u00edm kroce zru\u0161ila dotace pro biopaliva s palmov\u00fdm olejem. O\u010dek\u00e1v\u00e1 se, \u017ee stanovisko Komise by mohlo b\u00fdt k palmoolejn\u00e9mu byznysu vst\u0159\u00edcn\u011bj\u0161\u00ed, a proto v sou\u010dasn\u00e9 dob\u011b tak\u00e9 z\u00e1stupci malajsk\u00fdch, indon\u00e9sk\u00fdch \u010di singapursk\u00fdch firem masivn\u011b lobuj\u00ed ve prosp\u011bch sv\u00e9ho kontroverzn\u00edho produktu. My &#8211; lid\u00e9 &#8211; na druhou stranu mus\u00edme uk\u00e1zat, \u017ee si biopaliva dovezen\u00e1 z trop\u016f nep\u0159ejeme. Proto Koalice proti palmov\u00e9mu oleji p\u0159ipravuje <a href=\"https:\/\/www.facebook.com\/events\/552058018605936\/?event_time_id=552058065272598\">protestn\u00ed pochod<\/a>, kter\u00fd bude zastavovat pr\u00e1v\u011b p\u0159ed s\u00eddlem Evropsk\u00e9 komise.<\/p>\n<p>Bylo by p\u0159\u00edli\u0161 naivn\u00ed si myslet, \u017ee z\u00e1kaz biopaliv vy\u0159e\u0161\u00ed odles\u0148ov\u00e1n\u00ed v jihov\u00fdchodn\u00ed Asii jednou prov\u017edy.\u00a0Ale je to d\u016fle\u017eit\u00fd symbolick\u00fd impuls pro cel\u00fd palmoolejn\u00fd pr\u016fmysl. Dokud jsou na \u00fakor palmov\u00e9ho oleje k\u00e1ceny pralesy, jeho pou\u017e\u00edv\u00e1n\u00ed bude ve vysp\u011bl\u00fdch a progresivn\u00edch zem\u00edch regulov\u00e1no. Mus\u00ed se zm\u011bnit cel\u00fd syst\u00e9m p\u011bstov\u00e1n\u00ed olejn\u00fdch palem a jeho kontroly; pokud mo\u017eno je\u0161t\u011b v leto\u0161n\u00edm roce. A rozhodnut\u00ed omezit palmov\u00fd olej v biopalivech m\u016f\u017ee b\u00fdt jedn\u00edm z impuls\u016f, kter\u00e9 k t\u00e9to zm\u011bn\u011b povedou.<\/p>\n<p>I kdy\u017e j\u00e1 osobn\u011b ani nem\u00e1m auto a vlastn\u011b auty a\u017e na v\u00fdjimky nejezd\u00edm, ob\u010das p\u0159ece jen jedu autobusem \u010di jin\u00fdm dopravn\u00edm prost\u0159edkem, kter\u00fd pou\u017e\u00edv\u00e1 pohonn\u00e9 hmoty s p\u0159\u00edm\u011bs\u00ed &#8222;biopaliv&#8220;. Tak\u017ee j\u00e1 m\u00e1m jasno a \u0159\u00edk\u00e1m hlasit\u00e9 #NotInMyTank<\/p>\n","protected":false},"excerpt":{"rendered":"<p>Ji\u017e brzy se v Evropsk\u00e9 unii m\u016f\u017eeme zbavit jednoho ostudn\u00e9ho a nesmysln\u00e9ho fenom\u00e9nu &#8211; pou\u017e\u00edv\u00e1n\u00ed palmov\u00e9ho oleje jako paliva pro automobilovou dopravu. K\u00e1cet pralesy v jihov\u00fdchodn\u00ed Asii kv\u016fli &#8220;biopaliv\u016fm&#8221; pou\u017e\u00edvan\u00fdm&hellip;<\/p>\n","protected":false},"author":27,"featured_media":2434,"comment_status":"open","ping_status":"closed","sticky":false,"template":"","format":"standard","meta":{"ep_exclude_from_search":false,"p4_og_title":"","p4_og_description":"","p4_og_image":"","p4_og_image_id":"","p4_seo_canonical_url":"","p4_campaign_name":"","p4_local_project":"","p4_basket_name":"","p4_department":"","footnotes":""},"categories":[2],"tags":[17,22],"p4-page-type":[16],"class_list":["post-2432","post","type-post","status-publish","format-standard","has-post-thumbnail","hentry","category-priroda","tag-lesy-pralesy","tag-setrimeplanetu","p4-page-type-clanek"],"_links":{"self":[{"href":"https:\/\/www.greenpeace.org\/czech\/wp-json\/wp\/v2\/posts\/2432","targetHints":{"allow":["GET"]}}],"collection":[{"href":"https:\/\/www.greenpeace.org\/czech\/wp-json\/wp\/v2\/posts"}],"about":[{"href":"https:\/\/www.greenpeace.org\/czech\/wp-json\/wp\/v2\/types\/post"}],"author":[{"embeddable":true,"href":"https:\/\/www.greenpeace.org\/czech\/wp-json\/wp\/v2\/users\/27"}],"replies":[{"embeddable":true,"href":"https:\/\/www.greenpeace.org\/czech\/wp-json\/wp\/v2\/comments?post=2432"}],"version-history":[{"count":4,"href":"https:\/\/www.greenpeace.org\/czech\/wp-json\/wp\/v2\/posts\/2432\/revisions"}],"predecessor-version":[{"id":2445,"href":"https:\/\/www.greenpeace.org\/czech\/wp-json\/wp\/v2\/posts\/2432\/revisions\/2445"}],"wp:featuredmedia":[{"embeddable":true,"href":"https:\/\/www.greenpeace.org\/czech\/wp-json\/wp\/v2\/media\/2434"}],"wp:attachment":[{"href":"https:\/\/www.greenpeace.org\/czech\/wp-json\/wp\/v2\/media?parent=2432"}],"wp:term":[{"taxonomy":"category","embeddable":true,"href":"https:\/\/www.greenpeace.org\/czech\/wp-json\/wp\/v2\/categories?post=2432"},{"taxonomy":"post_tag","embeddable":true,"href":"https:\/\/www.greenpeace.org\/czech\/wp-json\/wp\/v2\/tags?post=2432"},{"taxonomy":"p4-page-type","embeddable":true,"href":"https:\/\/www.greenpeace.org\/czech\/wp-json\/wp\/v2\/p4-page-type?post=2432"}],"curies":[{"name":"wp","href":"https:\/\/api.w.org\/{rel}","templated":true}]}}