{"id":2446,"date":"2019-01-21T16:06:36","date_gmt":"2019-01-21T14:06:36","guid":{"rendered":"https:\/\/master.k8s.p4.greenpeace.org\/czech\/?p=2446"},"modified":"2021-12-01T13:32:41","modified_gmt":"2021-12-01T12:32:41","slug":"hanba-elektrarna-chvaletice-chce-vyjimku-na-filtr-ktery-jeste-ani-nema-a-odmita-omezit-vypousteni-nebezpecne-rtuti","status":"publish","type":"post","link":"https:\/\/www.greenpeace.org\/czech\/tiskova-analyza\/2446\/hanba-elektrarna-chvaletice-chce-vyjimku-na-filtr-ktery-jeste-ani-nema-a-odmita-omezit-vypousteni-nebezpecne-rtuti\/","title":{"rendered":"Hanba: Elektr\u00e1rna Chvaletice chce v\u00fdjimku na filtr, kter\u00fd je\u0161t\u011b ani nem\u00e1, a odm\u00edt\u00e1 omezit vypou\u0161t\u011bn\u00ed nebezpe\u010dn\u00e9 rtuti"},"content":{"rendered":"<p><strong>Elektr\u00e1rna Chvaletice chce do \u017eivotn\u00edho prost\u0159ed\u00ed vypou\u0161t\u011bt o 250 procent v\u00edce nebezpe\u010dn\u00e9 rtuti, ne\u017e kolik j\u00ed dovoluj\u00ed nov\u00e9 emisn\u00ed limity platn\u00e9 od roku 2021. Z\u00e1rove\u0148 se do z\u00e1konn\u00fdch limit\u016f nevejde ani u oxid\u016f dus\u00edku, co\u017e chce vy\u0159e\u0161it v\u00fdjimkou na v\u0161echny \u010dty\u0159i bloky elektr\u00e1rny. V p\u0159\u00edpad\u011b bloku B1 \u017e\u00e1d\u00e1 provozovatel elektr\u00e1rny o ud\u011blen\u00ed v\u00fdjimky pro provoz denitrifika\u010dn\u00edho jednotky, jej\u00ed\u017e instalaci teprve p\u0159ipravuje. Mohl by p\u0159itom pou\u017e\u00edt \u00a0technologii, kter\u00e1 by spln\u011bn\u00ed limit\u016f umo\u017enila. Vypl\u00fdv\u00e1 to z \u017e\u00e1dosti o v\u00fdjimku z nov\u00fdch emisn\u00edch limit\u016f \/1\/, kterou od minul\u00e9ho t\u00fddne posuzuj\u00ed \u00fa\u0159edn\u00edci v Pardubick\u00e9m kraji. Ekologick\u00e9 organizace Greenpeace a Zastavme elektr\u00e1rnu Chvaletice po\u017eaduj\u00ed, aby v\u00fdjimky pro elektr\u00e1rnu nebyly ud\u011bleny.<\/strong><\/p>\n<p><i><span style=\"font-weight: 400;\">\u201c\u017d\u00e1dat o v\u00fdjimku pro zne\u010di\u0161t\u011bn\u00ed, kter\u00e9 bude m\u00edt va\u0161e elektr\u00e1rna po rekonstrukci, kter\u00e1 je\u0161t\u011b ani neza\u010dala, je chucpe. V\u00fdjimky nejsou v z\u00e1kon\u011b proto, aby zne\u010di\u0161\u0165ovatel\u00e9 u\u0161et\u0159ili pou\u017e\u00edv\u00e1n\u00edm nekvalitn\u00edch technologi\u00ed, kter\u00e9 limity nepln\u00ed. Pokud chyst\u00e1te rekonstrukci elektr\u00e1rny nebo tepl\u00e1rny, z\u00e1kladn\u00ed podm\u00ednkou je, \u017ee pou\u017eijete technologii, kter\u00e1 bude plnit emisn\u00ed limity. To, co nyn\u00ed zkou\u0161\u00ed elektr\u00e1rna Chvaletice, je brut\u00e1ln\u00edm zneu\u017eit\u00edm institutu v\u00fdjimky, kter\u00fd by byl velice nebezpe\u010dn\u00fdm precedentem nejen na n\u00e1rodn\u00ed, ale i na evropsk\u00e9 \u00farovni,\u201d<\/span><\/i><span style=\"font-weight: 400;\"> uvedl vedouc\u00ed energetick\u00e9 kampan\u011b Greenpeace \u010cR Jan Rovensk\u00fd.<\/span><\/p>\n<div id=\"attachment_2453\" style=\"width: 2510px\" class=\"wp-caption alignnone\"><img loading=\"lazy\" decoding=\"async\" aria-describedby=\"caption-attachment-2453\" class=\"size-full wp-image-2453\" src=\"https:\/\/www.greenpeace.org\/static\/planet4-czech-republic-stateless\/2019\/01\/74c7af0b-gp0stq6ou_pressmedia.jpg\" alt=\"Chvaletice Power Plant Occupation in Czech Republic\" width=\"2500\" height=\"1664\" srcset=\"https:\/\/www.greenpeace.org\/static\/planet4-czech-republic-stateless\/2019\/01\/74c7af0b-gp0stq6ou_pressmedia.jpg 2500w, https:\/\/www.greenpeace.org\/static\/planet4-czech-republic-stateless\/2019\/01\/74c7af0b-gp0stq6ou_pressmedia-300x200.jpg 300w, https:\/\/www.greenpeace.org\/static\/planet4-czech-republic-stateless\/2019\/01\/74c7af0b-gp0stq6ou_pressmedia-768x511.jpg 768w, https:\/\/www.greenpeace.org\/static\/planet4-czech-republic-stateless\/2019\/01\/74c7af0b-gp0stq6ou_pressmedia-1024x682.jpg 1024w, https:\/\/www.greenpeace.org\/static\/planet4-czech-republic-stateless\/2019\/01\/74c7af0b-gp0stq6ou_pressmedia-2048x1363.jpg 2048w, https:\/\/www.greenpeace.org\/static\/planet4-czech-republic-stateless\/2019\/01\/74c7af0b-gp0stq6ou_pressmedia-510x340.jpg 510w\" sizes=\"auto, (max-width: 2500px) 100vw, 2500px\" \/><p id=\"caption-attachment-2453\" class=\"wp-caption-text\">Pokud elektr\u00e1rna neinvestuje do nov\u00fdch filtr\u016f a nedostane v\u00fdjimku, jej\u00ed budoucnost je celkem jasn\u00e1.<\/p><\/div>\n<p><span style=\"font-weight: 400;\">Ofici\u00e1ln\u00edm d\u016fvodem k existenci v\u00fdjimek byly ne\u00fam\u011brn\u00e9 n\u00e1klady pro podnikatele, kte\u0159\u00ed by kv\u016fli nov\u00fdm limit\u016fm museli vym\u011b\u0148ovat filtry, kter\u00e9 instalovali teprve p\u0159ed p\u00e1r lety. To ale nen\u00ed p\u0159\u00edpad chvaletick\u00e9ho bloku B1: zde denitrifika\u010dn\u00ed jednotka nikdy instalov\u00e1na nebyla a jej\u00ed po\u0159\u00edzen\u00ed elektr\u00e1rna teprve p\u0159ipravuje. Mohla by pou\u017e\u00edt kvalitn\u011bj\u0161\u00ed technologii, tzv. SCR, kter\u00e1 by spln\u011bn\u00ed limit\u016f umo\u017enila. Vlastn\u00edk elektr\u00e1rny Pavel Tyka\u010d se ale rozhodl u\u0161et\u0159it a chce s\u00e1hnout po mnohem m\u00e9n\u011b \u00fa\u010dinn\u00e9 technologii SNCR, kterou u\u017e m\u00e1 ve zb\u00fdvaj\u00edc\u00edch t\u0159ech bloc\u00edch. Proto\u017ee SNCR na spln\u011bn\u00ed limit\u016f nesta\u010d\u00ed, \u017e\u00e1d\u00e1 o v\u00fdjimku &#8211; ov\u0161em \u201cpreventivn\u011b\u201d i na blok, na kter\u00e9m by mohl emise v r\u00e1mci chystan\u00e9 rekonstrukce limity bez probl\u00e9m\u016f plnit.<\/span><\/p>\n<p><span style=\"font-weight: 400;\">Elektr\u00e1rna ve sv\u00e9 \u017e\u00e1dosti argumentuje, \u017ee by investice do nov\u00fdch filtr\u016f byla ne\u00fam\u011brn\u011b vysok\u00e1. Firma, kter\u00e1 elektr\u00e1rnu provozuje, p\u0159itom pat\u0159\u00ed multimiliard\u00e1\u0159i a jednomu z nejbohat\u0161\u00edch \u010cech\u016f Pavlu Tyka\u010dovi. Ten si ze sv\u00fdch uheln\u00fdch firem vypl\u00e1c\u00ed miliardov\u00e9 dividendy prost\u0159ednictv\u00edm da\u0148ov\u00fdch r\u00e1j\u016f \/2\/. <\/span><\/p>\n<p><i><span style=\"font-weight: 400;\">\u201cElektr\u00e1rna Chvaletice miliard\u00e1\u0159e Tyka\u010de \u0161et\u0159ila na filtrech, zne\u010di\u0161t\u011bn\u00e9 ovzdu\u0161\u00ed d\u00fdch\u00e1me my. Odm\u00edt\u00e1 investovat do kvalitn\u011bj\u0161\u00edch filtr\u016f dokonce i u \u010d\u00e1sti technologie, kde je\u0161t\u011b rekonstrukce ani neza\u010dala. A to s pln\u00fdm v\u011bdom\u00edm toho, \u017ee limity nespln\u00ed. Je to cynick\u00e9, nicm\u00e9n\u011b pro miliard\u00e1\u0159e z\u0159ejm\u011b plat\u00ed jin\u00e1 pravidla ne\u017e pro ostatn\u00ed. Zne\u010di\u0161t\u011bn\u00ed z Chvaletic postihne stovky obc\u00ed i daleko za hranicemi kraje, v cel\u00e9 st\u0159edn\u00ed Evrop\u011b.\u201d <\/span><\/i><span style=\"font-weight: 400;\">uvedl Robert Hrdina z pardubick\u00e9ho spolku Zastavme elektr\u00e1rnu Chvaletice.<\/span><\/p>\n<p><span style=\"font-weight: 400;\">Nebezpe\u010dnou a jedovatou rtu\u0165 dosud legislativa ne\u0159e\u0161ila a \u017e\u00e1dn\u00e9 limity pro ni neplatily. I kv\u016fli tomu je \u010cesk\u00e1 republika 4. nejv\u011bt\u0161\u00edm zne\u010di\u0161\u0165ovatelem rtut\u00ed v Evropsk\u00e9 unii \/3\/. Elektr\u00e1rna Chvaletice p\u0159itom byla v roce 2017 podle st\u00e1tn\u00edho Integrovan\u00e9ho registru zne\u010di\u0161t\u011bn\u00ed v\u00fdrazn\u00fdm zne\u010di\u0161\u0165ovatelem ovzdu\u0161\u00ed rtut\u00ed v \u010cR: do atmosf\u00e9ry j\u00ed vypustila 74 kilogram\u016f \/4\/. Elektr\u00e1rna v\u0161ak emise podle dokumentace zaslan\u00e9 krajsk\u00e9mu \u00fa\u0159adu nezam\u00fd\u0161l\u00ed do budoucna sni\u017eovat ani o kilogram \/5\/.<\/span><\/p>\n<p><span style=\"font-weight: 400;\">\u201cP\u0159edstava, \u017ee bychom jako spole\u010dnost slo\u017eit\u011b vym\u00fd\u0161leli, jak nahradit rtu\u0165 v teplom\u011brech, elektronice \u010di zubn\u00edch v\u00fdpln\u00edch, a pak nechali uheln\u00e9 elektr\u00e1rny, aby vypou\u0161t\u011bly stovky kilogram\u016f t\u00e9to nebezpe\u010dn\u00e9 l\u00e1tky ro\u010dn\u011b bez jak\u00e9koli kontroly, je absurdn\u00ed,\u201d uvedl Luk\u00e1\u0161 Hr\u00e1bek, tiskov\u00fd mluv\u010d\u00ed Greenpeace \u010cR. \u00a0<\/span><\/p>\n<p><b>Kontakty:<\/b><\/p>\n<ul>\n<li style=\"font-weight: 400;\"><span style=\"font-weight: 400;\">Robert Hrdina, \u010dlen spolku Zastavme elektr\u00e1rnu Chvaletice, <\/span><a href=\"mailto:robert.hrdina@gmail.com\"><span style=\"font-weight: 400;\">robert.hrdina@gmail.com<\/span><\/a><span style=\"font-weight: 400;\">, 606 045 014<\/span><\/li>\n<li style=\"font-weight: 400;\"><span style=\"font-weight: 400;\">Jan Rovensk\u00fd, vedouc\u00ed energetick\u00e9 kampan\u011b Greenpeace \u010cR, <\/span><a href=\"mailto:jan.rovensky@greenpeace.org\"><span style=\"font-weight: 400;\">jan.rovensky@greenpeace.org<\/span><\/a><span style=\"font-weight: 400;\">, 734 620 844 <\/span><\/li>\n<li style=\"font-weight: 400;\"><span style=\"font-weight: 400;\">Luk\u00e1\u0161 Hr\u00e1bek, tiskov\u00fd mluv\u010d\u00ed Greenpeace \u010cR, <\/span><a href=\"mailto:lukas.hrabek@greenpeace.org\"><span style=\"font-weight: 400;\">lukas.hrabek@greenpeace.org<\/span><\/a><span style=\"font-weight: 400;\">, <\/span><span style=\"font-weight: 400;\"><br \/>\n<\/span><span style=\"font-weight: 400;\">603 443 140 <\/span><\/li>\n<\/ul>\n<p>&nbsp;<\/p>\n<p><b>Pozn\u00e1mky pro editory:<\/b><\/p>\n<p><span style=\"font-weight: 400;\">\/1\/ Viz tzv. Stru\u010dn\u00e9 shrnut\u00ed \u017e\u00e1dosti o v\u00fdjimku zve\u0159ejn\u011bn\u00e9 na \u00fa\u0159edn\u00ed desce Pardubick\u00e9ho kraje: <\/span><a href=\"https:\/\/deska.pardubickykraj.cz\/oznameni\/i99344\/spalovaci-zarizeni-o-jmenovitem-tepelnem-prikonu-vetsim-nez-50mw-strucne-shrnuti-udaju-ze-zadosti-o-zmenu-integrovaneho-povoleni\"><span style=\"font-weight: 400;\">https:\/\/deska.pardubickykraj.cz\/oznameni\/i99344\/spalovaci-zarizeni-o-jmenovitem-tepelnem-prikonu-vetsim-nez-50mw-strucne-shrnuti-udaju-ze-zadosti-o-zmenu-integrovaneho-povoleni<\/span><\/a><\/p>\n<p><span style=\"font-weight: 400;\">\/2\/ Spolu s b\u00fdval\u00fdmi spolumajiteli Janem Dienstlem a Tom\u00e1\u0161em Fohlerem si Pavel Tyka\u010d mezi lety 2006 a 2016 vyplatil podle otev\u0159en\u00fdch zdroj\u016f 19,3 miliardy korun. \u00da\u010delov\u011b p\u0159itom stahoval pen\u00edze ze sv\u00fdch firem, kter\u00e9 pak vykazovaly minim\u00e1ln\u00ed \u010di nulov\u00e9 zisky. \u00a0<\/span><\/p>\n<p><span style=\"font-weight: 400;\">Viz <\/span><a href=\"https:\/\/dotyk.denik.cz\/publicistika\/tykacova-stategie-vytezit-z-mostecka-uhli-i-penize-20160804.html\"><span style=\"font-weight: 400;\">https:\/\/dotyk.denik.cz\/publicistika\/tykacova-stategie-vytezit-z-mostecka-uhli-i-penize-20160804.html<\/span><\/a><\/p>\n<p><span style=\"font-weight: 400;\">\/3\/ Viz <\/span><a href=\"https:\/\/www.greenpeace.org\/czech\/tiskova-zprava\/768\/studie-cechy-ohrozuje-jedovata-rtut-pomohlo-by-splneni-novych-limitu-pro-uhelne-elektrarny\/\"><span style=\"font-weight: 400;\">https:\/\/www.greenpeace.org\/czech\/tiskova-zprava\/768\/studie-cechy-ohrozuje-jedovata-rtut-pomohlo-by-splneni-novych-limitu-pro-uhelne-elektrarny\/<\/span><\/a><\/p>\n<p><span style=\"font-weight: 400;\">\/4\/ Viz ve\u0159ejn\u00fd informa\u010dn\u00ed syst\u00e9m IRZ zde: <\/span><a href=\"https:\/\/portal.cenia.cz\/irz\/formularUnikyPrenosy.jsp\"><span style=\"font-weight: 400;\">https:\/\/portal.cenia.cz\/irz\/formularUnikyPrenosy.jsp<\/span><\/a><\/p>\n<p><span style=\"font-weight: 400;\">\/5\/ Viz tabulku \u010d. 2 na str. 3 zve\u0159ej\u011bn\u00e9ho stru\u010dn\u00e9ho shrnut\u00ed \u017e\u00e1dosti o v\u00fdjimku: <\/span><a href=\"https:\/\/deska.pardubickykraj.cz\/oznameni\/i99344\/spalovaci-zarizeni-o-jmenovitem-tepelnem-prikonu-vetsim-nez-50mw-strucne-shrnuti-udaju-ze-zadosti-o-zmenu-integrovaneho-povoleni\"><span style=\"font-weight: 400;\">https:\/\/deska.pardubickykraj.cz\/oznameni\/i99344\/spalovaci-zarizeni-o-jmenovitem-tepelnem-prikonu-vetsim-nez-50mw-strucne-shrnuti-udaju-ze-zadosti-o-zmenu-integrovaneho-povoleni<\/span><\/a><span style=\"font-weight: 400;\">.<\/span><\/p>\n<div class=\"EmptyMessage\">Block content is empty. Check the block&#8217;s settings or remove it.<\/div>","protected":false},"excerpt":{"rendered":"<p>Elektr\u00e1rna Chvaletice chce do \u017eivotn\u00edho prost\u0159ed\u00ed vypou\u0161t\u011bt o 250 procent v\u00edce nebezpe\u010dn\u00e9 rtuti, ne\u017e kolik j\u00ed dovoluj\u00ed nov\u00e9 emisn\u00ed limity platn\u00e9 od roku 2021. Z\u00e1rove\u0148 se do z\u00e1konn\u00fdch limit\u016f nevejde&hellip;<\/p>\n","protected":false},"author":29,"featured_media":484,"comment_status":"open","ping_status":"closed","sticky":false,"template":"","format":"standard","meta":{"ep_exclude_from_search":false,"p4_og_title":"","p4_og_description":"","p4_og_image":"","p4_og_image_id":"","p4_seo_canonical_url":"","p4_campaign_name":"","p4_local_project":"","p4_basket_name":"","p4_department":"","footnotes":""},"categories":[4],"tags":[19,25],"p4-page-type":[33],"class_list":["post-2446","post","type-post","status-publish","format-standard","has-post-thumbnail","hentry","category-energeticka-revoluce","tag-ovzdusi","tag-konec-doby-fosilni","p4-page-type-tiskova-analyza"],"_links":{"self":[{"href":"https:\/\/www.greenpeace.org\/czech\/wp-json\/wp\/v2\/posts\/2446","targetHints":{"allow":["GET"]}}],"collection":[{"href":"https:\/\/www.greenpeace.org\/czech\/wp-json\/wp\/v2\/posts"}],"about":[{"href":"https:\/\/www.greenpeace.org\/czech\/wp-json\/wp\/v2\/types\/post"}],"author":[{"embeddable":true,"href":"https:\/\/www.greenpeace.org\/czech\/wp-json\/wp\/v2\/users\/29"}],"replies":[{"embeddable":true,"href":"https:\/\/www.greenpeace.org\/czech\/wp-json\/wp\/v2\/comments?post=2446"}],"version-history":[{"count":6,"href":"https:\/\/www.greenpeace.org\/czech\/wp-json\/wp\/v2\/posts\/2446\/revisions"}],"predecessor-version":[{"id":15743,"href":"https:\/\/www.greenpeace.org\/czech\/wp-json\/wp\/v2\/posts\/2446\/revisions\/15743"}],"wp:featuredmedia":[{"embeddable":true,"href":"https:\/\/www.greenpeace.org\/czech\/wp-json\/wp\/v2\/media\/484"}],"wp:attachment":[{"href":"https:\/\/www.greenpeace.org\/czech\/wp-json\/wp\/v2\/media?parent=2446"}],"wp:term":[{"taxonomy":"category","embeddable":true,"href":"https:\/\/www.greenpeace.org\/czech\/wp-json\/wp\/v2\/categories?post=2446"},{"taxonomy":"post_tag","embeddable":true,"href":"https:\/\/www.greenpeace.org\/czech\/wp-json\/wp\/v2\/tags?post=2446"},{"taxonomy":"p4-page-type","embeddable":true,"href":"https:\/\/www.greenpeace.org\/czech\/wp-json\/wp\/v2\/p4-page-type?post=2446"}],"curies":[{"name":"wp","href":"https:\/\/api.w.org\/{rel}","templated":true}]}}