{"id":2493,"date":"2019-01-28T15:02:02","date_gmt":"2019-01-28T13:02:02","guid":{"rendered":"https:\/\/master.k8s.p4.greenpeace.org\/czech\/?p=2493"},"modified":"2021-12-01T13:32:40","modified_gmt":"2021-12-01T12:32:40","slug":"nku-potvrdil-ze-pro-vycisteni-ovzdusi-musi-stat-delat-vice-ekologicke-organizace-ukazuji-reseni","status":"publish","type":"post","link":"https:\/\/www.greenpeace.org\/czech\/tiskova-zprava\/2493\/nku-potvrdil-ze-pro-vycisteni-ovzdusi-musi-stat-delat-vice-ekologicke-organizace-ukazuji-reseni\/","title":{"rendered":"NK\u00da potvrdil, \u017ee pro vy\u010di\u0161t\u011bn\u00ed ovzdu\u0161\u00ed mus\u00ed st\u00e1t d\u011blat v\u00edce. Ekologick\u00e9 organizace ukazuj\u00ed \u0159e\u0161en\u00ed"},"content":{"rendered":"<div><strong>Greenpeace a Hnut\u00ed DUHA v\u00edtaj\u00ed v\u00fdsledky kontroly Nejvy\u0161\u0161\u00edho kontroln\u00edho \u00fa\u0159adu \u010cR, kter\u00fd se zab\u00fdval t\u00edm, jak se st\u00e1tu da\u0159\u00ed plnit c\u00edle pro zlep\u0161en\u00ed kvality ovzdu\u0161\u00ed [1]. Ekologick\u00e9 organizace opakovan\u011b \u0159\u00edkaj\u00ed, \u017ee st\u00e1t ned\u011bl\u00e1 maximum (a v n\u011bkter\u00fdch p\u0159\u00edpadech bohu\u017eel ani minimum) pro zdrav\u00ed ob\u010dan\u016f a navrhuj\u00ed dodate\u010dn\u00e1 \u0159e\u0161en\u00ed [2]. Nutnost p\u0159ijmout dal\u0161\u00ed opat\u0159en\u00ed uznalo v reakci na v\u00fdsledky \u0161et\u0159en\u00ed NK\u00da i samotn\u00e9 Ministerstvo \u017eivotn\u00edho prost\u0159ed\u00ed.<\/strong><\/div>\n<div><\/div>\n<div>\n<div id=\"attachment_2495\" style=\"width: 1210px\" class=\"wp-caption alignnone\"><img loading=\"lazy\" decoding=\"async\" aria-describedby=\"caption-attachment-2495\" class=\"size-full wp-image-2495\" src=\"https:\/\/www.greenpeace.org\/static\/planet4-czech-republic-stateless\/2019\/01\/9bc28d43-gp03ci1.jpg\" alt=\"Coal Excavator Action in Czech Republic. \u00a9 Ibra Ibrahimovi\u00e7\" width=\"1200\" height=\"800\" srcset=\"https:\/\/www.greenpeace.org\/static\/planet4-czech-republic-stateless\/2019\/01\/9bc28d43-gp03ci1.jpg 1200w, https:\/\/www.greenpeace.org\/static\/planet4-czech-republic-stateless\/2019\/01\/9bc28d43-gp03ci1-300x200.jpg 300w, https:\/\/www.greenpeace.org\/static\/planet4-czech-republic-stateless\/2019\/01\/9bc28d43-gp03ci1-768x512.jpg 768w, https:\/\/www.greenpeace.org\/static\/planet4-czech-republic-stateless\/2019\/01\/9bc28d43-gp03ci1-1024x683.jpg 1024w, https:\/\/www.greenpeace.org\/static\/planet4-czech-republic-stateless\/2019\/01\/9bc28d43-gp03ci1-510x340.jpg 510w\" sizes=\"auto, (max-width: 1200px) 100vw, 1200px\" \/><p id=\"caption-attachment-2495\" class=\"wp-caption-text\">\u010cesko je uheln\u00fd skanzen, kter\u00fd p\u00e1l\u00ed uhl\u00ed v elektrr\u00e1rn\u00e1ch i dom\u00e1c\u00edch topeni\u0161t\u00edch. Proto nem\u016f\u017ee b\u00fdt ovzdu\u0161\u00ed \u010dist\u00e9.<\/p><\/div>\n<p dir=\"ltr\">Anal\u00fdza, kterou zpracovali odborn\u00edci z \u010cesk\u00e9ho hydrometeorologick\u00e9ho \u00fastavu ukazuje, \u017ee sn\u00ed\u017een\u00ed emis\u00ed zne\u010di\u0161\u0165uj\u00edc\u00edch l\u00e1tek na pot\u0159ebnou \u00farove\u0148 je provediteln\u00e9 [3]. Podle Greenpeace a Hnut\u00ed DUHA to v\u0161ak znamen\u00e1, \u017ee se rozhodn\u011b neobejdeme bez pokra\u010dov\u00e1n\u00ed v\u00fdm\u011bny star\u00fdch (zejm\u00e9na uheln\u00fdch) kotl\u016f a kamen, \u00fatlumu uheln\u00fdch elektr\u00e1ren i omezov\u00e1n\u00ed spalov\u00e1n\u00ed nafty a benz\u00ednu v doprav\u011b. Tyto zm\u011bny jsou nav\u00edc nutn\u00e9 kv\u016fli sni\u017eov\u00e1n\u00ed emis\u00ed sklen\u00edkov\u00fdch plyn\u016f a \u010desk\u00e9mu p\u0159\u00edsp\u011bvku ke glob\u00e1ln\u00edmu sna\u017een\u00ed o zastaven\u00ed zm\u011bny klimatu na relativn\u011b bezpe\u010dn\u00e9 \u00farovni.<\/p>\n<p dir=\"ltr\"><strong>Luk\u00e1\u0161 Hr\u00e1bek, tiskov\u00fd mluv\u010d\u00ed Greenpeace \u010cR, \u0159\u00edk\u00e1:<\/strong><br \/>\n<em>\u201cZji\u0161t\u011bn\u00ed Nejvy\u0161\u0161\u00edho kontroln\u00edho \u00fa\u0159adu jasn\u011b potvrzuje, \u017ee by \u010cesko m\u011blo d\u011blat v\u00edc v oblasti zne\u010di\u0161t\u011bn\u00ed ovzdu\u0161\u00ed. Pokud se chce ministerstvo \u017eivotn\u00edho prost\u0159ed\u00ed polep\u0161it, znamen\u00e1 to, \u017ee by nem\u011blo ustupovat velk\u00fdm zne\u010di\u0161\u0165ovatel\u016fm a povolovat jim v\u00fdjimky z emisn\u00edch limit\u016f. D\u00edky tomu m\u016f\u017ee sn\u00ed\u017eit nejen mno\u017estv\u00ed prachu v ovzdu\u0161\u00ed, ale tak\u00e9 t\u0159eba omezit nebezpe\u010dnou rtu\u0165, u n\u00ed\u017e je \u010cesko jedn\u00edm z nejv\u011bt\u0161\u00edch zne\u010di\u0161\u0165ovatel\u016f v Evrop\u011b. Ministerstvo by m\u011blo tak\u00e9 dohl\u00e9dnout na v\u00fdm\u011bnu star\u00fdch kotl\u016f na uhl\u00ed a na d\u0159evo v dom\u00e1cnostech a za\u010d\u00edt \u0159e\u0161it i emise z dopravy.\u201d<\/em><\/p>\n<p dir=\"ltr\"><strong>Ji\u0159\u00ed Ko\u017eelouh, programov\u00fd \u0159editel Hnut\u00ed DUHA, \u0159ekl:<\/strong><br \/>\n<em>\u201cNejvy\u0161\u0161\u00ed kontroln\u00ed \u00fa\u0159ad \u010cR asi nikdo nepodez\u00edr\u00e1 ze zaujatosti pro ochranu \u017eivotn\u00edho prost\u0159ed\u00ed. Jeho nez\u00e1visl\u00fd verdikt v\u0161ak do\u0161el k tomu stejn\u00e9mu, co opakovan\u011b \u0159\u00edkaj\u00ed ekologick\u00e9 organizace. St\u00e1t ned\u011bl\u00e1 pro \u010dist\u00e9 ovzdu\u0161\u00ed a tedy pro na\u0161e zdrav\u00ed dost. To se v\u0161ak m\u016f\u017ee rychle zm\u011bnit. Pokud Ministerstvo \u017eivotn\u00edho prost\u0159ed\u00ed p\u0159estane p\u0159e\u0161lapovat kolem nutn\u00fdch \u0159e\u0161en\u00ed, jako je nap\u0159\u00edklad zv\u00fd\u0161en\u00ed energetick\u00e9 dan\u011b z uhl\u00ed a n\u00e1vazn\u00fd komplexn\u00ed program pro \u010dist\u00e9 lok\u00e1ln\u00ed vyt\u00e1p\u011bn\u00ed. M\u011blo by tak\u00e9 rezolutn\u011b odm\u00edtnout ud\u011blov\u00e1n\u00ed v\u00fdjimek z nov\u00fdch limit\u016f pro uheln\u00e9 elektr\u00e1rny a tla\u010dit na obce, aby rychleji \u0159e\u0161ily zne\u010di\u0161t\u011bn\u00ed ovzdu\u0161\u00ed z dopravy.\u201d<\/em><\/p>\n<p dir=\"ltr\"><strong>Kontakty:<\/strong><br \/>\nLuk\u00e1\u0161 Hr\u00e1bek, Greenpeace, 603 443 140, <a href=\"mailto:lukas.hrabek@greenpeace.org\" target=\"_blank\" rel=\"noopener noreferrer\">lukas.hrabek@greenpeace.org<\/a><br \/>\nJi\u0159\u00ed Ko\u017eelouh, Hnut\u00ed DUHA, 723 559 495, <a href=\"mailto:jiri.kozelouh@hnutiduha.cz\" target=\"_blank\" rel=\"noopener noreferrer\">jiri.kozelouh@hnutiduha.cz<\/a><\/p>\n<p dir=\"ltr\"><strong>Pozn\u00e1mky pro editory:<br \/>\n<\/strong>[1] <a href=\"https:\/\/www.ceskenoviny.cz\/zpravy\/nku-cr-se-nedari-plnit-opatreni-pro-snizeni-skodlivin-v-ovzdusi\/1714613\" target=\"_blank\" rel=\"noopener noreferrer\" data-saferedirecturl=\"https:\/\/www.google.com\/url?q=https:\/\/www.ceskenoviny.cz\/zpravy\/nku-cr-se-nedari-plnit-opatreni-pro-snizeni-skodlivin-v-ovzdusi\/1714613&amp;source=gmail&amp;ust=1548766430934000&amp;usg=AFQjCNEkv3toOVG4IAae48vJ8INAzwTdLw\">https:\/\/www.ceskenoviny.cz\/<wbr \/>zpravy\/nku-cr-se-nedari-plnit-<wbr \/>opatreni-pro-snizeni-<wbr \/>skodlivin-v-ovzdusi\/1714613<\/a><br \/>\n[2] <a href=\"http:\/\/hnutiduha.cz\/aktualne\/ceska-republika-musi-snizovat-znecistovani-prachem-sedmkrat-rychleji-nez-dosud\" target=\"_blank\" rel=\"noopener noreferrer\" data-saferedirecturl=\"https:\/\/www.google.com\/url?q=http:\/\/hnutiduha.cz\/aktualne\/ceska-republika-musi-snizovat-znecistovani-prachem-sedmkrat-rychleji-nez-dosud&amp;source=gmail&amp;ust=1548766430934000&amp;usg=AFQjCNG_tqSCvGSVOj0U_qRRBuokbLAMcA\">http:\/\/hnutiduha.cz\/aktualne\/<wbr \/>ceska-republika-musi-snizovat-<wbr \/>znecistovani-prachem-sedmkrat-<wbr \/>rychleji-nez-dosud<\/a><br \/>\n[3] Dle projekce shrnut\u00e9 v tabulce 33 a v obr. 25 mo\u017en\u00e9 sn\u00ed\u017eit emise na \u00farovn\u011b, kter\u00e9 odpov\u00eddaj\u00ed c\u00edl\u016fm pro rok 2030 <a href=\"https:\/\/www.mzp.cz\/C1257458002F0DC7\/cz\/narodni_program_snizovani_emisi\/$FILE\/OOO-NPSE_aktualizace2018_analyticka_cast-20190117.pdf\" target=\"_blank\" rel=\"noopener noreferrer\" data-saferedirecturl=\"https:\/\/www.google.com\/url?q=https:\/\/www.mzp.cz\/C1257458002F0DC7\/cz\/narodni_program_snizovani_emisi\/$FILE\/OOO-NPSE_aktualizace2018_analyticka_cast-20190117.pdf&amp;source=gmail&amp;ust=1548766430934000&amp;usg=AFQjCNHBqv3QcGVr8rE_sp0xhl1gc7LEaA\">https:\/\/www.mzp.cz\/<wbr \/>C1257458002F0DC7\/cz\/narodni_<wbr \/>program_snizovani_emisi\/$FILE\/<wbr \/>OOO-NPSE_aktualizace2018_<wbr \/>analyticka_cast-20190117.pdf<\/a> (str. 72-73)<\/p>\n<\/div>\n<div class=\"EmptyMessage\">Block content is empty. Check the block&#8217;s settings or remove it.<\/div>","protected":false},"excerpt":{"rendered":"<p>Greenpeace a Hnut\u00ed DUHA v\u00edtaj\u00ed v\u00fdsledky kontroly Nejvy\u0161\u0161\u00edho kontroln\u00edho \u00fa\u0159adu \u010cR, kter\u00fd se zab\u00fdval t\u00edm, jak se st\u00e1tu da\u0159\u00ed plnit c\u00edle pro zlep\u0161en\u00ed kvality ovzdu\u0161\u00ed [1]. Ekologick\u00e9 organizace opakovan\u011b \u0159\u00edkaj\u00ed,&hellip;<\/p>\n","protected":false},"author":29,"featured_media":2495,"comment_status":"open","ping_status":"closed","sticky":false,"template":"","format":"standard","meta":{"ep_exclude_from_search":false,"p4_og_title":"","p4_og_description":"","p4_og_image":"","p4_og_image_id":"","p4_seo_canonical_url":"","p4_campaign_name":"","p4_local_project":"","p4_basket_name":"","p4_department":"","footnotes":""},"categories":[3],"tags":[19,25],"p4-page-type":[14],"class_list":["post-2493","post","type-post","status-publish","format-standard","has-post-thumbnail","hentry","category-nas-svet","tag-ovzdusi","tag-konec-doby-fosilni","p4-page-type-tiskova-zprava"],"_links":{"self":[{"href":"https:\/\/www.greenpeace.org\/czech\/wp-json\/wp\/v2\/posts\/2493","targetHints":{"allow":["GET"]}}],"collection":[{"href":"https:\/\/www.greenpeace.org\/czech\/wp-json\/wp\/v2\/posts"}],"about":[{"href":"https:\/\/www.greenpeace.org\/czech\/wp-json\/wp\/v2\/types\/post"}],"author":[{"embeddable":true,"href":"https:\/\/www.greenpeace.org\/czech\/wp-json\/wp\/v2\/users\/29"}],"replies":[{"embeddable":true,"href":"https:\/\/www.greenpeace.org\/czech\/wp-json\/wp\/v2\/comments?post=2493"}],"version-history":[{"count":4,"href":"https:\/\/www.greenpeace.org\/czech\/wp-json\/wp\/v2\/posts\/2493\/revisions"}],"predecessor-version":[{"id":15741,"href":"https:\/\/www.greenpeace.org\/czech\/wp-json\/wp\/v2\/posts\/2493\/revisions\/15741"}],"wp:featuredmedia":[{"embeddable":true,"href":"https:\/\/www.greenpeace.org\/czech\/wp-json\/wp\/v2\/media\/2495"}],"wp:attachment":[{"href":"https:\/\/www.greenpeace.org\/czech\/wp-json\/wp\/v2\/media?parent=2493"}],"wp:term":[{"taxonomy":"category","embeddable":true,"href":"https:\/\/www.greenpeace.org\/czech\/wp-json\/wp\/v2\/categories?post=2493"},{"taxonomy":"post_tag","embeddable":true,"href":"https:\/\/www.greenpeace.org\/czech\/wp-json\/wp\/v2\/tags?post=2493"},{"taxonomy":"p4-page-type","embeddable":true,"href":"https:\/\/www.greenpeace.org\/czech\/wp-json\/wp\/v2\/p4-page-type?post=2493"}],"curies":[{"name":"wp","href":"https:\/\/api.w.org\/{rel}","templated":true}]}}