{"id":2626,"date":"2019-02-13T16:38:41","date_gmt":"2019-02-13T14:38:41","guid":{"rendered":"https:\/\/master.k8s.p4.greenpeace.org\/czech\/?p=2626"},"modified":"2021-12-01T13:32:39","modified_gmt":"2021-12-01T12:32:39","slug":"predstavitelka-dasi-ze-serialu-most-se-postavila-proti-rozsirovani-dolu-bilina","status":"publish","type":"post","link":"https:\/\/www.greenpeace.org\/czech\/clanek\/2626\/predstavitelka-dasi-ze-serialu-most-se-postavila-proti-rozsirovani-dolu-bilina\/","title":{"rendered":"P\u0159edstavitelka D\u00e1\u0161i ze seri\u00e1lu Most! se postavila proti roz\u0161i\u0159ov\u00e1n\u00ed dolu B\u00edlina"},"content":{"rendered":"<p dir=\"ltr\"><strong>Proti roz\u0161\u00ed\u0159en\u00ed severo\u010desk\u00e9ho dolu B\u00edlina poslalo na podzim ministerstvu \u017eivotn\u00edho prost\u0159ed\u00ed p\u0159ipom\u00ednky zhruba 4500 lid\u00ed. Nyn\u00ed je podpo\u0159ila here\u010dka z nov\u00e9ho seri\u00e1lu Most! Erika <span class=\"il\">St\u00e1rkov\u00e1<\/span>, kter\u00e1 v seri\u00e1lu hraje postavu D\u00e1\u0161i. Pro organizaci Greenpeace nato\u010dila video, v n\u011bm\u017e \u017e\u00e1d\u00e1 ministerstvo \u017eivotn\u00edho prost\u0159ed\u00ed, aby ne\u0161lo na ruku uheln\u00e9mu byznysu a vy\u0161lo vst\u0159\u00edc lidem, krajin\u011b a \u017eivotn\u00edmu prost\u0159ed\u00ed v severn\u00edch \u010cech\u00e1ch. \u00a0\u00a0<\/strong><\/p>\n<p dir=\"ltr\">&#8222;Mostecko je pro m\u011b pomn\u00edkem minulosti. M\u00edstem, kde n\u011bkdo n\u011bco zni\u010dil a dodnes to nespravil. M\u00e1 samoz\u0159ejm\u011b svoji poetiku, ale v\u0161ichni v\u00edme, odkud pramen\u00ed. \u017de tu bylo star\u00e9 m\u011bsto, kter\u00e9 bylo zni\u010den\u00e9 kv\u016fli uhl\u00ed a p\u0159esunut\u00e9 jinam. A nejde jen o Most, i nyn\u00ed se maj\u00ed roz\u0161i\u0159ovat doly, nap\u0159\u00edklad d\u016fl B\u00edlina, proto\u017ee uheln\u00fd byznys je nekompromisn\u00ed,&#8220; \u0159\u00edk\u00e1 here\u010dka.<\/p>\n<lite-youtube style=\"background-image: url('https:\/\/i.ytimg.com\/vi\/l7zkoCr1RCA\/hqdefault.jpg');\" videoid=\"l7zkoCr1RCA\" params=\"rel=0\"><\/lite-youtube>\n<p dir=\"ltr\">Ministerstvo ji\u017e brzy rozhodne, zda povol\u00ed roz\u0161\u00ed\u0159en\u00ed dolu B\u00edlina v procesu vyhodnocen\u00ed vliv\u016f na \u017eivotn\u00ed prost\u0159ed\u00ed (tzv. proces EIA). Spalov\u00e1n\u00ed fosiln\u00edch paliv je p\u0159itom jedn\u00edm z hlavn\u00edch d\u016fvod\u016f zne\u010di\u0161t\u011bn\u00ed ovzdu\u0161\u00ed a prob\u00edhaj\u00edc\u00ed klimatick\u00e9 zm\u011bny. Nap\u0159\u00edklad sousedn\u00ed N\u011bmecko si ji\u017e odsouhlasilo uheln\u00fd phase out, tedy ukon\u010den\u00ed t\u011b\u017eby a spalov\u00e1n\u00ed uhl\u00ed do roku 2038.<\/p>\n<p dir=\"ltr\">V \u010cesk\u00e9 republice o konci dob uheln\u00e9 mluv\u00ed ministr \u017eivotn\u00edho prost\u0159ed\u00ed Richard Brabec, ov\u0161em z\u00e1rove\u0148 obhajuje roz\u0161\u00ed\u0159en\u00ed dolu B\u00edlina \u010di v\u00fdjimky pro velk\u00e9 zne\u010di\u0161\u0165ovatele. Greenpeace proto po\u017eaduje, aby ministr d\u00e1le nez\u016fst\u00e1val v tomto toxick\u00e9m vztahu a s uhl\u00edm se ji\u017e natrvalo roze\u0161el.<\/p>\n<p dir=\"ltr\">Severn\u00ed \u010cechy si zaslou\u017e\u00ed dlouhodobou vizi a syst\u00e9mov\u00e9 zm\u011bny. \u010cas i pen\u00edze by se m\u011bly prim\u00e1rn\u011b investovat do nov\u00fdch technologi\u00ed, obnoviteln\u00fdch zdroj\u016f, zelen\u00fdch pracovn\u00edch m\u00edst a turismu. Nem\u011bli bychom prodlu\u017eovat ag\u00f3nii a miz\u00e9rii m\u00edstn\u00edho uheln\u00e9ho byznysu, kter\u00fd kraji v\u00edce ubli\u017euje, ne\u017e pom\u00e1h\u00e1.<\/p>\n<div class=\"EmptyMessage\">Block content is empty. Check the block&#8217;s settings or remove it.<\/div>","protected":false},"excerpt":{"rendered":"<p>Proti roz\u0161\u00ed\u0159en\u00ed severo\u010desk\u00e9ho dolu B\u00edlina poslalo na podzim ministerstvu \u017eivotn\u00edho prost\u0159ed\u00ed p\u0159ipom\u00ednky zhruba 4500 lid\u00ed. Nyn\u00ed je podpo\u0159ila here\u010dka z nov\u00e9ho seri\u00e1lu Most! Erika St\u00e1rkov\u00e1, kter\u00e1 v seri\u00e1lu hraje postavu&hellip;<\/p>\n","protected":false},"author":27,"featured_media":2630,"comment_status":"open","ping_status":"closed","sticky":false,"template":"","format":"standard","meta":{"ep_exclude_from_search":false,"p4_og_title":"","p4_og_description":"","p4_og_image":"","p4_og_image_id":"","p4_seo_canonical_url":"","p4_campaign_name":"","p4_local_project":"","p4_basket_name":"","p4_department":"","footnotes":""},"categories":[4],"tags":[25],"p4-page-type":[16],"class_list":["post-2626","post","type-post","status-publish","format-standard","has-post-thumbnail","hentry","category-energeticka-revoluce","tag-konec-doby-fosilni","p4-page-type-clanek"],"_links":{"self":[{"href":"https:\/\/www.greenpeace.org\/czech\/wp-json\/wp\/v2\/posts\/2626","targetHints":{"allow":["GET"]}}],"collection":[{"href":"https:\/\/www.greenpeace.org\/czech\/wp-json\/wp\/v2\/posts"}],"about":[{"href":"https:\/\/www.greenpeace.org\/czech\/wp-json\/wp\/v2\/types\/post"}],"author":[{"embeddable":true,"href":"https:\/\/www.greenpeace.org\/czech\/wp-json\/wp\/v2\/users\/27"}],"replies":[{"embeddable":true,"href":"https:\/\/www.greenpeace.org\/czech\/wp-json\/wp\/v2\/comments?post=2626"}],"version-history":[{"count":3,"href":"https:\/\/www.greenpeace.org\/czech\/wp-json\/wp\/v2\/posts\/2626\/revisions"}],"predecessor-version":[{"id":15737,"href":"https:\/\/www.greenpeace.org\/czech\/wp-json\/wp\/v2\/posts\/2626\/revisions\/15737"}],"wp:featuredmedia":[{"embeddable":true,"href":"https:\/\/www.greenpeace.org\/czech\/wp-json\/wp\/v2\/media\/2630"}],"wp:attachment":[{"href":"https:\/\/www.greenpeace.org\/czech\/wp-json\/wp\/v2\/media?parent=2626"}],"wp:term":[{"taxonomy":"category","embeddable":true,"href":"https:\/\/www.greenpeace.org\/czech\/wp-json\/wp\/v2\/categories?post=2626"},{"taxonomy":"post_tag","embeddable":true,"href":"https:\/\/www.greenpeace.org\/czech\/wp-json\/wp\/v2\/tags?post=2626"},{"taxonomy":"p4-page-type","embeddable":true,"href":"https:\/\/www.greenpeace.org\/czech\/wp-json\/wp\/v2\/p4-page-type?post=2626"}],"curies":[{"name":"wp","href":"https:\/\/api.w.org\/{rel}","templated":true}]}}