{"id":2825,"date":"2019-03-07T18:53:36","date_gmt":"2019-03-07T16:53:36","guid":{"rendered":"https:\/\/www.greenpeace.org\/czech\/?p=2825"},"modified":"2019-11-06T10:37:53","modified_gmt":"2019-11-06T08:37:53","slug":"pomoz-omezit-spotrebu-palmoveho-oleje-v-biopalivech","status":"publish","type":"post","link":"https:\/\/www.greenpeace.org\/czech\/clanek\/2825\/pomoz-omezit-spotrebu-palmoveho-oleje-v-biopalivech\/","title":{"rendered":"Pomoz omezit spot\u0159ebu palmov\u00e9ho oleje v biopalivech"},"content":{"rendered":"<p><span style=\"font-weight: 400;\">Evropsk\u00e1 unie v sou\u010dasn\u00e9 dob\u011b chce sn\u00ed\u017eit spot\u0159ebu kontroverzn\u00edho palmov\u00e9ho oleje ve spalovac\u00edch motorech automobil\u016f jezd\u00edc\u00edch v evropsk\u00fdch st\u00e1tech. <\/span><a href=\"https:\/\/ec.europa.eu\/info\/law\/better-regulation\/initiatives\/ares-2019-762855_en\"><span style=\"font-weight: 400;\">Nov\u00e1 sm\u011brnice<\/span><\/a><span style=\"font-weight: 400;\">, kter\u00e1 m\u00e1 tuto situaci \u0159e\u0161it, je ale pln\u00e1 d\u011br a nab\u00edz\u00ed se prostor, jak ji mohou producenti palmov\u00e9ho oleje obej\u00edt. \u00a0<\/span><\/p>\n<p><a href=\"https:\/\/ec.europa.eu\/info\/law\/better-regulation\/initiatives\/ares-2019-762855_en\"><b>Pomoz sn\u00ed\u017eit spot\u0159ebu palmov\u00e9ho oleje v cel\u00e9 Evropsk\u00e9 unii! M\u00e1\u0161 na to \u010das do p\u00e1tku 8. b\u0159ezna 2019 23:59!<\/b><\/a><\/p>\n<p><span style=\"font-weight: 400;\">Za\u010d\u00e1tkem tohoto roku jsme s kolegy z Koalice proti palmov\u00e9mu oleji \u0159e\u0161ili problematiku <\/span><a href=\"https:\/\/www.greenpeace.org\/czech\/clanek\/2432\/mame-moznost-skoncovat-s-palenim-biopaliv-z-palmoveho-oleje\/\"><span style=\"font-weight: 400;\">palmov\u00e9ho oleje v biopalivech<\/span><\/a><span style=\"font-weight: 400;\">. V\u0161ichni jsme o\u010dek\u00e1vali nov\u00fd n\u00e1vrh legislativy Evropsk\u00e9 komise. Ta nyn\u00ed vy\u0161la a jsme p\u0159ekvapeni, jak moc je \u0161patn\u00e1. N\u00e1vrh komise lze ale p\u0159ipom\u00ednkovat, a to do 8. b\u0159ezna 2019. Tedy do dvou dn\u016f. Zapoj se pros\u00edm a pomoz n\u00e1m zm\u011bnit n\u00e1vrh komise.<\/span><\/p>\n<p><b>Shrnut\u00ed probl\u00e9mu:<br \/>\n<\/b><\/p>\n<ol>\n<li style=\"font-weight: 400;\"><span style=\"font-weight: 400;\">EU vyr\u00e1b\u00ed z palmov\u00e9ho oleje biopaliva. I p\u0159es to, \u017ee palmov\u00fd olej pou\u017eit\u00fd jako biopalivo je ve smyslu tvorby emis\u00ed CO2 zhruba 3x hor\u0161\u00ed ne\u017e klasick\u00e1 nafta. P\u0159i jeho produkci doch\u00e1z\u00ed k ni\u010den\u00ed unik\u00e1tn\u00edch ekosyst\u00e9m\u016f de\u0161tn\u00e9ho pralesa. EU dov\u00e1\u017e\u00ed zhruba 8 milion\u016f tun palmov\u00e9ho oleje ro\u010dn\u011b, z \u010deho\u017e je 51 % vyu\u017eito pro produkci biopaliv. \u0158idi\u010di EU jsou paradoxn\u011b jedni z nejv\u011bt\u0161\u00edch spot\u0159ebitel\u016f palmov\u00e9ho oleje na sv\u011bt\u011b.<\/span><\/li>\n<li style=\"font-weight: 400;\"><span style=\"font-weight: 400;\">EU probl\u00e9m vn\u00edm\u00e1 a chce po roce 2020 omezit podporu biopaliv na b\u00e1zi potravin a ukon\u010dit podporu \u0161patn\u00fdch biopaliv na trhu EU nejpozd\u011bji do roku 2030.<\/span><\/li>\n<li style=\"font-weight: 400;\"><span style=\"font-weight: 400;\">Evropsk\u00e1 komise proto vydala sm\u011brnici RED II, kter\u00e1 probl\u00e9m s vyu\u017eit\u00edm palmov\u00e9ho oleje jako paliva \u0159e\u0161it.\u00a0<\/span><\/li>\n<li style=\"font-weight: 400;\"><span style=\"font-weight: 400;\">Ve sm\u011brnici RED II je ale velk\u00fd nedostatek. Z omezen\u00ed dovozu palmov\u00e9ho oleje pro v\u00fdrobu biopaliv vynech\u00e1v\u00e1 &#8222;nez\u00e1visl\u00e9, mal\u00e9 plant\u00e1\u017ee&#8220; a palmov\u00fd olej z &#8222;nevyu\u017eit\u00e9&#8220; p\u016fdy. Co\u017e m\u00e1 dva h\u00e1\u010dky:<\/span>\n<ol>\n<li style=\"font-weight: 400;\"><span style=\"font-weight: 400;\">100 % palmov\u00e9ho oleje do EU prod\u00e1vaj\u00ed velk\u00e9 korporace. Korporace ale nejsou p\u011bstiteli ve\u0161ker\u00e9ho oleje, 33 % produkce nakupuj\u00ed od men\u0161\u00edch firem, kter\u00e9 by se do popisu mal\u00fdch nez\u00e1visl\u00fdch plant\u00e1\u017e\u00ed mohly vej\u00edt.<\/span><\/li>\n<li style=\"font-weight: 400;\"><span style=\"font-weight: 400;\">Nen\u00ed p\u0159esn\u011b definov\u00e1no, co je &#8222;nevyu\u017eit\u00e1&#8220; p\u016fda a zda se pod toto ozna\u010den\u00ed neschovaj\u00ed i pralesy.<\/span><\/li>\n<\/ol>\n<\/li>\n<li style=\"font-weight: 400;\"><span style=\"font-weight: 400;\">Sm\u011brnice RED II ve st\u00e1vaj\u00edc\u00ed podob\u011b znamen\u00e1, \u017ee neuv\u011b\u0159iteln\u00fdch 66 % produkce st\u00e1vaj\u00edc\u00edch plant\u00e1\u017e\u00ed spad\u00e1 do v\u00fdjimky. 1\/3 (33 %) produkce bude od &#8222;nez\u00e1visl\u00fdch farem&#8220;. Zbyl\u00fdch 33 % (1\/3) lze do v\u00fdjimky za\u0159adit vhodn\u00fdm vyu\u017eit\u00edm pravidla o &#8222;nevyu\u017eit\u00e9&#8220; p\u016fd\u011b.<\/span><\/li>\n<li style=\"font-weight: 400;\"><span style=\"font-weight: 400;\">Sm\u011brnice RED II tedy v\u016fbec nepln\u00ed sv\u016fj c\u00edl omezit podporu biopaliv na b\u00e1zi potravin. Sm\u011brnice je v tomto sm\u011bru sp\u00ed\u0161 bezzub\u00e1.<\/span><\/li>\n<\/ol>\n<p><b>Co s t\u00edm m\u016f\u017eeme spole\u010dn\u011b ud\u011blat?<\/b><\/p>\n<ol>\n<li style=\"font-weight: 400;\"><span style=\"font-weight: 400;\">Do konce dne <\/span><b>8. b\u0159ezna 2019 do 23:59 <\/b><span style=\"font-weight: 400;\">lze pod\u00e1vat ke sm\u011brnici p\u0159ipom\u00ednky.<\/span><\/li>\n<li style=\"font-weight: 400;\"><span style=\"font-weight: 400;\">Reakci m\u016f\u017ee poslat ob\u010dan, m\u016f\u017eete doru\u010dit p\u0159ipom\u00ednku ze sv\u00e9 akademick\u00e9 pozice, jako instituce \u010di neziskov\u00e1 organizace, kterou zastupujete.<\/span><\/li>\n<li style=\"font-weight: 400;\"><span style=\"font-weight: 400;\">P\u0159ipom\u00ednka m\u016f\u017ee b\u00fdt v \u010de\u0161tin\u011b, angli\u010dtin\u011b \u010di jak\u00e9mkoli jin\u00e9m jazyce pou\u017e\u00edvan\u00e9m v EU.<\/span><\/li>\n<li style=\"font-weight: 400;\"><span style=\"font-weight: 400;\">Pro pod\u00e1n\u00ed p\u0159ipom\u00ednky se mus\u00ed\u0161 zaregistrovat na webu Evropsk\u00e9 komise &#8211; bu\u010f pomoc\u00ed sv\u00e9ho mailu \u010di prost\u0159ednictv\u00edm Facebooku, pokud na n\u011bm pou\u017e\u00edv\u00e1\u0161 sv\u00e9 prav\u00e9 jm\u00e9no. Registrace i s pod\u00e1n\u00edm p\u0159ipom\u00ednky by nem\u011bla zabrat d\u00e9le ne\u017e 15 minut.<\/span><\/li>\n<li style=\"font-weight: 400;\"><span style=\"font-weight: 400;\">Jak m\u00e1 vypadat p\u0159ipom\u00ednka?<\/span>\n<ol>\n<li style=\"font-weight: 400;\"><b>M\u016f\u017ee b\u00fdt velmi kr\u00e1tk\u00e1 a obecn\u00e1<\/b><span style=\"font-weight: 400;\">: &#8222;<em>Nov\u00fd n\u00e1vrh se mi nel\u00edb\u00ed, proto\u017ee st\u00e1le podporuje vysoce kontroverzn\u00ed palmov\u00fd a s\u00f3jov\u00fd olej a to je proti v\u0161em environment\u00e1ln\u00edm \u00famluv\u00e1m, ke kter\u00fdm se Evropa zav\u00e1zala. \u017d\u00e1d\u00e1m proto o zp\u0159\u00edsn\u011bn\u00ed pravidel.<\/em>&#8222;<\/span><\/li>\n<li style=\"font-weight: 400;\"><span style=\"font-weight: 400;\">M\u016f\u017ee\u0161 se <\/span><b>inspirovat p\u0159ipom\u00ednkou uzn\u00e1van\u00e9ho primatologa a odborn\u00edka na k\u00e1cen\u00ed prales\u016f<\/b> <b>Standy Lhoty<\/b><span style=\"font-weight: 400;\">: &#8222;<em>Doporu\u010duji zav\u00e9st jedno dodate\u010dn\u00e9 krit\u00e9rium, kter\u00e9 je jednoduch\u00e9 a m\u016f\u017ee zabr\u00e1nit mnoh\u00fdm nedostatk\u016fm v sou\u010dasn\u00e9m n\u00e1vrhu Delegovan\u00e9ho aktu: nulov\u00e1 nebo velmi n\u00edzk\u00e1 m\u00edra odles\u0148ov\u00e1n\u00ed v zemi p\u016fvodu agropaliv za posledn\u00edch 50 let. Historick\u00e1 m\u00edra odles\u0148ov\u00e1n\u00ed je jedinou nepopiratelnou m\u00edrou n\u00edzkorizikov\u00e9 produkce agroenergetick\u00fdch paliv. Zat\u00edmco toto krit\u00e9rium m\u016f\u017ee zn\u00edt p\u0159\u00edsn\u011b, ve skute\u010dnosti plat\u00ed, \u017ee z\u00e1sada &#8222;\u010f\u00e1bel je v detailech&#8220;, d\u011bl\u00e1 jakoukoli klasifikaci zalo\u017eenou na p\u0159\u00edli\u0161 podrobn\u00fdch definic\u00edch a v\u00fdpo\u010dtech otev\u0159enou k dezinterpretac\u00edm a podv\u00e1d\u011bn\u00ed.<\/em>&#8222;<\/span><\/li>\n<li style=\"font-weight: 400;\"><span style=\"font-weight: 400;\">M\u016f\u017ee\u0161 pou\u017e\u00edt<\/span> <a href=\"https:\/\/www.greenpeace.org\/static\/planet4-czech-republic-stateless\/2019\/03\/My-feedback-to-the-EU-consultation-on-biofuels-delegated-act.docx\"><b>p\u0159ipom\u00ednku <\/b><span style=\"font-weight: 400;\">organizace <\/span><b>T&amp;E<\/b><\/a><b>.<\/b><\/li>\n<li style=\"font-weight: 400;\"><span style=\"font-weight: 400;\">M\u016f\u017ee\u0161 si nastudovat v\u0161echny materi\u00e1ly a poslat <\/span><b>vlastn\u00ed <\/b><span style=\"font-weight: 400;\">p\u0159ipom\u00ednku dle sv\u00e9ho uv\u00e1\u017een\u00ed.<\/span><\/li>\n<\/ol>\n<\/li>\n<\/ol>\n<p><span style=\"font-weight: 400;\">J\u00e1 u\u017e svou p\u0159ipom\u00ednku odeslal. Jde\u0161 do toho tak\u00e9? <img loading=\"lazy\" decoding=\"async\" class=\"size-thumbnail wp-image-1021 alignright\" src=\"https:\/\/www.greenpeace.org\/static\/planet4-czech-republic-stateless\/2018\/10\/9581bc0d-luky-150x150.png\" alt=\"\" width=\"150\" height=\"150\" srcset=\"https:\/\/www.greenpeace.org\/static\/planet4-czech-republic-stateless\/2018\/10\/9581bc0d-luky-150x150.png 150w, https:\/\/www.greenpeace.org\/static\/planet4-czech-republic-stateless\/2018\/10\/9581bc0d-luky.png 200w\" sizes=\"auto, (max-width: 150px) 100vw, 150px\" \/><\/span><\/p>\n<p><a href=\"https:\/\/ec.europa.eu\/info\/law\/better-regulation\/initiatives\/ares-2019-762855_en\"><b>Podej svou p\u0159ipom\u00ednku.<\/b><\/a><\/p>\n<p><span style=\"font-weight: 400;\">Luk\u00e1\u0161 Hr\u00e1bek<\/span><\/p>\n","protected":false},"excerpt":{"rendered":"<p>Na Greenpeace se obr\u00e1tili na\u0161i spojenci v ochran\u011b de\u0161tn\u00fdch prales\u016f \u00a0v Indon\u00e9sii. Chceme v\u00e1s proto po\u017e\u00e1dat o spolupr\u00e1ci a pomoc. Sta\u0148te se na p\u00e1r minut \u00fa\u0159edn\u00edkem a pomozte sn\u00ed\u017eit spot\u0159ebu&hellip;<\/p>\n","protected":false},"author":31,"featured_media":2175,"comment_status":"open","ping_status":"closed","sticky":false,"template":"","format":"standard","meta":{"ep_exclude_from_search":false,"p4_og_title":"","p4_og_description":"","p4_og_image":"","p4_og_image_id":"","p4_seo_canonical_url":"","p4_campaign_name":"","p4_local_project":"","p4_basket_name":"","p4_department":"","footnotes":""},"categories":[2],"tags":[17,24],"p4-page-type":[16],"class_list":["post-2825","post","type-post","status-publish","format-standard","has-post-thumbnail","hentry","category-priroda","tag-lesy-pralesy","tag-aktivni-spolecnost","p4-page-type-clanek"],"_links":{"self":[{"href":"https:\/\/www.greenpeace.org\/czech\/wp-json\/wp\/v2\/posts\/2825","targetHints":{"allow":["GET"]}}],"collection":[{"href":"https:\/\/www.greenpeace.org\/czech\/wp-json\/wp\/v2\/posts"}],"about":[{"href":"https:\/\/www.greenpeace.org\/czech\/wp-json\/wp\/v2\/types\/post"}],"author":[{"embeddable":true,"href":"https:\/\/www.greenpeace.org\/czech\/wp-json\/wp\/v2\/users\/31"}],"replies":[{"embeddable":true,"href":"https:\/\/www.greenpeace.org\/czech\/wp-json\/wp\/v2\/comments?post=2825"}],"version-history":[{"count":13,"href":"https:\/\/www.greenpeace.org\/czech\/wp-json\/wp\/v2\/posts\/2825\/revisions"}],"predecessor-version":[{"id":2846,"href":"https:\/\/www.greenpeace.org\/czech\/wp-json\/wp\/v2\/posts\/2825\/revisions\/2846"}],"wp:featuredmedia":[{"embeddable":true,"href":"https:\/\/www.greenpeace.org\/czech\/wp-json\/wp\/v2\/media\/2175"}],"wp:attachment":[{"href":"https:\/\/www.greenpeace.org\/czech\/wp-json\/wp\/v2\/media?parent=2825"}],"wp:term":[{"taxonomy":"category","embeddable":true,"href":"https:\/\/www.greenpeace.org\/czech\/wp-json\/wp\/v2\/categories?post=2825"},{"taxonomy":"post_tag","embeddable":true,"href":"https:\/\/www.greenpeace.org\/czech\/wp-json\/wp\/v2\/tags?post=2825"},{"taxonomy":"p4-page-type","embeddable":true,"href":"https:\/\/www.greenpeace.org\/czech\/wp-json\/wp\/v2\/p4-page-type?post=2825"}],"curies":[{"name":"wp","href":"https:\/\/api.w.org\/{rel}","templated":true}]}}