{"id":2884,"date":"2019-03-12T13:56:40","date_gmt":"2019-03-12T11:56:40","guid":{"rendered":"https:\/\/master.k8s.p4.greenpeace.org\/czech\/?p=2884"},"modified":"2019-11-06T10:37:53","modified_gmt":"2019-11-06T08:37:53","slug":"politici-nedelaji-dost-jsem-nadsena-ze-se-bude-za-klima-stavkovat-i-tady-rika-organizatorka-studentske-stavky-v-ostrave","status":"publish","type":"post","link":"https:\/\/www.greenpeace.org\/czech\/clanek\/2884\/politici-nedelaji-dost-jsem-nadsena-ze-se-bude-za-klima-stavkovat-i-tady-rika-organizatorka-studentske-stavky-v-ostrave\/","title":{"rendered":"Politici ned\u011blaj\u00ed dost. Jsem nad\u0161en\u00e1, \u017ee se bude za klima st\u00e1vkovat i tady, \u0159\u00edk\u00e1 organiz\u00e1torka studentsk\u00e9 st\u00e1vky v Ostrav\u011b"},"content":{"rendered":"<p><span style=\"font-weight: 400;\">Ema Ost\u0159\u00ed\u017ekov\u00e1 chod\u00ed do \u0161est\u00e9ho ro\u010dn\u00edku gymn\u00e1zia v Ostrav\u011b-Porub\u011b a pat\u0159\u00ed do t\u00fdmu organiz\u00e1tor\u016f a organiz\u00e1torek studentsk\u00fdch st\u00e1vek za klima, kter\u00e9 se po cel\u00e9m sv\u011bt\u011b uskute\u010dn\u00ed v p\u00e1tek 15. b\u0159ezna. Sv\u00e9 spolu\u017e\u00e1ky t\u00edm nep\u0159ekvap\u00ed, u\u017e od mala je aktivn\u00ed, m\u00e1 spoustu z\u00e1lib a kon\u00ed\u010dk\u016f a v posledn\u00edch letech se anga\u017euje i v ot\u00e1zk\u00e1ch \u017eivotn\u00edho prost\u0159ed\u00ed. Po\u0159\u00e1d\u00e1 nap\u0159\u00edklad \u00faklidy odpadk\u016f v okol\u00ed Ostravy a nyn\u00ed se rozhodla nav\u00e1zat dal\u0161\u00ed akc\u00ed. \u201cMo\u017en\u00e1 bych se k aktivismu nikdy nep\u0159iklonila, kdyby si to ne\u017e\u00e1dala v\u00e1\u017enost situace,\u201d \u0159\u00edk\u00e1 sedmn\u00e1ctilet\u00e1 Ema.<\/span><\/p>\n<div id=\"attachment_2888\" style=\"width: 1290px\" class=\"wp-caption alignnone\"><img loading=\"lazy\" decoding=\"async\" aria-describedby=\"caption-attachment-2888\" class=\"wp-image-2888 size-full\" src=\"https:\/\/www.greenpeace.org\/static\/planet4-czech-republic-stateless\/2019\/03\/f6704e70-snapshot-11.png\" alt=\"\" width=\"1280\" height=\"720\" srcset=\"https:\/\/www.greenpeace.org\/static\/planet4-czech-republic-stateless\/2019\/03\/f6704e70-snapshot-11.png 1280w, https:\/\/www.greenpeace.org\/static\/planet4-czech-republic-stateless\/2019\/03\/f6704e70-snapshot-11-300x169.png 300w, https:\/\/www.greenpeace.org\/static\/planet4-czech-republic-stateless\/2019\/03\/f6704e70-snapshot-11-768x432.png 768w, https:\/\/www.greenpeace.org\/static\/planet4-czech-republic-stateless\/2019\/03\/f6704e70-snapshot-11-1024x576.png 1024w, https:\/\/www.greenpeace.org\/static\/planet4-czech-republic-stateless\/2019\/03\/f6704e70-snapshot-11-510x287.png 510w\" sizes=\"auto, (max-width: 1280px) 100vw, 1280px\" \/><p id=\"caption-attachment-2888\" class=\"wp-caption-text\">Studentka Ema Ost\u0159\u00ed\u017ekov\u00e1 z Ostravy<\/p><\/div>\n<p><b>Jak ses o st\u00e1vk\u00e1ch za klima dozv\u011bd\u011bla? V\u011bd\u011bla jsi hned, \u017ee se p\u0159ipoj\u00ed\u0161?<br \/>\n<\/b><span style=\"font-weight: 400;\">O st\u00e1vk\u00e1ch v zahrani\u010d\u00ed jsem v\u011bd\u011bla a up\u0159\u00edmn\u011b m\u011b \u0161tvalo, \u017ee se nic ned\u011blo v \u010cesk\u00e9 republice. Z\u00e1rove\u0148 jsem v\u011bd\u011bla, \u017ee sama nezvl\u00e1dnu n\u011bco takov\u00e9ho zorganizovat. V lednu jsem na Facebooku zareagovala na p\u0159\u00edsp\u011bvek, kter\u00fd se t\u00fdkal akce Kruh pro planetu, v r\u00e1mci n\u00ed\u017e lid\u00e9 vy\u0161li do ulic a poskytovali kolemjdouc\u00edm informace o zm\u011bn\u00e1ch klimatu. Napsala jsem, \u017ee m\u011b mrz\u00ed, \u017ee se nic podobn\u00e9ho nekonalo v Ostrav\u011b. Na tento koment\u00e1\u0159 mi odpov\u011bd\u011bl Petr, jeden ze spoluorganiz\u00e1tor\u016f st\u00e1vek. Napsal mi, \u017ee maj\u00ed skupinku asi 11 st\u0159edo\u0161kol\u00e1k\u016f, kte\u0159\u00ed chystaj\u00ed st\u00e1vky za klima i tady v \u010cesku. Tenkr\u00e1t o tom ve\u0159ejnost tady nem\u011bla ani pon\u011bt\u00ed. Byla jsem nad\u0161en\u00e1 a hned se jsem se p\u0159idala.<\/span><\/p>\n<p><b>Co si o st\u00e1vce mysl\u00ed tvoji u\u010ditel\u00e9? A co tvoji rodi\u010de?<br \/>\n<\/b><span style=\"font-weight: 400;\">S u\u010diteli jsem o st\u00e1vce moc nemluvila, ale ti, kte\u0159\u00ed o Fridays For Future v\u011bd\u00ed, st\u00e1vku podporuj\u00ed. Rodi\u010de m\u011b znaj\u00ed a jsou si v\u011bdomi toho, \u017ee kdy\u017e se do n\u011b\u010deho pust\u00edm, nezastav\u00ed m\u011b. Z\u00e1rove\u0148 v\u011bd\u00ed, \u017ee p\u0159ed t\u00edm, ne\u017e cokoliv ud\u011bl\u00e1m, si to po\u0159\u00e1dn\u011b prostuduji a promysl\u00edm, tak\u017ee v\u011b\u0159\u00ed m\u00e9mu \u00fasudku a podporuj\u00ed m\u011b.<\/span><\/p>\n<p><b>Co p\u0159esn\u011b je smyslem protest\u016f? Co po\u017eadujete?<br \/>\n<\/b><span style=\"font-weight: 400;\">Smyslem protest\u016f je pouk\u00e1z\u00e1n\u00ed na zm\u011bny klimatu. V dne\u0161n\u00ed dob\u011b si lid\u00e9 nejsou v\u016fbec v\u011bdomi toho, jak v\u00e1\u017en\u00e1 situace je. Ani ve \u0161kole n\u00e1s o tom nikdo neu\u010d\u00ed. Po\u017eadujeme, aby se politici spojili s v\u011bdci a za\u010dali klimatickou krizi jako krizi \u0159e\u0161it. Aby dodr\u017eovali Pa\u0159\u00ed\u017eskou dohodu. Nem\u016f\u017eeme si dovolit riskovat oteplen\u00ed planety o v\u00edce ne\u017e 1,5 \u00b0C, pokud chceme jako lidstvo nad\u00e1le fungovat. To ale vy\u017eaduje radik\u00e1ln\u00ed zm\u011bny. V opa\u010dn\u00e9m p\u0159\u00edpad\u011b n\u00e1s \u010dek\u00e1 ekologick\u00fd kolaps.<\/span><\/p>\n<p><b>V \u010cesk\u00e9 republice dodnes zazn\u00edvaj\u00ed hlasy, kter\u00e9 \u0159\u00edkaj\u00ed, \u017ee klimatick\u00e1 zm\u011bna neexistuje, nebo \u017ee za ni nem\u016f\u017ee lidstvo. Co si o tom mysl\u00ed\u0161?<br \/>\n<\/b><span style=\"font-weight: 400;\">Mysl\u00edm si, \u017ee by si tito lid\u00e9 m\u011bli l\u00e9pe prostudovat dostupn\u00e9 zdroje o zm\u011bn\u00e1ch klimatu. To, \u017ee za rapidn\u00ed zm\u011bny klimatu, kter\u00e9 nyn\u00ed za\u017e\u00edv\u00e1me a kter\u00e9 n\u00e1s \u010dekaj\u00ed v budoucnu, m\u016f\u017ee \u010dlov\u011bk, je z v\u011bdeck\u00fdch studi\u00ed naprosto z\u0159ejm\u00e9. Opa\u010dn\u00fd n\u00e1zor v dne\u0161n\u00ed dob\u011b si zkr\u00e1tka nedok\u00e1\u017eu vysv\u011btlit.<\/span><\/p>\n<p><b>Je tohle tvoje prvn\u00ed zku\u0161enost s ob\u010dansk\u00fdm aktivismem?<br \/>\n<\/b><span style=\"font-weight: 400;\">R\u00e1da bych tvrdila, \u017ee jsem aktivn\u00ed, ale jsem celkem nov\u00e1\u010dek. Pokud nepo\u010d\u00edt\u00e1m n\u011bkolik \u00faklid\u016f, kter\u00e9 jsem po\u0159\u00e1dala, nebo to, \u017ee se sna\u017e\u00edm prost\u0159ednictv\u00edm soci\u00e1ln\u00edch s\u00edt\u00ed informovat a u\u010dit vrstevn\u00edky o udr\u017eiteln\u00e9m \u017eivot\u011b, s aktivismem nem\u00e1m velk\u00e9 zku\u0161enosti.<\/span><\/p>\n<div id=\"attachment_2887\" style=\"width: 3130px\" class=\"wp-caption alignnone\"><img loading=\"lazy\" decoding=\"async\" aria-describedby=\"caption-attachment-2887\" class=\"wp-image-2887 size-full\" src=\"https:\/\/www.greenpeace.org\/static\/planet4-czech-republic-stateless\/2019\/03\/0b0503cb-img_20180915_102256.jpg\" alt=\"Ema organizuje \u00faklidy v okol\u00ed Ostravy.\" width=\"3120\" height=\"4160\" srcset=\"https:\/\/www.greenpeace.org\/static\/planet4-czech-republic-stateless\/2019\/03\/0b0503cb-img_20180915_102256.jpg 3120w, https:\/\/www.greenpeace.org\/static\/planet4-czech-republic-stateless\/2019\/03\/0b0503cb-img_20180915_102256-225x300.jpg 225w, https:\/\/www.greenpeace.org\/static\/planet4-czech-republic-stateless\/2019\/03\/0b0503cb-img_20180915_102256-768x1024.jpg 768w, https:\/\/www.greenpeace.org\/static\/planet4-czech-republic-stateless\/2019\/03\/0b0503cb-img_20180915_102256-1025x1366.jpg 1025w, https:\/\/www.greenpeace.org\/static\/planet4-czech-republic-stateless\/2019\/03\/0b0503cb-img_20180915_102256-255x340.jpg 255w\" sizes=\"auto, (max-width: 3120px) 100vw, 3120px\" \/><p id=\"caption-attachment-2887\" class=\"wp-caption-text\">Ema organizuje \u00faklidy v okol\u00ed Ostravy.<\/p><\/div>\n<p><b>Je n\u011bjak\u00fd konkr\u00e9tn\u00ed z\u00e1\u017eitek nebo zku\u0161enost, kter\u00e1 t\u011b p\u0159ivedla k environment\u00e1ln\u00edmu aktivismu?<br \/>\n<\/b><span style=\"font-weight: 400;\">Konkr\u00e9tn\u00ed z\u00e1\u017eitek asi ne. V\u0161echno to p\u0159i\u0161lo \u010dasem a s t\u00edm, jak jsem se v t\u00e9matu vzd\u011bl\u00e1vala ve sv\u00e9m voln\u00e9m \u010dase. Mo\u017en\u00e1 bych se nikdy k aktivismu nep\u0159iklonila, kdyby to nevy\u017eadovala v\u00e1\u017enost situace.<\/span><\/p>\n<p><b>N\u011bkte\u0159\u00ed kritici studentsk\u00fdch st\u00e1vek \u0159\u00edkaj\u00ed, \u017ee jde jen o fl\u00e1ka\u010dstv\u00ed a d\u016fmysln\u00e9 z\u00e1\u0161kol\u00e1ctv\u00ed a \u017ee se jen chcete ul\u00edt z vyu\u010dov\u00e1n\u00ed. Co bys jim vzk\u00e1zala?<br \/>\n<\/b><span style=\"font-weight: 400;\">Organizace t\u011bchto st\u00e1vek n\u00e1m zab\u00edr\u00e1 v\u011bt\u0161inu voln\u00e9ho \u010dasu. Za posledn\u00ed dva m\u011bs\u00edce ned\u011bl\u00e1m nic jin\u00e9ho a na st\u00e1vk\u00e1ch pracuji prakticky denn\u011b. Tak\u017ee ze strany organiz\u00e1tora se to za fl\u00e1ka\u010dstv\u00ed ned\u00e1 pova\u017eovat ani n\u00e1hodou. Mysl\u00edm, \u017ee se nem\u016f\u017eeme \u00fapln\u011b vyhnout tomu, \u017ee se n\u011bkte\u0159\u00ed jednotlivci opravdu pouze ulij\u00ed ze \u0161koly, ale sna\u017e\u00edme se p\u0159edat st\u0159edo\u0161kol\u00e1k\u016fm co nejv\u00edce informac\u00ed, aby si uv\u011bdomili, pro\u010d to d\u011bl\u00e1me. V\u011b\u0159\u00edm, \u017ee naprost\u00e1 v\u011bt\u0161ina student\u016f, kte\u0159\u00ed se st\u00e1vky z\u00fa\u010dastn\u00ed, tam p\u0159ijde proto, \u017ee j\u00ed na budoucnosti a na na\u0161\u00ed planet\u011b opravdu z\u00e1le\u017e\u00ed. <\/span><\/p>\n<p><b>S jak\u00fdmi dal\u0161\u00edmi p\u0159\u00edklady nepochopen\u00ed ze strany dosp\u011bl\u00fdch \u010di star\u0161\u00edch generac\u00ed ses setkala? Co bys jim cht\u011bla vysv\u011btlit?<br \/>\n<\/b><span style=\"font-weight: 400;\">Spousta dosp\u011bl\u00fdch si mysl\u00ed, \u017ee st\u00e1vkou nic nezm\u011bn\u00edme. Hodn\u011b z nich n\u00e1s pova\u017euje za naivn\u00ed, zmanipulovan\u00e9 d\u011bti, kter\u00e9 nev\u011bd\u00ed, co d\u011blaj\u00ed. N\u011bkte\u0159\u00ed n\u00e1s tak\u00e9 kritizuj\u00ed za to, \u017ee budeme st\u00e1vkovat, ale ve sv\u00fdch \u017eivotech \u017e\u00e1dn\u00e9 zm\u011bny ned\u011bl\u00e1me \u2013 podle nich si mysl\u00edme, \u017ee to politici v\u0161e vy\u0159e\u0161\u00ed za n\u00e1s. St\u00e1vka je podle m\u011b posledn\u00ed mo\u017enost, jak n\u011bco zm\u011bnit, a jedna z m\u00e1la cest, kterou jako nezletil\u00ed studenti m\u016f\u017eeme j\u00edt. St\u0159edo\u0161kol\u00e1ci, kte\u0159\u00ed tyto st\u00e1vky organizuj\u00ed od po\u010d\u00e1tku, o t\u00e9matu v\u011bd\u00ed hodn\u011b. Nejednaj\u00ed na z\u00e1klad\u011b jednoho \u010dl\u00e1nku nebo jednoho videa, kter\u00e9 n\u011bkde vid\u011bli. A nem\u016f\u017eu mluvit za v\u0161echny st\u00e1vkuj\u00edc\u00ed studenty, ale j\u00e1 osobn\u011b si nemysl\u00edm, \u017ee jedin\u00ed, kdo by m\u011bli n\u011bco d\u011blat proti zm\u011bn\u00e1m klimatu jsou politici a v\u011bdci. Ka\u017ed\u00fd by m\u011bl za\u010d\u00edt u sebe. Sama se sna\u017e\u00edm \u017e\u00edt co nejv\u00edce udr\u017eiteln\u011b, proto\u017ee jsem toho n\u00e1zoru, \u017ee i kroky, kter\u00e9 podnik\u00e1me v na\u0161ich \u017eivotech jsou d\u016fle\u017eit\u00e9, i kdy\u017e samy o sob\u011b nesta\u010d\u00ed, pokud chceme na\u0161i budoucnost zachr\u00e1nit.<\/span><\/p>\n<div id=\"attachment_2885\" style=\"width: 1063px\" class=\"wp-caption alignnone\"><img loading=\"lazy\" decoding=\"async\" aria-describedby=\"caption-attachment-2885\" class=\" wp-image-2885\" src=\"https:\/\/www.greenpeace.org\/static\/planet4-czech-republic-stateless\/2019\/03\/IMG_2727.jpg\" alt=\"\" width=\"1053\" height=\"790\" srcset=\"https:\/\/www.greenpeace.org\/static\/planet4-czech-republic-stateless\/2019\/03\/IMG_2727.jpg 876w, https:\/\/www.greenpeace.org\/static\/planet4-czech-republic-stateless\/2019\/03\/IMG_2727-300x225.jpg 300w, https:\/\/www.greenpeace.org\/static\/planet4-czech-republic-stateless\/2019\/03\/IMG_2727-768x576.jpg 768w, https:\/\/www.greenpeace.org\/static\/planet4-czech-republic-stateless\/2019\/03\/IMG_2727-453x340.jpg 453w\" sizes=\"auto, (max-width: 1053px) 100vw, 1053px\" \/><p id=\"caption-attachment-2885\" class=\"wp-caption-text\">Ema p\u0159i \u00faklidu ostravsk\u00e9 haldy Ema.<\/p><\/div>\n<p><b>Podle r\u016fzn\u00fdch v\u00fdzkum\u016f se mlad\u0161\u00ed lid\u00e9 staraj\u00ed o klimatick\u00e9 zm\u011bny v\u00edce ne\u017e jejich rodi\u010de \u010di prarodi\u010de. Jak si to vysv\u011btluje\u0161?<br \/>\n<\/b><span style=\"font-weight: 400;\">Je to podle m\u011b t\u00edm, \u017ee se n\u00e1s zm\u011bny klimatu nejv\u00edce v budoucnu dotknou. Nav\u00edc mlad\u00ed lid\u00e9 jsou pln\u00ed energie a v\u011b\u0159\u00ed tomu, \u017ee je je\u0161t\u011b n\u011bjak\u00e1 nad\u011bje. Na\u0161i prarodi\u010de toho maj\u00ed v \u017eivot\u011b u\u017e hodn\u011b za sebou a rozhodn\u011b je nem\u016f\u017eeme vinit za to, \u017ee klimatick\u00e9 zm\u011bny nevn\u00edmaj\u00ed jako probl\u00e9m, kter\u00fd by byl pro n\u011b z\u00e1sadn\u00ed. U generace na\u0161ich rodi\u010d\u016f si to bohu\u017eel neum\u00edm vysv\u011btlit.<\/span><\/p>\n<p><b>Protesty se konaj\u00ed v r\u016fzn\u00fdch m\u011bstech po cel\u00e9m \u010cesku? Jak se s ostatn\u00edmi organiz\u00e1tory domlouv\u00e1te?<br \/>\n<\/b><span style=\"font-weight: 400;\">Ano, protesty prob\u00edhaj\u00ed ve v\u0161ech kraj\u00edch \u010cesk\u00e9 republiky. S ostatn\u00edmi organiz\u00e1tory komunikujeme p\u0159es internet. Pravideln\u011b si vol\u00e1me, a koordinujeme tak st\u00e1vky po cel\u00e9 republice. Jsou tak\u00e9 p\u0159\u00edle\u017eitosti se s n\u011bkter\u00fdmi z nich potkat i osobn\u011b na r\u016fzn\u00fdch akc\u00edch. J\u00e1 jsem se takto potkala s n\u011bkter\u00fdmi organiz\u00e1tory z Prahy, Brna a Olomouce.<\/span><\/p>\n<p><b>Kdyby n\u011bkdo cht\u011bl je\u0161t\u011b uspo\u0159\u00e1dat st\u00e1vku a p\u0159idat se k hnut\u00ed, co by m\u011bl ud\u011blat?<br \/>\n<\/b><span style=\"font-weight: 400;\">Ur\u010dit\u011b n\u00e1s m\u016f\u017ee kontaktovat na Facebooku a my pom\u016f\u017eeme s organizac\u00ed. St\u00e1vka se ale rychle bl\u00ed\u017e\u00ed a nemysl\u00edm si, \u017ee je nyn\u00ed dostatek \u010dasu na organizaci nov\u00fdch st\u00e1vek. Proto je moment\u00e1ln\u011b asi lep\u0161\u00ed dojet, t\u0159eba i hromadn\u011b, na nejbli\u017e\u0161\u00ed st\u00e1vku v okol\u00ed. D\u00e1le mohou lid\u00e9 ud\u00e1lost nebo na\u0161i str\u00e1nku sd\u00edlet na soci\u00e1ln\u00edch s\u00edt\u00edch nebo podepsat na\u0161e prohl\u00e1\u0161en\u00ed. K dispozici jsou tak\u00e9 let\u00e1\u010dky, kter\u00e9 si ka\u017ed\u00fd m\u016f\u017ee vytisknout a rozd\u00e1vat.<\/span><\/p>\n<h3 style=\"text-align: center;\"><a href=\"http:\/\/www.fridaysforfuture.cz\/kde-se-bude-stavkovat\/\"><strong>Kde se bude st\u00e1vkovat? Pod\u00edvejte se<\/strong><\/a><\/h3>\n<p><b>N\u011bkte\u0159\u00ed politici \u2013 jako nap\u0159\u00edklad Angela Merkelov\u00e1 \u2013 iniciativu v\u00edtaj\u00ed, ale z\u00e1rove\u0148 upozor\u0148uj\u00ed, \u017ee v re\u00e1ln\u00e9 politice nen\u00ed mo\u017en\u00e9 prosadit rychle a \u017ee fosiln\u00ed paliva tu je\u0161t\u011b n\u011bjakou dobu budou. V \u010cesku podobn\u011b mluv\u00ed ministr \u017eivotn\u00edho prost\u0159ed\u00ed Richard Brabec \u2013 jedn\u00edm dechem mluv\u00ed o konci doby uheln\u00e9 I o prodlu\u017eov\u00e1n\u00ed provozu dolu B\u00edlina. Mysl\u00ed\u0161, \u017ee d\u011bl\u00e1 pro sn\u00ed\u017een\u00ed emis\u00ed sklen\u00edkov\u00fdch plyn\u016f dost?<br \/>\n<\/b><span style=\"font-weight: 400;\">Mysl\u00edm si, \u017ee mo\u017en\u00e9 prodlu\u017eov\u00e1n\u00ed provozu dolu B\u00edlina sv\u011bd\u010d\u00ed o tom, \u017ee situaci nebere v\u00e1\u017en\u011b a \u017ee ned\u011bl\u00e1 dost. Hodn\u011b lid\u00ed tvrd\u00ed, \u017ee 12 let je je\u0161t\u011b dlouh\u00e1 doba, ale i z toho d\u016fvodu, \u017ee v politice nen\u00ed mo\u017en\u00e9 n\u011bco tak rapidn\u00edho rychle prosadit, je t\u0159eba neot\u00e1let a za\u010d\u00edt hned. Nav\u00edc pokud jde o na\u0161i budoucnost a potencion\u00e1ln\u00ed p\u0159e\u017eit\u00ed lidstva, ani by se nem\u011bl ztr\u00e1cet \u010das zbyte\u010dn\u00fdmi diskuzemi. M\u011blo by se d\u011blat v\u0161e pro to, aby se glob\u00e1ln\u00ed oteplov\u00e1n\u00ed zastavilo.<\/span><\/p>\n<p><b>Co bys cht\u011bla d\u011blat, a\u017e dostuduje\u0161?<br \/>\n<\/b><span style=\"font-weight: 400;\">A\u017e dostuduji, cht\u011bla bych b\u00fdt m\u00f3dn\u00ed n\u00e1vrh\u00e1\u0159kou. D\u011blat kvalitn\u00ed oble\u010den\u00ed a dopl\u0148ky, kter\u00e9 lidem vydr\u017e\u00ed v\u011b\u010dnost, a kter\u00e9 budou \u0161ity pokud mo\u017eno mnou, ru\u010dn\u011b, s l\u00e1skou a co nejv\u00edce udr\u017eiteln\u011b. Lid\u00e9 mus\u00ed p\u0159estat \u017e\u00edt konzumn\u00edm \u017eivotem. R\u00e1da bych jim nab\u00eddla kousky, kter\u00e9 budou nesmrteln\u00e9 a kter\u00e9 p\u016fjdou opravit, kdy\u017e se po\u0161kod\u00ed, a t\u00edm se d\u00e1l prodlou\u017e\u00ed jejich \u017eivotnost. Uvid\u00edme, jak se budoucnost vyvrb\u00ed. Za 12 let mi bude teprve 29 a m\u016f\u017ee se st\u00e1t, \u017ee si tento sen kv\u016fli hroz\u00edc\u00edmu klimatick\u00e9mu kolapsu ani nebudu m\u00edt mo\u017enost splnit.<\/span><\/p>\n","protected":false},"excerpt":{"rendered":"<p>Ema Ost\u0159\u00ed\u017ekov\u00e1 chod\u00ed do \u0161est\u00e9ho ro\u010dn\u00edku gymn\u00e1zia v Ostrav\u011b-Porub\u011b a pat\u0159\u00ed do t\u00fdmu organiz\u00e1tor\u016f a organiz\u00e1torek studentsk\u00fdch st\u00e1vek za klima, kter\u00e9 se po cel\u00e9m sv\u011bt\u011b uskute\u010dn\u00ed v p\u00e1tek 15. b\u0159ezna.&hellip;<\/p>\n","protected":false},"author":27,"featured_media":2888,"comment_status":"open","ping_status":"closed","sticky":false,"template":"","format":"standard","meta":{"ep_exclude_from_search":false,"p4_og_title":"","p4_og_description":"","p4_og_image":"","p4_og_image_id":"","p4_seo_canonical_url":"","p4_campaign_name":"","p4_local_project":"","p4_basket_name":"","p4_department":"","footnotes":""},"categories":[3],"tags":[20,24,25],"p4-page-type":[16],"class_list":["post-2884","post","type-post","status-publish","format-standard","has-post-thumbnail","hentry","category-nas-svet","tag-zmena-klimatu","tag-aktivni-spolecnost","tag-konec-doby-fosilni","p4-page-type-clanek"],"_links":{"self":[{"href":"https:\/\/www.greenpeace.org\/czech\/wp-json\/wp\/v2\/posts\/2884","targetHints":{"allow":["GET"]}}],"collection":[{"href":"https:\/\/www.greenpeace.org\/czech\/wp-json\/wp\/v2\/posts"}],"about":[{"href":"https:\/\/www.greenpeace.org\/czech\/wp-json\/wp\/v2\/types\/post"}],"author":[{"embeddable":true,"href":"https:\/\/www.greenpeace.org\/czech\/wp-json\/wp\/v2\/users\/27"}],"replies":[{"embeddable":true,"href":"https:\/\/www.greenpeace.org\/czech\/wp-json\/wp\/v2\/comments?post=2884"}],"version-history":[{"count":5,"href":"https:\/\/www.greenpeace.org\/czech\/wp-json\/wp\/v2\/posts\/2884\/revisions"}],"predecessor-version":[{"id":2894,"href":"https:\/\/www.greenpeace.org\/czech\/wp-json\/wp\/v2\/posts\/2884\/revisions\/2894"}],"wp:featuredmedia":[{"embeddable":true,"href":"https:\/\/www.greenpeace.org\/czech\/wp-json\/wp\/v2\/media\/2888"}],"wp:attachment":[{"href":"https:\/\/www.greenpeace.org\/czech\/wp-json\/wp\/v2\/media?parent=2884"}],"wp:term":[{"taxonomy":"category","embeddable":true,"href":"https:\/\/www.greenpeace.org\/czech\/wp-json\/wp\/v2\/categories?post=2884"},{"taxonomy":"post_tag","embeddable":true,"href":"https:\/\/www.greenpeace.org\/czech\/wp-json\/wp\/v2\/tags?post=2884"},{"taxonomy":"p4-page-type","embeddable":true,"href":"https:\/\/www.greenpeace.org\/czech\/wp-json\/wp\/v2\/p4-page-type?post=2884"}],"curies":[{"name":"wp","href":"https:\/\/api.w.org\/{rel}","templated":true}]}}