{"id":2896,"date":"2019-03-14T21:56:55","date_gmt":"2019-03-14T19:56:55","guid":{"rendered":"https:\/\/master.k8s.p4.greenpeace.org\/czech\/?p=2896"},"modified":"2021-12-01T13:32:36","modified_gmt":"2021-12-01T12:32:36","slug":"kdo-pojisti-cezu-dul-bilina-od-uhli-se-odvraci-uz-i-pojistovna-uniqa","status":"publish","type":"post","link":"https:\/\/www.greenpeace.org\/czech\/clanek\/2896\/kdo-pojisti-cezu-dul-bilina-od-uhli-se-odvraci-uz-i-pojistovna-uniqa\/","title":{"rendered":"Kdo pojist\u00ed \u010cEZu d\u016fl B\u00edlina? Od uhl\u00ed se odvrac\u00ed u\u017e i poji\u0161\u0165ovna UNIQA"},"content":{"rendered":"<p><strong>Spole\u010dnost UNIQA dnes v p\u0159edve\u010der klimatick\u00fdch studentsk\u00fdch st\u00e1vek ozn\u00e1mila, \u017ee <a href=\"http:\/\/www.uniqagroup.com\/gruppe\/versicherung\/media\/files\/UNIQA_Statement_on_Decarbonisation.pdf\">ji\u017e nebude poji\u0161\u0165ovat nov\u00e9 elektr\u00e1rny a doly<\/a> a \u017ee bude odm\u00edtat <\/strong><strong>klienty, jejich\u017e portfolio \u010di tr\u017eby jsou z v\u00edce ne\u017e 30 % tvo\u0159eny podnik\u00e1n\u00edm v uheln\u00e9m pr\u016fmyslu. Toto rozhodnut\u00ed bude m\u00edt d\u016fsledky i pro \u010desk\u00e9 uheln\u00e9 firmy. Pod rakousk\u00fd koncern UNIQA spad\u00e1 i UNIQA poji\u0161\u0165ovna, a.s.<\/strong><\/p>\n<p>Rozhodnut\u00ed skoncovat s finan\u010dn\u00ed podporou uhl\u00ed ze strany UNIQA p\u0159ich\u00e1z\u00ed necel\u00fd m\u011bs\u00edc pot\u00e9, co dal\u0161\u00ed v\u00fdznamn\u00fd rakousk\u00fd poji\u0161\u0165ovac\u00ed koncern Vienna Insurance Group (VIG) publikoval <a href=\"https:\/\/www.vig.com\/fileadmin\/web\/Corporate_Responsibility\/Klimawandel-Strategie\/20190218_VIG_Climate_Change_Strategy_2019.pdf\">svoj\u00ed klimatickou strategii<\/a>, jej\u00edm\u017e z\u00e1vazkem je rovn\u011b\u017e omezen\u00ed poji\u0161\u0165ov\u00e1n\u00ed uheln\u00fdch dol\u016f a elektr\u00e1ren. Pod koncern VIG tak\u00e9 spadaj\u00ed dal\u0161\u00ed v\u00fdznamn\u00e9 \u010desk\u00e9 poji\u0161\u0165ovny Kooperativa a \u010cPP.<\/p>\n<div id=\"attachment_2096\" style=\"width: 1630px\" class=\"wp-caption alignnone\"><img loading=\"lazy\" decoding=\"async\" aria-describedby=\"caption-attachment-2096\" class=\"size-full wp-image-2096\" src=\"https:\/\/www.greenpeace.org\/static\/planet4-czech-republic-stateless\/2018\/12\/0155a987-dsc2806_hd_limity-jsme-my.jpg\" alt=\"Lom B\u00edlina\" width=\"1620\" height=\"1080\" srcset=\"https:\/\/www.greenpeace.org\/static\/planet4-czech-republic-stateless\/2018\/12\/0155a987-dsc2806_hd_limity-jsme-my.jpg 1620w, https:\/\/www.greenpeace.org\/static\/planet4-czech-republic-stateless\/2018\/12\/0155a987-dsc2806_hd_limity-jsme-my-300x200.jpg 300w, https:\/\/www.greenpeace.org\/static\/planet4-czech-republic-stateless\/2018\/12\/0155a987-dsc2806_hd_limity-jsme-my-768x512.jpg 768w, https:\/\/www.greenpeace.org\/static\/planet4-czech-republic-stateless\/2018\/12\/0155a987-dsc2806_hd_limity-jsme-my-1024x683.jpg 1024w, https:\/\/www.greenpeace.org\/static\/planet4-czech-republic-stateless\/2018\/12\/0155a987-dsc2806_hd_limity-jsme-my-510x340.jpg 510w\" sizes=\"auto, (max-width: 1620px) 100vw, 1620px\" \/><p id=\"caption-attachment-2096\" class=\"wp-caption-text\">Lom B\u00edlina<\/p><\/div>\n<p><strong>Miroslav Ceman, finan\u010dn\u00ed analytik Greenpeace \u010cR, \u0159\u00edk\u00e1:<\/strong><br \/>\n\u201cNov\u00e1 uheln\u00e1 politika poji\u0161\u0165ovny UNIQA je d\u016fle\u017eit\u00fdm sign\u00e1lem nejen pro dal\u0161\u00ed hr\u00e1\u010de na pojistn\u00e9m trhu, ale tak\u00e9 pro v\u0161echny spole\u010dnosti podnikaj\u00edc\u00ed v uheln\u00e9m sektoru. Poji\u0161\u0165ovat uheln\u00e9 provozy je st\u00e1le slo\u017eit\u011bj\u0161\u00ed a dra\u017e\u0161\u00ed, uhl\u00ed se tak brzy stane nepojistitelnou komoditou.\u201d<\/p>\n<p>UNIQA sv\u00fdm krokem n\u00e1sleduje poji\u0161\u0165ovny Generali, Allianz, AXA a Zurich Insurance, kter\u00e9 se ji\u017e d\u0159\u00edve zav\u00e1zaly k omezen\u00edm p\u0159i poji\u0161\u0165ov\u00e1n\u00ed uheln\u00e9ho<br \/>\npr\u016fmyslu. Nejv\u011bt\u0161\u00ed hr\u00e1\u010di na trhu tak ji\u017e podporuj\u00ed \u00fatlum fosiln\u00edho paliva a postupn\u011b se k nim p\u0159id\u00e1vaj\u00ed dal\u0161\u00ed men\u0161\u00ed hr\u00e1\u010di na evropsk\u00e9m pojistn\u00e9m trhu.<br \/>\nSou\u010dasn\u00fd rychl\u00fd trend \u00fastupu finan\u010dn\u00edho sektoru od uheln\u00e9 energetiky m\u016f\u017ee velmi zkomplikovat pl\u00e1n Severo\u010desk\u00fdch dol\u016f o roz\u0161\u00ed\u0159en\u00ed lomu B\u00edlina v<br \/>\nsevern\u00edch \u010cech\u00e1ch za \u00fazemn\u00ed ekologick\u00e9 limity t\u011b\u017eby. Poji\u0161t\u011bn\u00ed v\u00fdstavby a roz\u0161i\u0159ov\u00e1n\u00ed dol\u016f, stejn\u011b jako nov\u00fdch uheln\u00fdch elektr\u00e1ren, je vylou\u010deno t\u00e9m\u011b\u0159 u v\u0161ech poji\u0161\u0165oven, kter\u00e9 ji\u017e zve\u0159ejnily sv\u00e9 klimatick\u00e9 politiky.<\/p>\n<p><strong>Luk\u00e1\u0161 Hr\u00e1bek, tiskov\u00fd mluv\u010d\u00ed Greenpeace \u010cR, \u0159\u00edk\u00e1:<br \/>\n<\/strong>\u201cOzn\u00e1men\u00ed poji\u0161\u0165oven UNIQA a VIG p\u0159ich\u00e1z\u00ed v dob\u011b, kdy \u010desk\u00e1 polost\u00e1tn\u00ed spole\u010dnost \u010cEZ usiluje o roz\u0161\u00ed\u0159en\u00ed dolu B\u00edlina. Pokud se j\u00ed to povede, bude<br \/>\nm\u00edt velk\u00fd probl\u00e9m naj\u00edt solidn\u00ed evropskou poji\u0161\u0165ovnu, kter\u00e1 by roz\u0161\u00ed\u0159en\u00fd d\u016fl pojistila. Bez poji\u0161t\u011bn\u00ed p\u0159itom \u017e\u00e1dn\u00e1 banka nebude roz\u0161i\u0159ov\u00e1n\u00ed lomu<br \/>\nfinancovat. Severo\u010desk\u00e9 doly tak mohou \u010delit nejen probl\u00e9m\u016fm s poji\u0161t\u011bn\u00edm, ale tak\u00e9 financov\u00e1n\u00edm cel\u00e9ho projektu.\u201d<\/p>\n<p>Probl\u00e9m\u016fm s poji\u0161t\u011bn\u00edm mohou \u010desk\u00e9 uheln\u00e9 firmy \u010delit i u dal\u0161\u00edch uheln\u00fdch provoz\u016f, kter\u00e9 zm\u00edn\u011bn\u00e9 poji\u0161\u0165ovny dote\u010f jistily na z\u00e1klad\u011b d\u0159\u00edve uzav\u0159en\u00fdch smluv. Konkr\u00e9tn\u011b jde nap\u0159\u00edklad o nov\u00fd blok uheln\u00e9 elektr\u00e1rny Ledvice a tak\u00e9 o podnik\u00e1n\u00ed Sokolovsk\u00e9 uheln\u00e9, kter\u00e9 jsou poji\u0161t\u011bn\u00e9 skupinou VIG\/Kooperativa.<\/p>\n<p>Uhl\u00ed je nejv\u011bt\u0161\u00edm zdrojem sklen\u00edkov\u00fdch plyn\u016f na planet\u011b. Ned\u00e1vn\u00e1 <a href=\"http:\/\/report.ipcc.ch\/sr15\/pdf\/sr15_chapter2.pdf\">zpr\u00e1va Mezivl\u00e1dn\u00edho panelu pro klimatick\u00e9 zm\u011bny<\/a> p\u0159i OSN ukazuje, \u017ee abychom<br \/>\ndok\u00e1zali zabr\u00e1nit nevratn\u00fdm \u0161kod\u00e1m a nejhor\u0161\u00edm projev\u016fm zm\u011bn klimatu, mus\u00edme pou\u017e\u00edv\u00e1n\u00ed uhl\u00ed na cel\u00e9m sv\u011bt\u011b do roku 2030 omezit o dv\u011b t\u0159etiny. V Evrop\u011b to znamen\u00e1 prakticky \u00fapln\u00fd odklon od tohoto fosiln\u00edho paliva.<\/p>\n<div class=\"EmptyMessage\">Block content is empty. Check the block&#8217;s settings or remove it.<\/div>","protected":false},"excerpt":{"rendered":"<p>Spole\u010dnost UNIQA dnes v p\u0159edve\u010der klimatick\u00fdch studentsk\u00fdch st\u00e1vek ozn\u00e1mila, \u017ee ji\u017e nebude poji\u0161\u0165ovat nov\u00e9 elektr\u00e1rny a doly a \u017ee bude odm\u00edtat klienty, jejich\u017e portfolio \u010di tr\u017eby jsou z v\u00edce ne\u017e&hellip;<\/p>\n","protected":false},"author":29,"featured_media":2096,"comment_status":"open","ping_status":"closed","sticky":false,"template":"","format":"standard","meta":{"ep_exclude_from_search":false,"p4_og_title":"","p4_og_description":"","p4_og_image":"","p4_og_image_id":"","p4_seo_canonical_url":"","p4_campaign_name":"","p4_local_project":"","p4_basket_name":"","p4_department":"","footnotes":""},"categories":[4],"tags":[25],"p4-page-type":[16],"class_list":["post-2896","post","type-post","status-publish","format-standard","has-post-thumbnail","hentry","category-energeticka-revoluce","tag-konec-doby-fosilni","p4-page-type-clanek"],"_links":{"self":[{"href":"https:\/\/www.greenpeace.org\/czech\/wp-json\/wp\/v2\/posts\/2896","targetHints":{"allow":["GET"]}}],"collection":[{"href":"https:\/\/www.greenpeace.org\/czech\/wp-json\/wp\/v2\/posts"}],"about":[{"href":"https:\/\/www.greenpeace.org\/czech\/wp-json\/wp\/v2\/types\/post"}],"author":[{"embeddable":true,"href":"https:\/\/www.greenpeace.org\/czech\/wp-json\/wp\/v2\/users\/29"}],"replies":[{"embeddable":true,"href":"https:\/\/www.greenpeace.org\/czech\/wp-json\/wp\/v2\/comments?post=2896"}],"version-history":[{"count":4,"href":"https:\/\/www.greenpeace.org\/czech\/wp-json\/wp\/v2\/posts\/2896\/revisions"}],"predecessor-version":[{"id":15729,"href":"https:\/\/www.greenpeace.org\/czech\/wp-json\/wp\/v2\/posts\/2896\/revisions\/15729"}],"wp:featuredmedia":[{"embeddable":true,"href":"https:\/\/www.greenpeace.org\/czech\/wp-json\/wp\/v2\/media\/2096"}],"wp:attachment":[{"href":"https:\/\/www.greenpeace.org\/czech\/wp-json\/wp\/v2\/media?parent=2896"}],"wp:term":[{"taxonomy":"category","embeddable":true,"href":"https:\/\/www.greenpeace.org\/czech\/wp-json\/wp\/v2\/categories?post=2896"},{"taxonomy":"post_tag","embeddable":true,"href":"https:\/\/www.greenpeace.org\/czech\/wp-json\/wp\/v2\/tags?post=2896"},{"taxonomy":"p4-page-type","embeddable":true,"href":"https:\/\/www.greenpeace.org\/czech\/wp-json\/wp\/v2\/p4-page-type?post=2896"}],"curies":[{"name":"wp","href":"https:\/\/api.w.org\/{rel}","templated":true}]}}