{"id":2922,"date":"2019-03-19T17:17:56","date_gmt":"2019-03-19T15:17:56","guid":{"rendered":"https:\/\/master.k8s.p4.greenpeace.org\/czech\/?p=2922"},"modified":"2022-01-12T14:15:29","modified_gmt":"2022-01-12T13:15:29","slug":"hospodarsky-vybor-snemovny-by-mel-podporit-zvyseni-tezebnich-poplatku-ne-miliardove-prijmy-uhlobaronu","status":"publish","type":"post","link":"https:\/\/www.greenpeace.org\/czech\/tiskova-zprava\/2922\/hospodarsky-vybor-snemovny-by-mel-podporit-zvyseni-tezebnich-poplatku-ne-miliardove-prijmy-uhlobaronu\/","title":{"rendered":"Hospod\u00e1\u0159sk\u00fd v\u00fdbor Sn\u011bmovny by m\u011bl podpo\u0159it zv\u00fd\u0161en\u00ed t\u011b\u017eebn\u00edch poplatk\u016f, ne miliardov\u00e9 p\u0159\u00edjmy uhlobaron\u016f"},"content":{"rendered":"<h6>Spole\u010dn\u00fd tiskov\u00fd koment\u00e1\u0159 Hnut\u00ed DUHA a Greenpeace<\/h6>\n<p>Z\u00edtra odpoledne se na p\u016fd\u011b vlivn\u00e9ho poslaneck\u00e9ho Hospod\u00e1\u0159sk\u00e9ho v\u00fdboru [1] odehraje dal\u0161\u00ed kolo z\u00e1pasu mezi ministryn\u00ed pr\u016fmyslu Martou Nov\u00e1kovou a ministryn\u00ed financ\u00ed Alenou Schillerovou. Ministryn\u011b Nov\u00e1kov\u00e1 chce, aby hn\u011bdouheln\u00e9 t\u011b\u017eebn\u00ed firmy d\u00e1le platily velmi n\u00edzk\u00e9 t\u011b\u017eebn\u00ed poplatky, co\u017e by znamenalo, \u017ee do zahrani\u010d\u00ed budou d\u00e1l odt\u00e9kat ob\u0159\u00ed dividendy. Naopak ministryn\u011b Schillerov\u00e1 po\u017eaduje, aby bylo co nejd\u0159\u00edve zru\u0161eno moratorium br\u00e1n\u00edc\u00ed jejich zvy\u0161ov\u00e1n\u00ed [2].<\/p>\n<p>Stanovisko premi\u00e9ra Andreje Babi\u0161e a ministra \u017eivotn\u00edho prost\u0159ed\u00ed Richarda Brabce ke sporu nen\u00ed zn\u00e1mo. V minulosti usilovali o zv\u00fd\u0161en\u00ed t\u011b\u017eebn\u00edch poplatk\u016f a je to i slib programov\u00e9ho prohl\u00e1\u0161en\u00ed vl\u00e1dy [3].<\/p>\n<p>Toto p\u0159edb\u011b\u017en\u00e9 projedn\u00e1n\u00ed novely horn\u00edho z\u00e1kona &#8211; kter\u00e1 p\u0159itom kv\u016fli zm\u00edn\u011bn\u00e9mu sporu a nesouladu s programov\u00fdm prohl\u00e1\u0161en\u00edm je\u0161t\u011b nepro\u0161la vl\u00e1dou &#8211; ve v\u00fdboru ukazuje, \u017ee tlak t\u011b\u017eebn\u00edch spole\u010dnost\u00ed na pokra\u010dov\u00e1n\u00ed v\u00fdhodn\u00e9ho pen\u011bzovodu je st\u00e1le siln\u011bj\u0161\u00ed. Hnut\u00ed DUHA a Greenpeace naopak apeluj\u00ed na poslance a poslankyn\u011b, aby se postavili za z\u00e1jmy ob\u010dan\u016f, obc\u00ed a kraj\u016f &#8211; tedy podpo\u0159ili zru\u0161en\u00ed moratoria a zv\u00fd\u0161en\u00ed poplatk\u016f. Pen\u00edze jsou pot\u0159eba na soci\u00e1ln\u011b citlivou transformaci \u201cuheln\u00fdch\u201d kraj\u016f.<\/p>\n<p>Ned\u00e1vn\u00e1 anal\u00fdza v\u00fdro\u010dn\u00edch zpr\u00e1v hn\u011bdouheln\u00fdch spole\u010dnost\u00ed uk\u00e1zala, \u017ee v letech 2009-2017 vyplatily soukrom\u00e9 t\u011b\u017eebn\u00ed spole\u010dnosti t\u00e9m\u011b\u0159 25 miliard dividend sv\u00fdm majitel\u016fm (z toho 22 miliard firmy b\u00fdval\u00e9 Mosteck\u00e9 uheln\u00e9 Pavla Tyka\u010de sv\u00e9 mate\u0159sk\u00e9 firm\u011b v da\u0148ov\u00e9m r\u00e1ji na Kypru). Kdyby v letech 2009-2017 tvo\u0159ily poplatky 10 % tr\u017en\u00ed ceny (a ne jen 1,5 % do roku 2016 a cca 3,5 % od roku 2017), v\u00fdnosy st\u00e1tu by byly o 15 miliard K\u010d vy\u0161\u0161\u00ed (z toho 7,5 miliard od soukrom\u00fdch spole\u010dnost\u00ed). Majitel\u00e9 by se p\u0159itom st\u00e1le t\u011b\u0161ili ze zisku a rozhodn\u011b nemuseli propou\u0161t\u011bt zam\u011bstnance [4].<br \/>\n<b><br \/>\nJi\u0159\u00ed Ko\u017eelouh, programov\u00fd \u0159editel Hnut\u00ed DUHA, \u0159ekl:<\/b><i><br \/>\n\u201c\u010cesk\u00e1 republika se pot\u0159ebuje co nejd\u0159\u00edve zbavit z\u00e1vislosti na t\u011b\u017eb\u011b a spalov\u00e1n\u00ed uhl\u00ed. K tomu je pot\u0159eba tak\u00e9 zastavit pen\u011bzovody uhlobaron\u016f do da\u0148ov\u00fdch r\u00e1j\u016f a zv\u00fd\u0161en\u00edm t\u011b\u017eebn\u00edch poplatk\u016f nasm\u011b\u0159ovat pen\u00edze kraj\u016fm, obc\u00edm, m\u00edstn\u00edm lidem a horn\u00edk\u016fm. Hospod\u00e1\u0159sk\u00fd v\u00fdbor z\u00edtra uk\u00e1\u017ee, jestli h\u00e1j\u00ed z\u00e1jmy st\u00e1tu a ob\u010dan\u016f, nebo z\u00e1jmy uhlobaron\u016f.\u201d<\/i><br \/>\n<b><br \/>\nLuk\u00e1\u0161 Hr\u00e1bek z Greenpeace \u010cR \u0159ekl:<\/b><i><br \/>\n\u201cNa\u0161i odp\u016frci n\u00e1m ob\u010das nepr\u00e1vem vy\u010d\u00edtaj\u00ed, \u017ee se nezaj\u00edm\u00e1me o horn\u00edky, o chud\u00e9 rodiny a o zam\u011bstnanost v regionech. Opak je pravdou, budoucnost uheln\u00fdch region\u016f po skon\u010den\u00ed t\u011b\u017eby a spalov\u00e1n\u00ed uhl\u00ed n\u00e1m velice le\u017e\u00ed na srdci. Zvednut\u00ed t\u011b\u017eebn\u00edch poplatk\u016f u uhl\u00ed a u lithia je jedn\u00edm ze zp\u016fsob\u016f, jak vr\u00e1tit pen\u00edze zp\u011bt do t\u011b\u017ece zkou\u0161en\u00fdch uheln\u00fdch region\u016f a pomoci jim ve spravedliv\u00e9 transformaci. Tu by m\u011bly zaplatit hlavn\u011b firmy, kter\u00e9 na t\u011b\u017eb\u011b dosud s posv\u011bcen\u00edm od st\u00e1tu vyd\u011bl\u00e1valy. Pokud \u010dlenov\u00e9 a \u010dlenky hospod\u00e1\u0159sk\u00e9ho v\u00fdboru daj\u00ed p\u0159ednost velk\u00fdm firm\u00e1m p\u0159ed lidmi, budou to oni, kte\u0159\u00ed ka\u0161lou na horn\u00edky, chud\u00e9 rodiny a zam\u011bstnanost v regionech.\u201d\u00a0<\/i><\/p>\n<p><b>Pozn\u00e1mky:<\/b><\/p>\n<p>[1]\u00a0<a href=\"http:\/\/www.psp.cz\/sqw\/hp.sqw?k=3512&amp;z=12527\" target=\"_blank\" rel=\"noopener noreferrer\" data-saferedirecturl=\"https:\/\/www.google.com\/url?q=http:\/\/www.psp.cz\/sqw\/hp.sqw?k%3D3512%26z%3D12527&amp;source=gmail&amp;ust=1553074351962000&amp;usg=AFQjCNFbFlsvk-Nl5zBXBtYJfUlDUOEMCg\">http:\/\/www.psp.cz\/sqw\/hp.sqw?<wbr \/>k=3512&amp;z=12527<\/a>\u00a0(je za\u0159azen do bodu \u201cr\u016fzn\u00e9\u201d, tedy p\u0159ijde na \u0159adu cca po 15h)<\/p>\n<p>[2]\u00a0<a href=\"https:\/\/ct24.ceskatelevize.cz\/ekonomika\/2746409-novakova-chce-dodrzet-lhutu-kdy-stat-nemuze-menit-poplatky-za-tezbu-schillerova-je\" target=\"_blank\" rel=\"noopener noreferrer\" data-saferedirecturl=\"https:\/\/www.google.com\/url?q=https:\/\/ct24.ceskatelevize.cz\/ekonomika\/2746409-novakova-chce-dodrzet-lhutu-kdy-stat-nemuze-menit-poplatky-za-tezbu-schillerova-je&amp;source=gmail&amp;ust=1553074351962000&amp;usg=AFQjCNFNZW7-jzJZhUXmu5rZ-uD9q5rcBw\">https:\/\/ct24.ceskatelevize.cz\/<wbr \/>ekonomika\/2746409-novakova-<wbr \/>chce-dodrzet-lhutu-kdy-stat-<wbr \/>nemuze-menit-poplatky-za-<wbr \/>tezbu-schillerova-je<\/a><\/p>\n<p>[3]\u00a0<a href=\"http:\/\/www.hnutiduha.cz\/aktualne\/rezignaci-na-zvyseni-poplatku-z-tezby-vlada-porusila-svuj-program-ve-prospech-uhlobaronu\" target=\"_blank\" rel=\"noopener noreferrer\" data-saferedirecturl=\"https:\/\/www.google.com\/url?q=http:\/\/www.hnutiduha.cz\/aktualne\/rezignaci-na-zvyseni-poplatku-z-tezby-vlada-porusila-svuj-program-ve-prospech-uhlobaronu&amp;source=gmail&amp;ust=1553074351962000&amp;usg=AFQjCNEYhTZ7eIcJZ1EVY8QTEPzGtqYBNQ\">http:\/\/www.hnutiduha.cz\/<wbr \/>aktualne\/rezignaci-na-zvyseni-<wbr \/>poplatku-z-tezby-vlada-<wbr \/>porusila-svuj-program-ve-<wbr \/>prospech-uhlobaronu<\/a><\/p>\n<p>[4]\u00a0<a href=\"http:\/\/www.hnutiduha.cz\/sites\/default\/files\/publikace\/2019\/02\/shrnuti_analyzy_vz_hnedouhelnych_spolecnosti_2009-2017.pdf\" target=\"_blank\" rel=\"noopener noreferrer\" data-saferedirecturl=\"https:\/\/www.google.com\/url?q=http:\/\/www.hnutiduha.cz\/sites\/default\/files\/publikace\/2019\/02\/shrnuti_analyzy_vz_hnedouhelnych_spolecnosti_2009-2017.pdf&amp;source=gmail&amp;ust=1553074351962000&amp;usg=AFQjCNFuAeTcIxqEpShBnnvFvp4jG6yOow\">http:\/\/www.hnutiduha.cz\/sites\/<wbr \/>default\/files\/publikace\/2019\/<wbr \/>02\/shrnuti_analyzy_vz_<wbr \/>hnedouhelnych_spolecnosti_<wbr \/>2009-2017.pdf<\/a><\/p>\n","protected":false},"excerpt":{"rendered":"<p>Spole\u010dn\u00fd tiskov\u00fd koment\u00e1\u0159 Hnut\u00ed DUHA a Greenpeace Z\u00edtra odpoledne se na p\u016fd\u011b vlivn\u00e9ho poslaneck\u00e9ho Hospod\u00e1\u0159sk\u00e9ho v\u00fdboru [1] odehraje dal\u0161\u00ed kolo z\u00e1pasu mezi ministryn\u00ed pr\u016fmyslu Martou Nov\u00e1kovou a ministryn\u00ed financ\u00ed Alenou&hellip;<\/p>\n","protected":false},"author":29,"featured_media":2927,"comment_status":"open","ping_status":"closed","sticky":false,"template":"","format":"standard","meta":{"ep_exclude_from_search":false,"p4_og_title":"","p4_og_description":"","p4_og_image":"","p4_og_image_id":"","p4_seo_canonical_url":"","p4_campaign_name":"not set","p4_local_project":"not set","p4_basket_name":"not set","p4_department":"","footnotes":""},"categories":[4],"tags":[25],"p4-page-type":[14],"class_list":["post-2922","post","type-post","status-publish","format-standard","has-post-thumbnail","hentry","category-energeticka-revoluce","tag-konec-doby-fosilni","p4-page-type-tiskova-zprava"],"_links":{"self":[{"href":"https:\/\/www.greenpeace.org\/czech\/wp-json\/wp\/v2\/posts\/2922","targetHints":{"allow":["GET"]}}],"collection":[{"href":"https:\/\/www.greenpeace.org\/czech\/wp-json\/wp\/v2\/posts"}],"about":[{"href":"https:\/\/www.greenpeace.org\/czech\/wp-json\/wp\/v2\/types\/post"}],"author":[{"embeddable":true,"href":"https:\/\/www.greenpeace.org\/czech\/wp-json\/wp\/v2\/users\/29"}],"replies":[{"embeddable":true,"href":"https:\/\/www.greenpeace.org\/czech\/wp-json\/wp\/v2\/comments?post=2922"}],"version-history":[{"count":5,"href":"https:\/\/www.greenpeace.org\/czech\/wp-json\/wp\/v2\/posts\/2922\/revisions"}],"predecessor-version":[{"id":15973,"href":"https:\/\/www.greenpeace.org\/czech\/wp-json\/wp\/v2\/posts\/2922\/revisions\/15973"}],"wp:featuredmedia":[{"embeddable":true,"href":"https:\/\/www.greenpeace.org\/czech\/wp-json\/wp\/v2\/media\/2927"}],"wp:attachment":[{"href":"https:\/\/www.greenpeace.org\/czech\/wp-json\/wp\/v2\/media?parent=2922"}],"wp:term":[{"taxonomy":"category","embeddable":true,"href":"https:\/\/www.greenpeace.org\/czech\/wp-json\/wp\/v2\/categories?post=2922"},{"taxonomy":"post_tag","embeddable":true,"href":"https:\/\/www.greenpeace.org\/czech\/wp-json\/wp\/v2\/tags?post=2922"},{"taxonomy":"p4-page-type","embeddable":true,"href":"https:\/\/www.greenpeace.org\/czech\/wp-json\/wp\/v2\/p4-page-type?post=2922"}],"curies":[{"name":"wp","href":"https:\/\/api.w.org\/{rel}","templated":true}]}}